{"id":10096,"date":"2026-01-26T19:20:59","date_gmt":"2026-01-26T18:20:59","guid":{"rendered":"https:\/\/gallican-montbrison.fr\/wp\/?p=10096"},"modified":"2026-01-26T19:26:02","modified_gmt":"2026-01-26T18:26:02","slug":"unite-des-chretiens-2026","status":"publish","type":"post","link":"https:\/\/gallican-montbrison.fr\/wp\/?p=10096","title":{"rendered":"Unit\u00e9 des Chr\u00e9tiens 2026"},"content":{"rendered":"<div class=\"wp-block-image\">\n<figure class=\"alignleft size-large is-resized\"><a href=\"https:\/\/gallican-montbrison.fr\/wp\/wp-content\/uploads\/2026\/01\/affiche-Celebration-unite-2026.jpeg\"><img loading=\"lazy\" decoding=\"async\" width=\"724\" height=\"1024\" src=\"https:\/\/gallican-montbrison.fr\/wp\/wp-content\/uploads\/2026\/01\/affiche-Celebration-unite-2026-724x1024.jpeg\" alt=\"\" class=\"wp-image-10097\" style=\"width:344px;height:auto\" srcset=\"https:\/\/gallican-montbrison.fr\/wp\/wp-content\/uploads\/2026\/01\/affiche-Celebration-unite-2026-724x1024.jpeg 724w, https:\/\/gallican-montbrison.fr\/wp\/wp-content\/uploads\/2026\/01\/affiche-Celebration-unite-2026-212x300.jpeg 212w, https:\/\/gallican-montbrison.fr\/wp\/wp-content\/uploads\/2026\/01\/affiche-Celebration-unite-2026-768x1086.jpeg 768w, https:\/\/gallican-montbrison.fr\/wp\/wp-content\/uploads\/2026\/01\/affiche-Celebration-unite-2026.jpeg 905w\" sizes=\"(max-width: 724px) 100vw, 724px\" \/><\/a><\/figure><\/div>\n\n\n<p>Ce samedi 24 Janvier, une centaine de personne se sont rassembl\u00e9es en l\u2019\u00e9glise de Savigneux pour la c\u00e9l\u00e9bration \u0153cum\u00e9nique de \u00ab\u00a0la semaine de l\u2019Unit\u00e9 des Chr\u00e9tiens\u00a0\u00bb.<\/p>\n\n\n\n<p>Don Martin, cur\u00e9 de la paroisse Ste-Claire-Ste-Th\u00e9r\u00e8se-en-Forez a pr\u00e9sid\u00e9 et conc\u00e9l\u00e9br\u00e9 avec le pasteur G\u00e9r\u00e9mie (communaut\u00e9 protestante), le p\u00e8re Robert et la diaconesse Dame Colette (communaut\u00e9 gallicane) ; la communaut\u00e9 orthodoxe.Don Gr\u00e9goire et Yves Paulignan, diacre se sont joints \u00e0 nous \u00e9galement autour du th\u00e8me central,<\/p>\n\n\n\n<p class=\"has-text-align-center has-blue-color has-text-color has-link-color has-medium-font-size wp-elements-b962c9012a57783a556360e0a6e12aa8\">\u00ab Il y a un seul corps et un seul Esprit, de m\u00eame que votre vocation vous a appel\u00e9s \u00e0 une seule esp\u00e9rance \u00bb (\u00c9ph.4,4),<\/p>\n\n\n\n<p class=\"has-text-align-left\">la c\u00e9l\u00e9bration a \u00e9t\u00e9 pr\u00e9par\u00e9e par l\u2019\u00c9glise orthodoxe apostolique arm\u00e9nienne. Elle a \u00e9t\u00e9 con\u00e7ue comme une adaptation de \u00ab&nbsp;l\u2019Office du lever du soleil \u00bb, l\u2019une des pri\u00e8res quotidiennes de l\u2019\u00c9glise arm\u00e9nienne compos\u00e9es par le patriarche et chef de l\u2019\u00c9glise saint Ners\u00e8s \u00ab le Gracieux \u00bb de Gla (\u20201173).<\/p>\n\n\n\n<figure class=\"wp-block-gallery has-nested-images columns-default is-cropped wp-block-gallery-1 is-layout-flex wp-block-gallery-is-layout-flex\">\n<figure class=\"wp-block-image size-large\"><a href=\"https:\/\/gallican-montbrison.fr\/wp\/wp-content\/uploads\/2026\/01\/IMG20260124192443.jpg\"><img loading=\"lazy\" decoding=\"async\" width=\"575\" height=\"1024\" data-id=\"10102\" src=\"https:\/\/gallican-montbrison.fr\/wp\/wp-content\/uploads\/2026\/01\/IMG20260124192443-575x1024.jpg\" alt=\"\" class=\"wp-image-10102\" srcset=\"https:\/\/gallican-montbrison.fr\/wp\/wp-content\/uploads\/2026\/01\/IMG20260124192443-575x1024.jpg 575w, https:\/\/gallican-montbrison.fr\/wp\/wp-content\/uploads\/2026\/01\/IMG20260124192443-168x300.jpg 168w, https:\/\/gallican-montbrison.fr\/wp\/wp-content\/uploads\/2026\/01\/IMG20260124192443.jpg 584w\" sizes=\"(max-width: 575px) 100vw, 575px\" \/><\/a><\/figure>\n\n\n\n<figure class=\"wp-block-image size-large\"><a href=\"https:\/\/gallican-montbrison.fr\/wp\/wp-content\/uploads\/2026\/01\/11303-scaled.jpg\"><img loading=\"lazy\" decoding=\"async\" width=\"768\" height=\"1024\" data-id=\"10100\" src=\"https:\/\/gallican-montbrison.fr\/wp\/wp-content\/uploads\/2026\/01\/11303-768x1024.jpg\" alt=\"\" class=\"wp-image-10100\" srcset=\"https:\/\/gallican-montbrison.fr\/wp\/wp-content\/uploads\/2026\/01\/11303-768x1024.jpg 768w, https:\/\/gallican-montbrison.fr\/wp\/wp-content\/uploads\/2026\/01\/11303-225x300.jpg 225w, https:\/\/gallican-montbrison.fr\/wp\/wp-content\/uploads\/2026\/01\/11303-1152x1536.jpg 1152w, https:\/\/gallican-montbrison.fr\/wp\/wp-content\/uploads\/2026\/01\/11303-1536x2048.jpg 1536w, https:\/\/gallican-montbrison.fr\/wp\/wp-content\/uploads\/2026\/01\/11303-scaled.jpg 1920w\" sizes=\"(max-width: 768px) 100vw, 768px\" \/><\/a><\/figure>\n\n\n\n<figure class=\"wp-block-image size-large\"><a href=\"https:\/\/gallican-montbrison.fr\/wp\/wp-content\/uploads\/2026\/01\/11278-scaled.jpg\"><img loading=\"lazy\" decoding=\"async\" width=\"768\" height=\"1024\" data-id=\"10098\" src=\"https:\/\/gallican-montbrison.fr\/wp\/wp-content\/uploads\/2026\/01\/11278-768x1024.jpg\" alt=\"\" class=\"wp-image-10098\" srcset=\"https:\/\/gallican-montbrison.fr\/wp\/wp-content\/uploads\/2026\/01\/11278-768x1024.jpg 768w, https:\/\/gallican-montbrison.fr\/wp\/wp-content\/uploads\/2026\/01\/11278-225x300.jpg 225w, https:\/\/gallican-montbrison.fr\/wp\/wp-content\/uploads\/2026\/01\/11278-1152x1536.jpg 1152w, https:\/\/gallican-montbrison.fr\/wp\/wp-content\/uploads\/2026\/01\/11278-1536x2048.jpg 1536w, https:\/\/gallican-montbrison.fr\/wp\/wp-content\/uploads\/2026\/01\/11278-scaled.jpg 1920w\" sizes=\"(max-width: 768px) 100vw, 768px\" \/><\/a><\/figure>\n<\/figure>\n\n\n\n<p class=\"has-text-align-left\">La chorale \u0153cum\u00e9nique sous la direction de Dani\u00e8le Mas a fait r\u00e9sonner des chants magnifiques&nbsp;: \u00ab&nbsp;Joyeuse lumi\u00e8re&nbsp;\u00bb du p\u00e8re Andr\u00e9 Gouzes, l\u2019hymne \u00ab&nbsp;Fraternit\u00e9&nbsp;\u00bb ou encore le chant protestant \u00ab&nbsp;un seul Seigneur, une m\u00eame foi&nbsp;\u00bb de Christophe Houpert. <\/p>\n\n\n\n<p>L\u2019hom\u00e9lie de Don Gr\u00e9goire a exprim\u00e9 le sens de l\u2019unit\u00e9 pour les chr\u00e9tiens sans oublier ce qui nous diff\u00e9rencie mais en privil\u00e9giant ce qui nous unit. L\u2019assembl\u00e9e et les religieux ont repris le Cr\u00e9do selon la formule \u0153cum\u00e9nique de Nic\u00e9e-Constantinople et la c\u00e9l\u00e9bration s\u2019est achev\u00e9e comme elle avait commenc\u00e9 par la pri\u00e8re qui nous unit&nbsp;: \u00ab&nbsp;Le Notre P\u00e8re&nbsp;\u00bb . <\/p>\n\n\n\n<figure class=\"wp-block-gallery has-nested-images columns-default is-cropped wp-block-gallery-2 is-layout-flex wp-block-gallery-is-layout-flex\">\n<figure class=\"wp-block-image size-large\"><a href=\"https:\/\/gallican-montbrison.fr\/wp\/wp-content\/uploads\/2026\/01\/11293-scaled.jpg\"><img loading=\"lazy\" decoding=\"async\" width=\"768\" height=\"1024\" data-id=\"10099\" src=\"https:\/\/gallican-montbrison.fr\/wp\/wp-content\/uploads\/2026\/01\/11293-768x1024.jpg\" alt=\"\" class=\"wp-image-10099\" srcset=\"https:\/\/gallican-montbrison.fr\/wp\/wp-content\/uploads\/2026\/01\/11293-768x1024.jpg 768w, https:\/\/gallican-montbrison.fr\/wp\/wp-content\/uploads\/2026\/01\/11293-225x300.jpg 225w, https:\/\/gallican-montbrison.fr\/wp\/wp-content\/uploads\/2026\/01\/11293-1152x1536.jpg 1152w, https:\/\/gallican-montbrison.fr\/wp\/wp-content\/uploads\/2026\/01\/11293-1536x2048.jpg 1536w, https:\/\/gallican-montbrison.fr\/wp\/wp-content\/uploads\/2026\/01\/11293-scaled.jpg 1920w\" sizes=\"(max-width: 768px) 100vw, 768px\" \/><\/a><\/figure>\n\n\n\n<figure class=\"wp-block-image size-large\"><a href=\"https:\/\/gallican-montbrison.fr\/wp\/wp-content\/uploads\/2026\/01\/11305.jpg\"><img loading=\"lazy\" decoding=\"async\" width=\"768\" height=\"1024\" data-id=\"10104\" src=\"https:\/\/gallican-montbrison.fr\/wp\/wp-content\/uploads\/2026\/01\/11305.jpg\" alt=\"\" class=\"wp-image-10104\" srcset=\"https:\/\/gallican-montbrison.fr\/wp\/wp-content\/uploads\/2026\/01\/11305.jpg 768w, https:\/\/gallican-montbrison.fr\/wp\/wp-content\/uploads\/2026\/01\/11305-225x300.jpg 225w\" sizes=\"(max-width: 768px) 100vw, 768px\" \/><\/a><\/figure>\n<\/figure>\n\n\n\n<p>La qu\u00eate a \u00e9t\u00e9 faite au profit de l\u2019association des Restos du C\u0153ur de Montbrison. Chaque ann\u00e9e elle va \u00e0 une association caritative diff\u00e9rente choisie en commun lors de la pr\u00e9paration.<\/p>\n\n\n\n<p>Le verre de l\u2019amiti\u00e9 a conclu ce temps fort, avec des \u00e9changes informels et heureux de la joie de se retrouver et de prier ensemble.<\/p>\n\n\n\n<p><\/p>\n","protected":false},"excerpt":{"rendered":"<p>Ce samedi 24 Janvier, une centaine de personne se sont rassembl\u00e9es en l\u2019\u00e9glise de Savigneux pour la c\u00e9l\u00e9bration \u0153cum\u00e9nique de \u00ab\u00a0la semaine de l\u2019Unit\u00e9 des Chr\u00e9tiens\u00a0\u00bb. Don Martin, cur\u00e9 de la paroisse Ste-Claire-Ste-Th\u00e9r\u00e8se-en-Forez a pr\u00e9sid\u00e9 et conc\u00e9l\u00e9br\u00e9 avec le pasteur &hellip; <a href=\"https:\/\/gallican-montbrison.fr\/wp\/?p=10096\">Continuer la lecture <span class=\"meta-nav\">&rarr;<\/span><\/a><\/p>\n","protected":false},"author":3,"featured_media":0,"comment_status":"closed","ping_status":"open","sticky":false,"template":"","format":"standard","meta":{"footnotes":""},"categories":[3,5],"tags":[27,26,70,138,17],"class_list":["post-10096","post","type-post","status-publish","format-standard","hentry","category-oecumenisme","category-vie-de-la-chapelle","tag-celebration","tag-chapelle","tag-eglise","tag-eglise-gallicane","tag-oecumenisme-2"],"yoast_head":"<!-- This site is optimized with the Yoast SEO plugin v25.6 - https:\/\/yoast.com\/wordpress\/plugins\/seo\/ -->\n<title>Unit\u00e9 des Chr\u00e9tiens 2026 - Chapelle Saint Michel Archange Montbrison<\/title>\n<meta name=\"robots\" content=\"index, follow, max-snippet:-1, max-image-preview:large, max-video-preview:-1\" \/>\n<link rel=\"canonical\" href=\"https:\/\/gallican-montbrison.fr\/wp\/?p=10096\" \/>\n<meta property=\"og:locale\" content=\"fr_FR\" \/>\n<meta property=\"og:type\" content=\"article\" \/>\n<meta property=\"og:title\" content=\"Unit\u00e9 des Chr\u00e9tiens 2026 - Chapelle Saint Michel Archange Montbrison\" \/>\n<meta property=\"og:description\" content=\"Ce samedi 24 Janvier, une centaine de personne se sont rassembl\u00e9es en l\u2019\u00e9glise de Savigneux pour la c\u00e9l\u00e9bration \u0153cum\u00e9nique de \u00ab\u00a0la semaine de l\u2019Unit\u00e9 des Chr\u00e9tiens\u00a0\u00bb. Don Martin, cur\u00e9 de la paroisse Ste-Claire-Ste-Th\u00e9r\u00e8se-en-Forez a pr\u00e9sid\u00e9 et conc\u00e9l\u00e9br\u00e9 avec le pasteur &hellip; Continuer la lecture &rarr;\" \/>\n<meta property=\"og:url\" content=\"https:\/\/gallican-montbrison.fr\/wp\/?p=10096\" \/>\n<meta property=\"og:site_name\" content=\"Chapelle Saint Michel Archange Montbrison\" \/>\n<meta property=\"article:publisher\" content=\"https:\/\/www.facebook.com\/people\/Eglise-Gallicane-Chapelle-Saint-Michel-Archange\/100064564306693\/\" \/>\n<meta property=\"article:published_time\" content=\"2026-01-26T18:20:59+00:00\" \/>\n<meta property=\"article:modified_time\" content=\"2026-01-26T18:26:02+00:00\" \/>\n<meta property=\"og:image\" content=\"https:\/\/gallican-montbrison.fr\/wp\/wp-content\/uploads\/2026\/01\/affiche-Celebration-unite-2026.jpeg\" \/>\n\t<meta property=\"og:image:width\" content=\"905\" \/>\n\t<meta property=\"og:image:height\" content=\"1280\" \/>\n\t<meta property=\"og:image:type\" content=\"image\/jpeg\" \/>\n<meta name=\"author\" content=\"Colette\" \/>\n<meta name=\"twitter:card\" content=\"summary_large_image\" \/>\n<meta name=\"twitter:label1\" content=\"\u00c9crit par\" \/>\n\t<meta name=\"twitter:data1\" content=\"Colette\" \/>\n\t<meta name=\"twitter:label2\" content=\"Dur\u00e9e de lecture estim\u00e9e\" \/>\n\t<meta name=\"twitter:data2\" content=\"3 minutes\" \/>\n<script type=\"application\/ld+json\" class=\"yoast-schema-graph\">{\"@context\":\"https:\/\/schema.org\",\"@graph\":[{\"@type\":\"WebPage\",\"@id\":\"https:\/\/gallican-montbrison.fr\/wp\/?p=10096\",\"url\":\"https:\/\/gallican-montbrison.fr\/wp\/?p=10096\",\"name\":\"Unit\u00e9 des Chr\u00e9tiens 2026 - Chapelle Saint Michel Archange Montbrison\",\"isPartOf\":{\"@id\":\"https:\/\/gallican-montbrison.fr\/wp\/#website\"},\"primaryImageOfPage\":{\"@id\":\"https:\/\/gallican-montbrison.fr\/wp\/?p=10096#primaryimage\"},\"image\":{\"@id\":\"https:\/\/gallican-montbrison.fr\/wp\/?p=10096#primaryimage\"},\"thumbnailUrl\":\"https:\/\/gallican-montbrison.fr\/wp\/wp-content\/uploads\/2026\/01\/affiche-Celebration-unite-2026-724x1024.jpeg\",\"datePublished\":\"2026-01-26T18:20:59+00:00\",\"dateModified\":\"2026-01-26T18:26:02+00:00\",\"author\":{\"@id\":\"https:\/\/gallican-montbrison.fr\/wp\/#\/schema\/person\/fc5571a40f7c79de2fb1b0cf72c089a4\"},\"breadcrumb\":{\"@id\":\"https:\/\/gallican-montbrison.fr\/wp\/?p=10096#breadcrumb\"},\"inLanguage\":\"fr-FR\",\"potentialAction\":[{\"@type\":\"ReadAction\",\"target\":[\"https:\/\/gallican-montbrison.fr\/wp\/?p=10096\"]}]},{\"@type\":\"ImageObject\",\"inLanguage\":\"fr-FR\",\"@id\":\"https:\/\/gallican-montbrison.fr\/wp\/?p=10096#primaryimage\",\"url\":\"https:\/\/gallican-montbrison.fr\/wp\/wp-content\/uploads\/2026\/01\/affiche-Celebration-unite-2026.jpeg\",\"contentUrl\":\"https:\/\/gallican-montbrison.fr\/wp\/wp-content\/uploads\/2026\/01\/affiche-Celebration-unite-2026.jpeg\",\"width\":905,\"height\":1280},{\"@type\":\"BreadcrumbList\",\"@id\":\"https:\/\/gallican-montbrison.fr\/wp\/?p=10096#breadcrumb\",\"itemListElement\":[{\"@type\":\"ListItem\",\"position\":1,\"name\":\"Accueil\",\"item\":\"https:\/\/gallican-montbrison.fr\/wp\"},{\"@type\":\"ListItem\",\"position\":2,\"name\":\"Unit\u00e9 des Chr\u00e9tiens 2026\"}]},{\"@type\":\"WebSite\",\"@id\":\"https:\/\/gallican-montbrison.fr\/wp\/#website\",\"url\":\"https:\/\/gallican-montbrison.fr\/wp\/\",\"name\":\"Chapelle Saint Michel Archange Montbrison\",\"description\":\"Eglise Gallicane, Tradition Apostolique de Gazinet\",\"potentialAction\":[{\"@type\":\"SearchAction\",\"target\":{\"@type\":\"EntryPoint\",\"urlTemplate\":\"https:\/\/gallican-montbrison.fr\/wp\/?s={search_term_string}\"},\"query-input\":{\"@type\":\"PropertyValueSpecification\",\"valueRequired\":true,\"valueName\":\"search_term_string\"}}],\"inLanguage\":\"fr-FR\"},{\"@type\":\"Person\",\"@id\":\"https:\/\/gallican-montbrison.fr\/wp\/#\/schema\/person\/fc5571a40f7c79de2fb1b0cf72c089a4\",\"name\":\"Colette\",\"url\":\"https:\/\/gallican-montbrison.fr\/wp\/?author=3\"}]}<\/script>\n<!-- \/ Yoast SEO plugin. -->","yoast_head_json":{"title":"Unit\u00e9 des Chr\u00e9tiens 2026 - Chapelle Saint Michel Archange Montbrison","robots":{"index":"index","follow":"follow","max-snippet":"max-snippet:-1","max-image-preview":"max-image-preview:large","max-video-preview":"max-video-preview:-1"},"canonical":"https:\/\/gallican-montbrison.fr\/wp\/?p=10096","og_locale":"fr_FR","og_type":"article","og_title":"Unit\u00e9 des Chr\u00e9tiens 2026 - Chapelle Saint Michel Archange Montbrison","og_description":"Ce samedi 24 Janvier, une centaine de personne se sont rassembl\u00e9es en l\u2019\u00e9glise de Savigneux pour la c\u00e9l\u00e9bration \u0153cum\u00e9nique de \u00ab\u00a0la semaine de l\u2019Unit\u00e9 des Chr\u00e9tiens\u00a0\u00bb. Don Martin, cur\u00e9 de la paroisse Ste-Claire-Ste-Th\u00e9r\u00e8se-en-Forez a pr\u00e9sid\u00e9 et conc\u00e9l\u00e9br\u00e9 avec le pasteur &hellip; Continuer la lecture &rarr;","og_url":"https:\/\/gallican-montbrison.fr\/wp\/?p=10096","og_site_name":"Chapelle Saint Michel Archange Montbrison","article_publisher":"https:\/\/www.facebook.com\/people\/Eglise-Gallicane-Chapelle-Saint-Michel-Archange\/100064564306693\/","article_published_time":"2026-01-26T18:20:59+00:00","article_modified_time":"2026-01-26T18:26:02+00:00","og_image":[{"width":905,"height":1280,"url":"https:\/\/gallican-montbrison.fr\/wp\/wp-content\/uploads\/2026\/01\/affiche-Celebration-unite-2026.jpeg","type":"image\/jpeg"}],"author":"Colette","twitter_card":"summary_large_image","twitter_misc":{"\u00c9crit par":"Colette","Dur\u00e9e de lecture estim\u00e9e":"3 minutes"},"schema":{"@context":"https:\/\/schema.org","@graph":[{"@type":"WebPage","@id":"https:\/\/gallican-montbrison.fr\/wp\/?p=10096","url":"https:\/\/gallican-montbrison.fr\/wp\/?p=10096","name":"Unit\u00e9 des Chr\u00e9tiens 2026 - Chapelle Saint Michel Archange Montbrison","isPartOf":{"@id":"https:\/\/gallican-montbrison.fr\/wp\/#website"},"primaryImageOfPage":{"@id":"https:\/\/gallican-montbrison.fr\/wp\/?p=10096#primaryimage"},"image":{"@id":"https:\/\/gallican-montbrison.fr\/wp\/?p=10096#primaryimage"},"thumbnailUrl":"https:\/\/gallican-montbrison.fr\/wp\/wp-content\/uploads\/2026\/01\/affiche-Celebration-unite-2026-724x1024.jpeg","datePublished":"2026-01-26T18:20:59+00:00","dateModified":"2026-01-26T18:26:02+00:00","author":{"@id":"https:\/\/gallican-montbrison.fr\/wp\/#\/schema\/person\/fc5571a40f7c79de2fb1b0cf72c089a4"},"breadcrumb":{"@id":"https:\/\/gallican-montbrison.fr\/wp\/?p=10096#breadcrumb"},"inLanguage":"fr-FR","potentialAction":[{"@type":"ReadAction","target":["https:\/\/gallican-montbrison.fr\/wp\/?p=10096"]}]},{"@type":"ImageObject","inLanguage":"fr-FR","@id":"https:\/\/gallican-montbrison.fr\/wp\/?p=10096#primaryimage","url":"https:\/\/gallican-montbrison.fr\/wp\/wp-content\/uploads\/2026\/01\/affiche-Celebration-unite-2026.jpeg","contentUrl":"https:\/\/gallican-montbrison.fr\/wp\/wp-content\/uploads\/2026\/01\/affiche-Celebration-unite-2026.jpeg","width":905,"height":1280},{"@type":"BreadcrumbList","@id":"https:\/\/gallican-montbrison.fr\/wp\/?p=10096#breadcrumb","itemListElement":[{"@type":"ListItem","position":1,"name":"Accueil","item":"https:\/\/gallican-montbrison.fr\/wp"},{"@type":"ListItem","position":2,"name":"Unit\u00e9 des Chr\u00e9tiens 2026"}]},{"@type":"WebSite","@id":"https:\/\/gallican-montbrison.fr\/wp\/#website","url":"https:\/\/gallican-montbrison.fr\/wp\/","name":"Chapelle Saint Michel Archange Montbrison","description":"Eglise Gallicane, Tradition Apostolique de Gazinet","potentialAction":[{"@type":"SearchAction","target":{"@type":"EntryPoint","urlTemplate":"https:\/\/gallican-montbrison.fr\/wp\/?s={search_term_string}"},"query-input":{"@type":"PropertyValueSpecification","valueRequired":true,"valueName":"search_term_string"}}],"inLanguage":"fr-FR"},{"@type":"Person","@id":"https:\/\/gallican-montbrison.fr\/wp\/#\/schema\/person\/fc5571a40f7c79de2fb1b0cf72c089a4","name":"Colette","url":"https:\/\/gallican-montbrison.fr\/wp\/?author=3"}]}},"_links":{"self":[{"href":"https:\/\/gallican-montbrison.fr\/wp\/index.php?rest_route=\/wp\/v2\/posts\/10096"}],"collection":[{"href":"https:\/\/gallican-montbrison.fr\/wp\/index.php?rest_route=\/wp\/v2\/posts"}],"about":[{"href":"https:\/\/gallican-montbrison.fr\/wp\/index.php?rest_route=\/wp\/v2\/types\/post"}],"author":[{"embeddable":true,"href":"https:\/\/gallican-montbrison.fr\/wp\/index.php?rest_route=\/wp\/v2\/users\/3"}],"replies":[{"embeddable":true,"href":"https:\/\/gallican-montbrison.fr\/wp\/index.php?rest_route=%2Fwp%2Fv2%2Fcomments&post=10096"}],"version-history":[{"count":3,"href":"https:\/\/gallican-montbrison.fr\/wp\/index.php?rest_route=\/wp\/v2\/posts\/10096\/revisions"}],"predecessor-version":[{"id":10108,"href":"https:\/\/gallican-montbrison.fr\/wp\/index.php?rest_route=\/wp\/v2\/posts\/10096\/revisions\/10108"}],"wp:attachment":[{"href":"https:\/\/gallican-montbrison.fr\/wp\/index.php?rest_route=%2Fwp%2Fv2%2Fmedia&parent=10096"}],"wp:term":[{"taxonomy":"category","embeddable":true,"href":"https:\/\/gallican-montbrison.fr\/wp\/index.php?rest_route=%2Fwp%2Fv2%2Fcategories&post=10096"},{"taxonomy":"post_tag","embeddable":true,"href":"https:\/\/gallican-montbrison.fr\/wp\/index.php?rest_route=%2Fwp%2Fv2%2Ftags&post=10096"}],"curies":[{"name":"wp","href":"https:\/\/api.w.org\/{rel}","templated":true}]}}