{"id":10110,"date":"2026-01-26T20:13:47","date_gmt":"2026-01-26T19:13:47","guid":{"rendered":"https:\/\/gallican-montbrison.fr\/wp\/?p=10110"},"modified":"2026-01-26T20:14:56","modified_gmt":"2026-01-26T19:14:56","slug":"bapteme-paul-01-2026","status":"publish","type":"post","link":"https:\/\/gallican-montbrison.fr\/wp\/?p=10110","title":{"rendered":"Bapt\u00eame Paul (01.2026)"},"content":{"rendered":"<div class=\"wp-block-image\">\n<figure class=\"alignleft size-large is-resized\"><a href=\"https:\/\/gallican-montbrison.fr\/wp\/wp-content\/uploads\/2026\/01\/11339-scaled.jpg\"><img loading=\"lazy\" decoding=\"async\" width=\"768\" height=\"1024\" src=\"https:\/\/gallican-montbrison.fr\/wp\/wp-content\/uploads\/2026\/01\/11339-768x1024.jpg\" alt=\"\" class=\"wp-image-10113\" style=\"width:213px;height:auto\" srcset=\"https:\/\/gallican-montbrison.fr\/wp\/wp-content\/uploads\/2026\/01\/11339-768x1024.jpg 768w, https:\/\/gallican-montbrison.fr\/wp\/wp-content\/uploads\/2026\/01\/11339-225x300.jpg 225w, https:\/\/gallican-montbrison.fr\/wp\/wp-content\/uploads\/2026\/01\/11339-1152x1536.jpg 1152w, https:\/\/gallican-montbrison.fr\/wp\/wp-content\/uploads\/2026\/01\/11339-1536x2048.jpg 1536w, https:\/\/gallican-montbrison.fr\/wp\/wp-content\/uploads\/2026\/01\/11339-scaled.jpg 1920w\" sizes=\"(max-width: 768px) 100vw, 768px\" \/><\/a><\/figure><\/div>\n\n\n<p><\/p>\n\n\n\n<p>Paul a \u00e9t\u00e9 baptis\u00e9 ce Dimanche dans l&rsquo;intimit\u00e9 familiale. La c\u00e9r\u00e9monie de Bapt\u00eame de Gazinet est toujours tr\u00e8s appr\u00e9ci\u00e9e car elle pose de nombreux gestes, tir\u00e9s des paroles et des actions du Christ J\u00e9sus durant son minist\u00e8re. Nous avons pris le temps, comme a chaque fois, de commenter chaque geste pos\u00e9, afin que le bapt\u00eame du jeune enfant soit aussi une \u00e9vocation, pour chacune et chacun, de notre propre bapt\u00eame.<\/p>\n\n\n<div class=\"wp-block-image\">\n<figure class=\"alignright size-large is-resized\"><a href=\"https:\/\/gallican-montbrison.fr\/wp\/wp-content\/uploads\/2026\/01\/IMG_4558-rotated-e1769452823913.jpg\"><img loading=\"lazy\" decoding=\"async\" width=\"1024\" height=\"768\" src=\"https:\/\/gallican-montbrison.fr\/wp\/wp-content\/uploads\/2026\/01\/IMG_4558-rotated-e1769452823913-1024x768.jpg\" alt=\"\" class=\"wp-image-10111\" style=\"width:227px;height:auto\" srcset=\"https:\/\/gallican-montbrison.fr\/wp\/wp-content\/uploads\/2026\/01\/IMG_4558-rotated-e1769452823913-1024x768.jpg 1024w, https:\/\/gallican-montbrison.fr\/wp\/wp-content\/uploads\/2026\/01\/IMG_4558-rotated-e1769452823913-300x225.jpg 300w, https:\/\/gallican-montbrison.fr\/wp\/wp-content\/uploads\/2026\/01\/IMG_4558-rotated-e1769452823913-768x576.jpg 768w, https:\/\/gallican-montbrison.fr\/wp\/wp-content\/uploads\/2026\/01\/IMG_4558-rotated-e1769452823913-1536x1152.jpg 1536w, https:\/\/gallican-montbrison.fr\/wp\/wp-content\/uploads\/2026\/01\/IMG_4558-rotated-e1769452823913.jpg 2016w\" sizes=\"(max-width: 1024px) 100vw, 1024px\" \/><\/a><\/figure><\/div>\n\n\n<p>Paul est le 3e baptis\u00e9, apr\u00e8s ses soeurs Lou en 2020 et Maya en 2023. Ses cousines et cousins ont \u00e9t\u00e9 tr\u00e8s attentifs et ont transmis \u00e0 Paul des petits dessins pour lui montrer leur affection. C&rsquo;est aussi l&rsquo;occasion de parler de J\u00e9sus aux petits. Les t\u00e9moignages des parrain et marraine ont aussi r\u00e9sonn\u00e9 de Foi et d&rsquo;affection.<\/p>\n\n\n\n<figure class=\"wp-block-gallery has-nested-images columns-default is-cropped wp-block-gallery-1 is-layout-flex wp-block-gallery-is-layout-flex\">\n<figure class=\"wp-block-image size-large\"><a href=\"https:\/\/gallican-montbrison.fr\/wp\/wp-content\/uploads\/2026\/01\/11345-1-scaled.jpg\"><img loading=\"lazy\" decoding=\"async\" width=\"768\" height=\"1024\" data-id=\"10115\" src=\"https:\/\/gallican-montbrison.fr\/wp\/wp-content\/uploads\/2026\/01\/11345-1-768x1024.jpg\" alt=\"\" class=\"wp-image-10115\" srcset=\"https:\/\/gallican-montbrison.fr\/wp\/wp-content\/uploads\/2026\/01\/11345-1-768x1024.jpg 768w, https:\/\/gallican-montbrison.fr\/wp\/wp-content\/uploads\/2026\/01\/11345-1-225x300.jpg 225w, https:\/\/gallican-montbrison.fr\/wp\/wp-content\/uploads\/2026\/01\/11345-1-1152x1536.jpg 1152w, https:\/\/gallican-montbrison.fr\/wp\/wp-content\/uploads\/2026\/01\/11345-1-1536x2048.jpg 1536w, https:\/\/gallican-montbrison.fr\/wp\/wp-content\/uploads\/2026\/01\/11345-1-scaled.jpg 1920w\" sizes=\"(max-width: 768px) 100vw, 768px\" \/><\/a><\/figure>\n\n\n\n<figure class=\"wp-block-image size-large\"><a href=\"https:\/\/gallican-montbrison.fr\/wp\/wp-content\/uploads\/2026\/01\/11353-scaled.jpg\"><img loading=\"lazy\" decoding=\"async\" width=\"1024\" height=\"768\" data-id=\"10116\" src=\"https:\/\/gallican-montbrison.fr\/wp\/wp-content\/uploads\/2026\/01\/11353-1024x768.jpg\" alt=\"\" class=\"wp-image-10116\" srcset=\"https:\/\/gallican-montbrison.fr\/wp\/wp-content\/uploads\/2026\/01\/11353-1024x768.jpg 1024w, https:\/\/gallican-montbrison.fr\/wp\/wp-content\/uploads\/2026\/01\/11353-300x225.jpg 300w, https:\/\/gallican-montbrison.fr\/wp\/wp-content\/uploads\/2026\/01\/11353-768x576.jpg 768w, https:\/\/gallican-montbrison.fr\/wp\/wp-content\/uploads\/2026\/01\/11353-1536x1152.jpg 1536w, https:\/\/gallican-montbrison.fr\/wp\/wp-content\/uploads\/2026\/01\/11353-2048x1536.jpg 2048w\" sizes=\"(max-width: 1024px) 100vw, 1024px\" \/><\/a><\/figure>\n<\/figure>\n\n\n<div class=\"wp-block-image\">\n<figure class=\"aligncenter size-large is-resized\"><a href=\"https:\/\/gallican-montbrison.fr\/wp\/wp-content\/uploads\/2026\/01\/11326-scaled-e1769454581860.jpg\"><img loading=\"lazy\" decoding=\"async\" width=\"1024\" height=\"514\" src=\"https:\/\/gallican-montbrison.fr\/wp\/wp-content\/uploads\/2026\/01\/11326-scaled-e1769454581860-1024x514.jpg\" alt=\"\" class=\"wp-image-10118\" style=\"width:430px;height:auto\" srcset=\"https:\/\/gallican-montbrison.fr\/wp\/wp-content\/uploads\/2026\/01\/11326-scaled-e1769454581860-1024x514.jpg 1024w, https:\/\/gallican-montbrison.fr\/wp\/wp-content\/uploads\/2026\/01\/11326-scaled-e1769454581860-300x151.jpg 300w, https:\/\/gallican-montbrison.fr\/wp\/wp-content\/uploads\/2026\/01\/11326-scaled-e1769454581860-768x386.jpg 768w, https:\/\/gallican-montbrison.fr\/wp\/wp-content\/uploads\/2026\/01\/11326-scaled-e1769454581860-1536x771.jpg 1536w, https:\/\/gallican-montbrison.fr\/wp\/wp-content\/uploads\/2026\/01\/11326-scaled-e1769454581860.jpg 1920w\" sizes=\"(max-width: 1024px) 100vw, 1024px\" \/><\/a><\/figure><\/div>\n\n\n<p class=\"has-blue-color has-text-color has-link-color wp-elements-6f9ed5a824c56c1dcef76cc999dd449e\">Paul est le 30e baptis\u00e9 depuis l\u2019ouverture de la chapelle et peu \u00e0 peu la communaut\u00e9 gallicane s\u2019agrandit sur Montbrison, chacun chacune y apportant sa foi, sa joie ou ses peines.<\/p>\n\n\n\n<p><\/p>\n","protected":false},"excerpt":{"rendered":"<p>Paul a \u00e9t\u00e9 baptis\u00e9 ce Dimanche dans l&rsquo;intimit\u00e9 familiale. La c\u00e9r\u00e9monie de Bapt\u00eame de Gazinet est toujours tr\u00e8s appr\u00e9ci\u00e9e car elle pose de nombreux gestes, tir\u00e9s des paroles et des actions du Christ J\u00e9sus durant son minist\u00e8re. Nous avons pris &hellip; <a href=\"https:\/\/gallican-montbrison.fr\/wp\/?p=10110\">Continuer la lecture <span class=\"meta-nav\">&rarr;<\/span><\/a><\/p>\n","protected":false},"author":3,"featured_media":0,"comment_status":"closed","ping_status":"open","sticky":false,"template":"","format":"standard","meta":{"footnotes":""},"categories":[249,5],"tags":[100,88,27,26,70,138,52,87,17,133],"class_list":["post-10110","post","type-post","status-publish","format-standard","hentry","category-sacrements","category-vie-de-la-chapelle","tag-bapteme","tag-benediction","tag-celebration","tag-chapelle","tag-eglise","tag-eglise-gallicane","tag-evangile","tag-mariage","tag-oecumenisme-2","tag-sacrements"],"yoast_head":"<!-- This site is optimized with the Yoast SEO plugin v25.6 - https:\/\/yoast.com\/wordpress\/plugins\/seo\/ -->\n<title>Bapt\u00eame Paul (01.2026) - Chapelle Saint Michel Archange Montbrison<\/title>\n<meta name=\"robots\" content=\"index, follow, max-snippet:-1, max-image-preview:large, max-video-preview:-1\" \/>\n<link rel=\"canonical\" href=\"https:\/\/gallican-montbrison.fr\/wp\/?p=10110\" \/>\n<meta property=\"og:locale\" content=\"fr_FR\" \/>\n<meta property=\"og:type\" content=\"article\" \/>\n<meta property=\"og:title\" content=\"Bapt\u00eame Paul (01.2026) - Chapelle Saint Michel Archange Montbrison\" \/>\n<meta property=\"og:description\" content=\"Paul a \u00e9t\u00e9 baptis\u00e9 ce Dimanche dans l&rsquo;intimit\u00e9 familiale. La c\u00e9r\u00e9monie de Bapt\u00eame de Gazinet est toujours tr\u00e8s appr\u00e9ci\u00e9e car elle pose de nombreux gestes, tir\u00e9s des paroles et des actions du Christ J\u00e9sus durant son minist\u00e8re. Nous avons pris &hellip; Continuer la lecture &rarr;\" \/>\n<meta property=\"og:url\" content=\"https:\/\/gallican-montbrison.fr\/wp\/?p=10110\" \/>\n<meta property=\"og:site_name\" content=\"Chapelle Saint Michel Archange Montbrison\" \/>\n<meta property=\"article:publisher\" content=\"https:\/\/www.facebook.com\/people\/Eglise-Gallicane-Chapelle-Saint-Michel-Archange\/100064564306693\/\" \/>\n<meta property=\"article:published_time\" content=\"2026-01-26T19:13:47+00:00\" \/>\n<meta property=\"article:modified_time\" content=\"2026-01-26T19:14:56+00:00\" \/>\n<meta property=\"og:image\" content=\"https:\/\/gallican-montbrison.fr\/wp\/wp-content\/uploads\/2026\/01\/11339-scaled.jpg\" \/>\n\t<meta property=\"og:image:width\" content=\"1920\" \/>\n\t<meta property=\"og:image:height\" content=\"2560\" \/>\n\t<meta property=\"og:image:type\" content=\"image\/jpeg\" \/>\n<meta name=\"author\" content=\"Colette\" \/>\n<meta name=\"twitter:card\" content=\"summary_large_image\" \/>\n<meta name=\"twitter:label1\" content=\"\u00c9crit par\" \/>\n\t<meta name=\"twitter:data1\" content=\"Colette\" \/>\n\t<meta name=\"twitter:label2\" content=\"Dur\u00e9e de lecture estim\u00e9e\" \/>\n\t<meta name=\"twitter:data2\" content=\"2 minutes\" \/>\n<script type=\"application\/ld+json\" class=\"yoast-schema-graph\">{\"@context\":\"https:\/\/schema.org\",\"@graph\":[{\"@type\":\"WebPage\",\"@id\":\"https:\/\/gallican-montbrison.fr\/wp\/?p=10110\",\"url\":\"https:\/\/gallican-montbrison.fr\/wp\/?p=10110\",\"name\":\"Bapt\u00eame Paul (01.2026) - Chapelle Saint Michel Archange Montbrison\",\"isPartOf\":{\"@id\":\"https:\/\/gallican-montbrison.fr\/wp\/#website\"},\"primaryImageOfPage\":{\"@id\":\"https:\/\/gallican-montbrison.fr\/wp\/?p=10110#primaryimage\"},\"image\":{\"@id\":\"https:\/\/gallican-montbrison.fr\/wp\/?p=10110#primaryimage\"},\"thumbnailUrl\":\"https:\/\/gallican-montbrison.fr\/wp\/wp-content\/uploads\/2026\/01\/11339-768x1024.jpg\",\"datePublished\":\"2026-01-26T19:13:47+00:00\",\"dateModified\":\"2026-01-26T19:14:56+00:00\",\"author\":{\"@id\":\"https:\/\/gallican-montbrison.fr\/wp\/#\/schema\/person\/fc5571a40f7c79de2fb1b0cf72c089a4\"},\"breadcrumb\":{\"@id\":\"https:\/\/gallican-montbrison.fr\/wp\/?p=10110#breadcrumb\"},\"inLanguage\":\"fr-FR\",\"potentialAction\":[{\"@type\":\"ReadAction\",\"target\":[\"https:\/\/gallican-montbrison.fr\/wp\/?p=10110\"]}]},{\"@type\":\"ImageObject\",\"inLanguage\":\"fr-FR\",\"@id\":\"https:\/\/gallican-montbrison.fr\/wp\/?p=10110#primaryimage\",\"url\":\"https:\/\/gallican-montbrison.fr\/wp\/wp-content\/uploads\/2026\/01\/11339-scaled.jpg\",\"contentUrl\":\"https:\/\/gallican-montbrison.fr\/wp\/wp-content\/uploads\/2026\/01\/11339-scaled.jpg\",\"width\":1920,\"height\":2560},{\"@type\":\"BreadcrumbList\",\"@id\":\"https:\/\/gallican-montbrison.fr\/wp\/?p=10110#breadcrumb\",\"itemListElement\":[{\"@type\":\"ListItem\",\"position\":1,\"name\":\"Accueil\",\"item\":\"https:\/\/gallican-montbrison.fr\/wp\"},{\"@type\":\"ListItem\",\"position\":2,\"name\":\"Bapt\u00eame Paul (01.2026)\"}]},{\"@type\":\"WebSite\",\"@id\":\"https:\/\/gallican-montbrison.fr\/wp\/#website\",\"url\":\"https:\/\/gallican-montbrison.fr\/wp\/\",\"name\":\"Chapelle Saint Michel Archange Montbrison\",\"description\":\"Eglise Gallicane, Tradition Apostolique de Gazinet\",\"potentialAction\":[{\"@type\":\"SearchAction\",\"target\":{\"@type\":\"EntryPoint\",\"urlTemplate\":\"https:\/\/gallican-montbrison.fr\/wp\/?s={search_term_string}\"},\"query-input\":{\"@type\":\"PropertyValueSpecification\",\"valueRequired\":true,\"valueName\":\"search_term_string\"}}],\"inLanguage\":\"fr-FR\"},{\"@type\":\"Person\",\"@id\":\"https:\/\/gallican-montbrison.fr\/wp\/#\/schema\/person\/fc5571a40f7c79de2fb1b0cf72c089a4\",\"name\":\"Colette\",\"url\":\"https:\/\/gallican-montbrison.fr\/wp\/?author=3\"}]}<\/script>\n<!-- \/ Yoast SEO plugin. -->","yoast_head_json":{"title":"Bapt\u00eame Paul (01.2026) - Chapelle Saint Michel Archange Montbrison","robots":{"index":"index","follow":"follow","max-snippet":"max-snippet:-1","max-image-preview":"max-image-preview:large","max-video-preview":"max-video-preview:-1"},"canonical":"https:\/\/gallican-montbrison.fr\/wp\/?p=10110","og_locale":"fr_FR","og_type":"article","og_title":"Bapt\u00eame Paul (01.2026) - Chapelle Saint Michel Archange Montbrison","og_description":"Paul a \u00e9t\u00e9 baptis\u00e9 ce Dimanche dans l&rsquo;intimit\u00e9 familiale. La c\u00e9r\u00e9monie de Bapt\u00eame de Gazinet est toujours tr\u00e8s appr\u00e9ci\u00e9e car elle pose de nombreux gestes, tir\u00e9s des paroles et des actions du Christ J\u00e9sus durant son minist\u00e8re. Nous avons pris &hellip; Continuer la lecture &rarr;","og_url":"https:\/\/gallican-montbrison.fr\/wp\/?p=10110","og_site_name":"Chapelle Saint Michel Archange Montbrison","article_publisher":"https:\/\/www.facebook.com\/people\/Eglise-Gallicane-Chapelle-Saint-Michel-Archange\/100064564306693\/","article_published_time":"2026-01-26T19:13:47+00:00","article_modified_time":"2026-01-26T19:14:56+00:00","og_image":[{"width":1920,"height":2560,"url":"https:\/\/gallican-montbrison.fr\/wp\/wp-content\/uploads\/2026\/01\/11339-scaled.jpg","type":"image\/jpeg"}],"author":"Colette","twitter_card":"summary_large_image","twitter_misc":{"\u00c9crit par":"Colette","Dur\u00e9e de lecture estim\u00e9e":"2 minutes"},"schema":{"@context":"https:\/\/schema.org","@graph":[{"@type":"WebPage","@id":"https:\/\/gallican-montbrison.fr\/wp\/?p=10110","url":"https:\/\/gallican-montbrison.fr\/wp\/?p=10110","name":"Bapt\u00eame Paul (01.2026) - Chapelle Saint Michel Archange Montbrison","isPartOf":{"@id":"https:\/\/gallican-montbrison.fr\/wp\/#website"},"primaryImageOfPage":{"@id":"https:\/\/gallican-montbrison.fr\/wp\/?p=10110#primaryimage"},"image":{"@id":"https:\/\/gallican-montbrison.fr\/wp\/?p=10110#primaryimage"},"thumbnailUrl":"https:\/\/gallican-montbrison.fr\/wp\/wp-content\/uploads\/2026\/01\/11339-768x1024.jpg","datePublished":"2026-01-26T19:13:47+00:00","dateModified":"2026-01-26T19:14:56+00:00","author":{"@id":"https:\/\/gallican-montbrison.fr\/wp\/#\/schema\/person\/fc5571a40f7c79de2fb1b0cf72c089a4"},"breadcrumb":{"@id":"https:\/\/gallican-montbrison.fr\/wp\/?p=10110#breadcrumb"},"inLanguage":"fr-FR","potentialAction":[{"@type":"ReadAction","target":["https:\/\/gallican-montbrison.fr\/wp\/?p=10110"]}]},{"@type":"ImageObject","inLanguage":"fr-FR","@id":"https:\/\/gallican-montbrison.fr\/wp\/?p=10110#primaryimage","url":"https:\/\/gallican-montbrison.fr\/wp\/wp-content\/uploads\/2026\/01\/11339-scaled.jpg","contentUrl":"https:\/\/gallican-montbrison.fr\/wp\/wp-content\/uploads\/2026\/01\/11339-scaled.jpg","width":1920,"height":2560},{"@type":"BreadcrumbList","@id":"https:\/\/gallican-montbrison.fr\/wp\/?p=10110#breadcrumb","itemListElement":[{"@type":"ListItem","position":1,"name":"Accueil","item":"https:\/\/gallican-montbrison.fr\/wp"},{"@type":"ListItem","position":2,"name":"Bapt\u00eame Paul (01.2026)"}]},{"@type":"WebSite","@id":"https:\/\/gallican-montbrison.fr\/wp\/#website","url":"https:\/\/gallican-montbrison.fr\/wp\/","name":"Chapelle Saint Michel Archange Montbrison","description":"Eglise Gallicane, Tradition Apostolique de Gazinet","potentialAction":[{"@type":"SearchAction","target":{"@type":"EntryPoint","urlTemplate":"https:\/\/gallican-montbrison.fr\/wp\/?s={search_term_string}"},"query-input":{"@type":"PropertyValueSpecification","valueRequired":true,"valueName":"search_term_string"}}],"inLanguage":"fr-FR"},{"@type":"Person","@id":"https:\/\/gallican-montbrison.fr\/wp\/#\/schema\/person\/fc5571a40f7c79de2fb1b0cf72c089a4","name":"Colette","url":"https:\/\/gallican-montbrison.fr\/wp\/?author=3"}]}},"_links":{"self":[{"href":"https:\/\/gallican-montbrison.fr\/wp\/index.php?rest_route=\/wp\/v2\/posts\/10110"}],"collection":[{"href":"https:\/\/gallican-montbrison.fr\/wp\/index.php?rest_route=\/wp\/v2\/posts"}],"about":[{"href":"https:\/\/gallican-montbrison.fr\/wp\/index.php?rest_route=\/wp\/v2\/types\/post"}],"author":[{"embeddable":true,"href":"https:\/\/gallican-montbrison.fr\/wp\/index.php?rest_route=\/wp\/v2\/users\/3"}],"replies":[{"embeddable":true,"href":"https:\/\/gallican-montbrison.fr\/wp\/index.php?rest_route=%2Fwp%2Fv2%2Fcomments&post=10110"}],"version-history":[{"count":1,"href":"https:\/\/gallican-montbrison.fr\/wp\/index.php?rest_route=\/wp\/v2\/posts\/10110\/revisions"}],"predecessor-version":[{"id":10119,"href":"https:\/\/gallican-montbrison.fr\/wp\/index.php?rest_route=\/wp\/v2\/posts\/10110\/revisions\/10119"}],"wp:attachment":[{"href":"https:\/\/gallican-montbrison.fr\/wp\/index.php?rest_route=%2Fwp%2Fv2%2Fmedia&parent=10110"}],"wp:term":[{"taxonomy":"category","embeddable":true,"href":"https:\/\/gallican-montbrison.fr\/wp\/index.php?rest_route=%2Fwp%2Fv2%2Fcategories&post=10110"},{"taxonomy":"post_tag","embeddable":true,"href":"https:\/\/gallican-montbrison.fr\/wp\/index.php?rest_route=%2Fwp%2Fv2%2Ftags&post=10110"}],"curies":[{"name":"wp","href":"https:\/\/api.w.org\/{rel}","templated":true}]}}