{"id":1174,"date":"2012-03-05T17:05:30","date_gmt":"2012-03-05T16:05:30","guid":{"rendered":"http:\/\/gallican-montbrison.fr\/wp\/?p=1174"},"modified":"2013-02-01T17:00:43","modified_gmt":"2013-02-01T16:00:43","slug":"fete-de-la-chapelle-2009","status":"publish","type":"post","link":"https:\/\/gallican-montbrison.fr\/wp\/?p=1174","title":{"rendered":"f\u00eate de la chapelle 2009"},"content":{"rendered":"<p>De la joie \u00e0 nouveau cette ann\u00e9e pour la venue de notre Ev\u00eaque Mgr T.Teyssot et de son \u00e9pouse Dame Sylvie. Nous c\u00e9l\u00e9brons la messe \u00e0 16H30 et le traditionnel ap\u00e9ritif cl\u00f4t la journ\u00e9e.<\/p>\n<p>Cette ann\u00e9e des amis protestants nous ont rejoints pour vivre la c\u00e9l\u00e9bration avec nous. C&rsquo;est un geste d&rsquo;amiti\u00e9 et de fraternit\u00e9 qui nous touche particuli\u00e8rement. Merci \u00e0 eux.<\/p>\n<p><a href=\"http:\/\/gallican-montbrison.fr\/wp\/wp-content\/uploads\/2012\/03\/DSC_00533.jpg\"><img loading=\"lazy\" decoding=\"async\" class=\"alignleft size-thumbnail wp-image-1175\" title=\"DSC_0053\" src=\"http:\/\/gallican-montbrison.fr\/wp\/wp-content\/uploads\/2012\/03\/DSC_00533-e1331740925657-150x150.jpg\" alt=\"\" width=\"150\" height=\"150\" \/><\/a><a href=\"http:\/\/gallican-montbrison.fr\/wp\/wp-content\/uploads\/2012\/03\/DSC_00171.jpg\"><img loading=\"lazy\" decoding=\"async\" class=\"alignleft size-thumbnail wp-image-1176\" title=\"DSC_0017\" src=\"http:\/\/gallican-montbrison.fr\/wp\/wp-content\/uploads\/2012\/03\/DSC_00171-150x150.jpg\" alt=\"\" width=\"150\" height=\"150\" \/><\/a><a href=\"http:\/\/gallican-montbrison.fr\/wp\/wp-content\/uploads\/2012\/03\/DSC_00753.jpg\"><img loading=\"lazy\" decoding=\"async\" class=\"alignleft size-thumbnail wp-image-1177\" title=\"DSC_0075\" src=\"http:\/\/gallican-montbrison.fr\/wp\/wp-content\/uploads\/2012\/03\/DSC_00753-150x150.jpg\" alt=\"\" width=\"150\" height=\"150\" \/><\/a><\/p>\n<div><\/div>\n","protected":false},"excerpt":{"rendered":"<p>De la joie \u00e0 nouveau cette ann\u00e9e pour la venue de notre Ev\u00eaque Mgr T.Teyssot et de son \u00e9pouse Dame Sylvie. Nous c\u00e9l\u00e9brons la messe \u00e0 16H30 et le traditionnel ap\u00e9ritif cl\u00f4t la journ\u00e9e. Cette ann\u00e9e des amis protestants nous &hellip; <a href=\"https:\/\/gallican-montbrison.fr\/wp\/?p=1174\">Continuer la lecture <span class=\"meta-nav\">&rarr;<\/span><\/a><\/p>\n","protected":false},"author":3,"featured_media":0,"comment_status":"closed","ping_status":"open","sticky":false,"template":"","format":"standard","meta":{"footnotes":""},"categories":[5],"tags":[27,26,25,6],"class_list":["post-1174","post","type-post","status-publish","format-standard","hentry","category-vie-de-la-chapelle","tag-celebration","tag-chapelle","tag-fete","tag-messe"],"yoast_head":"<!-- This site is optimized with the Yoast SEO plugin v25.6 - https:\/\/yoast.com\/wordpress\/plugins\/seo\/ -->\n<title>f\u00eate de la chapelle 2009 - Chapelle Saint Michel Archange Montbrison<\/title>\n<meta name=\"robots\" content=\"index, follow, max-snippet:-1, max-image-preview:large, max-video-preview:-1\" \/>\n<link rel=\"canonical\" href=\"https:\/\/gallican-montbrison.fr\/wp\/?p=1174\" \/>\n<meta property=\"og:locale\" content=\"fr_FR\" \/>\n<meta property=\"og:type\" content=\"article\" \/>\n<meta property=\"og:title\" content=\"f\u00eate de la chapelle 2009 - Chapelle Saint Michel Archange Montbrison\" \/>\n<meta property=\"og:description\" content=\"De la joie \u00e0 nouveau cette ann\u00e9e pour la venue de notre Ev\u00eaque Mgr T.Teyssot et de son \u00e9pouse Dame Sylvie. Nous c\u00e9l\u00e9brons la messe \u00e0 16H30 et le traditionnel ap\u00e9ritif cl\u00f4t la journ\u00e9e. Cette ann\u00e9e des amis protestants nous &hellip; Continuer la lecture &rarr;\" \/>\n<meta property=\"og:url\" content=\"https:\/\/gallican-montbrison.fr\/wp\/?p=1174\" \/>\n<meta property=\"og:site_name\" content=\"Chapelle Saint Michel Archange Montbrison\" \/>\n<meta property=\"article:publisher\" content=\"https:\/\/www.facebook.com\/people\/Eglise-Gallicane-Chapelle-Saint-Michel-Archange\/100064564306693\/\" \/>\n<meta property=\"article:published_time\" content=\"2012-03-05T16:05:30+00:00\" \/>\n<meta property=\"article:modified_time\" content=\"2013-02-01T16:00:43+00:00\" \/>\n<meta property=\"og:image\" content=\"http:\/\/gallican-montbrison.fr\/wp\/wp-content\/uploads\/2012\/03\/DSC_00533-e1331740925657-150x150.jpg\" \/>\n<meta name=\"author\" content=\"Colette\" \/>\n<meta name=\"twitter:card\" content=\"summary_large_image\" \/>\n<meta name=\"twitter:label1\" content=\"\u00c9crit par\" \/>\n\t<meta name=\"twitter:data1\" content=\"Colette\" \/>\n<script type=\"application\/ld+json\" class=\"yoast-schema-graph\">{\"@context\":\"https:\/\/schema.org\",\"@graph\":[{\"@type\":\"WebPage\",\"@id\":\"https:\/\/gallican-montbrison.fr\/wp\/?p=1174\",\"url\":\"https:\/\/gallican-montbrison.fr\/wp\/?p=1174\",\"name\":\"f\u00eate de la chapelle 2009 - Chapelle Saint Michel Archange Montbrison\",\"isPartOf\":{\"@id\":\"https:\/\/gallican-montbrison.fr\/wp\/#website\"},\"primaryImageOfPage\":{\"@id\":\"https:\/\/gallican-montbrison.fr\/wp\/?p=1174#primaryimage\"},\"image\":{\"@id\":\"https:\/\/gallican-montbrison.fr\/wp\/?p=1174#primaryimage\"},\"thumbnailUrl\":\"http:\/\/gallican-montbrison.fr\/wp\/wp-content\/uploads\/2012\/03\/DSC_00533-e1331740925657-150x150.jpg\",\"datePublished\":\"2012-03-05T16:05:30+00:00\",\"dateModified\":\"2013-02-01T16:00:43+00:00\",\"author\":{\"@id\":\"https:\/\/gallican-montbrison.fr\/wp\/#\/schema\/person\/fc5571a40f7c79de2fb1b0cf72c089a4\"},\"breadcrumb\":{\"@id\":\"https:\/\/gallican-montbrison.fr\/wp\/?p=1174#breadcrumb\"},\"inLanguage\":\"fr-FR\",\"potentialAction\":[{\"@type\":\"ReadAction\",\"target\":[\"https:\/\/gallican-montbrison.fr\/wp\/?p=1174\"]}]},{\"@type\":\"ImageObject\",\"inLanguage\":\"fr-FR\",\"@id\":\"https:\/\/gallican-montbrison.fr\/wp\/?p=1174#primaryimage\",\"url\":\"https:\/\/gallican-montbrison.fr\/wp\/wp-content\/uploads\/2012\/03\/DSC_00533-e1331740925657.jpg\",\"contentUrl\":\"https:\/\/gallican-montbrison.fr\/wp\/wp-content\/uploads\/2012\/03\/DSC_00533-e1331740925657.jpg\",\"width\":\"1488\",\"height\":\"2240\"},{\"@type\":\"BreadcrumbList\",\"@id\":\"https:\/\/gallican-montbrison.fr\/wp\/?p=1174#breadcrumb\",\"itemListElement\":[{\"@type\":\"ListItem\",\"position\":1,\"name\":\"Accueil\",\"item\":\"https:\/\/gallican-montbrison.fr\/wp\"},{\"@type\":\"ListItem\",\"position\":2,\"name\":\"f\u00eate de la chapelle 2009\"}]},{\"@type\":\"WebSite\",\"@id\":\"https:\/\/gallican-montbrison.fr\/wp\/#website\",\"url\":\"https:\/\/gallican-montbrison.fr\/wp\/\",\"name\":\"Chapelle Saint Michel Archange Montbrison\",\"description\":\"Eglise Gallicane, Tradition Apostolique de Gazinet\",\"potentialAction\":[{\"@type\":\"SearchAction\",\"target\":{\"@type\":\"EntryPoint\",\"urlTemplate\":\"https:\/\/gallican-montbrison.fr\/wp\/?s={search_term_string}\"},\"query-input\":{\"@type\":\"PropertyValueSpecification\",\"valueRequired\":true,\"valueName\":\"search_term_string\"}}],\"inLanguage\":\"fr-FR\"},{\"@type\":\"Person\",\"@id\":\"https:\/\/gallican-montbrison.fr\/wp\/#\/schema\/person\/fc5571a40f7c79de2fb1b0cf72c089a4\",\"name\":\"Colette\",\"url\":\"https:\/\/gallican-montbrison.fr\/wp\/?author=3\"}]}<\/script>\n<!-- \/ Yoast SEO plugin. -->","yoast_head_json":{"title":"f\u00eate de la chapelle 2009 - Chapelle Saint Michel Archange Montbrison","robots":{"index":"index","follow":"follow","max-snippet":"max-snippet:-1","max-image-preview":"max-image-preview:large","max-video-preview":"max-video-preview:-1"},"canonical":"https:\/\/gallican-montbrison.fr\/wp\/?p=1174","og_locale":"fr_FR","og_type":"article","og_title":"f\u00eate de la chapelle 2009 - Chapelle Saint Michel Archange Montbrison","og_description":"De la joie \u00e0 nouveau cette ann\u00e9e pour la venue de notre Ev\u00eaque Mgr T.Teyssot et de son \u00e9pouse Dame Sylvie. Nous c\u00e9l\u00e9brons la messe \u00e0 16H30 et le traditionnel ap\u00e9ritif cl\u00f4t la journ\u00e9e. Cette ann\u00e9e des amis protestants nous &hellip; Continuer la lecture &rarr;","og_url":"https:\/\/gallican-montbrison.fr\/wp\/?p=1174","og_site_name":"Chapelle Saint Michel Archange Montbrison","article_publisher":"https:\/\/www.facebook.com\/people\/Eglise-Gallicane-Chapelle-Saint-Michel-Archange\/100064564306693\/","article_published_time":"2012-03-05T16:05:30+00:00","article_modified_time":"2013-02-01T16:00:43+00:00","og_image":[{"url":"http:\/\/gallican-montbrison.fr\/wp\/wp-content\/uploads\/2012\/03\/DSC_00533-e1331740925657-150x150.jpg","type":"","width":"","height":""}],"author":"Colette","twitter_card":"summary_large_image","twitter_misc":{"\u00c9crit par":"Colette"},"schema":{"@context":"https:\/\/schema.org","@graph":[{"@type":"WebPage","@id":"https:\/\/gallican-montbrison.fr\/wp\/?p=1174","url":"https:\/\/gallican-montbrison.fr\/wp\/?p=1174","name":"f\u00eate de la chapelle 2009 - Chapelle Saint Michel Archange Montbrison","isPartOf":{"@id":"https:\/\/gallican-montbrison.fr\/wp\/#website"},"primaryImageOfPage":{"@id":"https:\/\/gallican-montbrison.fr\/wp\/?p=1174#primaryimage"},"image":{"@id":"https:\/\/gallican-montbrison.fr\/wp\/?p=1174#primaryimage"},"thumbnailUrl":"http:\/\/gallican-montbrison.fr\/wp\/wp-content\/uploads\/2012\/03\/DSC_00533-e1331740925657-150x150.jpg","datePublished":"2012-03-05T16:05:30+00:00","dateModified":"2013-02-01T16:00:43+00:00","author":{"@id":"https:\/\/gallican-montbrison.fr\/wp\/#\/schema\/person\/fc5571a40f7c79de2fb1b0cf72c089a4"},"breadcrumb":{"@id":"https:\/\/gallican-montbrison.fr\/wp\/?p=1174#breadcrumb"},"inLanguage":"fr-FR","potentialAction":[{"@type":"ReadAction","target":["https:\/\/gallican-montbrison.fr\/wp\/?p=1174"]}]},{"@type":"ImageObject","inLanguage":"fr-FR","@id":"https:\/\/gallican-montbrison.fr\/wp\/?p=1174#primaryimage","url":"https:\/\/gallican-montbrison.fr\/wp\/wp-content\/uploads\/2012\/03\/DSC_00533-e1331740925657.jpg","contentUrl":"https:\/\/gallican-montbrison.fr\/wp\/wp-content\/uploads\/2012\/03\/DSC_00533-e1331740925657.jpg","width":"1488","height":"2240"},{"@type":"BreadcrumbList","@id":"https:\/\/gallican-montbrison.fr\/wp\/?p=1174#breadcrumb","itemListElement":[{"@type":"ListItem","position":1,"name":"Accueil","item":"https:\/\/gallican-montbrison.fr\/wp"},{"@type":"ListItem","position":2,"name":"f\u00eate de la chapelle 2009"}]},{"@type":"WebSite","@id":"https:\/\/gallican-montbrison.fr\/wp\/#website","url":"https:\/\/gallican-montbrison.fr\/wp\/","name":"Chapelle Saint Michel Archange Montbrison","description":"Eglise Gallicane, Tradition Apostolique de Gazinet","potentialAction":[{"@type":"SearchAction","target":{"@type":"EntryPoint","urlTemplate":"https:\/\/gallican-montbrison.fr\/wp\/?s={search_term_string}"},"query-input":{"@type":"PropertyValueSpecification","valueRequired":true,"valueName":"search_term_string"}}],"inLanguage":"fr-FR"},{"@type":"Person","@id":"https:\/\/gallican-montbrison.fr\/wp\/#\/schema\/person\/fc5571a40f7c79de2fb1b0cf72c089a4","name":"Colette","url":"https:\/\/gallican-montbrison.fr\/wp\/?author=3"}]}},"_links":{"self":[{"href":"https:\/\/gallican-montbrison.fr\/wp\/index.php?rest_route=\/wp\/v2\/posts\/1174"}],"collection":[{"href":"https:\/\/gallican-montbrison.fr\/wp\/index.php?rest_route=\/wp\/v2\/posts"}],"about":[{"href":"https:\/\/gallican-montbrison.fr\/wp\/index.php?rest_route=\/wp\/v2\/types\/post"}],"author":[{"embeddable":true,"href":"https:\/\/gallican-montbrison.fr\/wp\/index.php?rest_route=\/wp\/v2\/users\/3"}],"replies":[{"embeddable":true,"href":"https:\/\/gallican-montbrison.fr\/wp\/index.php?rest_route=%2Fwp%2Fv2%2Fcomments&post=1174"}],"version-history":[{"count":3,"href":"https:\/\/gallican-montbrison.fr\/wp\/index.php?rest_route=\/wp\/v2\/posts\/1174\/revisions"}],"predecessor-version":[{"id":2400,"href":"https:\/\/gallican-montbrison.fr\/wp\/index.php?rest_route=\/wp\/v2\/posts\/1174\/revisions\/2400"}],"wp:attachment":[{"href":"https:\/\/gallican-montbrison.fr\/wp\/index.php?rest_route=%2Fwp%2Fv2%2Fmedia&parent=1174"}],"wp:term":[{"taxonomy":"category","embeddable":true,"href":"https:\/\/gallican-montbrison.fr\/wp\/index.php?rest_route=%2Fwp%2Fv2%2Fcategories&post=1174"},{"taxonomy":"post_tag","embeddable":true,"href":"https:\/\/gallican-montbrison.fr\/wp\/index.php?rest_route=%2Fwp%2Fv2%2Ftags&post=1174"}],"curies":[{"name":"wp","href":"https:\/\/api.w.org\/{rel}","templated":true}]}}