{"id":1551,"date":"2012-03-25T23:45:40","date_gmt":"2012-03-25T21:45:40","guid":{"rendered":"http:\/\/gallican-montbrison.fr\/wp\/?p=1551"},"modified":"2012-04-19T17:05:10","modified_gmt":"2012-04-19T15:05:10","slug":"autour-de-paques","status":"publish","type":"post","link":"https:\/\/gallican-montbrison.fr\/wp\/?p=1551","title":{"rendered":"Autour de P\u00e2ques &#8230;"},"content":{"rendered":"<p><em><strong><span style=\"color: #ff0000;\">Dimanche 1\/04 :\u00a0<\/span><\/strong><\/em><em><strong><span style=\"color: #ff0000;\">B\u00e9n\u00e9diction des Rameaux et Messe \u00e0 10h30<\/span><\/strong><\/em><\/p>\n<p><a href=\"http:\/\/gallican-montbrison.fr\/wp\/wp-content\/uploads\/2012\/03\/images-1.jpeg\"><img loading=\"lazy\" decoding=\"async\" class=\"aligncenter size-thumbnail wp-image-1552\" title=\"images-1\" src=\"http:\/\/gallican-montbrison.fr\/wp\/wp-content\/uploads\/2012\/03\/images-1-150x150.jpg\" alt=\"\" width=\"150\" height=\"150\" \/><\/a><\/p>\n<p>Nous vous invitons \u00e0 venir c\u00e9l\u00e9brer avec nous la messe des rameaux et la distribution de ces buis b\u00e9nis qui restent en nos foyers tout au long de l&rsquo;ann\u00e9e. Ils nous rappellent les louanges faites au Christ, le t\u00e9moignage public d&rsquo;amour et de reconnaissance au Christ par le peuple de J\u00e9rusalem quelques jours avant sa mort.<\/p>\n<p>Ils sont pour nous le symbole de la protection que nous assure la victoire du Christ par sa r\u00e9surrection.<\/p>\n<p><em><strong><span style=\"color: #ff0000;\">Vendredi Saint 6\/04 : Pri\u00e8res et <a title=\"des rameaux ... au chemin de croix\" href=\"http:\/\/gallican-montbrison.fr\/wp\/?p=1626\" target=\"_blank\">M\u00e9ditation sur la lecture du chemin de croix<\/a><a href=\"http:\/\/gallican-montbrison.fr\/wp\/wp-content\/uploads\/2012\/03\/la-passion-du-christ.jpg\"><img loading=\"lazy\" decoding=\"async\" class=\"aligncenter size-thumbnail wp-image-1553\" title=\"la-passion-du-christ\" src=\"http:\/\/gallican-montbrison.fr\/wp\/wp-content\/uploads\/2012\/03\/la-passion-du-christ-150x150.jpg\" alt=\"\" width=\"150\" height=\"150\" srcset=\"https:\/\/gallican-montbrison.fr\/wp\/wp-content\/uploads\/2012\/03\/la-passion-du-christ-150x150.jpg 150w, https:\/\/gallican-montbrison.fr\/wp\/wp-content\/uploads\/2012\/03\/la-passion-du-christ-300x300.jpg 300w, https:\/\/gallican-montbrison.fr\/wp\/wp-content\/uploads\/2012\/03\/la-passion-du-christ.jpg 340w\" sizes=\"(max-width: 150px) 100vw, 150px\" \/><\/a><\/span><\/strong><\/em><\/p>\n<p>Un moment de recueillement pour sentir en nos coeurs la solitude du christ et son amour pour les hommes en ses derniers instants de vie sur terre.<\/p>\n<blockquote><p>\u00ab\u00a0Il languit, abreuv\u00e9 de fiel; les \u00e9pines, les clous, la lance transpercent son corps d\u00e9licat. L&rsquo;eau coule avec le sang: la terre, la mer, les astres, le monde entier, dans ce fleuve sont purifi\u00e9s\u00a0\u00bb (Liturgie de la Passion)<\/p><\/blockquote>\n<p><em><strong><span style=\"color: #ff0000;\">Samedi Saint 7\/04 : Veill\u00e9e Pascale \u00e0 20h30,\u00a0avec b\u00e9n\u00e9diction de l&rsquo;Eau Baptismale et du Cierge Pascal<\/span><\/strong><\/em><\/p>\n<p><a href=\"http:\/\/gallican-montbrison.fr\/wp\/wp-content\/uploads\/2012\/03\/Unknown-1.jpeg\"><img loading=\"lazy\" decoding=\"async\" class=\"aligncenter size-thumbnail wp-image-1554\" title=\"Unknown-1\" src=\"http:\/\/gallican-montbrison.fr\/wp\/wp-content\/uploads\/2012\/03\/Unknown-1-150x150.jpg\" alt=\"\" width=\"150\" height=\"150\" \/><\/a><\/p>\n<blockquote><p>\u00ab\u00a0Rendez gr\u00e2ce au Seigneur car Il est bon, Eternel est son amour\u00a0\u00bb (Psaume 117)<\/p><\/blockquote>\n<p><em><strong><span style=\"color: #ff0000;\">Dimanche de P\u00e2ques 8\/04 : <a title=\"P\u00e2ques 2012\" href=\"http:\/\/gallican-montbrison.fr\/wp\/?p=1611\" target=\"_blank\">Solennit\u00e9 de la R\u00e9surrection<\/a>\u00a0<\/span><\/strong><\/em><\/p>\n<p><em><strong><\/strong><\/em>\u00a0<em>Alleluia! Christ est ressuscit\u00e9 &#8230;\u00a0OUI, c&rsquo;est la V\u00e9rit\u00e9.<\/em><\/p>\n<p><a href=\"http:\/\/gallican-montbrison.fr\/wp\/wp-content\/uploads\/2012\/03\/xulr2x602.jpg\"><img loading=\"lazy\" decoding=\"async\" class=\"alignleft size-thumbnail wp-image-1557\" title=\"xulr2x60\" src=\"http:\/\/gallican-montbrison.fr\/wp\/wp-content\/uploads\/2012\/03\/xulr2x602-150x150.jpg\" alt=\"\" width=\"150\" height=\"150\" \/><\/a><a href=\"http:\/\/gallican-montbrison.fr\/wp\/wp-content\/uploads\/2012\/03\/Unknown.jpeg\"><img loading=\"lazy\" decoding=\"async\" class=\"alignleft size-thumbnail wp-image-1558\" title=\"Unknown\" src=\"http:\/\/gallican-montbrison.fr\/wp\/wp-content\/uploads\/2012\/03\/Unknown-150x150.jpg\" alt=\"\" width=\"150\" height=\"150\" \/><\/a><a href=\"http:\/\/gallican-montbrison.fr\/wp\/wp-content\/uploads\/2012\/03\/046_resurrection.jpg\"><img loading=\"lazy\" decoding=\"async\" class=\"alignleft size-thumbnail wp-image-1559\" title=\"046_resurrection\" src=\"http:\/\/gallican-montbrison.fr\/wp\/wp-content\/uploads\/2012\/03\/046_resurrection-150x150.jpg\" alt=\"\" width=\"150\" height=\"150\" \/><\/a><\/p>\n<p>&nbsp;<\/p>\n<p>&nbsp;<\/p>\n<p>&nbsp;<\/p>\n<p>&nbsp;<\/p>\n<p>Christ est ressuscit\u00e9 des morts et nous entraine \u00e0 sa suite pour nous faire acc\u00e9der \u00e0 la vie \u00e9ternelle.\u00a0\u00bb<\/p>\n<blockquote><p>\u00ab\u00a0R\u00e9pandez en nous Seigneur votre Esprit de charit\u00e9 afin qu&rsquo;apr\u00e8s nous avoir nourris du Sacrement Pascal, votre amour paternel garde nos coeurs dans l&rsquo;unit\u00e9\u00a0\u00bb (Messe de P\u00e2ques)<\/p><\/blockquote>\n","protected":false},"excerpt":{"rendered":"<p>Dimanche 1\/04 :\u00a0B\u00e9n\u00e9diction des Rameaux et Messe \u00e0 10h30 Nous vous invitons \u00e0 venir c\u00e9l\u00e9brer avec nous la messe des rameaux et la distribution de ces buis b\u00e9nis qui restent en nos foyers tout au long de l&rsquo;ann\u00e9e. Ils nous &hellip; <a href=\"https:\/\/gallican-montbrison.fr\/wp\/?p=1551\">Continuer la lecture <span class=\"meta-nav\">&rarr;<\/span><\/a><\/p>\n","protected":false},"author":3,"featured_media":0,"comment_status":"closed","ping_status":"open","sticky":false,"template":"","format":"standard","meta":{"footnotes":""},"categories":[5],"tags":[],"class_list":["post-1551","post","type-post","status-publish","format-standard","hentry","category-vie-de-la-chapelle"],"yoast_head":"<!-- This site is optimized with the Yoast SEO plugin v25.6 - https:\/\/yoast.com\/wordpress\/plugins\/seo\/ -->\n<title>Autour de P\u00e2ques ... - Chapelle Saint Michel Archange Montbrison<\/title>\n<meta name=\"robots\" content=\"index, follow, max-snippet:-1, max-image-preview:large, max-video-preview:-1\" \/>\n<link rel=\"canonical\" href=\"https:\/\/gallican-montbrison.fr\/wp\/?p=1551\" \/>\n<meta property=\"og:locale\" content=\"fr_FR\" \/>\n<meta property=\"og:type\" content=\"article\" \/>\n<meta property=\"og:title\" content=\"Autour de P\u00e2ques ... - Chapelle Saint Michel Archange Montbrison\" \/>\n<meta property=\"og:description\" content=\"Dimanche 1\/04 :\u00a0B\u00e9n\u00e9diction des Rameaux et Messe \u00e0 10h30 Nous vous invitons \u00e0 venir c\u00e9l\u00e9brer avec nous la messe des rameaux et la distribution de ces buis b\u00e9nis qui restent en nos foyers tout au long de l&rsquo;ann\u00e9e. Ils nous &hellip; Continuer la lecture &rarr;\" \/>\n<meta property=\"og:url\" content=\"https:\/\/gallican-montbrison.fr\/wp\/?p=1551\" \/>\n<meta property=\"og:site_name\" content=\"Chapelle Saint Michel Archange Montbrison\" \/>\n<meta property=\"article:publisher\" content=\"https:\/\/www.facebook.com\/people\/Eglise-Gallicane-Chapelle-Saint-Michel-Archange\/100064564306693\/\" \/>\n<meta property=\"article:published_time\" content=\"2012-03-25T21:45:40+00:00\" \/>\n<meta property=\"article:modified_time\" content=\"2012-04-19T15:05:10+00:00\" \/>\n<meta property=\"og:image\" content=\"http:\/\/gallican-montbrison.fr\/wp\/wp-content\/uploads\/2012\/03\/images-1-150x150.jpg\" \/>\n<meta name=\"author\" content=\"Colette\" \/>\n<meta name=\"twitter:card\" content=\"summary_large_image\" \/>\n<meta name=\"twitter:label1\" content=\"\u00c9crit par\" \/>\n\t<meta name=\"twitter:data1\" content=\"Colette\" \/>\n\t<meta name=\"twitter:label2\" content=\"Dur\u00e9e de lecture estim\u00e9e\" \/>\n\t<meta name=\"twitter:data2\" content=\"1 minute\" \/>\n<script type=\"application\/ld+json\" class=\"yoast-schema-graph\">{\"@context\":\"https:\/\/schema.org\",\"@graph\":[{\"@type\":\"WebPage\",\"@id\":\"https:\/\/gallican-montbrison.fr\/wp\/?p=1551\",\"url\":\"https:\/\/gallican-montbrison.fr\/wp\/?p=1551\",\"name\":\"Autour de P\u00e2ques ... - Chapelle Saint Michel Archange Montbrison\",\"isPartOf\":{\"@id\":\"https:\/\/gallican-montbrison.fr\/wp\/#website\"},\"primaryImageOfPage\":{\"@id\":\"https:\/\/gallican-montbrison.fr\/wp\/?p=1551#primaryimage\"},\"image\":{\"@id\":\"https:\/\/gallican-montbrison.fr\/wp\/?p=1551#primaryimage\"},\"thumbnailUrl\":\"http:\/\/gallican-montbrison.fr\/wp\/wp-content\/uploads\/2012\/03\/images-1-150x150.jpg\",\"datePublished\":\"2012-03-25T21:45:40+00:00\",\"dateModified\":\"2012-04-19T15:05:10+00:00\",\"author\":{\"@id\":\"https:\/\/gallican-montbrison.fr\/wp\/#\/schema\/person\/fc5571a40f7c79de2fb1b0cf72c089a4\"},\"breadcrumb\":{\"@id\":\"https:\/\/gallican-montbrison.fr\/wp\/?p=1551#breadcrumb\"},\"inLanguage\":\"fr-FR\",\"potentialAction\":[{\"@type\":\"ReadAction\",\"target\":[\"https:\/\/gallican-montbrison.fr\/wp\/?p=1551\"]}]},{\"@type\":\"ImageObject\",\"inLanguage\":\"fr-FR\",\"@id\":\"https:\/\/gallican-montbrison.fr\/wp\/?p=1551#primaryimage\",\"url\":\"https:\/\/gallican-montbrison.fr\/wp\/wp-content\/uploads\/2012\/03\/images-1.jpeg\",\"contentUrl\":\"https:\/\/gallican-montbrison.fr\/wp\/wp-content\/uploads\/2012\/03\/images-1.jpeg\",\"width\":\"275\",\"height\":\"183\"},{\"@type\":\"BreadcrumbList\",\"@id\":\"https:\/\/gallican-montbrison.fr\/wp\/?p=1551#breadcrumb\",\"itemListElement\":[{\"@type\":\"ListItem\",\"position\":1,\"name\":\"Accueil\",\"item\":\"https:\/\/gallican-montbrison.fr\/wp\"},{\"@type\":\"ListItem\",\"position\":2,\"name\":\"Autour de P\u00e2ques &#8230;\"}]},{\"@type\":\"WebSite\",\"@id\":\"https:\/\/gallican-montbrison.fr\/wp\/#website\",\"url\":\"https:\/\/gallican-montbrison.fr\/wp\/\",\"name\":\"Chapelle Saint Michel Archange Montbrison\",\"description\":\"Eglise Gallicane, Tradition Apostolique de Gazinet\",\"potentialAction\":[{\"@type\":\"SearchAction\",\"target\":{\"@type\":\"EntryPoint\",\"urlTemplate\":\"https:\/\/gallican-montbrison.fr\/wp\/?s={search_term_string}\"},\"query-input\":{\"@type\":\"PropertyValueSpecification\",\"valueRequired\":true,\"valueName\":\"search_term_string\"}}],\"inLanguage\":\"fr-FR\"},{\"@type\":\"Person\",\"@id\":\"https:\/\/gallican-montbrison.fr\/wp\/#\/schema\/person\/fc5571a40f7c79de2fb1b0cf72c089a4\",\"name\":\"Colette\",\"url\":\"https:\/\/gallican-montbrison.fr\/wp\/?author=3\"}]}<\/script>\n<!-- \/ Yoast SEO plugin. -->","yoast_head_json":{"title":"Autour de P\u00e2ques ... - Chapelle Saint Michel Archange Montbrison","robots":{"index":"index","follow":"follow","max-snippet":"max-snippet:-1","max-image-preview":"max-image-preview:large","max-video-preview":"max-video-preview:-1"},"canonical":"https:\/\/gallican-montbrison.fr\/wp\/?p=1551","og_locale":"fr_FR","og_type":"article","og_title":"Autour de P\u00e2ques ... - Chapelle Saint Michel Archange Montbrison","og_description":"Dimanche 1\/04 :\u00a0B\u00e9n\u00e9diction des Rameaux et Messe \u00e0 10h30 Nous vous invitons \u00e0 venir c\u00e9l\u00e9brer avec nous la messe des rameaux et la distribution de ces buis b\u00e9nis qui restent en nos foyers tout au long de l&rsquo;ann\u00e9e. Ils nous &hellip; Continuer la lecture &rarr;","og_url":"https:\/\/gallican-montbrison.fr\/wp\/?p=1551","og_site_name":"Chapelle Saint Michel Archange Montbrison","article_publisher":"https:\/\/www.facebook.com\/people\/Eglise-Gallicane-Chapelle-Saint-Michel-Archange\/100064564306693\/","article_published_time":"2012-03-25T21:45:40+00:00","article_modified_time":"2012-04-19T15:05:10+00:00","og_image":[{"url":"http:\/\/gallican-montbrison.fr\/wp\/wp-content\/uploads\/2012\/03\/images-1-150x150.jpg","type":"","width":"","height":""}],"author":"Colette","twitter_card":"summary_large_image","twitter_misc":{"\u00c9crit par":"Colette","Dur\u00e9e de lecture estim\u00e9e":"1 minute"},"schema":{"@context":"https:\/\/schema.org","@graph":[{"@type":"WebPage","@id":"https:\/\/gallican-montbrison.fr\/wp\/?p=1551","url":"https:\/\/gallican-montbrison.fr\/wp\/?p=1551","name":"Autour de P\u00e2ques ... - Chapelle Saint Michel Archange Montbrison","isPartOf":{"@id":"https:\/\/gallican-montbrison.fr\/wp\/#website"},"primaryImageOfPage":{"@id":"https:\/\/gallican-montbrison.fr\/wp\/?p=1551#primaryimage"},"image":{"@id":"https:\/\/gallican-montbrison.fr\/wp\/?p=1551#primaryimage"},"thumbnailUrl":"http:\/\/gallican-montbrison.fr\/wp\/wp-content\/uploads\/2012\/03\/images-1-150x150.jpg","datePublished":"2012-03-25T21:45:40+00:00","dateModified":"2012-04-19T15:05:10+00:00","author":{"@id":"https:\/\/gallican-montbrison.fr\/wp\/#\/schema\/person\/fc5571a40f7c79de2fb1b0cf72c089a4"},"breadcrumb":{"@id":"https:\/\/gallican-montbrison.fr\/wp\/?p=1551#breadcrumb"},"inLanguage":"fr-FR","potentialAction":[{"@type":"ReadAction","target":["https:\/\/gallican-montbrison.fr\/wp\/?p=1551"]}]},{"@type":"ImageObject","inLanguage":"fr-FR","@id":"https:\/\/gallican-montbrison.fr\/wp\/?p=1551#primaryimage","url":"https:\/\/gallican-montbrison.fr\/wp\/wp-content\/uploads\/2012\/03\/images-1.jpeg","contentUrl":"https:\/\/gallican-montbrison.fr\/wp\/wp-content\/uploads\/2012\/03\/images-1.jpeg","width":"275","height":"183"},{"@type":"BreadcrumbList","@id":"https:\/\/gallican-montbrison.fr\/wp\/?p=1551#breadcrumb","itemListElement":[{"@type":"ListItem","position":1,"name":"Accueil","item":"https:\/\/gallican-montbrison.fr\/wp"},{"@type":"ListItem","position":2,"name":"Autour de P\u00e2ques &#8230;"}]},{"@type":"WebSite","@id":"https:\/\/gallican-montbrison.fr\/wp\/#website","url":"https:\/\/gallican-montbrison.fr\/wp\/","name":"Chapelle Saint Michel Archange Montbrison","description":"Eglise Gallicane, Tradition Apostolique de Gazinet","potentialAction":[{"@type":"SearchAction","target":{"@type":"EntryPoint","urlTemplate":"https:\/\/gallican-montbrison.fr\/wp\/?s={search_term_string}"},"query-input":{"@type":"PropertyValueSpecification","valueRequired":true,"valueName":"search_term_string"}}],"inLanguage":"fr-FR"},{"@type":"Person","@id":"https:\/\/gallican-montbrison.fr\/wp\/#\/schema\/person\/fc5571a40f7c79de2fb1b0cf72c089a4","name":"Colette","url":"https:\/\/gallican-montbrison.fr\/wp\/?author=3"}]}},"_links":{"self":[{"href":"https:\/\/gallican-montbrison.fr\/wp\/index.php?rest_route=\/wp\/v2\/posts\/1551"}],"collection":[{"href":"https:\/\/gallican-montbrison.fr\/wp\/index.php?rest_route=\/wp\/v2\/posts"}],"about":[{"href":"https:\/\/gallican-montbrison.fr\/wp\/index.php?rest_route=\/wp\/v2\/types\/post"}],"author":[{"embeddable":true,"href":"https:\/\/gallican-montbrison.fr\/wp\/index.php?rest_route=\/wp\/v2\/users\/3"}],"replies":[{"embeddable":true,"href":"https:\/\/gallican-montbrison.fr\/wp\/index.php?rest_route=%2Fwp%2Fv2%2Fcomments&post=1551"}],"version-history":[{"count":12,"href":"https:\/\/gallican-montbrison.fr\/wp\/index.php?rest_route=\/wp\/v2\/posts\/1551\/revisions"}],"predecessor-version":[{"id":1573,"href":"https:\/\/gallican-montbrison.fr\/wp\/index.php?rest_route=\/wp\/v2\/posts\/1551\/revisions\/1573"}],"wp:attachment":[{"href":"https:\/\/gallican-montbrison.fr\/wp\/index.php?rest_route=%2Fwp%2Fv2%2Fmedia&parent=1551"}],"wp:term":[{"taxonomy":"category","embeddable":true,"href":"https:\/\/gallican-montbrison.fr\/wp\/index.php?rest_route=%2Fwp%2Fv2%2Fcategories&post=1551"},{"taxonomy":"post_tag","embeddable":true,"href":"https:\/\/gallican-montbrison.fr\/wp\/index.php?rest_route=%2Fwp%2Fv2%2Ftags&post=1551"}],"curies":[{"name":"wp","href":"https:\/\/api.w.org\/{rel}","templated":true}]}}