{"id":1871,"date":"2012-05-20T09:13:10","date_gmt":"2012-05-20T07:13:10","guid":{"rendered":"http:\/\/gallican-montbrison.fr\/wp\/?p=1871"},"modified":"2012-06-20T14:56:39","modified_gmt":"2012-06-20T12:56:39","slug":"homelie-ascension-2012","status":"publish","type":"post","link":"https:\/\/gallican-montbrison.fr\/wp\/?p=1871","title":{"rendered":"Hom\u00e9lie : F\u00eate de l&rsquo;Ascension (2012)"},"content":{"rendered":"<ul>\n<li><span style=\"color: #ff6600;\">Ecoute MP3:<\/span>\u00a0<a href=\"http:\/\/gallican-montbrison.fr\/wp\/wp-content\/uploads\/2012\/05\/H-Ascension-2012-.mp3\">Hom\u00e9lie Ascension 2012<\/a><\/li>\n<\/ul>\n<p>En ce jour de l&rsquo;Ascension, L\u2019Eglise f\u00eate le triomphe du Christ dans son retour glorieux au ciel. Elle f\u00eate en m\u00eame temps le triomphe de l\u2019humanit\u00e9 qui sera unie \u00e0 sa Gloire. L\u2019Eglise \u00e9coute aussi les derni\u00e8res consignes que le Christ lui a laiss\u00e9es:<\/p>\n<p style=\"text-align: center;\"><em><span style=\"color: #3366ff;\">\u00ab en attendant que je revienne vous chercher, soyez mes t\u00e9moins \u00bb<\/span><\/em><\/p>\n<p>La joie pascale arrive \u00e0 son sommet. Le Christ est, depuis le jour de P\u00e2ques, vainqueur de la mort. Aujourd\u2019hui victorieux, Il entre dans le ciel et si\u00e8ge \u00e0 la droite de Dieu.<\/p>\n<p>La f\u00eate de l&rsquo;Ascension est pour tous les chr\u00e9tiens, une \u00e9motion tr\u00e8s forte, car elle est l&rsquo;accomplissement de tout ce qui s&rsquo;est pass\u00e9 depuis l&rsquo;entr\u00e9e dans le Car\u00eame.<\/p>\n<p>La c\u00e9l\u00e9bration de chaque messe se fait aussi en souvenir de ces trois temps que sont :<\/p>\n<blockquote><p>&#8211; La Passion \u00a0\u00a0&#8211; \u00a0 La R\u00e9surrection \u00a0\u00a0&#8211; \u00a0 L&rsquo;Ascension<\/p><\/blockquote>\n<p>car ces trois temps repr\u00e9sentent le coeur de notre Foi et de notre Esp\u00e9rance. Les paroles de la messe de Gazinet, lors de l&rsquo;Offertoire sont une invitation \u00e0 m\u00e9diter en nos coeurs ce chemin \u00a0trac\u00e9 par le Christ et\u00a0b\u00e9n\u00e9fique \u00e0 nos \u00e2mes.<\/p>\n<blockquote><p><em>\u00ab\u00a0O Dieu, daigne b\u00e9nir cette offrande que nous te pr\u00e9sentons,\u00a0<\/em><em>en m\u00e9moire de la Passion de la R\u00e9surrection et de l&rsquo;Ascension de \u00a0J\u00e9sus Christ\u00a0\u00bb<\/em><\/p><\/blockquote>\n<p>Aujourd&rsquo;hui est comme une date anniversaire et ces paroles prennent un sens plus fort, un sens plus pr\u00e9cis, un sens plus actuel, car nous sommes dans un accord parfait sur le plan cosmique, ce rythme \u00ab\u00a0cosmique spirituel\u00a0\u00bb que l&rsquo;Eglise nomme le cycle Temporal. Ces dates sont articul\u00e9es autour de la f\u00eate mobile de P\u00e2ques. C&rsquo;est un cycle Vivant qui se mat\u00e9rialise dans notre vie quotidienne: 40 jours apr\u00e8s P\u00e2ques, pour nous faire vivre \u00ab\u00a0la quarantaine\u00a0\u00bb, symbole de transformation de l&rsquo;homme depuis la r\u00e9surrection du Christ.<\/p>\n<p>Cette f\u00eate de l&rsquo;Ascension 2012, nous donne de revivre la m\u00eame \u00e9motion que celle v\u00e9cue par les ap\u00f4tres. En ouvrant notre \u00e2me \u00e0 la r\u00e9alit\u00e9 de l&rsquo;Evangile de ce jour, ces paroles se sont pas une histoire lointaine. Ces paroles deviennent vivantes, elles deviennent actuelles, elles sont \u00e9ternelles.<\/p>\n<p>Soyons attentif, \u00e0 ce qu&rsquo;il nous est propos\u00e9 de vivre dans cette messe, car c&rsquo;est une v\u00e9ritable exp\u00e9rience spirituelle que nous offre la Liturgie de Gazinet et plus particuli\u00e8rement dans la messe de ce jour. L&rsquo;image du Christ en Gloire qui orne l&rsquo;autel de cette chapelle repr\u00e9sente l&rsquo;expression parfaite de cette dimension \u00e0 laquelle tout homme et toute femme est appel\u00e9 \u00e0 participer.<\/p>\n<p>Je veux aussi vous parler de cette joie extraordinaire de toutes les hi\u00e9rarchies c\u00e9lestes en ce jour. Le Christ revient dans sa patrie c\u00e9leste, rev\u00eatu de notre humanit\u00e9. Il s&rsquo;est fait homme et, en ce jour il nous fait participer \u00e0 sa Gloire divine. Il nous montre la voie nouvelle qu&rsquo;il trace pour nous et il nous dit que la place de l&rsquo;Homme se situe avec lui aupr\u00e8s du P\u00e8re. Avec la chute d&rsquo;Adam et Eve, l&rsquo;humanit\u00e9 s&rsquo;est retrouv\u00e9e s\u00e9par\u00e9e de Dieu, s\u00e9par\u00e9e de cet \u00e9tat de fusion avec le P\u00e8re, s\u00e9par\u00e9e de cette dimension divine et s\u00e9par\u00e9e de l&rsquo;Amour&#8230; et elle n&rsquo;a de cesse de le retrouver.<\/p>\n<p>L&rsquo;histoire religieuse de l&rsquo;humanit\u00e9 passe par les proph\u00e8tes\u00a0 et par une longue et difficile qu\u00eate d&rsquo;absolu. Elle passe par le naissance du Fils unique de Dieu, vrai homme et vrai Dieu. Elle passe par cette victoire du Christ sur la mort. Ce Christ qui par sa r\u00e9surrection et son ascension nous r\u00e9int\u00e8gre dans la dimension divine. Dans ce retour, il entraine avec lui toutes les \u00e2mes des justes qu&rsquo;il a d\u00e9livr\u00e9 de leur prison de t\u00e9n\u00e8bres. Toutes les pri\u00e8res propres \u00e0 ce jour nous d\u00e9crivent la m\u00eame liesse car le Christ fait voler en \u00e9clat les limites humaines. C&rsquo;est ce triomphe sur la mort, sur satan, sur la fermeture du monde qui r\u00e9jouit les assembl\u00e9es c\u00e9lestes\u00a0au del\u00e0 de toutes descriptions possibles.<\/p>\n<p>Enfin pour conclure, il faut revenir sur ces paroles des anges s&rsquo;adressant aux ap\u00f4tres : \u00ab\u00a0Ne restez pas l\u00e0 \u00e0 regarder le ciel&#8230; allez par le monde entier\u00a0 annoncer l&rsquo;Evangile..\u00a0\u00bb C&rsquo;est cette nouvelle dimension qu&rsquo;il nous est donn\u00e9 de d\u00e9couvrir, m\u00eame si, comme les ap\u00f4tres nous ne comprenons pas encore ce qui se passe ou pl\u00fbtot ce qui nous d\u00e9passe.<\/p>\n<p>Annoncer l&rsquo;Evangile&#8230; et le vivre au quotidien dans nos paroles et nos gestes.<\/p>\n<p>Mettre en oeuvre, dans nos actions et rencontres de tous les jours, les charismes qui sont\u00a0donn\u00e9s aux hommes par l&rsquo;Esprit et vivifi\u00e9s par l&rsquo;Eglise.<\/p>\n<p>L&rsquo;ascension est une ouverture pour chacun de nous sur le reste de l&rsquo;ann\u00e9e liturgique et notamment sur la f\u00eate de Pentec\u00f4te qui arrive bient\u00f4t. La pr\u00e9sence de l&rsquo;Esprit Saint va nous redonner les outils pour avancer sur notre chemin: L&rsquo;ascension nous d\u00e9couvre la vision de cette destin\u00e9e c\u00e9leste qui s&rsquo;offre \u00e0 nous, la Pentec\u00f4te nous en donne les moyens: les Dons de l&rsquo;Esprit Saint.<\/p>\n<p>Bien chers tous, que la promesse de la pri\u00e8re de Collecte soit pour vous, dans cette messe, une r\u00e9alit\u00e9 bienfaisante:<\/p>\n<blockquote><p><em><span style=\"color: #3366ff;\">\u00ab\u00a0Dieu tout-puissant, puisque notre foi nous dit qu&rsquo;en ce jour votre Fils unique, notre R\u00e9dempteur est mont\u00e9 jusqu&rsquo;au ciel, accordez nous de vivre nous aussi en Esprit, dans la demeure du ciel.\u00a0\u00bb<\/span><\/em><\/p><\/blockquote>\n<p><em>P\u00e8re R.Mure<\/em><\/p>\n<p><strong><span style=\"color: #993366;\">Ep\u00eetre : Actes des Ap\u00f4tres 1, 1-11<\/span><\/strong><\/p>\n<p><span style=\"color: #800080;\"><em><\/em><span style=\"color: #993366;\">Dans mon premier livre, j&rsquo;ai racont\u00e9 tout ce que J\u00e9sus a fait et enseign\u00e9 d\u00e8s le d\u00e9but jusqu&rsquo;au jour o\u00f9 il fut enlev\u00e9 au ciel. Avant d&rsquo;y monter, il donna ses instructions, par la puissance du Saint-Esprit, \u00e0 ceux qu&rsquo;il avait choisis comme ap\u00f4tres. En effet, apr\u00e8s sa mort, c&rsquo;est \u00e0 eux qu&rsquo;il se montra en leur prouvant de bien des mani\u00e8res qu&rsquo;il \u00e9tait vivant : pendant quarante jours, il leur apparut et leur parla du Royaume de Dieu. Un jour qu&rsquo;il prenait un repas avec eux, il leur donna cet ordre : \u00ab Ne vous \u00e9loignez pas de J\u00e9rusalem, mais attendez ce que le P\u00e8re a promis, le don que je vous ai annonc\u00e9. Car Jean a baptis\u00e9 avec de l&rsquo;eau, mais vous, dans peu de jours, vous serez baptis\u00e9s avec le Saint-Esprit . \u00bb Ceux qui \u00e9taient r\u00e9unis aupr\u00e8s de J\u00e9sus lui demand\u00e8rent alors : \u00ab Seigneur, est-ce en ce temps-ci que tu r\u00e9tabliras le royaume d&rsquo;Isra\u00ebl ? \u00bb J\u00e9sus leur r\u00e9pondit : \u00ab Il ne vous appartient pas de savoir quand viendront les temps et les moments, car le P\u00e8re les a fix\u00e9s de sa seule autorit\u00e9 . Mais vous recevrez une force quand le Saint-Esprit descendra sur vous. Vous serez alors mes t\u00e9moins \u00e0 J\u00e9rusalem, dans toute la Jud\u00e9e et la Samarie, et jusqu&rsquo;au bout du monde . \u00bb Apr\u00e8s ces mots, J\u00e9sus s&rsquo;\u00e9leva vers le ciel pendant que tous le regardaient ; puis un nuage le cacha \u00e0 leurs yeux. Ils avaient encore les regards fix\u00e9s vers le ciel o\u00f9 J\u00e9sus s&rsquo;\u00e9levait, quand deux hommes habill\u00e9s en blanc se trouv\u00e8rent tout \u00e0 coup pr\u00e8s d&rsquo;eux et leur dirent : \u00ab Hommes de Galil\u00e9e, pourquoi restez-vous l\u00e0 \u00e0 regarder le ciel ? Ce J\u00e9sus, qui vous a \u00e9t\u00e9 enlev\u00e9 pour aller au ciel, reviendra de la m\u00eame mani\u00e8re que vous l&rsquo;avez vu y partir. \u00bb<\/span><\/span><\/p>\n<p><strong><span style=\"color: #993366;\">Evangile selon Saint Marc 16, 14-20<\/span><\/strong><\/p>\n<p><span style=\"color: #993366;\">Enfin, J\u00e9sus se montra aux onze disciples pendant qu&rsquo;ils mangeaient ; il leur reprocha de manquer de foi et de s&rsquo;\u00eatre obstin\u00e9s \u00e0 ne pas croire ceux qui l&rsquo;avaient vu vivant. Puis il leur dit : \u00ab Allez dans le monde entier annoncer la Bonne Nouvelle \u00e0 tous les \u00eatres humains. Celui qui croira et sera baptis\u00e9 sera sauv\u00e9 ; mais celui qui ne croira pas sera condamn\u00e9. Et voici \u00e0 quels signes on pourra reconna\u00eetre ceux qui auront cru : ils chasseront des esprits mauvais en mon nom ; ils parleront des langues nouvelles ; s&rsquo;ils prennent des serpents dans leurs mains ou boivent du poison, il ne leur arrivera aucun mal ; ils poseront les mains sur les malades et ceux-ci seront gu\u00e9ris. \u00bb Apr\u00e8s leur avoir ainsi parl\u00e9, le Seigneur J\u00e9sus fut enlev\u00e9 au ciel et s&rsquo;assit \u00e0 la droite de Dieu. Les disciples partirent pour annoncer partout la Bonne Nouvelle. Le Seigneur les aidait dans ce travail et confirmait la v\u00e9rit\u00e9 de leur pr\u00e9dication par les signes miraculeux qui l&rsquo;accompagnaient.<\/span><\/p>\n<p>&nbsp;<\/p>\n<div><span style=\"color: #800080;\"><em><br \/>\n<\/em><\/span><\/div>\n","protected":false},"excerpt":{"rendered":"<p>Ecoute MP3:\u00a0Hom\u00e9lie Ascension 2012 En ce jour de l&rsquo;Ascension, L\u2019Eglise f\u00eate le triomphe du Christ dans son retour glorieux au ciel. Elle f\u00eate en m\u00eame temps le triomphe de l\u2019humanit\u00e9 qui sera unie \u00e0 sa Gloire. L\u2019Eglise \u00e9coute aussi les &hellip; <a href=\"https:\/\/gallican-montbrison.fr\/wp\/?p=1871\">Continuer la lecture <span class=\"meta-nav\">&rarr;<\/span><\/a><\/p>\n","protected":false},"author":3,"featured_media":0,"comment_status":"closed","ping_status":"open","sticky":false,"template":"","format":"standard","meta":{"footnotes":""},"categories":[4],"tags":[],"class_list":["post-1871","post","type-post","status-publish","format-standard","hentry","category-homelies"],"yoast_head":"<!-- This site is optimized with the Yoast SEO plugin v25.6 - https:\/\/yoast.com\/wordpress\/plugins\/seo\/ -->\n<title>Hom\u00e9lie : F\u00eate de l&#039;Ascension (2012) - Chapelle Saint Michel Archange Montbrison<\/title>\n<meta name=\"robots\" content=\"index, follow, max-snippet:-1, max-image-preview:large, max-video-preview:-1\" \/>\n<link rel=\"canonical\" href=\"https:\/\/gallican-montbrison.fr\/wp\/?p=1871\" \/>\n<meta property=\"og:locale\" content=\"fr_FR\" \/>\n<meta property=\"og:type\" content=\"article\" \/>\n<meta property=\"og:title\" content=\"Hom\u00e9lie : F\u00eate de l&#039;Ascension (2012) - Chapelle Saint Michel Archange Montbrison\" \/>\n<meta property=\"og:description\" content=\"Ecoute MP3:\u00a0Hom\u00e9lie Ascension 2012 En ce jour de l&rsquo;Ascension, L\u2019Eglise f\u00eate le triomphe du Christ dans son retour glorieux au ciel. Elle f\u00eate en m\u00eame temps le triomphe de l\u2019humanit\u00e9 qui sera unie \u00e0 sa Gloire. L\u2019Eglise \u00e9coute aussi les &hellip; Continuer la lecture &rarr;\" \/>\n<meta property=\"og:url\" content=\"https:\/\/gallican-montbrison.fr\/wp\/?p=1871\" \/>\n<meta property=\"og:site_name\" content=\"Chapelle Saint Michel Archange Montbrison\" \/>\n<meta property=\"article:publisher\" content=\"https:\/\/www.facebook.com\/people\/Eglise-Gallicane-Chapelle-Saint-Michel-Archange\/100064564306693\/\" \/>\n<meta property=\"article:published_time\" content=\"2012-05-20T07:13:10+00:00\" \/>\n<meta property=\"article:modified_time\" content=\"2012-06-20T12:56:39+00:00\" \/>\n<meta name=\"author\" content=\"Colette\" \/>\n<meta name=\"twitter:card\" content=\"summary_large_image\" \/>\n<meta name=\"twitter:label1\" content=\"\u00c9crit par\" \/>\n\t<meta name=\"twitter:data1\" content=\"Colette\" \/>\n\t<meta name=\"twitter:label2\" content=\"Dur\u00e9e de lecture estim\u00e9e\" \/>\n\t<meta name=\"twitter:data2\" content=\"7 minutes\" \/>\n<script type=\"application\/ld+json\" class=\"yoast-schema-graph\">{\"@context\":\"https:\/\/schema.org\",\"@graph\":[{\"@type\":\"WebPage\",\"@id\":\"https:\/\/gallican-montbrison.fr\/wp\/?p=1871\",\"url\":\"https:\/\/gallican-montbrison.fr\/wp\/?p=1871\",\"name\":\"Hom\u00e9lie : F\u00eate de l'Ascension (2012) - Chapelle Saint Michel Archange Montbrison\",\"isPartOf\":{\"@id\":\"https:\/\/gallican-montbrison.fr\/wp\/#website\"},\"datePublished\":\"2012-05-20T07:13:10+00:00\",\"dateModified\":\"2012-06-20T12:56:39+00:00\",\"author\":{\"@id\":\"https:\/\/gallican-montbrison.fr\/wp\/#\/schema\/person\/fc5571a40f7c79de2fb1b0cf72c089a4\"},\"breadcrumb\":{\"@id\":\"https:\/\/gallican-montbrison.fr\/wp\/?p=1871#breadcrumb\"},\"inLanguage\":\"fr-FR\",\"potentialAction\":[{\"@type\":\"ReadAction\",\"target\":[\"https:\/\/gallican-montbrison.fr\/wp\/?p=1871\"]}]},{\"@type\":\"BreadcrumbList\",\"@id\":\"https:\/\/gallican-montbrison.fr\/wp\/?p=1871#breadcrumb\",\"itemListElement\":[{\"@type\":\"ListItem\",\"position\":1,\"name\":\"Accueil\",\"item\":\"https:\/\/gallican-montbrison.fr\/wp\"},{\"@type\":\"ListItem\",\"position\":2,\"name\":\"Hom\u00e9lie : F\u00eate de l&rsquo;Ascension (2012)\"}]},{\"@type\":\"WebSite\",\"@id\":\"https:\/\/gallican-montbrison.fr\/wp\/#website\",\"url\":\"https:\/\/gallican-montbrison.fr\/wp\/\",\"name\":\"Chapelle Saint Michel Archange Montbrison\",\"description\":\"Eglise Gallicane, Tradition Apostolique de Gazinet\",\"potentialAction\":[{\"@type\":\"SearchAction\",\"target\":{\"@type\":\"EntryPoint\",\"urlTemplate\":\"https:\/\/gallican-montbrison.fr\/wp\/?s={search_term_string}\"},\"query-input\":{\"@type\":\"PropertyValueSpecification\",\"valueRequired\":true,\"valueName\":\"search_term_string\"}}],\"inLanguage\":\"fr-FR\"},{\"@type\":\"Person\",\"@id\":\"https:\/\/gallican-montbrison.fr\/wp\/#\/schema\/person\/fc5571a40f7c79de2fb1b0cf72c089a4\",\"name\":\"Colette\",\"url\":\"https:\/\/gallican-montbrison.fr\/wp\/?author=3\"}]}<\/script>\n<!-- \/ Yoast SEO plugin. -->","yoast_head_json":{"title":"Hom\u00e9lie : F\u00eate de l'Ascension (2012) - Chapelle Saint Michel Archange Montbrison","robots":{"index":"index","follow":"follow","max-snippet":"max-snippet:-1","max-image-preview":"max-image-preview:large","max-video-preview":"max-video-preview:-1"},"canonical":"https:\/\/gallican-montbrison.fr\/wp\/?p=1871","og_locale":"fr_FR","og_type":"article","og_title":"Hom\u00e9lie : F\u00eate de l'Ascension (2012) - Chapelle Saint Michel Archange Montbrison","og_description":"Ecoute MP3:\u00a0Hom\u00e9lie Ascension 2012 En ce jour de l&rsquo;Ascension, L\u2019Eglise f\u00eate le triomphe du Christ dans son retour glorieux au ciel. Elle f\u00eate en m\u00eame temps le triomphe de l\u2019humanit\u00e9 qui sera unie \u00e0 sa Gloire. L\u2019Eglise \u00e9coute aussi les &hellip; Continuer la lecture &rarr;","og_url":"https:\/\/gallican-montbrison.fr\/wp\/?p=1871","og_site_name":"Chapelle Saint Michel Archange Montbrison","article_publisher":"https:\/\/www.facebook.com\/people\/Eglise-Gallicane-Chapelle-Saint-Michel-Archange\/100064564306693\/","article_published_time":"2012-05-20T07:13:10+00:00","article_modified_time":"2012-06-20T12:56:39+00:00","author":"Colette","twitter_card":"summary_large_image","twitter_misc":{"\u00c9crit par":"Colette","Dur\u00e9e de lecture estim\u00e9e":"7 minutes"},"schema":{"@context":"https:\/\/schema.org","@graph":[{"@type":"WebPage","@id":"https:\/\/gallican-montbrison.fr\/wp\/?p=1871","url":"https:\/\/gallican-montbrison.fr\/wp\/?p=1871","name":"Hom\u00e9lie : F\u00eate de l'Ascension (2012) - Chapelle Saint Michel Archange Montbrison","isPartOf":{"@id":"https:\/\/gallican-montbrison.fr\/wp\/#website"},"datePublished":"2012-05-20T07:13:10+00:00","dateModified":"2012-06-20T12:56:39+00:00","author":{"@id":"https:\/\/gallican-montbrison.fr\/wp\/#\/schema\/person\/fc5571a40f7c79de2fb1b0cf72c089a4"},"breadcrumb":{"@id":"https:\/\/gallican-montbrison.fr\/wp\/?p=1871#breadcrumb"},"inLanguage":"fr-FR","potentialAction":[{"@type":"ReadAction","target":["https:\/\/gallican-montbrison.fr\/wp\/?p=1871"]}]},{"@type":"BreadcrumbList","@id":"https:\/\/gallican-montbrison.fr\/wp\/?p=1871#breadcrumb","itemListElement":[{"@type":"ListItem","position":1,"name":"Accueil","item":"https:\/\/gallican-montbrison.fr\/wp"},{"@type":"ListItem","position":2,"name":"Hom\u00e9lie : F\u00eate de l&rsquo;Ascension (2012)"}]},{"@type":"WebSite","@id":"https:\/\/gallican-montbrison.fr\/wp\/#website","url":"https:\/\/gallican-montbrison.fr\/wp\/","name":"Chapelle Saint Michel Archange Montbrison","description":"Eglise Gallicane, Tradition Apostolique de Gazinet","potentialAction":[{"@type":"SearchAction","target":{"@type":"EntryPoint","urlTemplate":"https:\/\/gallican-montbrison.fr\/wp\/?s={search_term_string}"},"query-input":{"@type":"PropertyValueSpecification","valueRequired":true,"valueName":"search_term_string"}}],"inLanguage":"fr-FR"},{"@type":"Person","@id":"https:\/\/gallican-montbrison.fr\/wp\/#\/schema\/person\/fc5571a40f7c79de2fb1b0cf72c089a4","name":"Colette","url":"https:\/\/gallican-montbrison.fr\/wp\/?author=3"}]}},"_links":{"self":[{"href":"https:\/\/gallican-montbrison.fr\/wp\/index.php?rest_route=\/wp\/v2\/posts\/1871"}],"collection":[{"href":"https:\/\/gallican-montbrison.fr\/wp\/index.php?rest_route=\/wp\/v2\/posts"}],"about":[{"href":"https:\/\/gallican-montbrison.fr\/wp\/index.php?rest_route=\/wp\/v2\/types\/post"}],"author":[{"embeddable":true,"href":"https:\/\/gallican-montbrison.fr\/wp\/index.php?rest_route=\/wp\/v2\/users\/3"}],"replies":[{"embeddable":true,"href":"https:\/\/gallican-montbrison.fr\/wp\/index.php?rest_route=%2Fwp%2Fv2%2Fcomments&post=1871"}],"version-history":[{"count":18,"href":"https:\/\/gallican-montbrison.fr\/wp\/index.php?rest_route=\/wp\/v2\/posts\/1871\/revisions"}],"predecessor-version":[{"id":2061,"href":"https:\/\/gallican-montbrison.fr\/wp\/index.php?rest_route=\/wp\/v2\/posts\/1871\/revisions\/2061"}],"wp:attachment":[{"href":"https:\/\/gallican-montbrison.fr\/wp\/index.php?rest_route=%2Fwp%2Fv2%2Fmedia&parent=1871"}],"wp:term":[{"taxonomy":"category","embeddable":true,"href":"https:\/\/gallican-montbrison.fr\/wp\/index.php?rest_route=%2Fwp%2Fv2%2Fcategories&post=1871"},{"taxonomy":"post_tag","embeddable":true,"href":"https:\/\/gallican-montbrison.fr\/wp\/index.php?rest_route=%2Fwp%2Fv2%2Ftags&post=1871"}],"curies":[{"name":"wp","href":"https:\/\/api.w.org\/{rel}","templated":true}]}}