{"id":2002,"date":"2014-06-07T10:10:25","date_gmt":"2014-06-07T08:10:25","guid":{"rendered":"http:\/\/gallican-montbrison.fr\/wp\/?p=2002"},"modified":"2014-06-08T16:40:56","modified_gmt":"2014-06-08T14:40:56","slug":"meditation-illustree-les-sept-dons-de-lesprit-saint-et-le-chandelier-a-sept-branches","status":"publish","type":"post","link":"https:\/\/gallican-montbrison.fr\/wp\/?p=2002","title":{"rendered":"M\u00e9ditation Illustr\u00e9e: les sept dons de l&rsquo;Esprit Saint et le chandelier \u00e0 sept branches &#8230;"},"content":{"rendered":"<p><a href=\"http:\/\/gallican-montbrison.fr\/wp\/wp-content\/uploads\/2012\/05\/M\u00e9ditation-chandelier-7-branches-p-7-1.jpg\"><br \/>\n<\/a>\u00e0 partir du\u00a0\u00ab\u00a0Rational ou manuel des divins offices\u00a0\u00bb par Mgr Durand de Mende<\/p>\n<p><a href=\"http:\/\/gallican-montbrison.fr\/wp\/wp-content\/uploads\/2012\/05\/M\u00e9ditation-chandelier-7-branches-p-2-.jpg\"><img loading=\"lazy\" decoding=\"async\" class=\"alignright size-full wp-image-2003\" title=\"M\u00e9ditation  chandelier 7 branches p 2\" src=\"http:\/\/gallican-montbrison.fr\/wp\/wp-content\/uploads\/2012\/05\/M\u00e9ditation-chandelier-7-branches-p-2-.jpg\" alt=\"\" width=\"1754\" height=\"1239\" srcset=\"https:\/\/gallican-montbrison.fr\/wp\/wp-content\/uploads\/2012\/05\/M\u00e9ditation-chandelier-7-branches-p-2-.jpg 1754w, https:\/\/gallican-montbrison.fr\/wp\/wp-content\/uploads\/2012\/05\/M\u00e9ditation-chandelier-7-branches-p-2--300x211.jpg 300w, https:\/\/gallican-montbrison.fr\/wp\/wp-content\/uploads\/2012\/05\/M\u00e9ditation-chandelier-7-branches-p-2--1024x723.jpg 1024w\" sizes=\"(max-width: 1754px) 100vw, 1754px\" \/><\/a><a href=\"http:\/\/gallican-montbrison.fr\/wp\/wp-content\/uploads\/2012\/05\/M\u00e9ditation-chandelier-7-branches-p-3-.jpg\"><img loading=\"lazy\" decoding=\"async\" class=\"alignright size-full wp-image-2004\" title=\"M\u00e9ditation  chandelier 7 branches p 3\" src=\"http:\/\/gallican-montbrison.fr\/wp\/wp-content\/uploads\/2012\/05\/M\u00e9ditation-chandelier-7-branches-p-3-.jpg\" alt=\"\" width=\"1754\" height=\"1239\" srcset=\"https:\/\/gallican-montbrison.fr\/wp\/wp-content\/uploads\/2012\/05\/M\u00e9ditation-chandelier-7-branches-p-3-.jpg 1754w, https:\/\/gallican-montbrison.fr\/wp\/wp-content\/uploads\/2012\/05\/M\u00e9ditation-chandelier-7-branches-p-3--300x211.jpg 300w, https:\/\/gallican-montbrison.fr\/wp\/wp-content\/uploads\/2012\/05\/M\u00e9ditation-chandelier-7-branches-p-3--1024x723.jpg 1024w\" sizes=\"(max-width: 1754px) 100vw, 1754px\" \/><\/a><a href=\"http:\/\/gallican-montbrison.fr\/wp\/wp-content\/uploads\/2012\/05\/M\u00e9ditation-chandelier-7-branches-p-4-.jpg\"><img loading=\"lazy\" decoding=\"async\" class=\"alignright size-full wp-image-2005\" title=\"M\u00e9ditation  chandelier 7 branches p 4\" src=\"http:\/\/gallican-montbrison.fr\/wp\/wp-content\/uploads\/2012\/05\/M\u00e9ditation-chandelier-7-branches-p-4-.jpg\" alt=\"\" width=\"1754\" height=\"1239\" srcset=\"https:\/\/gallican-montbrison.fr\/wp\/wp-content\/uploads\/2012\/05\/M\u00e9ditation-chandelier-7-branches-p-4-.jpg 1754w, https:\/\/gallican-montbrison.fr\/wp\/wp-content\/uploads\/2012\/05\/M\u00e9ditation-chandelier-7-branches-p-4--300x211.jpg 300w, https:\/\/gallican-montbrison.fr\/wp\/wp-content\/uploads\/2012\/05\/M\u00e9ditation-chandelier-7-branches-p-4--1024x723.jpg 1024w\" sizes=\"(max-width: 1754px) 100vw, 1754px\" \/><\/a><a href=\"http:\/\/gallican-montbrison.fr\/wp\/wp-content\/uploads\/2012\/05\/M\u00e9ditation-chandelier-7-branches-p-5-.jpg\"><img loading=\"lazy\" decoding=\"async\" class=\"alignright size-full wp-image-2006\" title=\"M\u00e9ditation  chandelier 7 branches p 5\" src=\"http:\/\/gallican-montbrison.fr\/wp\/wp-content\/uploads\/2012\/05\/M\u00e9ditation-chandelier-7-branches-p-5-.jpg\" alt=\"\" width=\"1754\" height=\"1239\" srcset=\"https:\/\/gallican-montbrison.fr\/wp\/wp-content\/uploads\/2012\/05\/M\u00e9ditation-chandelier-7-branches-p-5-.jpg 1754w, https:\/\/gallican-montbrison.fr\/wp\/wp-content\/uploads\/2012\/05\/M\u00e9ditation-chandelier-7-branches-p-5--300x211.jpg 300w, https:\/\/gallican-montbrison.fr\/wp\/wp-content\/uploads\/2012\/05\/M\u00e9ditation-chandelier-7-branches-p-5--1024x723.jpg 1024w\" sizes=\"(max-width: 1754px) 100vw, 1754px\" \/><\/a><a href=\"http:\/\/gallican-montbrison.fr\/wp\/wp-content\/uploads\/2012\/05\/M\u00e9ditation-chandelier-7-branches-p-6-1.jpg\"><img loading=\"lazy\" decoding=\"async\" class=\"alignright size-full wp-image-2011\" title=\"M\u00e9ditation  chandelier 7 branches p 6\" src=\"http:\/\/gallican-montbrison.fr\/wp\/wp-content\/uploads\/2012\/05\/M\u00e9ditation-chandelier-7-branches-p-6-1.jpg\" alt=\"\" width=\"1754\" height=\"1239\" srcset=\"https:\/\/gallican-montbrison.fr\/wp\/wp-content\/uploads\/2012\/05\/M\u00e9ditation-chandelier-7-branches-p-6-1.jpg 1754w, https:\/\/gallican-montbrison.fr\/wp\/wp-content\/uploads\/2012\/05\/M\u00e9ditation-chandelier-7-branches-p-6-1-300x211.jpg 300w, https:\/\/gallican-montbrison.fr\/wp\/wp-content\/uploads\/2012\/05\/M\u00e9ditation-chandelier-7-branches-p-6-1-1024x723.jpg 1024w\" sizes=\"(max-width: 1754px) 100vw, 1754px\" \/><\/a><a href=\"http:\/\/gallican-montbrison.fr\/wp\/wp-content\/uploads\/2012\/05\/M\u00e9ditation-chandelier-7-branches-p-7-.jpg\"><img loading=\"lazy\" decoding=\"async\" class=\"alignright size-full wp-image-2008\" title=\"M\u00e9ditation  chandelier 7 branches p 7\" src=\"http:\/\/gallican-montbrison.fr\/wp\/wp-content\/uploads\/2012\/05\/M\u00e9ditation-chandelier-7-branches-p-7-.jpg\" alt=\"\" width=\"1754\" height=\"1239\" srcset=\"https:\/\/gallican-montbrison.fr\/wp\/wp-content\/uploads\/2012\/05\/M\u00e9ditation-chandelier-7-branches-p-7-.jpg 1754w, https:\/\/gallican-montbrison.fr\/wp\/wp-content\/uploads\/2012\/05\/M\u00e9ditation-chandelier-7-branches-p-7--300x211.jpg 300w, https:\/\/gallican-montbrison.fr\/wp\/wp-content\/uploads\/2012\/05\/M\u00e9ditation-chandelier-7-branches-p-7--1024x723.jpg 1024w\" sizes=\"(max-width: 1754px) 100vw, 1754px\" \/><\/a><a href=\"http:\/\/gallican-montbrison.fr\/wp\/wp-content\/uploads\/2012\/05\/M\u00e9ditation-chandelier-7-branches-p-8-.jpg\"><img loading=\"lazy\" decoding=\"async\" class=\"alignright size-full wp-image-2017\" title=\"M\u00e9ditation  chandelier 7 branches p 8\" src=\"http:\/\/gallican-montbrison.fr\/wp\/wp-content\/uploads\/2012\/05\/M\u00e9ditation-chandelier-7-branches-p-8-.jpg\" alt=\"\" width=\"1754\" height=\"1239\" srcset=\"https:\/\/gallican-montbrison.fr\/wp\/wp-content\/uploads\/2012\/05\/M\u00e9ditation-chandelier-7-branches-p-8-.jpg 1754w, https:\/\/gallican-montbrison.fr\/wp\/wp-content\/uploads\/2012\/05\/M\u00e9ditation-chandelier-7-branches-p-8--300x211.jpg 300w, https:\/\/gallican-montbrison.fr\/wp\/wp-content\/uploads\/2012\/05\/M\u00e9ditation-chandelier-7-branches-p-8--1024x723.jpg 1024w\" sizes=\"(max-width: 1754px) 100vw, 1754px\" \/><\/a><a href=\"http:\/\/gallican-montbrison.fr\/wp\/wp-content\/uploads\/2012\/05\/M\u00e9ditation-chandelier-7-branches-p-9-.jpg\"><img loading=\"lazy\" decoding=\"async\" class=\"alignright size-full wp-image-2018\" title=\"M\u00e9ditation  chandelier 7 branches p 9\" src=\"http:\/\/gallican-montbrison.fr\/wp\/wp-content\/uploads\/2012\/05\/M\u00e9ditation-chandelier-7-branches-p-9-.jpg\" alt=\"\" width=\"1754\" height=\"1239\" srcset=\"https:\/\/gallican-montbrison.fr\/wp\/wp-content\/uploads\/2012\/05\/M\u00e9ditation-chandelier-7-branches-p-9-.jpg 1754w, https:\/\/gallican-montbrison.fr\/wp\/wp-content\/uploads\/2012\/05\/M\u00e9ditation-chandelier-7-branches-p-9--300x211.jpg 300w, https:\/\/gallican-montbrison.fr\/wp\/wp-content\/uploads\/2012\/05\/M\u00e9ditation-chandelier-7-branches-p-9--1024x723.jpg 1024w\" sizes=\"(max-width: 1754px) 100vw, 1754px\" \/><\/a><a href=\"http:\/\/gallican-montbrison.fr\/wp\/wp-content\/uploads\/2012\/05\/M\u00e9ditation-chandelier-7-branches-p-10-.jpg\"><img loading=\"lazy\" decoding=\"async\" class=\"alignright size-full wp-image-2020\" title=\"M\u00e9ditation  chandelier 7 branches p 10\" src=\"http:\/\/gallican-montbrison.fr\/wp\/wp-content\/uploads\/2012\/05\/M\u00e9ditation-chandelier-7-branches-p-10-.jpg\" alt=\"\" width=\"1754\" height=\"1239\" srcset=\"https:\/\/gallican-montbrison.fr\/wp\/wp-content\/uploads\/2012\/05\/M\u00e9ditation-chandelier-7-branches-p-10-.jpg 1754w, https:\/\/gallican-montbrison.fr\/wp\/wp-content\/uploads\/2012\/05\/M\u00e9ditation-chandelier-7-branches-p-10--300x211.jpg 300w, https:\/\/gallican-montbrison.fr\/wp\/wp-content\/uploads\/2012\/05\/M\u00e9ditation-chandelier-7-branches-p-10--1024x723.jpg 1024w\" sizes=\"(max-width: 1754px) 100vw, 1754px\" \/><\/a><a href=\"http:\/\/gallican-montbrison.fr\/wp\/wp-content\/uploads\/2012\/05\/M\u00e9ditation-chandelier-7-branches-p-11-.jpg\"><img loading=\"lazy\" decoding=\"async\" class=\"alignright size-full wp-image-2022\" title=\"M\u00e9ditation  chandelier 7 branches p 11\" src=\"http:\/\/gallican-montbrison.fr\/wp\/wp-content\/uploads\/2012\/05\/M\u00e9ditation-chandelier-7-branches-p-11-.jpg\" alt=\"\" width=\"1754\" height=\"1239\" srcset=\"https:\/\/gallican-montbrison.fr\/wp\/wp-content\/uploads\/2012\/05\/M\u00e9ditation-chandelier-7-branches-p-11-.jpg 1754w, https:\/\/gallican-montbrison.fr\/wp\/wp-content\/uploads\/2012\/05\/M\u00e9ditation-chandelier-7-branches-p-11--300x211.jpg 300w, https:\/\/gallican-montbrison.fr\/wp\/wp-content\/uploads\/2012\/05\/M\u00e9ditation-chandelier-7-branches-p-11--1024x723.jpg 1024w\" sizes=\"(max-width: 1754px) 100vw, 1754px\" \/><\/a><\/p>\n","protected":false},"excerpt":{"rendered":"<p>\u00e0 partir du\u00a0\u00ab\u00a0Rational ou manuel des divins offices\u00a0\u00bb par Mgr Durand de Mende<\/p>\n","protected":false},"author":3,"featured_media":0,"comment_status":"closed","ping_status":"open","sticky":false,"template":"","format":"standard","meta":{"footnotes":""},"categories":[11,5],"tags":[],"class_list":["post-2002","post","type-post","status-publish","format-standard","hentry","category-articles-et-conferences","category-vie-de-la-chapelle"],"yoast_head":"<!-- This site is optimized with the Yoast SEO plugin v25.6 - https:\/\/yoast.com\/wordpress\/plugins\/seo\/ -->\n<title>M\u00e9ditation Illustr\u00e9e: les sept dons de l&#039;Esprit Saint et le chandelier \u00e0 sept branches ... - Chapelle Saint Michel Archange Montbrison<\/title>\n<meta name=\"robots\" content=\"index, follow, max-snippet:-1, max-image-preview:large, max-video-preview:-1\" \/>\n<link rel=\"canonical\" href=\"https:\/\/gallican-montbrison.fr\/wp\/?p=2002\" \/>\n<meta property=\"og:locale\" content=\"fr_FR\" \/>\n<meta property=\"og:type\" content=\"article\" \/>\n<meta property=\"og:title\" content=\"M\u00e9ditation Illustr\u00e9e: les sept dons de l&#039;Esprit Saint et le chandelier \u00e0 sept branches ... - Chapelle Saint Michel Archange Montbrison\" \/>\n<meta property=\"og:description\" content=\"\u00e0 partir du\u00a0\u00ab\u00a0Rational ou manuel des divins offices\u00a0\u00bb par Mgr Durand de Mende\" \/>\n<meta property=\"og:url\" content=\"https:\/\/gallican-montbrison.fr\/wp\/?p=2002\" \/>\n<meta property=\"og:site_name\" content=\"Chapelle Saint Michel Archange Montbrison\" \/>\n<meta property=\"article:publisher\" content=\"https:\/\/www.facebook.com\/people\/Eglise-Gallicane-Chapelle-Saint-Michel-Archange\/100064564306693\/\" \/>\n<meta property=\"article:published_time\" content=\"2014-06-07T08:10:25+00:00\" \/>\n<meta property=\"article:modified_time\" content=\"2014-06-08T14:40:56+00:00\" \/>\n<meta name=\"author\" content=\"Colette\" \/>\n<meta name=\"twitter:card\" content=\"summary_large_image\" \/>\n<meta name=\"twitter:label1\" content=\"\u00c9crit par\" \/>\n\t<meta name=\"twitter:data1\" content=\"Colette\" \/>\n<script type=\"application\/ld+json\" class=\"yoast-schema-graph\">{\"@context\":\"https:\/\/schema.org\",\"@graph\":[{\"@type\":\"WebPage\",\"@id\":\"https:\/\/gallican-montbrison.fr\/wp\/?p=2002\",\"url\":\"https:\/\/gallican-montbrison.fr\/wp\/?p=2002\",\"name\":\"M\u00e9ditation Illustr\u00e9e: les sept dons de l'Esprit Saint et le chandelier \u00e0 sept branches ... - Chapelle Saint Michel Archange Montbrison\",\"isPartOf\":{\"@id\":\"https:\/\/gallican-montbrison.fr\/wp\/#website\"},\"datePublished\":\"2014-06-07T08:10:25+00:00\",\"dateModified\":\"2014-06-08T14:40:56+00:00\",\"author\":{\"@id\":\"https:\/\/gallican-montbrison.fr\/wp\/#\/schema\/person\/fc5571a40f7c79de2fb1b0cf72c089a4\"},\"breadcrumb\":{\"@id\":\"https:\/\/gallican-montbrison.fr\/wp\/?p=2002#breadcrumb\"},\"inLanguage\":\"fr-FR\",\"potentialAction\":[{\"@type\":\"ReadAction\",\"target\":[\"https:\/\/gallican-montbrison.fr\/wp\/?p=2002\"]}]},{\"@type\":\"BreadcrumbList\",\"@id\":\"https:\/\/gallican-montbrison.fr\/wp\/?p=2002#breadcrumb\",\"itemListElement\":[{\"@type\":\"ListItem\",\"position\":1,\"name\":\"Accueil\",\"item\":\"https:\/\/gallican-montbrison.fr\/wp\"},{\"@type\":\"ListItem\",\"position\":2,\"name\":\"M\u00e9ditation Illustr\u00e9e: les sept dons de l&rsquo;Esprit Saint et le chandelier \u00e0 sept branches &#8230;\"}]},{\"@type\":\"WebSite\",\"@id\":\"https:\/\/gallican-montbrison.fr\/wp\/#website\",\"url\":\"https:\/\/gallican-montbrison.fr\/wp\/\",\"name\":\"Chapelle Saint Michel Archange Montbrison\",\"description\":\"Eglise Gallicane, Tradition Apostolique de Gazinet\",\"potentialAction\":[{\"@type\":\"SearchAction\",\"target\":{\"@type\":\"EntryPoint\",\"urlTemplate\":\"https:\/\/gallican-montbrison.fr\/wp\/?s={search_term_string}\"},\"query-input\":{\"@type\":\"PropertyValueSpecification\",\"valueRequired\":true,\"valueName\":\"search_term_string\"}}],\"inLanguage\":\"fr-FR\"},{\"@type\":\"Person\",\"@id\":\"https:\/\/gallican-montbrison.fr\/wp\/#\/schema\/person\/fc5571a40f7c79de2fb1b0cf72c089a4\",\"name\":\"Colette\",\"url\":\"https:\/\/gallican-montbrison.fr\/wp\/?author=3\"}]}<\/script>\n<!-- \/ Yoast SEO plugin. -->","yoast_head_json":{"title":"M\u00e9ditation Illustr\u00e9e: les sept dons de l'Esprit Saint et le chandelier \u00e0 sept branches ... - Chapelle Saint Michel Archange Montbrison","robots":{"index":"index","follow":"follow","max-snippet":"max-snippet:-1","max-image-preview":"max-image-preview:large","max-video-preview":"max-video-preview:-1"},"canonical":"https:\/\/gallican-montbrison.fr\/wp\/?p=2002","og_locale":"fr_FR","og_type":"article","og_title":"M\u00e9ditation Illustr\u00e9e: les sept dons de l'Esprit Saint et le chandelier \u00e0 sept branches ... - Chapelle Saint Michel Archange Montbrison","og_description":"\u00e0 partir du\u00a0\u00ab\u00a0Rational ou manuel des divins offices\u00a0\u00bb par Mgr Durand de Mende","og_url":"https:\/\/gallican-montbrison.fr\/wp\/?p=2002","og_site_name":"Chapelle Saint Michel Archange Montbrison","article_publisher":"https:\/\/www.facebook.com\/people\/Eglise-Gallicane-Chapelle-Saint-Michel-Archange\/100064564306693\/","article_published_time":"2014-06-07T08:10:25+00:00","article_modified_time":"2014-06-08T14:40:56+00:00","author":"Colette","twitter_card":"summary_large_image","twitter_misc":{"\u00c9crit par":"Colette"},"schema":{"@context":"https:\/\/schema.org","@graph":[{"@type":"WebPage","@id":"https:\/\/gallican-montbrison.fr\/wp\/?p=2002","url":"https:\/\/gallican-montbrison.fr\/wp\/?p=2002","name":"M\u00e9ditation Illustr\u00e9e: les sept dons de l'Esprit Saint et le chandelier \u00e0 sept branches ... - Chapelle Saint Michel Archange Montbrison","isPartOf":{"@id":"https:\/\/gallican-montbrison.fr\/wp\/#website"},"datePublished":"2014-06-07T08:10:25+00:00","dateModified":"2014-06-08T14:40:56+00:00","author":{"@id":"https:\/\/gallican-montbrison.fr\/wp\/#\/schema\/person\/fc5571a40f7c79de2fb1b0cf72c089a4"},"breadcrumb":{"@id":"https:\/\/gallican-montbrison.fr\/wp\/?p=2002#breadcrumb"},"inLanguage":"fr-FR","potentialAction":[{"@type":"ReadAction","target":["https:\/\/gallican-montbrison.fr\/wp\/?p=2002"]}]},{"@type":"BreadcrumbList","@id":"https:\/\/gallican-montbrison.fr\/wp\/?p=2002#breadcrumb","itemListElement":[{"@type":"ListItem","position":1,"name":"Accueil","item":"https:\/\/gallican-montbrison.fr\/wp"},{"@type":"ListItem","position":2,"name":"M\u00e9ditation Illustr\u00e9e: les sept dons de l&rsquo;Esprit Saint et le chandelier \u00e0 sept branches &#8230;"}]},{"@type":"WebSite","@id":"https:\/\/gallican-montbrison.fr\/wp\/#website","url":"https:\/\/gallican-montbrison.fr\/wp\/","name":"Chapelle Saint Michel Archange Montbrison","description":"Eglise Gallicane, Tradition Apostolique de Gazinet","potentialAction":[{"@type":"SearchAction","target":{"@type":"EntryPoint","urlTemplate":"https:\/\/gallican-montbrison.fr\/wp\/?s={search_term_string}"},"query-input":{"@type":"PropertyValueSpecification","valueRequired":true,"valueName":"search_term_string"}}],"inLanguage":"fr-FR"},{"@type":"Person","@id":"https:\/\/gallican-montbrison.fr\/wp\/#\/schema\/person\/fc5571a40f7c79de2fb1b0cf72c089a4","name":"Colette","url":"https:\/\/gallican-montbrison.fr\/wp\/?author=3"}]}},"_links":{"self":[{"href":"https:\/\/gallican-montbrison.fr\/wp\/index.php?rest_route=\/wp\/v2\/posts\/2002"}],"collection":[{"href":"https:\/\/gallican-montbrison.fr\/wp\/index.php?rest_route=\/wp\/v2\/posts"}],"about":[{"href":"https:\/\/gallican-montbrison.fr\/wp\/index.php?rest_route=\/wp\/v2\/types\/post"}],"author":[{"embeddable":true,"href":"https:\/\/gallican-montbrison.fr\/wp\/index.php?rest_route=\/wp\/v2\/users\/3"}],"replies":[{"embeddable":true,"href":"https:\/\/gallican-montbrison.fr\/wp\/index.php?rest_route=%2Fwp%2Fv2%2Fcomments&post=2002"}],"version-history":[{"count":13,"href":"https:\/\/gallican-montbrison.fr\/wp\/index.php?rest_route=\/wp\/v2\/posts\/2002\/revisions"}],"predecessor-version":[{"id":2031,"href":"https:\/\/gallican-montbrison.fr\/wp\/index.php?rest_route=\/wp\/v2\/posts\/2002\/revisions\/2031"}],"wp:attachment":[{"href":"https:\/\/gallican-montbrison.fr\/wp\/index.php?rest_route=%2Fwp%2Fv2%2Fmedia&parent=2002"}],"wp:term":[{"taxonomy":"category","embeddable":true,"href":"https:\/\/gallican-montbrison.fr\/wp\/index.php?rest_route=%2Fwp%2Fv2%2Fcategories&post=2002"},{"taxonomy":"post_tag","embeddable":true,"href":"https:\/\/gallican-montbrison.fr\/wp\/index.php?rest_route=%2Fwp%2Fv2%2Ftags&post=2002"}],"curies":[{"name":"wp","href":"https:\/\/api.w.org\/{rel}","templated":true}]}}