{"id":2258,"date":"2012-11-05T16:06:58","date_gmt":"2012-11-05T15:06:58","guid":{"rendered":"http:\/\/gallican-montbrison.fr\/wp\/?p=2258"},"modified":"2015-08-31T16:52:47","modified_gmt":"2015-08-31T14:52:47","slug":"messe-de-la-toussaint-intentions-de-prieres","status":"publish","type":"post","link":"https:\/\/gallican-montbrison.fr\/wp\/?p=2258","title":{"rendered":"Messe de la Toussaint, intentions de pri\u00e8res"},"content":{"rendered":"<p>Nous vous prions Seigneur et nous chantons votre Gloire avec tous les Saints et les hi\u00e9rarchies c\u00e9lestes d\u00e9j\u00e0 pr\u00e9sents aupr\u00e8s de vous.<\/p>\n<p>Nous c\u00e9l\u00e9brons en ce jour tous les Saints et nos pri\u00e8res vont tout particuli\u00e8rement \u00e0 celles et ceux que nous invoquons ici \u00e0 la chapelle:<\/p>\n<p>Ste Marie, m\u00e8re de Dieu; St Michel Archange; St Jean et tous les Saints Ap\u00f4tres; St Ir\u00e9n\u00e9e, patron de l&rsquo;Eglise Gallicane; Ste Alphonsine de Gazinet, St Andr\u00e9.<\/p>\n<p>Les Saints Auxiliaires pri\u00e9s pour leur soutien dans nos vies.<\/p>\n<p>Tous les Saints qui nous accompagnent au quotidien.<\/p>\n<p>Les Saints que nous invoquons \u00e0 notre aide: St Jean Marie Vianney, Cur\u00e9 d&rsquo;Ars;<\/p>\n<p>St Laurent, St Fiacre, St B\u00e9nilde, St Antoine de Padoue, St Fran\u00e7ois R\u00e9gis, Ste Philom\u00e8ne, St Fran\u00e7ois d&rsquo;Assise.<\/p>\n<p>Les Saints gallicans des premiers si\u00e8cles: St Fort, Ste B\u00e9n\u00e9dicte, Ste Radegonde, St L\u00e9once, Ste Placidine.<\/p>\n<p>Tous les Saints pri\u00e9s dans le Forez et chers \u00e0 nos coeurs.<\/p>\n<p>Que la pri\u00e8re des Saints accompagne la n\u00f4tre pour vous louer Seigneur et pour vous demander les gr\u00e2ces promises \u00e0 la pri\u00e8re de l&rsquo;Eglise.<\/p>\n<p>En ce jour nous prions aussi pour les \u00e2mes des d\u00e9funts qui nous ont \u00e9t\u00e9 confi\u00e9es. \u00a0 \u00a0 \u00a0 \u00a0 (nous reprenons ici toutes les personnes d\u00e9c\u00e9d\u00e9es qui nous ont \u00e9t\u00e9 confi\u00e9es en intentions de pri\u00e8res au cours de l&rsquo;ann\u00e9e)<\/p>\n<p>Seigneur, accorde leur le repos \u00e9ternel et que ta lumi\u00e8re brille \u00e0 jamais sur elles.<\/p>\n","protected":false},"excerpt":{"rendered":"<p>Nous vous prions Seigneur et nous chantons votre Gloire avec tous les Saints et les hi\u00e9rarchies c\u00e9lestes d\u00e9j\u00e0 pr\u00e9sents aupr\u00e8s de vous. Nous c\u00e9l\u00e9brons en ce jour tous les Saints et nos pri\u00e8res vont tout particuli\u00e8rement \u00e0 celles et ceux &hellip; <a href=\"https:\/\/gallican-montbrison.fr\/wp\/?p=2258\">Continuer la lecture <span class=\"meta-nav\">&rarr;<\/span><\/a><\/p>\n","protected":false},"author":3,"featured_media":0,"comment_status":"closed","ping_status":"open","sticky":false,"template":"","format":"standard","meta":{"footnotes":""},"categories":[15],"tags":[88,27,26,138,52,140,6,50,17,44],"class_list":["post-2258","post","type-post","status-publish","format-standard","hentry","category-prieres","tag-benediction","tag-celebration","tag-chapelle","tag-eglise-gallicane","tag-evangile","tag-gallicane","tag-messe","tag-montbrison","tag-oecumenisme-2","tag-seigneur"],"yoast_head":"<!-- This site is optimized with the Yoast SEO plugin v25.6 - https:\/\/yoast.com\/wordpress\/plugins\/seo\/ -->\n<title>Messe de la Toussaint, intentions de pri\u00e8res - Chapelle Saint Michel Archange Montbrison<\/title>\n<meta name=\"robots\" content=\"index, follow, max-snippet:-1, max-image-preview:large, max-video-preview:-1\" \/>\n<link rel=\"canonical\" href=\"https:\/\/gallican-montbrison.fr\/wp\/?p=2258\" \/>\n<meta property=\"og:locale\" content=\"fr_FR\" \/>\n<meta property=\"og:type\" content=\"article\" \/>\n<meta property=\"og:title\" content=\"Messe de la Toussaint, intentions de pri\u00e8res - Chapelle Saint Michel Archange Montbrison\" \/>\n<meta property=\"og:description\" content=\"Nous vous prions Seigneur et nous chantons votre Gloire avec tous les Saints et les hi\u00e9rarchies c\u00e9lestes d\u00e9j\u00e0 pr\u00e9sents aupr\u00e8s de vous. Nous c\u00e9l\u00e9brons en ce jour tous les Saints et nos pri\u00e8res vont tout particuli\u00e8rement \u00e0 celles et ceux &hellip; Continuer la lecture &rarr;\" \/>\n<meta property=\"og:url\" content=\"https:\/\/gallican-montbrison.fr\/wp\/?p=2258\" \/>\n<meta property=\"og:site_name\" content=\"Chapelle Saint Michel Archange Montbrison\" \/>\n<meta property=\"article:publisher\" content=\"https:\/\/www.facebook.com\/people\/Eglise-Gallicane-Chapelle-Saint-Michel-Archange\/100064564306693\/\" \/>\n<meta property=\"article:published_time\" content=\"2012-11-05T15:06:58+00:00\" \/>\n<meta property=\"article:modified_time\" content=\"2015-08-31T14:52:47+00:00\" \/>\n<meta name=\"author\" content=\"Colette\" \/>\n<meta name=\"twitter:card\" content=\"summary_large_image\" \/>\n<meta name=\"twitter:label1\" content=\"\u00c9crit par\" \/>\n\t<meta name=\"twitter:data1\" content=\"Colette\" \/>\n\t<meta name=\"twitter:label2\" content=\"Dur\u00e9e de lecture estim\u00e9e\" \/>\n\t<meta name=\"twitter:data2\" content=\"1 minute\" \/>\n<script type=\"application\/ld+json\" class=\"yoast-schema-graph\">{\"@context\":\"https:\/\/schema.org\",\"@graph\":[{\"@type\":\"WebPage\",\"@id\":\"https:\/\/gallican-montbrison.fr\/wp\/?p=2258\",\"url\":\"https:\/\/gallican-montbrison.fr\/wp\/?p=2258\",\"name\":\"Messe de la Toussaint, intentions de pri\u00e8res - Chapelle Saint Michel Archange Montbrison\",\"isPartOf\":{\"@id\":\"https:\/\/gallican-montbrison.fr\/wp\/#website\"},\"datePublished\":\"2012-11-05T15:06:58+00:00\",\"dateModified\":\"2015-08-31T14:52:47+00:00\",\"author\":{\"@id\":\"https:\/\/gallican-montbrison.fr\/wp\/#\/schema\/person\/fc5571a40f7c79de2fb1b0cf72c089a4\"},\"breadcrumb\":{\"@id\":\"https:\/\/gallican-montbrison.fr\/wp\/?p=2258#breadcrumb\"},\"inLanguage\":\"fr-FR\",\"potentialAction\":[{\"@type\":\"ReadAction\",\"target\":[\"https:\/\/gallican-montbrison.fr\/wp\/?p=2258\"]}]},{\"@type\":\"BreadcrumbList\",\"@id\":\"https:\/\/gallican-montbrison.fr\/wp\/?p=2258#breadcrumb\",\"itemListElement\":[{\"@type\":\"ListItem\",\"position\":1,\"name\":\"Accueil\",\"item\":\"https:\/\/gallican-montbrison.fr\/wp\"},{\"@type\":\"ListItem\",\"position\":2,\"name\":\"Messe de la Toussaint, intentions de pri\u00e8res\"}]},{\"@type\":\"WebSite\",\"@id\":\"https:\/\/gallican-montbrison.fr\/wp\/#website\",\"url\":\"https:\/\/gallican-montbrison.fr\/wp\/\",\"name\":\"Chapelle Saint Michel Archange Montbrison\",\"description\":\"Eglise Gallicane, Tradition Apostolique de Gazinet\",\"potentialAction\":[{\"@type\":\"SearchAction\",\"target\":{\"@type\":\"EntryPoint\",\"urlTemplate\":\"https:\/\/gallican-montbrison.fr\/wp\/?s={search_term_string}\"},\"query-input\":{\"@type\":\"PropertyValueSpecification\",\"valueRequired\":true,\"valueName\":\"search_term_string\"}}],\"inLanguage\":\"fr-FR\"},{\"@type\":\"Person\",\"@id\":\"https:\/\/gallican-montbrison.fr\/wp\/#\/schema\/person\/fc5571a40f7c79de2fb1b0cf72c089a4\",\"name\":\"Colette\",\"url\":\"https:\/\/gallican-montbrison.fr\/wp\/?author=3\"}]}<\/script>\n<!-- \/ Yoast SEO plugin. -->","yoast_head_json":{"title":"Messe de la Toussaint, intentions de pri\u00e8res - Chapelle Saint Michel Archange Montbrison","robots":{"index":"index","follow":"follow","max-snippet":"max-snippet:-1","max-image-preview":"max-image-preview:large","max-video-preview":"max-video-preview:-1"},"canonical":"https:\/\/gallican-montbrison.fr\/wp\/?p=2258","og_locale":"fr_FR","og_type":"article","og_title":"Messe de la Toussaint, intentions de pri\u00e8res - Chapelle Saint Michel Archange Montbrison","og_description":"Nous vous prions Seigneur et nous chantons votre Gloire avec tous les Saints et les hi\u00e9rarchies c\u00e9lestes d\u00e9j\u00e0 pr\u00e9sents aupr\u00e8s de vous. Nous c\u00e9l\u00e9brons en ce jour tous les Saints et nos pri\u00e8res vont tout particuli\u00e8rement \u00e0 celles et ceux &hellip; Continuer la lecture &rarr;","og_url":"https:\/\/gallican-montbrison.fr\/wp\/?p=2258","og_site_name":"Chapelle Saint Michel Archange Montbrison","article_publisher":"https:\/\/www.facebook.com\/people\/Eglise-Gallicane-Chapelle-Saint-Michel-Archange\/100064564306693\/","article_published_time":"2012-11-05T15:06:58+00:00","article_modified_time":"2015-08-31T14:52:47+00:00","author":"Colette","twitter_card":"summary_large_image","twitter_misc":{"\u00c9crit par":"Colette","Dur\u00e9e de lecture estim\u00e9e":"1 minute"},"schema":{"@context":"https:\/\/schema.org","@graph":[{"@type":"WebPage","@id":"https:\/\/gallican-montbrison.fr\/wp\/?p=2258","url":"https:\/\/gallican-montbrison.fr\/wp\/?p=2258","name":"Messe de la Toussaint, intentions de pri\u00e8res - Chapelle Saint Michel Archange Montbrison","isPartOf":{"@id":"https:\/\/gallican-montbrison.fr\/wp\/#website"},"datePublished":"2012-11-05T15:06:58+00:00","dateModified":"2015-08-31T14:52:47+00:00","author":{"@id":"https:\/\/gallican-montbrison.fr\/wp\/#\/schema\/person\/fc5571a40f7c79de2fb1b0cf72c089a4"},"breadcrumb":{"@id":"https:\/\/gallican-montbrison.fr\/wp\/?p=2258#breadcrumb"},"inLanguage":"fr-FR","potentialAction":[{"@type":"ReadAction","target":["https:\/\/gallican-montbrison.fr\/wp\/?p=2258"]}]},{"@type":"BreadcrumbList","@id":"https:\/\/gallican-montbrison.fr\/wp\/?p=2258#breadcrumb","itemListElement":[{"@type":"ListItem","position":1,"name":"Accueil","item":"https:\/\/gallican-montbrison.fr\/wp"},{"@type":"ListItem","position":2,"name":"Messe de la Toussaint, intentions de pri\u00e8res"}]},{"@type":"WebSite","@id":"https:\/\/gallican-montbrison.fr\/wp\/#website","url":"https:\/\/gallican-montbrison.fr\/wp\/","name":"Chapelle Saint Michel Archange Montbrison","description":"Eglise Gallicane, Tradition Apostolique de Gazinet","potentialAction":[{"@type":"SearchAction","target":{"@type":"EntryPoint","urlTemplate":"https:\/\/gallican-montbrison.fr\/wp\/?s={search_term_string}"},"query-input":{"@type":"PropertyValueSpecification","valueRequired":true,"valueName":"search_term_string"}}],"inLanguage":"fr-FR"},{"@type":"Person","@id":"https:\/\/gallican-montbrison.fr\/wp\/#\/schema\/person\/fc5571a40f7c79de2fb1b0cf72c089a4","name":"Colette","url":"https:\/\/gallican-montbrison.fr\/wp\/?author=3"}]}},"_links":{"self":[{"href":"https:\/\/gallican-montbrison.fr\/wp\/index.php?rest_route=\/wp\/v2\/posts\/2258"}],"collection":[{"href":"https:\/\/gallican-montbrison.fr\/wp\/index.php?rest_route=\/wp\/v2\/posts"}],"about":[{"href":"https:\/\/gallican-montbrison.fr\/wp\/index.php?rest_route=\/wp\/v2\/types\/post"}],"author":[{"embeddable":true,"href":"https:\/\/gallican-montbrison.fr\/wp\/index.php?rest_route=\/wp\/v2\/users\/3"}],"replies":[{"embeddable":true,"href":"https:\/\/gallican-montbrison.fr\/wp\/index.php?rest_route=%2Fwp%2Fv2%2Fcomments&post=2258"}],"version-history":[{"count":10,"href":"https:\/\/gallican-montbrison.fr\/wp\/index.php?rest_route=\/wp\/v2\/posts\/2258\/revisions"}],"predecessor-version":[{"id":4115,"href":"https:\/\/gallican-montbrison.fr\/wp\/index.php?rest_route=\/wp\/v2\/posts\/2258\/revisions\/4115"}],"wp:attachment":[{"href":"https:\/\/gallican-montbrison.fr\/wp\/index.php?rest_route=%2Fwp%2Fv2%2Fmedia&parent=2258"}],"wp:term":[{"taxonomy":"category","embeddable":true,"href":"https:\/\/gallican-montbrison.fr\/wp\/index.php?rest_route=%2Fwp%2Fv2%2Fcategories&post=2258"},{"taxonomy":"post_tag","embeddable":true,"href":"https:\/\/gallican-montbrison.fr\/wp\/index.php?rest_route=%2Fwp%2Fv2%2Ftags&post=2258"}],"curies":[{"name":"wp","href":"https:\/\/api.w.org\/{rel}","templated":true}]}}