{"id":2354,"date":"2013-01-05T18:45:38","date_gmt":"2013-01-05T17:45:38","guid":{"rendered":"http:\/\/gallican-montbrison.fr\/wp\/?p=2354"},"modified":"2013-03-08T15:58:27","modified_gmt":"2013-03-08T14:58:27","slug":"benediction-et-meditations-pour-2013","status":"publish","type":"post","link":"https:\/\/gallican-montbrison.fr\/wp\/?p=2354","title":{"rendered":"B\u00e9n\u00e9diction et m\u00e9ditations pour 2013"},"content":{"rendered":"<p><em><span style=\"color: #ff0000;\">\u00ab\u00a0Que cette nouvelle ann\u00e9e apporte \u00e0 chacun le travail n\u00e9cessaire,<\/span><\/em><br \/>\n<em><span style=\"color: #ff0000;\"> la sant\u00e9 du corps et de l&rsquo;esprit,<\/span><\/em><br \/>\n<em><span style=\"color: #ff0000;\"> les petites et grandes joies du quotidien qui font le bonheur de la vie \u00a0 \u00a0 \u00a0 \u00a0 \u00a0 \u00a0 \u00a0 \u00a0 \u00a0 \u00a0 \u00a0 \u00a0 \u00a0 \u00a0 \u00a0 \u00a0 \u00a0 et que Dieu \u00e9tende sur nos familles et sur nos vies sa b\u00e9n\u00e9diction bienfaisante.\u00a0\u00bb \u00a0<\/span><\/em><\/p>\n<p><em><span style=\"color: #ff0000;\">\u00a0 \u00a0 \u00a0 \u00a0 \u00a0 \u00a0 \u00a0 \u00a0 \u00a0 \u00a0 \u00a0 \u00a0 \u00a0 \u00a0 \u00a0 \u00a0 \u00a0 \u00a0 \u00a0 \u00a0 \u00a0 \u00a0 \u00a0 \u00a0 \u00a0 \u00a0 \u00a0 \u00a0 \u00a0 \u00a0 \u00a0 \u00a0 \u00a0 \u00a0 \u00a0 \u00a0 \u00a0 \u00a0 \u00a0 \u00a0 \u00a0 \u00a0 \u00a0 \u00a0 \u00a0 \u00a0 \u00a0 \u00a0 \u00a0 \u00a0 \u00a0 \u00a0 \u00a0 \u00a0 \u00a0 \u00a0 \u00a0 \u00a0 \u00a0 Les religieux<\/span><\/em><\/p>\n<div>\n<div>\n<div>\n<div>\n<p>Un bouquet de petites phrases glan\u00e9es pour vous au c\u0153ur de la Bible afin de stimuler notre Foi au quotidien, la faire partager, la nourrir tout au long de\u00a0l&rsquo;ann\u00e9e dans nos pri\u00e8res et lors des c\u00e9l\u00e9brations &#8230; Bonne m\u00e9ditation.<\/p>\n<\/div>\n<\/div>\n<\/div>\n<div>\n<div>\n<p>\u00ab\u00a0Garde ton c\u0153ur plus que toute autre chose,<br \/>\ncar de lui viennent les sources de la vie\u00a0\u00bb \u00a0 <em>\u00a0(Pr 4,23)<\/em><\/p>\n<\/div>\n<\/div>\n<div>\n<div>\n<p>\u00ab\u00a0Si nous vivons par le Souffle, marchons aussi selon l&rsquo;Esprit\u00a0\u00bb \u00a0 \u00a0<em>(St Paul aux Galates 5,25)<\/em><\/p>\n<\/div>\n<\/div>\n<div>\n<div>\n<p>\u00ab\u00a0Je vous le dis en v\u00e9rit\u00e9, le ciel et la terre passeront<br \/>\nmais mes paroles ne passeront pas.\u00a0\u00bb \u00a0 <em>\u00a0(St Matthieu. 24,34-35)<\/em><\/p>\n<\/div>\n<\/div>\n<div>\n<div>\n<p>\u00ab\u00a0Nul ne sait ni le jour ni l&rsquo;heure, ni les messagers, ni le Fils mais le P\u00e8re seul\u00a0\u00bb \u00a0 \u00a0 \u00a0 \u00a0 \u00a0 \u00a0 \u00a0 \u00a0 \u00a0 <em>(St Matthieu 24,36)<\/em><\/p>\n<\/div>\n<\/div>\n<div>\n<div>\n<p>\u00ab\u00a0O hommes, pourquoi agissez-vous de la sorte?&#8230;<br \/>\nNous vous exhortons \u00e0 renoncer aux choses vaines \u00a0 \u00a0 \u00a0 \u00a0 \u00a0 \u00a0 \u00a0 \u00a0 \u00a0 \u00a0 \u00a0 \u00a0 \u00a0 \u00a0 \u00a0 \u00a0 \u00a0 \u00a0 \u00a0 \u00a0 \u00a0 \u00a0 \u00a0 \u00a0 \u00a0 \u00a0 \u00a0 \u00a0 \u00a0 \u00a0 \u00a0pour vous tourner vers le Dieu vivant&#8230;\u00a0\u00bb \u00a0 \u00a0 <em>\u00a0(Actes des Ap\u00f4tres 14,15)<\/em><\/p>\n<\/div>\n<\/div>\n<div>\n<div>\n<p>\u00ab\u00a0Et voici ce t\u00e9moignage: c&rsquo;est que Dieu nous a donn\u00e9 la vie \u00e9ternelle,<br \/>\net que cette vie est dans son Fils. Celui qui a le Fils, a la Vie\u00a0\u00bb \u00a0 \u00a0 \u00a0<em> \u00a0(St Jean 5, 11-12)<\/em><\/p>\n<\/div>\n<\/div>\n<div>\n<div>\n<div>\n<p>\u00ab\u00a0Ne te h\u00e2te pas en ton esprit de t&rsquo;irriter,<br \/>\ncar l&rsquo;irritation repose dans le sein des insens\u00e9s.\u00a0\u00bb \u00a0 \u00a0 \u00a0 <em>\u00a0 (Eccl\u00e9siaste 7,9)<\/em><\/p>\n<\/div>\n<\/div>\n<\/div>\n<div>\n<div>\n<p>\u00ab\u00a0Restez en tenue de service, et gardez vos lampes allum\u00e9es&#8230;.<br \/>\npour lui ouvrir d\u00e8s qu\u2019Il arrivera et frappera \u00e0 la porte\u00a0\u00bb \u00a0 \u00a0 \u00a0<em> (Luc 12, 35)<\/em><\/p>\n<\/div>\n<\/div>\n<div>\n<div>\n<p>\u00ab\u00a0Les voies de Dieu sont parfaites, la parole de l&rsquo;Eternel est \u00e9prouv\u00e9e;<br \/>\nIl est un bouclier pour tous ceux qui se confient en Lui.\u00a0\u00bb \u00a0 <em>\u00a0 \u00a0 (Samuel 22,31)<\/em><\/p>\n<\/div>\n<\/div>\n<div>\n<div>\n<p>\u00ab\u00a0En v\u00e9rit\u00e9 je vous le dis: ce que vous faites au plus petit des miens, c&rsquo;est \u00e0 moi que vous le faites\u00a0\u00bb \u00a0 \u00a0 <em>\u00a0 \u00a0(St Matthieu 25,40)\u00a0<\/em><\/p>\n<p>\u00ab\u00a0Si quelqu&rsquo;un d&rsquo;entre vous manque de sagesse, qu&rsquo;il la demande \u00e0 Dieu &#8230; et elle lui sera donn\u00e9e; mais qu&rsquo;il la demande avec Foi et sans douter&#8230;\u00a0\u00bb \u00a0 \u00a0 \u00a0 \u00a0 \u00a0<em> (St Jacques 1,5-6)<\/em><\/p>\n<\/div>\n<\/div>\n<\/div>\n","protected":false},"excerpt":{"rendered":"<p>\u00ab\u00a0Que cette nouvelle ann\u00e9e apporte \u00e0 chacun le travail n\u00e9cessaire, la sant\u00e9 du corps et de l&rsquo;esprit, les petites et grandes joies du quotidien qui font le bonheur de la vie \u00a0 \u00a0 \u00a0 \u00a0 \u00a0 \u00a0 \u00a0 \u00a0 \u00a0 &hellip; <a href=\"https:\/\/gallican-montbrison.fr\/wp\/?p=2354\">Continuer la lecture <span class=\"meta-nav\">&rarr;<\/span><\/a><\/p>\n","protected":false},"author":3,"featured_media":0,"comment_status":"closed","ping_status":"open","sticky":false,"template":"","format":"standard","meta":{"footnotes":""},"categories":[11],"tags":[181,182,87,180],"class_list":["post-2354","post","type-post","status-publish","format-standard","hentry","category-articles-et-conferences","tag-divorce","tag-divorces","tag-mariage","tag-remariage"],"yoast_head":"<!-- This site is optimized with the Yoast SEO plugin v25.6 - https:\/\/yoast.com\/wordpress\/plugins\/seo\/ -->\n<title>B\u00e9n\u00e9diction et m\u00e9ditations pour 2013 - Chapelle Saint Michel Archange Montbrison<\/title>\n<meta name=\"robots\" content=\"index, follow, max-snippet:-1, max-image-preview:large, max-video-preview:-1\" \/>\n<link rel=\"canonical\" href=\"https:\/\/gallican-montbrison.fr\/wp\/?p=2354\" \/>\n<meta property=\"og:locale\" content=\"fr_FR\" \/>\n<meta property=\"og:type\" content=\"article\" \/>\n<meta property=\"og:title\" content=\"B\u00e9n\u00e9diction et m\u00e9ditations pour 2013 - Chapelle Saint Michel Archange Montbrison\" \/>\n<meta property=\"og:description\" content=\"\u00ab\u00a0Que cette nouvelle ann\u00e9e apporte \u00e0 chacun le travail n\u00e9cessaire, la sant\u00e9 du corps et de l&rsquo;esprit, les petites et grandes joies du quotidien qui font le bonheur de la vie \u00a0 \u00a0 \u00a0 \u00a0 \u00a0 \u00a0 \u00a0 \u00a0 \u00a0 &hellip; Continuer la lecture &rarr;\" \/>\n<meta property=\"og:url\" content=\"https:\/\/gallican-montbrison.fr\/wp\/?p=2354\" \/>\n<meta property=\"og:site_name\" content=\"Chapelle Saint Michel Archange Montbrison\" \/>\n<meta property=\"article:publisher\" content=\"https:\/\/www.facebook.com\/people\/Eglise-Gallicane-Chapelle-Saint-Michel-Archange\/100064564306693\/\" \/>\n<meta property=\"article:published_time\" content=\"2013-01-05T17:45:38+00:00\" \/>\n<meta property=\"article:modified_time\" content=\"2013-03-08T14:58:27+00:00\" \/>\n<meta name=\"author\" content=\"Colette\" \/>\n<meta name=\"twitter:card\" content=\"summary_large_image\" \/>\n<meta name=\"twitter:label1\" content=\"\u00c9crit par\" \/>\n\t<meta name=\"twitter:data1\" content=\"Colette\" \/>\n\t<meta name=\"twitter:label2\" content=\"Dur\u00e9e de lecture estim\u00e9e\" \/>\n\t<meta name=\"twitter:data2\" content=\"2 minutes\" \/>\n<script type=\"application\/ld+json\" class=\"yoast-schema-graph\">{\"@context\":\"https:\/\/schema.org\",\"@graph\":[{\"@type\":\"WebPage\",\"@id\":\"https:\/\/gallican-montbrison.fr\/wp\/?p=2354\",\"url\":\"https:\/\/gallican-montbrison.fr\/wp\/?p=2354\",\"name\":\"B\u00e9n\u00e9diction et m\u00e9ditations pour 2013 - Chapelle Saint Michel Archange Montbrison\",\"isPartOf\":{\"@id\":\"https:\/\/gallican-montbrison.fr\/wp\/#website\"},\"datePublished\":\"2013-01-05T17:45:38+00:00\",\"dateModified\":\"2013-03-08T14:58:27+00:00\",\"author\":{\"@id\":\"https:\/\/gallican-montbrison.fr\/wp\/#\/schema\/person\/fc5571a40f7c79de2fb1b0cf72c089a4\"},\"breadcrumb\":{\"@id\":\"https:\/\/gallican-montbrison.fr\/wp\/?p=2354#breadcrumb\"},\"inLanguage\":\"fr-FR\",\"potentialAction\":[{\"@type\":\"ReadAction\",\"target\":[\"https:\/\/gallican-montbrison.fr\/wp\/?p=2354\"]}]},{\"@type\":\"BreadcrumbList\",\"@id\":\"https:\/\/gallican-montbrison.fr\/wp\/?p=2354#breadcrumb\",\"itemListElement\":[{\"@type\":\"ListItem\",\"position\":1,\"name\":\"Accueil\",\"item\":\"https:\/\/gallican-montbrison.fr\/wp\"},{\"@type\":\"ListItem\",\"position\":2,\"name\":\"B\u00e9n\u00e9diction et m\u00e9ditations pour 2013\"}]},{\"@type\":\"WebSite\",\"@id\":\"https:\/\/gallican-montbrison.fr\/wp\/#website\",\"url\":\"https:\/\/gallican-montbrison.fr\/wp\/\",\"name\":\"Chapelle Saint Michel Archange Montbrison\",\"description\":\"Eglise Gallicane, Tradition Apostolique de Gazinet\",\"potentialAction\":[{\"@type\":\"SearchAction\",\"target\":{\"@type\":\"EntryPoint\",\"urlTemplate\":\"https:\/\/gallican-montbrison.fr\/wp\/?s={search_term_string}\"},\"query-input\":{\"@type\":\"PropertyValueSpecification\",\"valueRequired\":true,\"valueName\":\"search_term_string\"}}],\"inLanguage\":\"fr-FR\"},{\"@type\":\"Person\",\"@id\":\"https:\/\/gallican-montbrison.fr\/wp\/#\/schema\/person\/fc5571a40f7c79de2fb1b0cf72c089a4\",\"name\":\"Colette\",\"url\":\"https:\/\/gallican-montbrison.fr\/wp\/?author=3\"}]}<\/script>\n<!-- \/ Yoast SEO plugin. -->","yoast_head_json":{"title":"B\u00e9n\u00e9diction et m\u00e9ditations pour 2013 - Chapelle Saint Michel Archange Montbrison","robots":{"index":"index","follow":"follow","max-snippet":"max-snippet:-1","max-image-preview":"max-image-preview:large","max-video-preview":"max-video-preview:-1"},"canonical":"https:\/\/gallican-montbrison.fr\/wp\/?p=2354","og_locale":"fr_FR","og_type":"article","og_title":"B\u00e9n\u00e9diction et m\u00e9ditations pour 2013 - Chapelle Saint Michel Archange Montbrison","og_description":"\u00ab\u00a0Que cette nouvelle ann\u00e9e apporte \u00e0 chacun le travail n\u00e9cessaire, la sant\u00e9 du corps et de l&rsquo;esprit, les petites et grandes joies du quotidien qui font le bonheur de la vie \u00a0 \u00a0 \u00a0 \u00a0 \u00a0 \u00a0 \u00a0 \u00a0 \u00a0 &hellip; Continuer la lecture &rarr;","og_url":"https:\/\/gallican-montbrison.fr\/wp\/?p=2354","og_site_name":"Chapelle Saint Michel Archange Montbrison","article_publisher":"https:\/\/www.facebook.com\/people\/Eglise-Gallicane-Chapelle-Saint-Michel-Archange\/100064564306693\/","article_published_time":"2013-01-05T17:45:38+00:00","article_modified_time":"2013-03-08T14:58:27+00:00","author":"Colette","twitter_card":"summary_large_image","twitter_misc":{"\u00c9crit par":"Colette","Dur\u00e9e de lecture estim\u00e9e":"2 minutes"},"schema":{"@context":"https:\/\/schema.org","@graph":[{"@type":"WebPage","@id":"https:\/\/gallican-montbrison.fr\/wp\/?p=2354","url":"https:\/\/gallican-montbrison.fr\/wp\/?p=2354","name":"B\u00e9n\u00e9diction et m\u00e9ditations pour 2013 - Chapelle Saint Michel Archange Montbrison","isPartOf":{"@id":"https:\/\/gallican-montbrison.fr\/wp\/#website"},"datePublished":"2013-01-05T17:45:38+00:00","dateModified":"2013-03-08T14:58:27+00:00","author":{"@id":"https:\/\/gallican-montbrison.fr\/wp\/#\/schema\/person\/fc5571a40f7c79de2fb1b0cf72c089a4"},"breadcrumb":{"@id":"https:\/\/gallican-montbrison.fr\/wp\/?p=2354#breadcrumb"},"inLanguage":"fr-FR","potentialAction":[{"@type":"ReadAction","target":["https:\/\/gallican-montbrison.fr\/wp\/?p=2354"]}]},{"@type":"BreadcrumbList","@id":"https:\/\/gallican-montbrison.fr\/wp\/?p=2354#breadcrumb","itemListElement":[{"@type":"ListItem","position":1,"name":"Accueil","item":"https:\/\/gallican-montbrison.fr\/wp"},{"@type":"ListItem","position":2,"name":"B\u00e9n\u00e9diction et m\u00e9ditations pour 2013"}]},{"@type":"WebSite","@id":"https:\/\/gallican-montbrison.fr\/wp\/#website","url":"https:\/\/gallican-montbrison.fr\/wp\/","name":"Chapelle Saint Michel Archange Montbrison","description":"Eglise Gallicane, Tradition Apostolique de Gazinet","potentialAction":[{"@type":"SearchAction","target":{"@type":"EntryPoint","urlTemplate":"https:\/\/gallican-montbrison.fr\/wp\/?s={search_term_string}"},"query-input":{"@type":"PropertyValueSpecification","valueRequired":true,"valueName":"search_term_string"}}],"inLanguage":"fr-FR"},{"@type":"Person","@id":"https:\/\/gallican-montbrison.fr\/wp\/#\/schema\/person\/fc5571a40f7c79de2fb1b0cf72c089a4","name":"Colette","url":"https:\/\/gallican-montbrison.fr\/wp\/?author=3"}]}},"_links":{"self":[{"href":"https:\/\/gallican-montbrison.fr\/wp\/index.php?rest_route=\/wp\/v2\/posts\/2354"}],"collection":[{"href":"https:\/\/gallican-montbrison.fr\/wp\/index.php?rest_route=\/wp\/v2\/posts"}],"about":[{"href":"https:\/\/gallican-montbrison.fr\/wp\/index.php?rest_route=\/wp\/v2\/types\/post"}],"author":[{"embeddable":true,"href":"https:\/\/gallican-montbrison.fr\/wp\/index.php?rest_route=\/wp\/v2\/users\/3"}],"replies":[{"embeddable":true,"href":"https:\/\/gallican-montbrison.fr\/wp\/index.php?rest_route=%2Fwp%2Fv2%2Fcomments&post=2354"}],"version-history":[{"count":5,"href":"https:\/\/gallican-montbrison.fr\/wp\/index.php?rest_route=\/wp\/v2\/posts\/2354\/revisions"}],"predecessor-version":[{"id":2365,"href":"https:\/\/gallican-montbrison.fr\/wp\/index.php?rest_route=\/wp\/v2\/posts\/2354\/revisions\/2365"}],"wp:attachment":[{"href":"https:\/\/gallican-montbrison.fr\/wp\/index.php?rest_route=%2Fwp%2Fv2%2Fmedia&parent=2354"}],"wp:term":[{"taxonomy":"category","embeddable":true,"href":"https:\/\/gallican-montbrison.fr\/wp\/index.php?rest_route=%2Fwp%2Fv2%2Fcategories&post=2354"},{"taxonomy":"post_tag","embeddable":true,"href":"https:\/\/gallican-montbrison.fr\/wp\/index.php?rest_route=%2Fwp%2Fv2%2Ftags&post=2354"}],"curies":[{"name":"wp","href":"https:\/\/api.w.org\/{rel}","templated":true}]}}