{"id":2709,"date":"2013-05-13T15:42:45","date_gmt":"2013-05-13T13:42:45","guid":{"rendered":"http:\/\/gallican-montbrison.fr\/wp\/?p=2709"},"modified":"2013-05-13T16:21:33","modified_gmt":"2013-05-13T14:21:33","slug":"preparons-nous-a-celebrer-la-pentecote","status":"publish","type":"post","link":"https:\/\/gallican-montbrison.fr\/wp\/?p=2709","title":{"rendered":"Pr\u00e9parons nous \u00e0 c\u00e9l\u00e9brer \u00ab\u00a0Pentec\u00f4te\u00a0\u00bb"},"content":{"rendered":"<p><strong><span style=\"color: #ff9900;\"><a href=\"http:\/\/gallican-montbrison.fr\/wp\/wp-content\/uploads\/2013\/05\/images-11.jpeg\"><img loading=\"lazy\" decoding=\"async\" class=\"alignleft size-full wp-image-2715\" title=\"images-11\" src=\"http:\/\/gallican-montbrison.fr\/wp\/wp-content\/uploads\/2013\/05\/images-11.jpeg\" alt=\"\" width=\"173\" height=\"291\" \/><\/a>Pentec\u00f4te:<\/span> <\/strong>F\u00eate religieuse qui c\u00e9l\u00e8bre la venue de l&rsquo;Esprit Saint, celui que le Christ annon\u00e7ait pour lui succ\u00e9der aupr\u00e8s des hommes jusqu&rsquo;\u00e0 la fin des temps; toujours pr\u00e9sent aujourd&rsquo;hui \u00e0 nos c\u00f4t\u00e9s. Nous le retrouvons dans la pri\u00e8re et lors des c\u00e9l\u00e9brations<\/p>\n<p><strong><span style=\"color: #3366ff;\">DIMANCHE 19 MAI \u00e0 10H30 : Messe de Pentec\u00f4te \u00e0 la chapelle<\/span><\/strong><\/p>\n<p><strong><span style=\"color: #ff9900;\">L&rsquo;Esprit Saint renouvelle en nos \u00e2mes ses 7 dons:<\/span><\/strong>\u00a0l&rsquo;esprit de Sagesse, l&rsquo;esprit d&rsquo;Intelligence, l&rsquo;esprit de Conseil, l&rsquo;esprit de Force, Don de Science, Don de Pi\u00e9t\u00e9 et Don de Crainte (d&rsquo;offenser Dieu)<\/p>\n<p><span style=\"color: #ff9900;\">L\u2019esprit de sagesse<\/span> :\u00a0pour faire la part des choses dans notre vie, avoir un bon discernement, un bon \u00e9quilibre, faire la diff\u00e9rence entre le bien et le mal, le juste et l\u2019injuste<strong>.<\/strong><\/p>\n<p><span style=\"color: #ff9900;\">L\u2019esprit d\u2019intelligence<\/span> :\u00a0Pour comprendre, analyser, r\u00e9fl\u00e9chir. L\u2019Eglise insiste pour que le don de sagesse \u00e9claire l\u2019intelligence, c\u2019est \u00e0 dire lui donne une \u00e2me, la conscience du bien et du mal. Des gens tr\u00e8s intelligents, brillants, peuvent se tourner vers le mal ou sombrer dans la folie, raison pour laquelle la sagesse est indispensable pour conduire et guider l\u2019\u00eatre humain sur le chemin de la vie et du bonheur.<\/p>\n<p><span style=\"color: #ff9900;\">L\u2019esprit de conseil<\/span> :\u00a0Il agit en direction du prochain. Il d\u00e9pend de l\u2019esprit de sagesse et d\u2019intelligence, sa vocation est d\u2019aller vers les autres pour aider. Un conseil, un avis, une appr\u00e9ciation pour orienter et soulager celui ou celle qui ne voit plus clair face aux difficult\u00e9s de sa vie.<\/p>\n<p><span style=\"color: #ff9900;\">L\u2019esprit de force<\/span> :\u00a0Sans l\u2019\u00e9nergie, la force de caract\u00e8re, la t\u00e9nacit\u00e9, la pers\u00e9v\u00e9rance, les meilleures id\u00e9es, les meilleures r\u00e9solutions ne sont rien. Elles tombent d\u2019elle-m\u00eame. Dans la vie il faut faire preuve de force pour avancer.<\/p>\n<p><span style=\"color: #ff9900;\">L\u2019esprit de science<\/span> :\u00a0La venue de l\u2019Esprit-Saint sur les ap\u00f4tres lors de la Pentec\u00f4te les montre parlant des langues \u00e9trang\u00e8res qu\u2019ils n\u2019ont pas apprises\u2026 Ce don extraordinaire fait partie de l\u2019esprit de science. Les vies de saints nous r\u00e9v\u00e8lent l\u2019existence de facult\u00e9s exceptionnelles donn\u00e9es \u00e0 tel ou tel selon le bon vouloir de Dieu : vision dans le futur, connaissances exceptionnelles sans passer par l\u2019apprentissage classique. Cela reste \u00e9videmment tr\u00e8s rare. D\u2019une mani\u00e8re ordinaire nous pourrions peut-\u00eatre rapprocher le don de science d\u2019une certaine forme d\u2019intuition<\/p>\n<p><span style=\"color: #ff9900;\">L\u2019esprit de pri\u00e8re<\/span> :\u00a0On disait autrefois pi\u00e9t\u00e9, c\u2019est \u00e0 dire l\u2019amour respectueux de Dieu. Il se d\u00e9veloppe \u00e9videmment dans la pri\u00e8re et la ferveur, culte public ou supplication personnelle. C\u2019est le lien, le \u00ab\u00a0cordon ombilical\u00a0\u00bb qui nous unit \u00e0 Dieu, le fil d\u2019or qui nous relie \u00e0 sa pr\u00e9sence, son amour et sa lumi\u00e8re.<\/p>\n<p><span style=\"color: #ff9900;\">L\u2019esprit de respect<\/span> :\u00a0Il \u00e9tait d\u00e9sign\u00e9 au temps jadis sous le nom d\u2019esprit de crainte, celle d\u2019offenser Dieu (ne pas vouloir blesser l\u2019amour qu\u2019il nous porte \u2013 ne pas le d\u00e9cevoir, l\u2019attrister). Comme l\u2019Ap\u00f4tre Jean nous explique dans ses \u00e9p\u00eetres que \u00ab\u00a0l\u2019amour parfait bannit la crainte, car celui qui craint n\u2019est pas parfait dans l\u2019amour\u00a0\u00bb, on peut remplacer le mot crainte par celui de respect : la crainte suppose le ch\u00e2timent, le respect est bas\u00e9 sur l\u2019amour, la consid\u00e9ration, l\u2019estime.<\/p>\n<div><\/div>\n<div><\/div>\n","protected":false},"excerpt":{"rendered":"<p>Pentec\u00f4te: F\u00eate religieuse qui c\u00e9l\u00e8bre la venue de l&rsquo;Esprit Saint, celui que le Christ annon\u00e7ait pour lui succ\u00e9der aupr\u00e8s des hommes jusqu&rsquo;\u00e0 la fin des temps; toujours pr\u00e9sent aujourd&rsquo;hui \u00e0 nos c\u00f4t\u00e9s. Nous le retrouvons dans la pri\u00e8re et lors &hellip; <a href=\"https:\/\/gallican-montbrison.fr\/wp\/?p=2709\">Continuer la lecture <span class=\"meta-nav\">&rarr;<\/span><\/a><\/p>\n","protected":false},"author":3,"featured_media":0,"comment_status":"closed","ping_status":"open","sticky":false,"template":"","format":"standard","meta":{"footnotes":""},"categories":[5],"tags":[],"class_list":["post-2709","post","type-post","status-publish","format-standard","hentry","category-vie-de-la-chapelle"],"yoast_head":"<!-- This site is optimized with the Yoast SEO plugin v25.6 - https:\/\/yoast.com\/wordpress\/plugins\/seo\/ -->\n<title>Pr\u00e9parons nous \u00e0 c\u00e9l\u00e9brer &quot;Pentec\u00f4te&quot; - Chapelle Saint Michel Archange Montbrison<\/title>\n<meta name=\"robots\" content=\"index, follow, max-snippet:-1, max-image-preview:large, max-video-preview:-1\" \/>\n<link rel=\"canonical\" href=\"https:\/\/gallican-montbrison.fr\/wp\/?p=2709\" \/>\n<meta property=\"og:locale\" content=\"fr_FR\" \/>\n<meta property=\"og:type\" content=\"article\" \/>\n<meta property=\"og:title\" content=\"Pr\u00e9parons nous \u00e0 c\u00e9l\u00e9brer &quot;Pentec\u00f4te&quot; - Chapelle Saint Michel Archange Montbrison\" \/>\n<meta property=\"og:description\" content=\"Pentec\u00f4te: F\u00eate religieuse qui c\u00e9l\u00e8bre la venue de l&rsquo;Esprit Saint, celui que le Christ annon\u00e7ait pour lui succ\u00e9der aupr\u00e8s des hommes jusqu&rsquo;\u00e0 la fin des temps; toujours pr\u00e9sent aujourd&rsquo;hui \u00e0 nos c\u00f4t\u00e9s. Nous le retrouvons dans la pri\u00e8re et lors &hellip; Continuer la lecture &rarr;\" \/>\n<meta property=\"og:url\" content=\"https:\/\/gallican-montbrison.fr\/wp\/?p=2709\" \/>\n<meta property=\"og:site_name\" content=\"Chapelle Saint Michel Archange Montbrison\" \/>\n<meta property=\"article:publisher\" content=\"https:\/\/www.facebook.com\/people\/Eglise-Gallicane-Chapelle-Saint-Michel-Archange\/100064564306693\/\" \/>\n<meta property=\"article:published_time\" content=\"2013-05-13T13:42:45+00:00\" \/>\n<meta property=\"article:modified_time\" content=\"2013-05-13T14:21:33+00:00\" \/>\n<meta property=\"og:image\" content=\"http:\/\/gallican-montbrison.fr\/wp\/wp-content\/uploads\/2013\/05\/images-11.jpeg\" \/>\n<meta name=\"author\" content=\"Colette\" \/>\n<meta name=\"twitter:card\" content=\"summary_large_image\" \/>\n<meta name=\"twitter:label1\" content=\"\u00c9crit par\" \/>\n\t<meta name=\"twitter:data1\" content=\"Colette\" \/>\n\t<meta name=\"twitter:label2\" content=\"Dur\u00e9e de lecture estim\u00e9e\" \/>\n\t<meta name=\"twitter:data2\" content=\"3 minutes\" \/>\n<script type=\"application\/ld+json\" class=\"yoast-schema-graph\">{\"@context\":\"https:\/\/schema.org\",\"@graph\":[{\"@type\":\"WebPage\",\"@id\":\"https:\/\/gallican-montbrison.fr\/wp\/?p=2709\",\"url\":\"https:\/\/gallican-montbrison.fr\/wp\/?p=2709\",\"name\":\"Pr\u00e9parons nous \u00e0 c\u00e9l\u00e9brer \\\"Pentec\u00f4te\\\" - Chapelle Saint Michel Archange Montbrison\",\"isPartOf\":{\"@id\":\"https:\/\/gallican-montbrison.fr\/wp\/#website\"},\"primaryImageOfPage\":{\"@id\":\"https:\/\/gallican-montbrison.fr\/wp\/?p=2709#primaryimage\"},\"image\":{\"@id\":\"https:\/\/gallican-montbrison.fr\/wp\/?p=2709#primaryimage\"},\"thumbnailUrl\":\"http:\/\/gallican-montbrison.fr\/wp\/wp-content\/uploads\/2013\/05\/images-11.jpeg\",\"datePublished\":\"2013-05-13T13:42:45+00:00\",\"dateModified\":\"2013-05-13T14:21:33+00:00\",\"author\":{\"@id\":\"https:\/\/gallican-montbrison.fr\/wp\/#\/schema\/person\/fc5571a40f7c79de2fb1b0cf72c089a4\"},\"breadcrumb\":{\"@id\":\"https:\/\/gallican-montbrison.fr\/wp\/?p=2709#breadcrumb\"},\"inLanguage\":\"fr-FR\",\"potentialAction\":[{\"@type\":\"ReadAction\",\"target\":[\"https:\/\/gallican-montbrison.fr\/wp\/?p=2709\"]}]},{\"@type\":\"ImageObject\",\"inLanguage\":\"fr-FR\",\"@id\":\"https:\/\/gallican-montbrison.fr\/wp\/?p=2709#primaryimage\",\"url\":\"http:\/\/gallican-montbrison.fr\/wp\/wp-content\/uploads\/2013\/05\/images-11.jpeg\",\"contentUrl\":\"http:\/\/gallican-montbrison.fr\/wp\/wp-content\/uploads\/2013\/05\/images-11.jpeg\"},{\"@type\":\"BreadcrumbList\",\"@id\":\"https:\/\/gallican-montbrison.fr\/wp\/?p=2709#breadcrumb\",\"itemListElement\":[{\"@type\":\"ListItem\",\"position\":1,\"name\":\"Accueil\",\"item\":\"https:\/\/gallican-montbrison.fr\/wp\"},{\"@type\":\"ListItem\",\"position\":2,\"name\":\"Pr\u00e9parons nous \u00e0 c\u00e9l\u00e9brer \u00ab\u00a0Pentec\u00f4te\u00a0\u00bb\"}]},{\"@type\":\"WebSite\",\"@id\":\"https:\/\/gallican-montbrison.fr\/wp\/#website\",\"url\":\"https:\/\/gallican-montbrison.fr\/wp\/\",\"name\":\"Chapelle Saint Michel Archange Montbrison\",\"description\":\"Eglise Gallicane, Tradition Apostolique de Gazinet\",\"potentialAction\":[{\"@type\":\"SearchAction\",\"target\":{\"@type\":\"EntryPoint\",\"urlTemplate\":\"https:\/\/gallican-montbrison.fr\/wp\/?s={search_term_string}\"},\"query-input\":{\"@type\":\"PropertyValueSpecification\",\"valueRequired\":true,\"valueName\":\"search_term_string\"}}],\"inLanguage\":\"fr-FR\"},{\"@type\":\"Person\",\"@id\":\"https:\/\/gallican-montbrison.fr\/wp\/#\/schema\/person\/fc5571a40f7c79de2fb1b0cf72c089a4\",\"name\":\"Colette\",\"url\":\"https:\/\/gallican-montbrison.fr\/wp\/?author=3\"}]}<\/script>\n<!-- \/ Yoast SEO plugin. -->","yoast_head_json":{"title":"Pr\u00e9parons nous \u00e0 c\u00e9l\u00e9brer \"Pentec\u00f4te\" - Chapelle Saint Michel Archange Montbrison","robots":{"index":"index","follow":"follow","max-snippet":"max-snippet:-1","max-image-preview":"max-image-preview:large","max-video-preview":"max-video-preview:-1"},"canonical":"https:\/\/gallican-montbrison.fr\/wp\/?p=2709","og_locale":"fr_FR","og_type":"article","og_title":"Pr\u00e9parons nous \u00e0 c\u00e9l\u00e9brer \"Pentec\u00f4te\" - Chapelle Saint Michel Archange Montbrison","og_description":"Pentec\u00f4te: F\u00eate religieuse qui c\u00e9l\u00e8bre la venue de l&rsquo;Esprit Saint, celui que le Christ annon\u00e7ait pour lui succ\u00e9der aupr\u00e8s des hommes jusqu&rsquo;\u00e0 la fin des temps; toujours pr\u00e9sent aujourd&rsquo;hui \u00e0 nos c\u00f4t\u00e9s. Nous le retrouvons dans la pri\u00e8re et lors &hellip; Continuer la lecture &rarr;","og_url":"https:\/\/gallican-montbrison.fr\/wp\/?p=2709","og_site_name":"Chapelle Saint Michel Archange Montbrison","article_publisher":"https:\/\/www.facebook.com\/people\/Eglise-Gallicane-Chapelle-Saint-Michel-Archange\/100064564306693\/","article_published_time":"2013-05-13T13:42:45+00:00","article_modified_time":"2013-05-13T14:21:33+00:00","og_image":[{"url":"http:\/\/gallican-montbrison.fr\/wp\/wp-content\/uploads\/2013\/05\/images-11.jpeg","type":"","width":"","height":""}],"author":"Colette","twitter_card":"summary_large_image","twitter_misc":{"\u00c9crit par":"Colette","Dur\u00e9e de lecture estim\u00e9e":"3 minutes"},"schema":{"@context":"https:\/\/schema.org","@graph":[{"@type":"WebPage","@id":"https:\/\/gallican-montbrison.fr\/wp\/?p=2709","url":"https:\/\/gallican-montbrison.fr\/wp\/?p=2709","name":"Pr\u00e9parons nous \u00e0 c\u00e9l\u00e9brer \"Pentec\u00f4te\" - Chapelle Saint Michel Archange Montbrison","isPartOf":{"@id":"https:\/\/gallican-montbrison.fr\/wp\/#website"},"primaryImageOfPage":{"@id":"https:\/\/gallican-montbrison.fr\/wp\/?p=2709#primaryimage"},"image":{"@id":"https:\/\/gallican-montbrison.fr\/wp\/?p=2709#primaryimage"},"thumbnailUrl":"http:\/\/gallican-montbrison.fr\/wp\/wp-content\/uploads\/2013\/05\/images-11.jpeg","datePublished":"2013-05-13T13:42:45+00:00","dateModified":"2013-05-13T14:21:33+00:00","author":{"@id":"https:\/\/gallican-montbrison.fr\/wp\/#\/schema\/person\/fc5571a40f7c79de2fb1b0cf72c089a4"},"breadcrumb":{"@id":"https:\/\/gallican-montbrison.fr\/wp\/?p=2709#breadcrumb"},"inLanguage":"fr-FR","potentialAction":[{"@type":"ReadAction","target":["https:\/\/gallican-montbrison.fr\/wp\/?p=2709"]}]},{"@type":"ImageObject","inLanguage":"fr-FR","@id":"https:\/\/gallican-montbrison.fr\/wp\/?p=2709#primaryimage","url":"http:\/\/gallican-montbrison.fr\/wp\/wp-content\/uploads\/2013\/05\/images-11.jpeg","contentUrl":"http:\/\/gallican-montbrison.fr\/wp\/wp-content\/uploads\/2013\/05\/images-11.jpeg"},{"@type":"BreadcrumbList","@id":"https:\/\/gallican-montbrison.fr\/wp\/?p=2709#breadcrumb","itemListElement":[{"@type":"ListItem","position":1,"name":"Accueil","item":"https:\/\/gallican-montbrison.fr\/wp"},{"@type":"ListItem","position":2,"name":"Pr\u00e9parons nous \u00e0 c\u00e9l\u00e9brer \u00ab\u00a0Pentec\u00f4te\u00a0\u00bb"}]},{"@type":"WebSite","@id":"https:\/\/gallican-montbrison.fr\/wp\/#website","url":"https:\/\/gallican-montbrison.fr\/wp\/","name":"Chapelle Saint Michel Archange Montbrison","description":"Eglise Gallicane, Tradition Apostolique de Gazinet","potentialAction":[{"@type":"SearchAction","target":{"@type":"EntryPoint","urlTemplate":"https:\/\/gallican-montbrison.fr\/wp\/?s={search_term_string}"},"query-input":{"@type":"PropertyValueSpecification","valueRequired":true,"valueName":"search_term_string"}}],"inLanguage":"fr-FR"},{"@type":"Person","@id":"https:\/\/gallican-montbrison.fr\/wp\/#\/schema\/person\/fc5571a40f7c79de2fb1b0cf72c089a4","name":"Colette","url":"https:\/\/gallican-montbrison.fr\/wp\/?author=3"}]}},"_links":{"self":[{"href":"https:\/\/gallican-montbrison.fr\/wp\/index.php?rest_route=\/wp\/v2\/posts\/2709"}],"collection":[{"href":"https:\/\/gallican-montbrison.fr\/wp\/index.php?rest_route=\/wp\/v2\/posts"}],"about":[{"href":"https:\/\/gallican-montbrison.fr\/wp\/index.php?rest_route=\/wp\/v2\/types\/post"}],"author":[{"embeddable":true,"href":"https:\/\/gallican-montbrison.fr\/wp\/index.php?rest_route=\/wp\/v2\/users\/3"}],"replies":[{"embeddable":true,"href":"https:\/\/gallican-montbrison.fr\/wp\/index.php?rest_route=%2Fwp%2Fv2%2Fcomments&post=2709"}],"version-history":[{"count":7,"href":"https:\/\/gallican-montbrison.fr\/wp\/index.php?rest_route=\/wp\/v2\/posts\/2709\/revisions"}],"predecessor-version":[{"id":2718,"href":"https:\/\/gallican-montbrison.fr\/wp\/index.php?rest_route=\/wp\/v2\/posts\/2709\/revisions\/2718"}],"wp:attachment":[{"href":"https:\/\/gallican-montbrison.fr\/wp\/index.php?rest_route=%2Fwp%2Fv2%2Fmedia&parent=2709"}],"wp:term":[{"taxonomy":"category","embeddable":true,"href":"https:\/\/gallican-montbrison.fr\/wp\/index.php?rest_route=%2Fwp%2Fv2%2Fcategories&post=2709"},{"taxonomy":"post_tag","embeddable":true,"href":"https:\/\/gallican-montbrison.fr\/wp\/index.php?rest_route=%2Fwp%2Fv2%2Ftags&post=2709"}],"curies":[{"name":"wp","href":"https:\/\/api.w.org\/{rel}","templated":true}]}}