{"id":2720,"date":"2014-06-07T10:00:14","date_gmt":"2014-06-07T08:00:14","guid":{"rendered":"http:\/\/gallican-montbrison.fr\/wp\/?p=2720"},"modified":"2014-06-08T16:37:59","modified_gmt":"2014-06-08T14:37:59","slug":"meditation-semaine-de-pentecote-ouverture-a-lesprit-saint","status":"publish","type":"post","link":"https:\/\/gallican-montbrison.fr\/wp\/?p=2720","title":{"rendered":"M\u00e9ditation pour la semaine de Pentec\u00f4te: Ouverture \u00e0 l&rsquo;Esprit Saint"},"content":{"rendered":"<p>Mgr Guillaume Durand (1230-1296) , \u00e9v\u00eaque de Mende, propose la m\u00e9ditation suivante autour des dons de l&rsquo;Esprit Saint. Il met en relation les B\u00e9atitudes (dans un \u00ab\u00a0mouvement\u00a0\u00bb ascendant, au cours de la semaine de P\u00e2ques) et les demandes du Notre P\u00e8re (dans un \u00ab\u00a0mouvement\u00a0\u00bb descendant, au cours de la semaine de Pentec\u00f4te) :<\/p>\n<p><strong><span style=\"color: #3366ff;\"><a href=\"http:\/\/gallican-montbrison.fr\/wp\/wp-content\/uploads\/2013\/05\/images-1.jpeg\"><img loading=\"lazy\" decoding=\"async\" class=\"alignleft size-thumbnail wp-image-2722\" title=\"images-1\" src=\"http:\/\/gallican-montbrison.fr\/wp\/wp-content\/uploads\/2013\/05\/images-1-150x150.jpeg\" alt=\"\" width=\"150\" height=\"150\" \/><\/a><\/span><\/strong><\/p>\n<p><strong><span style=\"color: #3366ff;\">\u00ab\u00a0L&rsquo;homme donc est-il malade, Dieu est son m\u00e9decin :\u00a0<\/span><\/strong><\/p>\n<p><strong><span style=\"color: #3366ff;\">les vices sont les langueurs,\u00a0les demandes sont les plaintes,\u00a0les dons sont les antidotes,\u00a0les vertus sont la sant\u00e9,\u00a0les b\u00e9atitudes sont les f\u00e9licit\u00e9s et les joies<em>\u00ab\u00a0<\/em><\/span><\/strong><\/p>\n<p>&nbsp;<\/p>\n<p><strong><span style=\"color: #3366ff;\">le Rational ou manuel des divins offices par Mgr Durand de Mende:extrait du chapitre XLVII \u00ab\u00a0Notre P\u00e8re\u00a0\u00bb et\u00a0extrait du chapitre XCVI \u00ab\u00a0Semaine apr\u00e8s P\u00e2ques\u00a0\u00bb<\/span><\/strong><\/p>\n<p><strong><span style=\"color: #ff9900;\">M\u00e9ditation<\/span><\/strong><\/p>\n<p><strong><span style=\"color: #ff9900;\"><a href=\"http:\/\/gallican-montbrison.fr\/wp\/wp-content\/uploads\/2013\/05\/images.jpeg\"><img loading=\"lazy\" decoding=\"async\" class=\"alignright size-thumbnail wp-image-2721\" title=\"images\" src=\"http:\/\/gallican-montbrison.fr\/wp\/wp-content\/uploads\/2013\/05\/images-150x150.jpeg\" alt=\"\" width=\"150\" height=\"150\" srcset=\"https:\/\/gallican-montbrison.fr\/wp\/wp-content\/uploads\/2013\/05\/images-150x150.jpeg 150w, https:\/\/gallican-montbrison.fr\/wp\/wp-content\/uploads\/2013\/05\/images.jpeg 224w\" sizes=\"(max-width: 150px) 100vw, 150px\" \/><\/a><\/span><\/strong><\/p>\n<p><span style=\"text-decoration: underline;\"><span style=\"color: #ff9900; text-decoration: underline;\">Dimanche<\/span><\/span><\/p>\n<p>Le don de <span style=\"color: #ff9900;\">Sagesse<\/span> (qui contient tous les dons de l&rsquo;Esprit) combat <em>l&rsquo;orgueil<\/em><\/p>\n<p>Il donne la vertu de <span style=\"color: #3366ff;\">Paix <\/span>qui conduit \u00e0 la<span style=\"color: #3366ff;\"> filiation divine<\/span><\/p>\n<p>Ce don r\u00e9pond \u00e0 la demande<span style=\"color: #ff9900;\"> \u00ab\u00a0Que votre nom soit sanctifi\u00e9\u00a0\u00bb<\/span><\/p>\n<p><span style=\"text-decoration: underline;\"><span style=\"color: #ff9900; text-decoration: underline;\">Lundi<\/span><\/span><\/p>\n<p>Le don d<span style=\"color: #ff9900;\"><strong>&lsquo;<\/strong>Intelligence <\/span>(qui est celle du c\u0153ur et non de l&rsquo;intellect) combat <em>la col\u00e8re<\/em><\/p>\n<p>Il donne la vertu de <span style=\"color: #3366ff;\">puret\u00e9 du c\u0153ur<\/span> qui conduit \u00e0 la<span style=\"color: #3366ff;\"> vision de Dieu<\/span><\/p>\n<p>Ce don r\u00e9pond \u00e0 la demande<span style=\"color: #ff9900;\"> \u00ab\u00a0Que votre r\u00e8gne vienne\u00a0\u00bb<\/span><\/p>\n<p><span style=\"text-decoration: underline;\"><span style=\"color: #ff9900; text-decoration: underline;\">\u00a0Mardi<\/span><\/span><\/p>\n<p>Le don de <span style=\"color: #ff9900;\">Conseil<\/span>(qui permet d&rsquo;aller vers les autres) combat <em>l&rsquo;envie<\/em><\/p>\n<p>Il donne la vertu <span style=\"color: #3366ff;\">mis\u00e9ricorde<\/span>qui conduit \u00e0 la<span style=\"color: #3366ff;\"> soif de mis\u00e9ricorde<\/span><\/p>\n<p>Ce don r\u00e9pond \u00e0 la demande<span style=\"color: #ff9900;\"> \u00ab\u00a0Que votre volont\u00e9 soit faite\u00a0\u00bb<\/span><\/p>\n<p><span style=\"text-decoration: underline;\"><span style=\"color: #ff9900; text-decoration: underline;\">Mercredi<\/span><\/span><\/p>\n<p>Le don de<span style=\"color: #ff9900;\"> Force <\/span>(qui est \u00e9nergie de pers\u00e9v\u00e9rance)\u00a0 combat <em>la paresse<\/em><\/p>\n<p>Il donne la vertu de <span style=\"color: #3366ff;\">faim de justice<\/span> qui conduit au <span style=\"color: #3366ff;\">rassasiement<\/span><\/p>\n<p>Ce don r\u00e9pond \u00e0 la demande<span style=\"color: #ff9900;\"> \u00ab\u00a0Donnez-nous aujourd&rsquo;hui notre pain de ce jour\u00a0\u00bb<\/span><\/p>\n<p><span style=\"text-decoration: underline;\"><span style=\"color: #ff9900; text-decoration: underline;\">Jeudi<\/span><\/span><\/p>\n<p>Le don de <span style=\"color: #ff9900;\">Science<\/span> (qui est la connaissance selon l&rsquo;intuition divine ) combat <em>l&rsquo;avarice<\/em><\/p>\n<p>Il donne la vertu des <span style=\"color: #3366ff;\">larmes<\/span>qui conduit \u00e0 la<span style=\"color: #3366ff;\"> consolation<\/span><\/p>\n<p>Ce don r\u00e9pond \u00e0 la demande <span style=\"color: #ff9900;\">\u00ab\u00a0Pardonnez-nous nos offenses\u00a0\u00bb<\/span><\/p>\n<p><span style=\"text-decoration: underline;\"><span style=\"color: #ff9900; text-decoration: underline;\">Vendredi<\/span><\/span><\/p>\n<p>Le don de <span style=\"color: #ff9900;\">Pi\u00e9t\u00e9 <\/span>(qui est esprit de pri\u00e8re, cordon \u00ab\u00a0ombilical\u00a0\u00bb qui nous unit \u00e0 Dieu) combat <em>la gourmandise <\/em>(dans le sens de l&rsquo;avidit\u00e9)<\/p>\n<p>Il donne la vertu de<span style=\"color: #3366ff;\"> mansu\u00e9tude <\/span>qui conduit \u00e0 la <span style=\"color: #3366ff;\">possession de la terre<\/span><\/p>\n<p>Ce don r\u00e9pond \u00e0 la demande<span style=\"color: #ff9900;\"> \u00ab\u00a0Ne nous soumettez pas \u00e0 la tentation\u00a0\u00bb<\/span><\/p>\n<p><span style=\"text-decoration: underline;\"><strong><span style=\"color: #ff9900; text-decoration: underline;\">Samedi<\/span><\/strong><\/span><\/p>\n<p>Le don de <span style=\"color: #ff9900;\">Crainte<\/span> (qui est la crainte d&rsquo;\u00eatre s\u00e9par\u00e9 de Dieu) combat <em>la luxure<\/em><\/p>\n<p>Il donne la vertu de <span style=\"color: #3366ff;\">pauvret\u00e9 en esprit<\/span><strong>, <\/strong>(humilit\u00e9 et ouverture \u00e0 Dieu) qui conduit au <span style=\"color: #3366ff;\">royaume des cieux<\/span>.<\/p>\n<p>Ce don r\u00e9pond \u00e0 la demande <span style=\"color: #ff9900;\">\u00ab\u00a0D\u00e9livrez-nous du mal\u00a0\u00bb<\/span><\/p>\n","protected":false},"excerpt":{"rendered":"<p>Mgr Guillaume Durand (1230-1296) , \u00e9v\u00eaque de Mende, propose la m\u00e9ditation suivante autour des dons de l&rsquo;Esprit Saint. Il met en relation les B\u00e9atitudes (dans un \u00ab\u00a0mouvement\u00a0\u00bb ascendant, au cours de la semaine de P\u00e2ques) et les demandes du Notre &hellip; <a href=\"https:\/\/gallican-montbrison.fr\/wp\/?p=2720\">Continuer la lecture <span class=\"meta-nav\">&rarr;<\/span><\/a><\/p>\n","protected":false},"author":3,"featured_media":0,"comment_status":"closed","ping_status":"open","sticky":false,"template":"","format":"standard","meta":{"footnotes":""},"categories":[11],"tags":[],"class_list":["post-2720","post","type-post","status-publish","format-standard","hentry","category-articles-et-conferences"],"yoast_head":"<!-- This site is optimized with the Yoast SEO plugin v25.6 - https:\/\/yoast.com\/wordpress\/plugins\/seo\/ -->\n<title>M\u00e9ditation pour la semaine de Pentec\u00f4te: Ouverture \u00e0 l&#039;Esprit Saint - Chapelle Saint Michel Archange Montbrison<\/title>\n<meta name=\"robots\" content=\"index, follow, max-snippet:-1, max-image-preview:large, max-video-preview:-1\" \/>\n<link rel=\"canonical\" href=\"https:\/\/gallican-montbrison.fr\/wp\/?p=2720\" \/>\n<meta property=\"og:locale\" content=\"fr_FR\" \/>\n<meta property=\"og:type\" content=\"article\" \/>\n<meta property=\"og:title\" content=\"M\u00e9ditation pour la semaine de Pentec\u00f4te: Ouverture \u00e0 l&#039;Esprit Saint - Chapelle Saint Michel Archange Montbrison\" \/>\n<meta property=\"og:description\" content=\"Mgr Guillaume Durand (1230-1296) , \u00e9v\u00eaque de Mende, propose la m\u00e9ditation suivante autour des dons de l&rsquo;Esprit Saint. Il met en relation les B\u00e9atitudes (dans un \u00ab\u00a0mouvement\u00a0\u00bb ascendant, au cours de la semaine de P\u00e2ques) et les demandes du Notre &hellip; Continuer la lecture &rarr;\" \/>\n<meta property=\"og:url\" content=\"https:\/\/gallican-montbrison.fr\/wp\/?p=2720\" \/>\n<meta property=\"og:site_name\" content=\"Chapelle Saint Michel Archange Montbrison\" \/>\n<meta property=\"article:publisher\" content=\"https:\/\/www.facebook.com\/people\/Eglise-Gallicane-Chapelle-Saint-Michel-Archange\/100064564306693\/\" \/>\n<meta property=\"article:published_time\" content=\"2014-06-07T08:00:14+00:00\" \/>\n<meta property=\"article:modified_time\" content=\"2014-06-08T14:37:59+00:00\" \/>\n<meta property=\"og:image\" content=\"http:\/\/gallican-montbrison.fr\/wp\/wp-content\/uploads\/2013\/05\/images-1-150x150.jpeg\" \/>\n<meta name=\"author\" content=\"Colette\" \/>\n<meta name=\"twitter:card\" content=\"summary_large_image\" \/>\n<meta name=\"twitter:label1\" content=\"\u00c9crit par\" \/>\n\t<meta name=\"twitter:data1\" content=\"Colette\" \/>\n\t<meta name=\"twitter:label2\" content=\"Dur\u00e9e de lecture estim\u00e9e\" \/>\n\t<meta name=\"twitter:data2\" content=\"2 minutes\" \/>\n<script type=\"application\/ld+json\" class=\"yoast-schema-graph\">{\"@context\":\"https:\/\/schema.org\",\"@graph\":[{\"@type\":\"WebPage\",\"@id\":\"https:\/\/gallican-montbrison.fr\/wp\/?p=2720\",\"url\":\"https:\/\/gallican-montbrison.fr\/wp\/?p=2720\",\"name\":\"M\u00e9ditation pour la semaine de Pentec\u00f4te: Ouverture \u00e0 l'Esprit Saint - Chapelle Saint Michel Archange Montbrison\",\"isPartOf\":{\"@id\":\"https:\/\/gallican-montbrison.fr\/wp\/#website\"},\"primaryImageOfPage\":{\"@id\":\"https:\/\/gallican-montbrison.fr\/wp\/?p=2720#primaryimage\"},\"image\":{\"@id\":\"https:\/\/gallican-montbrison.fr\/wp\/?p=2720#primaryimage\"},\"thumbnailUrl\":\"http:\/\/gallican-montbrison.fr\/wp\/wp-content\/uploads\/2013\/05\/images-1-150x150.jpeg\",\"datePublished\":\"2014-06-07T08:00:14+00:00\",\"dateModified\":\"2014-06-08T14:37:59+00:00\",\"author\":{\"@id\":\"https:\/\/gallican-montbrison.fr\/wp\/#\/schema\/person\/fc5571a40f7c79de2fb1b0cf72c089a4\"},\"breadcrumb\":{\"@id\":\"https:\/\/gallican-montbrison.fr\/wp\/?p=2720#breadcrumb\"},\"inLanguage\":\"fr-FR\",\"potentialAction\":[{\"@type\":\"ReadAction\",\"target\":[\"https:\/\/gallican-montbrison.fr\/wp\/?p=2720\"]}]},{\"@type\":\"ImageObject\",\"inLanguage\":\"fr-FR\",\"@id\":\"https:\/\/gallican-montbrison.fr\/wp\/?p=2720#primaryimage\",\"url\":\"https:\/\/gallican-montbrison.fr\/wp\/wp-content\/uploads\/2013\/05\/images-1.jpeg\",\"contentUrl\":\"https:\/\/gallican-montbrison.fr\/wp\/wp-content\/uploads\/2013\/05\/images-1.jpeg\",\"width\":\"222\",\"height\":\"227\"},{\"@type\":\"BreadcrumbList\",\"@id\":\"https:\/\/gallican-montbrison.fr\/wp\/?p=2720#breadcrumb\",\"itemListElement\":[{\"@type\":\"ListItem\",\"position\":1,\"name\":\"Accueil\",\"item\":\"https:\/\/gallican-montbrison.fr\/wp\"},{\"@type\":\"ListItem\",\"position\":2,\"name\":\"M\u00e9ditation pour la semaine de Pentec\u00f4te: Ouverture \u00e0 l&rsquo;Esprit Saint\"}]},{\"@type\":\"WebSite\",\"@id\":\"https:\/\/gallican-montbrison.fr\/wp\/#website\",\"url\":\"https:\/\/gallican-montbrison.fr\/wp\/\",\"name\":\"Chapelle Saint Michel Archange Montbrison\",\"description\":\"Eglise Gallicane, Tradition Apostolique de Gazinet\",\"potentialAction\":[{\"@type\":\"SearchAction\",\"target\":{\"@type\":\"EntryPoint\",\"urlTemplate\":\"https:\/\/gallican-montbrison.fr\/wp\/?s={search_term_string}\"},\"query-input\":{\"@type\":\"PropertyValueSpecification\",\"valueRequired\":true,\"valueName\":\"search_term_string\"}}],\"inLanguage\":\"fr-FR\"},{\"@type\":\"Person\",\"@id\":\"https:\/\/gallican-montbrison.fr\/wp\/#\/schema\/person\/fc5571a40f7c79de2fb1b0cf72c089a4\",\"name\":\"Colette\",\"url\":\"https:\/\/gallican-montbrison.fr\/wp\/?author=3\"}]}<\/script>\n<!-- \/ Yoast SEO plugin. -->","yoast_head_json":{"title":"M\u00e9ditation pour la semaine de Pentec\u00f4te: Ouverture \u00e0 l'Esprit Saint - Chapelle Saint Michel Archange Montbrison","robots":{"index":"index","follow":"follow","max-snippet":"max-snippet:-1","max-image-preview":"max-image-preview:large","max-video-preview":"max-video-preview:-1"},"canonical":"https:\/\/gallican-montbrison.fr\/wp\/?p=2720","og_locale":"fr_FR","og_type":"article","og_title":"M\u00e9ditation pour la semaine de Pentec\u00f4te: Ouverture \u00e0 l'Esprit Saint - Chapelle Saint Michel Archange Montbrison","og_description":"Mgr Guillaume Durand (1230-1296) , \u00e9v\u00eaque de Mende, propose la m\u00e9ditation suivante autour des dons de l&rsquo;Esprit Saint. Il met en relation les B\u00e9atitudes (dans un \u00ab\u00a0mouvement\u00a0\u00bb ascendant, au cours de la semaine de P\u00e2ques) et les demandes du Notre &hellip; Continuer la lecture &rarr;","og_url":"https:\/\/gallican-montbrison.fr\/wp\/?p=2720","og_site_name":"Chapelle Saint Michel Archange Montbrison","article_publisher":"https:\/\/www.facebook.com\/people\/Eglise-Gallicane-Chapelle-Saint-Michel-Archange\/100064564306693\/","article_published_time":"2014-06-07T08:00:14+00:00","article_modified_time":"2014-06-08T14:37:59+00:00","og_image":[{"url":"http:\/\/gallican-montbrison.fr\/wp\/wp-content\/uploads\/2013\/05\/images-1-150x150.jpeg","type":"","width":"","height":""}],"author":"Colette","twitter_card":"summary_large_image","twitter_misc":{"\u00c9crit par":"Colette","Dur\u00e9e de lecture estim\u00e9e":"2 minutes"},"schema":{"@context":"https:\/\/schema.org","@graph":[{"@type":"WebPage","@id":"https:\/\/gallican-montbrison.fr\/wp\/?p=2720","url":"https:\/\/gallican-montbrison.fr\/wp\/?p=2720","name":"M\u00e9ditation pour la semaine de Pentec\u00f4te: Ouverture \u00e0 l'Esprit Saint - Chapelle Saint Michel Archange Montbrison","isPartOf":{"@id":"https:\/\/gallican-montbrison.fr\/wp\/#website"},"primaryImageOfPage":{"@id":"https:\/\/gallican-montbrison.fr\/wp\/?p=2720#primaryimage"},"image":{"@id":"https:\/\/gallican-montbrison.fr\/wp\/?p=2720#primaryimage"},"thumbnailUrl":"http:\/\/gallican-montbrison.fr\/wp\/wp-content\/uploads\/2013\/05\/images-1-150x150.jpeg","datePublished":"2014-06-07T08:00:14+00:00","dateModified":"2014-06-08T14:37:59+00:00","author":{"@id":"https:\/\/gallican-montbrison.fr\/wp\/#\/schema\/person\/fc5571a40f7c79de2fb1b0cf72c089a4"},"breadcrumb":{"@id":"https:\/\/gallican-montbrison.fr\/wp\/?p=2720#breadcrumb"},"inLanguage":"fr-FR","potentialAction":[{"@type":"ReadAction","target":["https:\/\/gallican-montbrison.fr\/wp\/?p=2720"]}]},{"@type":"ImageObject","inLanguage":"fr-FR","@id":"https:\/\/gallican-montbrison.fr\/wp\/?p=2720#primaryimage","url":"https:\/\/gallican-montbrison.fr\/wp\/wp-content\/uploads\/2013\/05\/images-1.jpeg","contentUrl":"https:\/\/gallican-montbrison.fr\/wp\/wp-content\/uploads\/2013\/05\/images-1.jpeg","width":"222","height":"227"},{"@type":"BreadcrumbList","@id":"https:\/\/gallican-montbrison.fr\/wp\/?p=2720#breadcrumb","itemListElement":[{"@type":"ListItem","position":1,"name":"Accueil","item":"https:\/\/gallican-montbrison.fr\/wp"},{"@type":"ListItem","position":2,"name":"M\u00e9ditation pour la semaine de Pentec\u00f4te: Ouverture \u00e0 l&rsquo;Esprit Saint"}]},{"@type":"WebSite","@id":"https:\/\/gallican-montbrison.fr\/wp\/#website","url":"https:\/\/gallican-montbrison.fr\/wp\/","name":"Chapelle Saint Michel Archange Montbrison","description":"Eglise Gallicane, Tradition Apostolique de Gazinet","potentialAction":[{"@type":"SearchAction","target":{"@type":"EntryPoint","urlTemplate":"https:\/\/gallican-montbrison.fr\/wp\/?s={search_term_string}"},"query-input":{"@type":"PropertyValueSpecification","valueRequired":true,"valueName":"search_term_string"}}],"inLanguage":"fr-FR"},{"@type":"Person","@id":"https:\/\/gallican-montbrison.fr\/wp\/#\/schema\/person\/fc5571a40f7c79de2fb1b0cf72c089a4","name":"Colette","url":"https:\/\/gallican-montbrison.fr\/wp\/?author=3"}]}},"_links":{"self":[{"href":"https:\/\/gallican-montbrison.fr\/wp\/index.php?rest_route=\/wp\/v2\/posts\/2720"}],"collection":[{"href":"https:\/\/gallican-montbrison.fr\/wp\/index.php?rest_route=\/wp\/v2\/posts"}],"about":[{"href":"https:\/\/gallican-montbrison.fr\/wp\/index.php?rest_route=\/wp\/v2\/types\/post"}],"author":[{"embeddable":true,"href":"https:\/\/gallican-montbrison.fr\/wp\/index.php?rest_route=\/wp\/v2\/users\/3"}],"replies":[{"embeddable":true,"href":"https:\/\/gallican-montbrison.fr\/wp\/index.php?rest_route=%2Fwp%2Fv2%2Fcomments&post=2720"}],"version-history":[{"count":11,"href":"https:\/\/gallican-montbrison.fr\/wp\/index.php?rest_route=\/wp\/v2\/posts\/2720\/revisions"}],"predecessor-version":[{"id":3473,"href":"https:\/\/gallican-montbrison.fr\/wp\/index.php?rest_route=\/wp\/v2\/posts\/2720\/revisions\/3473"}],"wp:attachment":[{"href":"https:\/\/gallican-montbrison.fr\/wp\/index.php?rest_route=%2Fwp%2Fv2%2Fmedia&parent=2720"}],"wp:term":[{"taxonomy":"category","embeddable":true,"href":"https:\/\/gallican-montbrison.fr\/wp\/index.php?rest_route=%2Fwp%2Fv2%2Fcategories&post=2720"},{"taxonomy":"post_tag","embeddable":true,"href":"https:\/\/gallican-montbrison.fr\/wp\/index.php?rest_route=%2Fwp%2Fv2%2Ftags&post=2720"}],"curies":[{"name":"wp","href":"https:\/\/api.w.org\/{rel}","templated":true}]}}