{"id":2732,"date":"2013-05-19T10:30:14","date_gmt":"2013-05-19T08:30:14","guid":{"rendered":"http:\/\/gallican-montbrison.fr\/wp\/?p=2732"},"modified":"2013-05-20T12:58:23","modified_gmt":"2013-05-20T10:58:23","slug":"pentecote-lesprit-de-dieu-illumine-les-coeurs","status":"publish","type":"post","link":"https:\/\/gallican-montbrison.fr\/wp\/?p=2732","title":{"rendered":"C\u00e9l\u00e9bration de Pentec\u00f4te: \u00ab\u00a0L&rsquo;Esprit de Dieu illumine nos coeurs\u00a0\u00bb"},"content":{"rendered":"<p><a href=\"http:\/\/gallican-montbrison.fr\/wp\/wp-content\/uploads\/2013\/05\/images-3.jpeg\"><img loading=\"lazy\" decoding=\"async\" class=\"alignleft size-full wp-image-2735\" title=\"images-3\" src=\"http:\/\/gallican-montbrison.fr\/wp\/wp-content\/uploads\/2013\/05\/images-3.jpeg\" alt=\"\" width=\"104\" height=\"124\" \/><\/a><\/p>\n<p><strong><span style=\"color: #ff9900;\">Ecoute Mp3:<\/span><\/strong>\u00a0<a href=\"http:\/\/gallican-montbrison.fr\/wp\/wp-content\/uploads\/2013\/05\/Hom\u00e9lie-Pentec\u00f4te-2013.m4a\">Hom\u00e9lie Pentec\u00f4te 2013<\/a><\/p>\n<p><strong><span style=\"color: #993366;\">Ep\u00eetre : Actes des Ap\u00f4tres 2,1-11<\/span><\/strong><\/p>\n<p><strong><\/strong><span style=\"color: #993366;\">Quand le jour de la Pentec\u00f4te\u00a0<\/span><span style=\"color: #993366;\">arriva, les croyants \u00e9taient r\u00e9unis tous ensemble au m\u00eame endroit.\u00a0<\/span><span style=\"color: #993366;\">Tout \u00e0 coup, un bruit vint du ciel, comme si un vent violent se mettait \u00e0 souffler, et il remplit toute la maison o\u00f9 ils \u00e9taient assis.\u00a0<\/span><span style=\"color: #993366;\">\u00a0<\/span><span style=\"color: #993366;\">Ils virent alors appara\u00eetre des langues pareilles \u00e0 des flammes de feu\u00a0; elles se s\u00e9par\u00e8rent et elles se pos\u00e8rent une \u00e0 une sur chacun d&rsquo;eux.\u00a0<\/span><span style=\"color: #993366;\">\u00a0<\/span><span style=\"color: #993366;\">Ils furent tous remplis du Saint-Esprit et se mirent \u00e0 parler en d&rsquo;autres langues, selon ce que l&rsquo;Esprit leur donnait d&rsquo;exprimer.<\/span><\/p>\n<p><span style=\"color: #993366;\">A J\u00e9rusalem vivaient des Juifs pieux, venus de tous les pays du monde.\u00a0Quand ce bruit se fit entendre, ils s&rsquo;assembl\u00e8rent en foule. Ils \u00e9taient tous profond\u00e9ment surpris, car chacun d&rsquo;eux entendait les croyants parler dans sa propre langue.\u00a0Ils \u00e9taient remplis d&rsquo;\u00e9tonnement et d&rsquo;admiration, et disaient\u00a0: \u00ab\u00a0Ces gens qui parlent, ne sont-ils pas tous Galil\u00e9ens?\u00a08\u00a0Comment se fait-il alors que chacun de nous les entende parler dans sa langue maternelle\u00a0?\u00a0Parmi nous, il y en a qui viennent du pays des Parthes, de M\u00e9die et d&rsquo;\u00c9lam. Il y a des habitants de M\u00e9sopotamie, de Jud\u00e9e et de Cappadoce, du Pont et de la province d&rsquo;Asie,\u00a0de Phrygie et de Pamphylie, d&rsquo;\u00c9gypte et de la r\u00e9gion de Cyr\u00e8ne, en Libye\u00a0; il y en a qui sont venus de Rome,\u00a0de Cr\u00e8te et d&rsquo;Arabie\u00a0; certains sont n\u00e9s Juifs, et d&rsquo;autres se sont convertis \u00e0 la religion juive. Et pourtant nous les entendons parler dans nos diverses langues des grandes oeuvres de Dieu\u00a0!\u00a0\u00bb<\/span><\/p>\n<p>&nbsp;<\/p>\n<p><strong><span style=\"color: #993366;\">Evangile : St Jean 14, 23-31<\/span><\/strong><\/p>\n<p><span style=\"color: #993366;\">J\u00e9sus lui r\u00e9pondit\u00a0: \u00ab\u00a0Celui qui m&rsquo;aime ob\u00e9ira \u00e0 ce que je dis. Mon P\u00e8re l&rsquo;aimera\u00a0; nous viendrons \u00e0 lui, mon P\u00e8re et moi, et nous habiterons chez lui.\u00a0Celui qui ne m&rsquo;aime pas n&rsquo;ob\u00e9it pas \u00e0 mes paroles. Ce que vous m&rsquo;entendez dire ne vient pas de moi, mais de mon P\u00e8re qui m&rsquo;a envoy\u00e9.\u00a0Je vous ai dit cela pendant que je suis encore avec vous.\u00a0Celui qui doit vous venir en aide, le Saint-Esprit que le P\u00e8re enverra en mon nom, vous enseignera tout et vous rappellera tout ce que je vous ai dit.<\/span><\/p>\n<p><span style=\"color: #993366;\">\u00ab\u00a0C&rsquo;est la paix que je vous laisse, c&rsquo;est ma paix que je vous donne. Je ne vous la donne pas \u00e0 la mani\u00e8re du monde. Ne soyez pas inquiets, ne soyez pas effray\u00e9s.\u00a0Vous m&rsquo;avez entendu dire\u00a0: \u00abJe m&rsquo;en vais, mais je reviendrai aupr\u00e8s de vous\u00bb. Si vous m&rsquo;aimiez, vous vous r\u00e9jouiriez de savoir que je vais aupr\u00e8s du P\u00e8re, parce que le P\u00e8re est plus grand que moi.\u00a0Je vous l&rsquo;ai dit maintenant, avant que ces choses arrivent, afin que lorsqu&rsquo;elles arriveront vous croyiez.\u00a0Je ne parlerai plus beaucoup avec vous, car le dominateur de ce monde vient. Il n&rsquo;a aucun pouvoir sur moi,\u00a0mais il faut que le monde sache que j&rsquo;aime le P\u00e8re et que j&rsquo;agis selon l&rsquo;ordre que le P\u00e8re m&rsquo;a donn\u00e9. \u00bb<\/span><\/p>\n<p>&nbsp;<\/p>\n<div><span style=\"color: #993366;\">\u00a0<\/span><\/div>\n","protected":false},"excerpt":{"rendered":"<p>Ecoute Mp3:\u00a0Hom\u00e9lie Pentec\u00f4te 2013 Ep\u00eetre : Actes des Ap\u00f4tres 2,1-11 Quand le jour de la Pentec\u00f4te\u00a0arriva, les croyants \u00e9taient r\u00e9unis tous ensemble au m\u00eame endroit.\u00a0Tout \u00e0 coup, un bruit vint du ciel, comme si un vent violent se mettait \u00e0 &hellip; <a href=\"https:\/\/gallican-montbrison.fr\/wp\/?p=2732\">Continuer la lecture <span class=\"meta-nav\">&rarr;<\/span><\/a><\/p>\n","protected":false},"author":3,"featured_media":0,"comment_status":"closed","ping_status":"open","sticky":false,"template":"","format":"standard","meta":{"footnotes":""},"categories":[4],"tags":[188,189,124,190,185,84,191],"class_list":["post-2732","post","type-post","status-publish","format-standard","hentry","category-homelies","tag-apotres","tag-croyants-flammes","tag-esprit","tag-feu","tag-homelie","tag-pentecote","tag-saint-esprit"],"yoast_head":"<!-- This site is optimized with the Yoast SEO plugin v25.6 - https:\/\/yoast.com\/wordpress\/plugins\/seo\/ -->\n<title>C\u00e9l\u00e9bration de Pentec\u00f4te: &quot;L&#039;Esprit de Dieu illumine nos coeurs&quot; - Chapelle Saint Michel Archange Montbrison<\/title>\n<meta name=\"robots\" content=\"index, follow, max-snippet:-1, max-image-preview:large, max-video-preview:-1\" \/>\n<link rel=\"canonical\" href=\"https:\/\/gallican-montbrison.fr\/wp\/?p=2732\" \/>\n<meta property=\"og:locale\" content=\"fr_FR\" \/>\n<meta property=\"og:type\" content=\"article\" \/>\n<meta property=\"og:title\" content=\"C\u00e9l\u00e9bration de Pentec\u00f4te: &quot;L&#039;Esprit de Dieu illumine nos coeurs&quot; - Chapelle Saint Michel Archange Montbrison\" \/>\n<meta property=\"og:description\" content=\"Ecoute Mp3:\u00a0Hom\u00e9lie Pentec\u00f4te 2013 Ep\u00eetre : Actes des Ap\u00f4tres 2,1-11 Quand le jour de la Pentec\u00f4te\u00a0arriva, les croyants \u00e9taient r\u00e9unis tous ensemble au m\u00eame endroit.\u00a0Tout \u00e0 coup, un bruit vint du ciel, comme si un vent violent se mettait \u00e0 &hellip; Continuer la lecture &rarr;\" \/>\n<meta property=\"og:url\" content=\"https:\/\/gallican-montbrison.fr\/wp\/?p=2732\" \/>\n<meta property=\"og:site_name\" content=\"Chapelle Saint Michel Archange Montbrison\" \/>\n<meta property=\"article:publisher\" content=\"https:\/\/www.facebook.com\/people\/Eglise-Gallicane-Chapelle-Saint-Michel-Archange\/100064564306693\/\" \/>\n<meta property=\"article:published_time\" content=\"2013-05-19T08:30:14+00:00\" \/>\n<meta property=\"article:modified_time\" content=\"2013-05-20T10:58:23+00:00\" \/>\n<meta property=\"og:image\" content=\"http:\/\/gallican-montbrison.fr\/wp\/wp-content\/uploads\/2013\/05\/images-3.jpeg\" \/>\n<meta name=\"author\" content=\"Colette\" \/>\n<meta name=\"twitter:card\" content=\"summary_large_image\" \/>\n<meta name=\"twitter:label1\" content=\"\u00c9crit par\" \/>\n\t<meta name=\"twitter:data1\" content=\"Colette\" \/>\n\t<meta name=\"twitter:label2\" content=\"Dur\u00e9e de lecture estim\u00e9e\" \/>\n\t<meta name=\"twitter:data2\" content=\"3 minutes\" \/>\n<script type=\"application\/ld+json\" class=\"yoast-schema-graph\">{\"@context\":\"https:\/\/schema.org\",\"@graph\":[{\"@type\":\"WebPage\",\"@id\":\"https:\/\/gallican-montbrison.fr\/wp\/?p=2732\",\"url\":\"https:\/\/gallican-montbrison.fr\/wp\/?p=2732\",\"name\":\"C\u00e9l\u00e9bration de Pentec\u00f4te: \\\"L'Esprit de Dieu illumine nos coeurs\\\" - Chapelle Saint Michel Archange Montbrison\",\"isPartOf\":{\"@id\":\"https:\/\/gallican-montbrison.fr\/wp\/#website\"},\"primaryImageOfPage\":{\"@id\":\"https:\/\/gallican-montbrison.fr\/wp\/?p=2732#primaryimage\"},\"image\":{\"@id\":\"https:\/\/gallican-montbrison.fr\/wp\/?p=2732#primaryimage\"},\"thumbnailUrl\":\"http:\/\/gallican-montbrison.fr\/wp\/wp-content\/uploads\/2013\/05\/images-3.jpeg\",\"datePublished\":\"2013-05-19T08:30:14+00:00\",\"dateModified\":\"2013-05-20T10:58:23+00:00\",\"author\":{\"@id\":\"https:\/\/gallican-montbrison.fr\/wp\/#\/schema\/person\/fc5571a40f7c79de2fb1b0cf72c089a4\"},\"breadcrumb\":{\"@id\":\"https:\/\/gallican-montbrison.fr\/wp\/?p=2732#breadcrumb\"},\"inLanguage\":\"fr-FR\",\"potentialAction\":[{\"@type\":\"ReadAction\",\"target\":[\"https:\/\/gallican-montbrison.fr\/wp\/?p=2732\"]}]},{\"@type\":\"ImageObject\",\"inLanguage\":\"fr-FR\",\"@id\":\"https:\/\/gallican-montbrison.fr\/wp\/?p=2732#primaryimage\",\"url\":\"http:\/\/gallican-montbrison.fr\/wp\/wp-content\/uploads\/2013\/05\/images-3.jpeg\",\"contentUrl\":\"http:\/\/gallican-montbrison.fr\/wp\/wp-content\/uploads\/2013\/05\/images-3.jpeg\"},{\"@type\":\"BreadcrumbList\",\"@id\":\"https:\/\/gallican-montbrison.fr\/wp\/?p=2732#breadcrumb\",\"itemListElement\":[{\"@type\":\"ListItem\",\"position\":1,\"name\":\"Accueil\",\"item\":\"https:\/\/gallican-montbrison.fr\/wp\"},{\"@type\":\"ListItem\",\"position\":2,\"name\":\"C\u00e9l\u00e9bration de Pentec\u00f4te: \u00ab\u00a0L&rsquo;Esprit de Dieu illumine nos coeurs\u00a0\u00bb\"}]},{\"@type\":\"WebSite\",\"@id\":\"https:\/\/gallican-montbrison.fr\/wp\/#website\",\"url\":\"https:\/\/gallican-montbrison.fr\/wp\/\",\"name\":\"Chapelle Saint Michel Archange Montbrison\",\"description\":\"Eglise Gallicane, Tradition Apostolique de Gazinet\",\"potentialAction\":[{\"@type\":\"SearchAction\",\"target\":{\"@type\":\"EntryPoint\",\"urlTemplate\":\"https:\/\/gallican-montbrison.fr\/wp\/?s={search_term_string}\"},\"query-input\":{\"@type\":\"PropertyValueSpecification\",\"valueRequired\":true,\"valueName\":\"search_term_string\"}}],\"inLanguage\":\"fr-FR\"},{\"@type\":\"Person\",\"@id\":\"https:\/\/gallican-montbrison.fr\/wp\/#\/schema\/person\/fc5571a40f7c79de2fb1b0cf72c089a4\",\"name\":\"Colette\",\"url\":\"https:\/\/gallican-montbrison.fr\/wp\/?author=3\"}]}<\/script>\n<!-- \/ Yoast SEO plugin. -->","yoast_head_json":{"title":"C\u00e9l\u00e9bration de Pentec\u00f4te: \"L'Esprit de Dieu illumine nos coeurs\" - Chapelle Saint Michel Archange Montbrison","robots":{"index":"index","follow":"follow","max-snippet":"max-snippet:-1","max-image-preview":"max-image-preview:large","max-video-preview":"max-video-preview:-1"},"canonical":"https:\/\/gallican-montbrison.fr\/wp\/?p=2732","og_locale":"fr_FR","og_type":"article","og_title":"C\u00e9l\u00e9bration de Pentec\u00f4te: \"L'Esprit de Dieu illumine nos coeurs\" - Chapelle Saint Michel Archange Montbrison","og_description":"Ecoute Mp3:\u00a0Hom\u00e9lie Pentec\u00f4te 2013 Ep\u00eetre : Actes des Ap\u00f4tres 2,1-11 Quand le jour de la Pentec\u00f4te\u00a0arriva, les croyants \u00e9taient r\u00e9unis tous ensemble au m\u00eame endroit.\u00a0Tout \u00e0 coup, un bruit vint du ciel, comme si un vent violent se mettait \u00e0 &hellip; Continuer la lecture &rarr;","og_url":"https:\/\/gallican-montbrison.fr\/wp\/?p=2732","og_site_name":"Chapelle Saint Michel Archange Montbrison","article_publisher":"https:\/\/www.facebook.com\/people\/Eglise-Gallicane-Chapelle-Saint-Michel-Archange\/100064564306693\/","article_published_time":"2013-05-19T08:30:14+00:00","article_modified_time":"2013-05-20T10:58:23+00:00","og_image":[{"url":"http:\/\/gallican-montbrison.fr\/wp\/wp-content\/uploads\/2013\/05\/images-3.jpeg","type":"","width":"","height":""}],"author":"Colette","twitter_card":"summary_large_image","twitter_misc":{"\u00c9crit par":"Colette","Dur\u00e9e de lecture estim\u00e9e":"3 minutes"},"schema":{"@context":"https:\/\/schema.org","@graph":[{"@type":"WebPage","@id":"https:\/\/gallican-montbrison.fr\/wp\/?p=2732","url":"https:\/\/gallican-montbrison.fr\/wp\/?p=2732","name":"C\u00e9l\u00e9bration de Pentec\u00f4te: \"L'Esprit de Dieu illumine nos coeurs\" - Chapelle Saint Michel Archange Montbrison","isPartOf":{"@id":"https:\/\/gallican-montbrison.fr\/wp\/#website"},"primaryImageOfPage":{"@id":"https:\/\/gallican-montbrison.fr\/wp\/?p=2732#primaryimage"},"image":{"@id":"https:\/\/gallican-montbrison.fr\/wp\/?p=2732#primaryimage"},"thumbnailUrl":"http:\/\/gallican-montbrison.fr\/wp\/wp-content\/uploads\/2013\/05\/images-3.jpeg","datePublished":"2013-05-19T08:30:14+00:00","dateModified":"2013-05-20T10:58:23+00:00","author":{"@id":"https:\/\/gallican-montbrison.fr\/wp\/#\/schema\/person\/fc5571a40f7c79de2fb1b0cf72c089a4"},"breadcrumb":{"@id":"https:\/\/gallican-montbrison.fr\/wp\/?p=2732#breadcrumb"},"inLanguage":"fr-FR","potentialAction":[{"@type":"ReadAction","target":["https:\/\/gallican-montbrison.fr\/wp\/?p=2732"]}]},{"@type":"ImageObject","inLanguage":"fr-FR","@id":"https:\/\/gallican-montbrison.fr\/wp\/?p=2732#primaryimage","url":"http:\/\/gallican-montbrison.fr\/wp\/wp-content\/uploads\/2013\/05\/images-3.jpeg","contentUrl":"http:\/\/gallican-montbrison.fr\/wp\/wp-content\/uploads\/2013\/05\/images-3.jpeg"},{"@type":"BreadcrumbList","@id":"https:\/\/gallican-montbrison.fr\/wp\/?p=2732#breadcrumb","itemListElement":[{"@type":"ListItem","position":1,"name":"Accueil","item":"https:\/\/gallican-montbrison.fr\/wp"},{"@type":"ListItem","position":2,"name":"C\u00e9l\u00e9bration de Pentec\u00f4te: \u00ab\u00a0L&rsquo;Esprit de Dieu illumine nos coeurs\u00a0\u00bb"}]},{"@type":"WebSite","@id":"https:\/\/gallican-montbrison.fr\/wp\/#website","url":"https:\/\/gallican-montbrison.fr\/wp\/","name":"Chapelle Saint Michel Archange Montbrison","description":"Eglise Gallicane, Tradition Apostolique de Gazinet","potentialAction":[{"@type":"SearchAction","target":{"@type":"EntryPoint","urlTemplate":"https:\/\/gallican-montbrison.fr\/wp\/?s={search_term_string}"},"query-input":{"@type":"PropertyValueSpecification","valueRequired":true,"valueName":"search_term_string"}}],"inLanguage":"fr-FR"},{"@type":"Person","@id":"https:\/\/gallican-montbrison.fr\/wp\/#\/schema\/person\/fc5571a40f7c79de2fb1b0cf72c089a4","name":"Colette","url":"https:\/\/gallican-montbrison.fr\/wp\/?author=3"}]}},"_links":{"self":[{"href":"https:\/\/gallican-montbrison.fr\/wp\/index.php?rest_route=\/wp\/v2\/posts\/2732"}],"collection":[{"href":"https:\/\/gallican-montbrison.fr\/wp\/index.php?rest_route=\/wp\/v2\/posts"}],"about":[{"href":"https:\/\/gallican-montbrison.fr\/wp\/index.php?rest_route=\/wp\/v2\/types\/post"}],"author":[{"embeddable":true,"href":"https:\/\/gallican-montbrison.fr\/wp\/index.php?rest_route=\/wp\/v2\/users\/3"}],"replies":[{"embeddable":true,"href":"https:\/\/gallican-montbrison.fr\/wp\/index.php?rest_route=%2Fwp%2Fv2%2Fcomments&post=2732"}],"version-history":[{"count":7,"href":"https:\/\/gallican-montbrison.fr\/wp\/index.php?rest_route=\/wp\/v2\/posts\/2732\/revisions"}],"predecessor-version":[{"id":2740,"href":"https:\/\/gallican-montbrison.fr\/wp\/index.php?rest_route=\/wp\/v2\/posts\/2732\/revisions\/2740"}],"wp:attachment":[{"href":"https:\/\/gallican-montbrison.fr\/wp\/index.php?rest_route=%2Fwp%2Fv2%2Fmedia&parent=2732"}],"wp:term":[{"taxonomy":"category","embeddable":true,"href":"https:\/\/gallican-montbrison.fr\/wp\/index.php?rest_route=%2Fwp%2Fv2%2Fcategories&post=2732"},{"taxonomy":"post_tag","embeddable":true,"href":"https:\/\/gallican-montbrison.fr\/wp\/index.php?rest_route=%2Fwp%2Fv2%2Ftags&post=2732"}],"curies":[{"name":"wp","href":"https:\/\/api.w.org\/{rel}","templated":true}]}}