{"id":300,"date":"2012-02-19T18:32:35","date_gmt":"2012-02-19T17:32:35","guid":{"rendered":"http:\/\/gallican-montbrison.fr\/wp\/?p=300"},"modified":"2012-02-19T18:32:35","modified_gmt":"2012-02-19T17:32:35","slug":"noel-renaitre-a-la-vie-divine","status":"publish","type":"post","link":"https:\/\/gallican-montbrison.fr\/wp\/?p=300","title":{"rendered":"NO\u00cbL &#8230; rena\u00eetre \u00e0 la vie divine"},"content":{"rendered":"<p><strong>NO\u00cbL<\/strong><\/p>\n<p><strong><\/strong>Av\u00e8nement du Fils de Dieu \u00a0&#8211; \u00a0Naissance \u00e0 Bethl\u00e9em de J\u00e9sus Christ, Sauveur du monde.\u00a0Souvent les textes liturgiques ne s\u00e9parent pas la naissance du Christ de son retour glorieux \u00e0 la fin des temps o\u00f9 Il viendra rendre \u00e0 chacun selon ses oeuvres.<\/p>\n<p>Les textes du temps de l&rsquo;Avent vont en ce sens et m\u00ealent continuellement ces deux av\u00e8nements. Pourquoi?<\/p>\n<p style=\"text-align: left;\">Ils sont en effet indissociables&#8230; Dieu nous donne son Fils pour ouvrir la voie de r\u00e9conciliation entre l&rsquo;homme et Lui; Cette naissance divine est pour chacun de nous une invitation, une chance \u00e0 saisir, un appel \u00e0 transformer nos vies et nos \u00e2mes pour suivre J\u00e9sus sur son chemin d&rsquo;amour. Ce ne sont pas forc\u00e9ment de grandes choses qui nous sont \u00a0 demand\u00e9es: une action bienveillante, une attention particuli\u00e8re \u00e0 l&rsquo;autre afin de rendre le monde meilleur, d&rsquo;abord autour de nous. La naissance du Christ nous invite \u00e0 nous appliquer \u00e0 mettre notre volont\u00e9 au service de l&rsquo;Esprit Saint et des commandements de Dieu:<\/p>\n<p>Tu aimeras le Seigneur ton Dieu de tout ton coeur, de toute ton \u00e2me et ton prochain comme toi m\u00eame&#8230;<\/p>\n<p>Soyons dans une attente active et volontaire pour qu&rsquo;\u00e0 la fin de notre vie Dieu puisse reconna\u00eetre nos \u00e2mes comme lui appartenant et qu&rsquo;il puisse nous accueillir en son royaume \u00e0 la fin des temps.<\/p>\n<p>Que la c\u00e9l\u00e9bration de cette f\u00eate de No\u00ebl nous fasse rena\u00eetre, en la vivifiant toujours davantage, \u00e0 cette vie divine que le Fils de Dieu vient nous donner<\/p>\n<p>C&rsquo;est le souhait de l&rsquo;Eglise pour ses fid\u00e8les et tous les hommes depuis plus de 2000 ans. C&rsquo;est le souhait que nous formons aujourd&rsquo;hui pour chacune et chacun de vous.<\/p>\n<p>C.Mure, Diaconesse<strong><em>\u00a0<\/em><\/strong><\/p>\n<p><strong><em> Joyeux No\u00ebl 2008<\/em><\/strong><\/p>\n","protected":false},"excerpt":{"rendered":"<p>NO\u00cbL Av\u00e8nement du Fils de Dieu \u00a0&#8211; \u00a0Naissance \u00e0 Bethl\u00e9em de J\u00e9sus Christ, Sauveur du monde.\u00a0Souvent les textes liturgiques ne s\u00e9parent pas la naissance du Christ de son retour glorieux \u00e0 la fin des temps o\u00f9 Il viendra rendre \u00e0 &hellip; <a href=\"https:\/\/gallican-montbrison.fr\/wp\/?p=300\">Continuer la lecture <span class=\"meta-nav\">&rarr;<\/span><\/a><\/p>\n","protected":false},"author":3,"featured_media":0,"comment_status":"closed","ping_status":"open","sticky":false,"template":"","format":"standard","meta":{"footnotes":""},"categories":[11],"tags":[],"class_list":["post-300","post","type-post","status-publish","format-standard","hentry","category-articles-et-conferences"],"yoast_head":"<!-- This site is optimized with the Yoast SEO plugin v25.6 - https:\/\/yoast.com\/wordpress\/plugins\/seo\/ -->\n<title>NO\u00cbL ... rena\u00eetre \u00e0 la vie divine - Chapelle Saint Michel Archange Montbrison<\/title>\n<meta name=\"robots\" content=\"index, follow, max-snippet:-1, max-image-preview:large, max-video-preview:-1\" \/>\n<link rel=\"canonical\" href=\"https:\/\/gallican-montbrison.fr\/wp\/?p=300\" \/>\n<meta property=\"og:locale\" content=\"fr_FR\" \/>\n<meta property=\"og:type\" content=\"article\" \/>\n<meta property=\"og:title\" content=\"NO\u00cbL ... rena\u00eetre \u00e0 la vie divine - Chapelle Saint Michel Archange Montbrison\" \/>\n<meta property=\"og:description\" content=\"NO\u00cbL Av\u00e8nement du Fils de Dieu \u00a0&#8211; \u00a0Naissance \u00e0 Bethl\u00e9em de J\u00e9sus Christ, Sauveur du monde.\u00a0Souvent les textes liturgiques ne s\u00e9parent pas la naissance du Christ de son retour glorieux \u00e0 la fin des temps o\u00f9 Il viendra rendre \u00e0 &hellip; Continuer la lecture &rarr;\" \/>\n<meta property=\"og:url\" content=\"https:\/\/gallican-montbrison.fr\/wp\/?p=300\" \/>\n<meta property=\"og:site_name\" content=\"Chapelle Saint Michel Archange Montbrison\" \/>\n<meta property=\"article:publisher\" content=\"https:\/\/www.facebook.com\/people\/Eglise-Gallicane-Chapelle-Saint-Michel-Archange\/100064564306693\/\" \/>\n<meta property=\"article:published_time\" content=\"2012-02-19T17:32:35+00:00\" \/>\n<meta name=\"author\" content=\"Colette\" \/>\n<meta name=\"twitter:card\" content=\"summary_large_image\" \/>\n<meta name=\"twitter:label1\" content=\"\u00c9crit par\" \/>\n\t<meta name=\"twitter:data1\" content=\"Colette\" \/>\n\t<meta name=\"twitter:label2\" content=\"Dur\u00e9e de lecture estim\u00e9e\" \/>\n\t<meta name=\"twitter:data2\" content=\"1 minute\" \/>\n<script type=\"application\/ld+json\" class=\"yoast-schema-graph\">{\"@context\":\"https:\/\/schema.org\",\"@graph\":[{\"@type\":\"WebPage\",\"@id\":\"https:\/\/gallican-montbrison.fr\/wp\/?p=300\",\"url\":\"https:\/\/gallican-montbrison.fr\/wp\/?p=300\",\"name\":\"NO\u00cbL ... rena\u00eetre \u00e0 la vie divine - Chapelle Saint Michel Archange Montbrison\",\"isPartOf\":{\"@id\":\"https:\/\/gallican-montbrison.fr\/wp\/#website\"},\"datePublished\":\"2012-02-19T17:32:35+00:00\",\"author\":{\"@id\":\"https:\/\/gallican-montbrison.fr\/wp\/#\/schema\/person\/fc5571a40f7c79de2fb1b0cf72c089a4\"},\"breadcrumb\":{\"@id\":\"https:\/\/gallican-montbrison.fr\/wp\/?p=300#breadcrumb\"},\"inLanguage\":\"fr-FR\",\"potentialAction\":[{\"@type\":\"ReadAction\",\"target\":[\"https:\/\/gallican-montbrison.fr\/wp\/?p=300\"]}]},{\"@type\":\"BreadcrumbList\",\"@id\":\"https:\/\/gallican-montbrison.fr\/wp\/?p=300#breadcrumb\",\"itemListElement\":[{\"@type\":\"ListItem\",\"position\":1,\"name\":\"Accueil\",\"item\":\"https:\/\/gallican-montbrison.fr\/wp\"},{\"@type\":\"ListItem\",\"position\":2,\"name\":\"NO\u00cbL &#8230; rena\u00eetre \u00e0 la vie divine\"}]},{\"@type\":\"WebSite\",\"@id\":\"https:\/\/gallican-montbrison.fr\/wp\/#website\",\"url\":\"https:\/\/gallican-montbrison.fr\/wp\/\",\"name\":\"Chapelle Saint Michel Archange Montbrison\",\"description\":\"Eglise Gallicane, Tradition Apostolique de Gazinet\",\"potentialAction\":[{\"@type\":\"SearchAction\",\"target\":{\"@type\":\"EntryPoint\",\"urlTemplate\":\"https:\/\/gallican-montbrison.fr\/wp\/?s={search_term_string}\"},\"query-input\":{\"@type\":\"PropertyValueSpecification\",\"valueRequired\":true,\"valueName\":\"search_term_string\"}}],\"inLanguage\":\"fr-FR\"},{\"@type\":\"Person\",\"@id\":\"https:\/\/gallican-montbrison.fr\/wp\/#\/schema\/person\/fc5571a40f7c79de2fb1b0cf72c089a4\",\"name\":\"Colette\",\"url\":\"https:\/\/gallican-montbrison.fr\/wp\/?author=3\"}]}<\/script>\n<!-- \/ Yoast SEO plugin. -->","yoast_head_json":{"title":"NO\u00cbL ... rena\u00eetre \u00e0 la vie divine - Chapelle Saint Michel Archange Montbrison","robots":{"index":"index","follow":"follow","max-snippet":"max-snippet:-1","max-image-preview":"max-image-preview:large","max-video-preview":"max-video-preview:-1"},"canonical":"https:\/\/gallican-montbrison.fr\/wp\/?p=300","og_locale":"fr_FR","og_type":"article","og_title":"NO\u00cbL ... rena\u00eetre \u00e0 la vie divine - Chapelle Saint Michel Archange Montbrison","og_description":"NO\u00cbL Av\u00e8nement du Fils de Dieu \u00a0&#8211; \u00a0Naissance \u00e0 Bethl\u00e9em de J\u00e9sus Christ, Sauveur du monde.\u00a0Souvent les textes liturgiques ne s\u00e9parent pas la naissance du Christ de son retour glorieux \u00e0 la fin des temps o\u00f9 Il viendra rendre \u00e0 &hellip; Continuer la lecture &rarr;","og_url":"https:\/\/gallican-montbrison.fr\/wp\/?p=300","og_site_name":"Chapelle Saint Michel Archange Montbrison","article_publisher":"https:\/\/www.facebook.com\/people\/Eglise-Gallicane-Chapelle-Saint-Michel-Archange\/100064564306693\/","article_published_time":"2012-02-19T17:32:35+00:00","author":"Colette","twitter_card":"summary_large_image","twitter_misc":{"\u00c9crit par":"Colette","Dur\u00e9e de lecture estim\u00e9e":"1 minute"},"schema":{"@context":"https:\/\/schema.org","@graph":[{"@type":"WebPage","@id":"https:\/\/gallican-montbrison.fr\/wp\/?p=300","url":"https:\/\/gallican-montbrison.fr\/wp\/?p=300","name":"NO\u00cbL ... rena\u00eetre \u00e0 la vie divine - Chapelle Saint Michel Archange Montbrison","isPartOf":{"@id":"https:\/\/gallican-montbrison.fr\/wp\/#website"},"datePublished":"2012-02-19T17:32:35+00:00","author":{"@id":"https:\/\/gallican-montbrison.fr\/wp\/#\/schema\/person\/fc5571a40f7c79de2fb1b0cf72c089a4"},"breadcrumb":{"@id":"https:\/\/gallican-montbrison.fr\/wp\/?p=300#breadcrumb"},"inLanguage":"fr-FR","potentialAction":[{"@type":"ReadAction","target":["https:\/\/gallican-montbrison.fr\/wp\/?p=300"]}]},{"@type":"BreadcrumbList","@id":"https:\/\/gallican-montbrison.fr\/wp\/?p=300#breadcrumb","itemListElement":[{"@type":"ListItem","position":1,"name":"Accueil","item":"https:\/\/gallican-montbrison.fr\/wp"},{"@type":"ListItem","position":2,"name":"NO\u00cbL &#8230; rena\u00eetre \u00e0 la vie divine"}]},{"@type":"WebSite","@id":"https:\/\/gallican-montbrison.fr\/wp\/#website","url":"https:\/\/gallican-montbrison.fr\/wp\/","name":"Chapelle Saint Michel Archange Montbrison","description":"Eglise Gallicane, Tradition Apostolique de Gazinet","potentialAction":[{"@type":"SearchAction","target":{"@type":"EntryPoint","urlTemplate":"https:\/\/gallican-montbrison.fr\/wp\/?s={search_term_string}"},"query-input":{"@type":"PropertyValueSpecification","valueRequired":true,"valueName":"search_term_string"}}],"inLanguage":"fr-FR"},{"@type":"Person","@id":"https:\/\/gallican-montbrison.fr\/wp\/#\/schema\/person\/fc5571a40f7c79de2fb1b0cf72c089a4","name":"Colette","url":"https:\/\/gallican-montbrison.fr\/wp\/?author=3"}]}},"_links":{"self":[{"href":"https:\/\/gallican-montbrison.fr\/wp\/index.php?rest_route=\/wp\/v2\/posts\/300"}],"collection":[{"href":"https:\/\/gallican-montbrison.fr\/wp\/index.php?rest_route=\/wp\/v2\/posts"}],"about":[{"href":"https:\/\/gallican-montbrison.fr\/wp\/index.php?rest_route=\/wp\/v2\/types\/post"}],"author":[{"embeddable":true,"href":"https:\/\/gallican-montbrison.fr\/wp\/index.php?rest_route=\/wp\/v2\/users\/3"}],"replies":[{"embeddable":true,"href":"https:\/\/gallican-montbrison.fr\/wp\/index.php?rest_route=%2Fwp%2Fv2%2Fcomments&post=300"}],"version-history":[{"count":1,"href":"https:\/\/gallican-montbrison.fr\/wp\/index.php?rest_route=\/wp\/v2\/posts\/300\/revisions"}],"predecessor-version":[{"id":301,"href":"https:\/\/gallican-montbrison.fr\/wp\/index.php?rest_route=\/wp\/v2\/posts\/300\/revisions\/301"}],"wp:attachment":[{"href":"https:\/\/gallican-montbrison.fr\/wp\/index.php?rest_route=%2Fwp%2Fv2%2Fmedia&parent=300"}],"wp:term":[{"taxonomy":"category","embeddable":true,"href":"https:\/\/gallican-montbrison.fr\/wp\/index.php?rest_route=%2Fwp%2Fv2%2Fcategories&post=300"},{"taxonomy":"post_tag","embeddable":true,"href":"https:\/\/gallican-montbrison.fr\/wp\/index.php?rest_route=%2Fwp%2Fv2%2Ftags&post=300"}],"curies":[{"name":"wp","href":"https:\/\/api.w.org\/{rel}","templated":true}]}}