{"id":3014,"date":"2021-10-29T07:59:43","date_gmt":"2021-10-29T05:59:43","guid":{"rendered":"http:\/\/gallican-montbrison.fr\/wp\/?p=3014"},"modified":"2021-11-16T15:45:16","modified_gmt":"2021-11-16T14:45:16","slug":"toussaint-et-jour-des-defunts","status":"publish","type":"post","link":"https:\/\/gallican-montbrison.fr\/wp\/?p=3014","title":{"rendered":"Toussaint et Jour des d\u00e9funts"},"content":{"rendered":"\n<figure class=\"wp-block-audio\"><audio controls src=\"https:\/\/gallican-montbrison.fr\/wp\/wp-content\/uploads\/2021\/11\/21-Homelie-Toussaint-2021.mp3\"><\/audio><figcaption>Hom\u00e9lie Toussaint 2021<\/figcaption><\/figure>\n\n\n<p><a href=\"http:\/\/gallican-montbrison.fr\/wp\/wp-content\/uploads\/2013\/11\/dadd84c7.jpg\"><img loading=\"lazy\" decoding=\"async\" class=\"alignleft size-medium wp-image-3044\" alt=\"dadd84c7\" src=\"http:\/\/gallican-montbrison.fr\/wp\/wp-content\/uploads\/2013\/11\/dadd84c7-300x216.jpg\" width=\"300\" height=\"216\" srcset=\"https:\/\/gallican-montbrison.fr\/wp\/wp-content\/uploads\/2013\/11\/dadd84c7-300x216.jpg 300w, https:\/\/gallican-montbrison.fr\/wp\/wp-content\/uploads\/2013\/11\/dadd84c7.jpg 347w\" sizes=\"(max-width: 300px) 100vw, 300px\" \/><\/a>La f\u00eate de la<strong><span style=\"color: #3366ff;\"> Toussaint <\/span><\/strong>c\u00e9l\u00e8bre celles et ceux qui louent Dieu sans fin dans les cieux (messe de la Toussaint).<\/p>\n<p>En assistant \u00e0 la messe le jour de la Toussaint, nous nous mettons \u00e0 l&rsquo;unisson de leur joie et nous nous souvenons que le sacerdoce que J\u00e9sus exerce invisiblement sur nos autels o\u00f9 il s&rsquo;offre pour les hommes s&rsquo;identifie avec celui qu&rsquo;il exerce continuellement pour nous dans les cieux face \u00e0 Dieu. \u00ab\u00a0Les autels de la terre\u00a0\u00bb o\u00f9 se trouve le Christ dans l&rsquo;eucharistie, et \u00ab\u00a0l&rsquo;autel du Ciel\u00a0\u00bb o\u00f9 se trouve le Christ ressuscit\u00e9 \u00e0 la droite de son P\u00e8re, ne font qu&rsquo;un.<\/p>\n<p>A la messe de la Toussaint (1er Novembre), tout nous rappelle notre patrie c\u00e9leste, celle qui nous attend. La messe unit nos voix aux louanges des anges et les pri\u00e8res nous mettent en communion avec Marie, m\u00e8re de Dieu et tous les Saints. La messe est c\u00e9l\u00e9br\u00e9e par le pr\u00eatre en l&rsquo;honneur de tous ceux et celles qui ont d\u00e9j\u00e0 rejoint le P\u00e8re et l&rsquo;Eglise du ciel.<\/p>\n<p>Mais cette f\u00eate ne peut se dissocier de celle c\u00e9l\u00e9br\u00e9e le lendemain, (2 Novembre), pour les morts. En effet notre Eglise terrestre \u00e9tend, en ce jour particulier, sa sollicitude aux \u00e2mes des d\u00e9funts, celles et ceux encore sur le chemin de retour vers le P\u00e8re.<\/p>\n<p>Le missel catholique nous dit \u00e0 ce propos:<span style=\"color: #000000;\"> \u00a0\u00bb Notre Eglise terrestre apr\u00e8s s&rsquo;\u00eatre attach\u00e9e \u00e0 f\u00eater ses fils d\u00e9j\u00e0 entr\u00e9s dans la gloire du ciel, (Toussaint), s&rsquo;efforce&nbsp; en ce jour (2 Novembre) d&rsquo;aider par ses pri\u00e8res toutes les \u00e2mes des d\u00e9funts afin qu&rsquo;elles se joignent au plus t\u00f4t \u00e0 la soci\u00e9t\u00e9 des habitants de la Cit\u00e9 celeste\u00a0\u00bb.<\/span><\/p>\n<p><strong><em><span style=\"color: #3366ff;\">Jamais dans la liturgie ne s&rsquo;affirme de fa\u00e7on plus vivante l&rsquo;unit\u00e9 qui existe entre l&rsquo;Eglise triomphante (aupr\u00e8s de Dieu), l&rsquo;Eglise militante (sur terre) et l&rsquo;Eglise souffrante (le purgatoire).<\/span><\/em><\/strong><\/p>\n<p>Bien entendu ce n&rsquo;est pas le seul jour o\u00f9 l&rsquo;Eglise terrestre prie pour ses morts puisqu&rsquo;\u00e0 chaque c\u00e9l\u00e9bration la liturgie nous fait prier pour les d\u00e9funts \u00e0 travers le pr\u00eatre qui demande pour eux le lieu de la lumi\u00e8re et de la paix; mais le 2 Novembre, les pri\u00e8res et les pens\u00e9es se reportent vers eux d&rsquo;une mani\u00e8re toute particuli\u00e8re avec la pr\u00e9occupation de ne laisser aucune \u00e2me en chemin et de les grouper toutes dans une m\u00eame pri\u00e8re.<\/p>\n<p>Ces journ\u00e9es comprennent aussi souvent, selon la tradition, la visite des cimeti\u00e8res o\u00f9 les familles vont prier pour leurs d\u00e9funts.<\/p>\n<p>Dame Colette<\/p>\n<p>&nbsp;<\/p>","protected":false},"excerpt":{"rendered":"<p>La f\u00eate de la Toussaint c\u00e9l\u00e8bre celles et ceux qui louent Dieu sans fin dans les cieux (messe de la Toussaint). En assistant \u00e0 la messe le jour de la Toussaint, nous nous mettons \u00e0 l&rsquo;unisson de leur joie et &hellip; <a href=\"https:\/\/gallican-montbrison.fr\/wp\/?p=3014\">Continuer la lecture <span class=\"meta-nav\">&rarr;<\/span><\/a><\/p>\n","protected":false},"author":3,"featured_media":0,"comment_status":"closed","ping_status":"open","sticky":false,"template":"","format":"standard","meta":{"footnotes":""},"categories":[11],"tags":[27,46,222,70,25,6,50,117,128,165],"class_list":["post-3014","post","type-post","status-publish","format-standard","hentry","category-articles-et-conferences","tag-celebration","tag-christ","tag-defunts","tag-eglise","tag-fete","tag-messe","tag-montbrison","tag-mort","tag-paroisse","tag-toussaint"],"yoast_head":"<!-- This site is optimized with the Yoast SEO plugin v25.6 - https:\/\/yoast.com\/wordpress\/plugins\/seo\/ -->\n<title>Toussaint et Jour des d\u00e9funts - Chapelle Saint Michel Archange Montbrison<\/title>\n<meta name=\"robots\" content=\"index, follow, max-snippet:-1, max-image-preview:large, max-video-preview:-1\" \/>\n<link rel=\"canonical\" href=\"https:\/\/gallican-montbrison.fr\/wp\/?p=3014\" \/>\n<meta property=\"og:locale\" content=\"fr_FR\" \/>\n<meta property=\"og:type\" content=\"article\" \/>\n<meta property=\"og:title\" content=\"Toussaint et Jour des d\u00e9funts - Chapelle Saint Michel Archange Montbrison\" \/>\n<meta property=\"og:description\" content=\"La f\u00eate de la Toussaint c\u00e9l\u00e8bre celles et ceux qui louent Dieu sans fin dans les cieux (messe de la Toussaint). En assistant \u00e0 la messe le jour de la Toussaint, nous nous mettons \u00e0 l&rsquo;unisson de leur joie et &hellip; Continuer la lecture &rarr;\" \/>\n<meta property=\"og:url\" content=\"https:\/\/gallican-montbrison.fr\/wp\/?p=3014\" \/>\n<meta property=\"og:site_name\" content=\"Chapelle Saint Michel Archange Montbrison\" \/>\n<meta property=\"article:publisher\" content=\"https:\/\/www.facebook.com\/people\/Eglise-Gallicane-Chapelle-Saint-Michel-Archange\/100064564306693\/\" \/>\n<meta property=\"article:published_time\" content=\"2021-10-29T05:59:43+00:00\" \/>\n<meta property=\"article:modified_time\" content=\"2021-11-16T14:45:16+00:00\" \/>\n<meta property=\"og:image\" content=\"http:\/\/gallican-montbrison.fr\/wp\/wp-content\/uploads\/2013\/11\/dadd84c7-300x216.jpg\" \/>\n<meta name=\"author\" content=\"Colette\" \/>\n<meta name=\"twitter:card\" content=\"summary_large_image\" \/>\n<meta name=\"twitter:label1\" content=\"\u00c9crit par\" \/>\n\t<meta name=\"twitter:data1\" content=\"Colette\" \/>\n\t<meta name=\"twitter:label2\" content=\"Dur\u00e9e de lecture estim\u00e9e\" \/>\n\t<meta name=\"twitter:data2\" content=\"2 minutes\" \/>\n<script type=\"application\/ld+json\" class=\"yoast-schema-graph\">{\"@context\":\"https:\/\/schema.org\",\"@graph\":[{\"@type\":\"WebPage\",\"@id\":\"https:\/\/gallican-montbrison.fr\/wp\/?p=3014\",\"url\":\"https:\/\/gallican-montbrison.fr\/wp\/?p=3014\",\"name\":\"Toussaint et Jour des d\u00e9funts - Chapelle Saint Michel Archange Montbrison\",\"isPartOf\":{\"@id\":\"https:\/\/gallican-montbrison.fr\/wp\/#website\"},\"primaryImageOfPage\":{\"@id\":\"https:\/\/gallican-montbrison.fr\/wp\/?p=3014#primaryimage\"},\"image\":{\"@id\":\"https:\/\/gallican-montbrison.fr\/wp\/?p=3014#primaryimage\"},\"thumbnailUrl\":\"http:\/\/gallican-montbrison.fr\/wp\/wp-content\/uploads\/2013\/11\/dadd84c7-300x216.jpg\",\"datePublished\":\"2021-10-29T05:59:43+00:00\",\"dateModified\":\"2021-11-16T14:45:16+00:00\",\"author\":{\"@id\":\"https:\/\/gallican-montbrison.fr\/wp\/#\/schema\/person\/fc5571a40f7c79de2fb1b0cf72c089a4\"},\"breadcrumb\":{\"@id\":\"https:\/\/gallican-montbrison.fr\/wp\/?p=3014#breadcrumb\"},\"inLanguage\":\"fr-FR\",\"potentialAction\":[{\"@type\":\"ReadAction\",\"target\":[\"https:\/\/gallican-montbrison.fr\/wp\/?p=3014\"]}]},{\"@type\":\"ImageObject\",\"inLanguage\":\"fr-FR\",\"@id\":\"https:\/\/gallican-montbrison.fr\/wp\/?p=3014#primaryimage\",\"url\":\"https:\/\/gallican-montbrison.fr\/wp\/wp-content\/uploads\/2013\/11\/dadd84c7.jpg\",\"contentUrl\":\"https:\/\/gallican-montbrison.fr\/wp\/wp-content\/uploads\/2013\/11\/dadd84c7.jpg\",\"width\":347,\"height\":250},{\"@type\":\"BreadcrumbList\",\"@id\":\"https:\/\/gallican-montbrison.fr\/wp\/?p=3014#breadcrumb\",\"itemListElement\":[{\"@type\":\"ListItem\",\"position\":1,\"name\":\"Accueil\",\"item\":\"https:\/\/gallican-montbrison.fr\/wp\"},{\"@type\":\"ListItem\",\"position\":2,\"name\":\"Toussaint et Jour des d\u00e9funts\"}]},{\"@type\":\"WebSite\",\"@id\":\"https:\/\/gallican-montbrison.fr\/wp\/#website\",\"url\":\"https:\/\/gallican-montbrison.fr\/wp\/\",\"name\":\"Chapelle Saint Michel Archange Montbrison\",\"description\":\"Eglise Gallicane, Tradition Apostolique de Gazinet\",\"potentialAction\":[{\"@type\":\"SearchAction\",\"target\":{\"@type\":\"EntryPoint\",\"urlTemplate\":\"https:\/\/gallican-montbrison.fr\/wp\/?s={search_term_string}\"},\"query-input\":{\"@type\":\"PropertyValueSpecification\",\"valueRequired\":true,\"valueName\":\"search_term_string\"}}],\"inLanguage\":\"fr-FR\"},{\"@type\":\"Person\",\"@id\":\"https:\/\/gallican-montbrison.fr\/wp\/#\/schema\/person\/fc5571a40f7c79de2fb1b0cf72c089a4\",\"name\":\"Colette\",\"url\":\"https:\/\/gallican-montbrison.fr\/wp\/?author=3\"}]}<\/script>\n<!-- \/ Yoast SEO plugin. -->","yoast_head_json":{"title":"Toussaint et Jour des d\u00e9funts - Chapelle Saint Michel Archange Montbrison","robots":{"index":"index","follow":"follow","max-snippet":"max-snippet:-1","max-image-preview":"max-image-preview:large","max-video-preview":"max-video-preview:-1"},"canonical":"https:\/\/gallican-montbrison.fr\/wp\/?p=3014","og_locale":"fr_FR","og_type":"article","og_title":"Toussaint et Jour des d\u00e9funts - Chapelle Saint Michel Archange Montbrison","og_description":"La f\u00eate de la Toussaint c\u00e9l\u00e8bre celles et ceux qui louent Dieu sans fin dans les cieux (messe de la Toussaint). En assistant \u00e0 la messe le jour de la Toussaint, nous nous mettons \u00e0 l&rsquo;unisson de leur joie et &hellip; Continuer la lecture &rarr;","og_url":"https:\/\/gallican-montbrison.fr\/wp\/?p=3014","og_site_name":"Chapelle Saint Michel Archange Montbrison","article_publisher":"https:\/\/www.facebook.com\/people\/Eglise-Gallicane-Chapelle-Saint-Michel-Archange\/100064564306693\/","article_published_time":"2021-10-29T05:59:43+00:00","article_modified_time":"2021-11-16T14:45:16+00:00","og_image":[{"url":"http:\/\/gallican-montbrison.fr\/wp\/wp-content\/uploads\/2013\/11\/dadd84c7-300x216.jpg","type":"","width":"","height":""}],"author":"Colette","twitter_card":"summary_large_image","twitter_misc":{"\u00c9crit par":"Colette","Dur\u00e9e de lecture estim\u00e9e":"2 minutes"},"schema":{"@context":"https:\/\/schema.org","@graph":[{"@type":"WebPage","@id":"https:\/\/gallican-montbrison.fr\/wp\/?p=3014","url":"https:\/\/gallican-montbrison.fr\/wp\/?p=3014","name":"Toussaint et Jour des d\u00e9funts - Chapelle Saint Michel Archange Montbrison","isPartOf":{"@id":"https:\/\/gallican-montbrison.fr\/wp\/#website"},"primaryImageOfPage":{"@id":"https:\/\/gallican-montbrison.fr\/wp\/?p=3014#primaryimage"},"image":{"@id":"https:\/\/gallican-montbrison.fr\/wp\/?p=3014#primaryimage"},"thumbnailUrl":"http:\/\/gallican-montbrison.fr\/wp\/wp-content\/uploads\/2013\/11\/dadd84c7-300x216.jpg","datePublished":"2021-10-29T05:59:43+00:00","dateModified":"2021-11-16T14:45:16+00:00","author":{"@id":"https:\/\/gallican-montbrison.fr\/wp\/#\/schema\/person\/fc5571a40f7c79de2fb1b0cf72c089a4"},"breadcrumb":{"@id":"https:\/\/gallican-montbrison.fr\/wp\/?p=3014#breadcrumb"},"inLanguage":"fr-FR","potentialAction":[{"@type":"ReadAction","target":["https:\/\/gallican-montbrison.fr\/wp\/?p=3014"]}]},{"@type":"ImageObject","inLanguage":"fr-FR","@id":"https:\/\/gallican-montbrison.fr\/wp\/?p=3014#primaryimage","url":"https:\/\/gallican-montbrison.fr\/wp\/wp-content\/uploads\/2013\/11\/dadd84c7.jpg","contentUrl":"https:\/\/gallican-montbrison.fr\/wp\/wp-content\/uploads\/2013\/11\/dadd84c7.jpg","width":347,"height":250},{"@type":"BreadcrumbList","@id":"https:\/\/gallican-montbrison.fr\/wp\/?p=3014#breadcrumb","itemListElement":[{"@type":"ListItem","position":1,"name":"Accueil","item":"https:\/\/gallican-montbrison.fr\/wp"},{"@type":"ListItem","position":2,"name":"Toussaint et Jour des d\u00e9funts"}]},{"@type":"WebSite","@id":"https:\/\/gallican-montbrison.fr\/wp\/#website","url":"https:\/\/gallican-montbrison.fr\/wp\/","name":"Chapelle Saint Michel Archange Montbrison","description":"Eglise Gallicane, Tradition Apostolique de Gazinet","potentialAction":[{"@type":"SearchAction","target":{"@type":"EntryPoint","urlTemplate":"https:\/\/gallican-montbrison.fr\/wp\/?s={search_term_string}"},"query-input":{"@type":"PropertyValueSpecification","valueRequired":true,"valueName":"search_term_string"}}],"inLanguage":"fr-FR"},{"@type":"Person","@id":"https:\/\/gallican-montbrison.fr\/wp\/#\/schema\/person\/fc5571a40f7c79de2fb1b0cf72c089a4","name":"Colette","url":"https:\/\/gallican-montbrison.fr\/wp\/?author=3"}]}},"_links":{"self":[{"href":"https:\/\/gallican-montbrison.fr\/wp\/index.php?rest_route=\/wp\/v2\/posts\/3014"}],"collection":[{"href":"https:\/\/gallican-montbrison.fr\/wp\/index.php?rest_route=\/wp\/v2\/posts"}],"about":[{"href":"https:\/\/gallican-montbrison.fr\/wp\/index.php?rest_route=\/wp\/v2\/types\/post"}],"author":[{"embeddable":true,"href":"https:\/\/gallican-montbrison.fr\/wp\/index.php?rest_route=\/wp\/v2\/users\/3"}],"replies":[{"embeddable":true,"href":"https:\/\/gallican-montbrison.fr\/wp\/index.php?rest_route=%2Fwp%2Fv2%2Fcomments&post=3014"}],"version-history":[{"count":8,"href":"https:\/\/gallican-montbrison.fr\/wp\/index.php?rest_route=\/wp\/v2\/posts\/3014\/revisions"}],"predecessor-version":[{"id":7673,"href":"https:\/\/gallican-montbrison.fr\/wp\/index.php?rest_route=\/wp\/v2\/posts\/3014\/revisions\/7673"}],"wp:attachment":[{"href":"https:\/\/gallican-montbrison.fr\/wp\/index.php?rest_route=%2Fwp%2Fv2%2Fmedia&parent=3014"}],"wp:term":[{"taxonomy":"category","embeddable":true,"href":"https:\/\/gallican-montbrison.fr\/wp\/index.php?rest_route=%2Fwp%2Fv2%2Fcategories&post=3014"},{"taxonomy":"post_tag","embeddable":true,"href":"https:\/\/gallican-montbrison.fr\/wp\/index.php?rest_route=%2Fwp%2Fv2%2Ftags&post=3014"}],"curies":[{"name":"wp","href":"https:\/\/api.w.org\/{rel}","templated":true}]}}