{"id":314,"date":"2012-02-19T18:50:42","date_gmt":"2012-02-19T17:50:42","guid":{"rendered":"http:\/\/gallican-montbrison.fr\/wp\/?p=314"},"modified":"2012-02-19T18:50:42","modified_gmt":"2012-02-19T17:50:42","slug":"jesus-christ-parole-de-vie","status":"publish","type":"post","link":"https:\/\/gallican-montbrison.fr\/wp\/?p=314","title":{"rendered":"J\u00e9sus Christ : Parole de Vie"},"content":{"rendered":"<p><strong>La pluie et la neige tombent du ciel,\u00a0mais elles n&rsquo;y retournent pas\u00a0sans avoir arros\u00e9 la terre,\u00a0sans l&rsquo;avoir rendue fertile,\u00a0sans avoir fait germer les graines&#8230; (Esa\u00efe 55-10)<\/strong><\/p>\n<p><strong><\/strong>De fa\u00e7on identique,\u00a0la Parole de Dieu ressource les hommes\u00a0et les fait grandir.<\/p>\n<p>La p\u00e9riode liturgique que nous venons d&rsquo;entamer avec le car\u00eame est la plus dense mais aussi la plus riche en enseignements pour notre vie de chr\u00e9tien.\u00a0De car\u00eame \u00e0 la R\u00e9surrection du Christ le matin de P\u00e2ques; de son Ascension \u00e0 la venue de l&rsquo;Esprit Saint pour Pentec\u00f4te.. autant de moments forts que nous ne devons pas oublier de\u00a0c\u00e9l\u00e9brer&#8230; non pas comme une mythologie ancienne mais comme un renouvellement chaque ann\u00e9e en nos coeurs: une prise de conscience qui nous fasse r\u00e9pondre aux paroles du pr\u00eatre le jour de P\u00e2ques avec une conviction profonde et sinc\u00e8re:<\/p>\n<p>\u00ab\u00a0Le Christ est ressuscit\u00e9&#8230; OUI c&rsquo;est la v\u00e9rit\u00e9\u00a0\u00bb<\/p>\n<p>J\u00e9sus a eu une vie exceptionnelle, bien \u00e9videmment, il \u00e9tait le Fils de Dieu; mais tout ce qu&rsquo;il a accompli il a pu le faire car il n&rsquo;\u00e9tait pas seul dans ses actions et ses paroles. Il \u00e9tait avec la puissance de l&rsquo;Esprit.<\/p>\n<p>Et voil\u00e0 ce qui nous est donn\u00e9 \u00e0 nous aussi pour Pentec\u00f4te:\u00a0la puissance de l&rsquo;Esprit.<\/p>\n<p>D\u00e8s le d\u00e9but du car\u00eame nous devons nous mettre dans les dispositions n\u00e9cessaires pour bien la recevoir et la faire n\u00f4tre afin de pouvoir ensuite agir en enfants de Dieu, gr\u00e2ce \u00e0 elle, dans notre vie de chaque jour.<\/p>\n<p>L&rsquo;\u00e9pisode de la Transfiguration relue en d\u00e9but de car\u00eame est d\u00e9j\u00e0 une source de r\u00e9confort pour les Ap\u00f4tres et aussi pour nous: Nous savons toutes les souffrances que J\u00e9sus doit endurer avant de ressusciter, jours difficiles qui vont faire que m\u00eame ses plus fid\u00e8les disciples vont douter&#8230; tribulations de nos vies qui font que nous aussi parfois nous doutons de Lui. Cet \u00e9pisode est l\u00e0, en pr\u00e9ambule, afin de soutenir notre Foi tout au long du car\u00eame et aussi de nos vies car Dieu y affirme :<\/p>\n<p>\u00ab\u00a0Celui-ci est mon Fils bien aim\u00e9, \u00e9coutez-le<em>\u00ab\u00a0<\/em><\/p>\n<p><em>C&rsquo;est par la lecture et la m\u00e9ditation des Evangiles\u00a0<\/em><em>que la Parole se fait entendre.\u00a0<\/em><\/p>\n<p><em>C&rsquo;est par l&rsquo;Eucharistie que la vie<\/em><em> <\/em><em>divine grandit en nous\u00a0<\/em><em>et nous apporte son r\u00e9confort.<\/em><\/p>\n<p>Dame Colette +<\/p>\n","protected":false},"excerpt":{"rendered":"<p>La pluie et la neige tombent du ciel,\u00a0mais elles n&rsquo;y retournent pas\u00a0sans avoir arros\u00e9 la terre,\u00a0sans l&rsquo;avoir rendue fertile,\u00a0sans avoir fait germer les graines&#8230; (Esa\u00efe 55-10) De fa\u00e7on identique,\u00a0la Parole de Dieu ressource les hommes\u00a0et les fait grandir. La p\u00e9riode &hellip; <a href=\"https:\/\/gallican-montbrison.fr\/wp\/?p=314\">Continuer la lecture <span class=\"meta-nav\">&rarr;<\/span><\/a><\/p>\n","protected":false},"author":3,"featured_media":0,"comment_status":"closed","ping_status":"open","sticky":false,"template":"","format":"standard","meta":{"footnotes":""},"categories":[11],"tags":[],"class_list":["post-314","post","type-post","status-publish","format-standard","hentry","category-articles-et-conferences"],"yoast_head":"<!-- This site is optimized with the Yoast SEO plugin v25.6 - https:\/\/yoast.com\/wordpress\/plugins\/seo\/ -->\n<title>J\u00e9sus Christ : Parole de Vie  - Chapelle Saint Michel Archange Montbrison<\/title>\n<meta name=\"robots\" content=\"index, follow, max-snippet:-1, max-image-preview:large, max-video-preview:-1\" \/>\n<link rel=\"canonical\" href=\"https:\/\/gallican-montbrison.fr\/wp\/?p=314\" \/>\n<meta property=\"og:locale\" content=\"fr_FR\" \/>\n<meta property=\"og:type\" content=\"article\" \/>\n<meta property=\"og:title\" content=\"J\u00e9sus Christ : Parole de Vie  - Chapelle Saint Michel Archange Montbrison\" \/>\n<meta property=\"og:description\" content=\"La pluie et la neige tombent du ciel,\u00a0mais elles n&rsquo;y retournent pas\u00a0sans avoir arros\u00e9 la terre,\u00a0sans l&rsquo;avoir rendue fertile,\u00a0sans avoir fait germer les graines&#8230; (Esa\u00efe 55-10) De fa\u00e7on identique,\u00a0la Parole de Dieu ressource les hommes\u00a0et les fait grandir. La p\u00e9riode &hellip; Continuer la lecture &rarr;\" \/>\n<meta property=\"og:url\" content=\"https:\/\/gallican-montbrison.fr\/wp\/?p=314\" \/>\n<meta property=\"og:site_name\" content=\"Chapelle Saint Michel Archange Montbrison\" \/>\n<meta property=\"article:publisher\" content=\"https:\/\/www.facebook.com\/people\/Eglise-Gallicane-Chapelle-Saint-Michel-Archange\/100064564306693\/\" \/>\n<meta property=\"article:published_time\" content=\"2012-02-19T17:50:42+00:00\" \/>\n<meta name=\"author\" content=\"Colette\" \/>\n<meta name=\"twitter:card\" content=\"summary_large_image\" \/>\n<meta name=\"twitter:label1\" content=\"\u00c9crit par\" \/>\n\t<meta name=\"twitter:data1\" content=\"Colette\" \/>\n\t<meta name=\"twitter:label2\" content=\"Dur\u00e9e de lecture estim\u00e9e\" \/>\n\t<meta name=\"twitter:data2\" content=\"2 minutes\" \/>\n<script type=\"application\/ld+json\" class=\"yoast-schema-graph\">{\"@context\":\"https:\/\/schema.org\",\"@graph\":[{\"@type\":\"WebPage\",\"@id\":\"https:\/\/gallican-montbrison.fr\/wp\/?p=314\",\"url\":\"https:\/\/gallican-montbrison.fr\/wp\/?p=314\",\"name\":\"J\u00e9sus Christ : Parole de Vie - Chapelle Saint Michel Archange Montbrison\",\"isPartOf\":{\"@id\":\"https:\/\/gallican-montbrison.fr\/wp\/#website\"},\"datePublished\":\"2012-02-19T17:50:42+00:00\",\"author\":{\"@id\":\"https:\/\/gallican-montbrison.fr\/wp\/#\/schema\/person\/fc5571a40f7c79de2fb1b0cf72c089a4\"},\"breadcrumb\":{\"@id\":\"https:\/\/gallican-montbrison.fr\/wp\/?p=314#breadcrumb\"},\"inLanguage\":\"fr-FR\",\"potentialAction\":[{\"@type\":\"ReadAction\",\"target\":[\"https:\/\/gallican-montbrison.fr\/wp\/?p=314\"]}]},{\"@type\":\"BreadcrumbList\",\"@id\":\"https:\/\/gallican-montbrison.fr\/wp\/?p=314#breadcrumb\",\"itemListElement\":[{\"@type\":\"ListItem\",\"position\":1,\"name\":\"Accueil\",\"item\":\"https:\/\/gallican-montbrison.fr\/wp\"},{\"@type\":\"ListItem\",\"position\":2,\"name\":\"J\u00e9sus Christ : Parole de Vie\"}]},{\"@type\":\"WebSite\",\"@id\":\"https:\/\/gallican-montbrison.fr\/wp\/#website\",\"url\":\"https:\/\/gallican-montbrison.fr\/wp\/\",\"name\":\"Chapelle Saint Michel Archange Montbrison\",\"description\":\"Eglise Gallicane, Tradition Apostolique de Gazinet\",\"potentialAction\":[{\"@type\":\"SearchAction\",\"target\":{\"@type\":\"EntryPoint\",\"urlTemplate\":\"https:\/\/gallican-montbrison.fr\/wp\/?s={search_term_string}\"},\"query-input\":{\"@type\":\"PropertyValueSpecification\",\"valueRequired\":true,\"valueName\":\"search_term_string\"}}],\"inLanguage\":\"fr-FR\"},{\"@type\":\"Person\",\"@id\":\"https:\/\/gallican-montbrison.fr\/wp\/#\/schema\/person\/fc5571a40f7c79de2fb1b0cf72c089a4\",\"name\":\"Colette\",\"url\":\"https:\/\/gallican-montbrison.fr\/wp\/?author=3\"}]}<\/script>\n<!-- \/ Yoast SEO plugin. -->","yoast_head_json":{"title":"J\u00e9sus Christ : Parole de Vie  - Chapelle Saint Michel Archange Montbrison","robots":{"index":"index","follow":"follow","max-snippet":"max-snippet:-1","max-image-preview":"max-image-preview:large","max-video-preview":"max-video-preview:-1"},"canonical":"https:\/\/gallican-montbrison.fr\/wp\/?p=314","og_locale":"fr_FR","og_type":"article","og_title":"J\u00e9sus Christ : Parole de Vie  - Chapelle Saint Michel Archange Montbrison","og_description":"La pluie et la neige tombent du ciel,\u00a0mais elles n&rsquo;y retournent pas\u00a0sans avoir arros\u00e9 la terre,\u00a0sans l&rsquo;avoir rendue fertile,\u00a0sans avoir fait germer les graines&#8230; (Esa\u00efe 55-10) De fa\u00e7on identique,\u00a0la Parole de Dieu ressource les hommes\u00a0et les fait grandir. La p\u00e9riode &hellip; Continuer la lecture &rarr;","og_url":"https:\/\/gallican-montbrison.fr\/wp\/?p=314","og_site_name":"Chapelle Saint Michel Archange Montbrison","article_publisher":"https:\/\/www.facebook.com\/people\/Eglise-Gallicane-Chapelle-Saint-Michel-Archange\/100064564306693\/","article_published_time":"2012-02-19T17:50:42+00:00","author":"Colette","twitter_card":"summary_large_image","twitter_misc":{"\u00c9crit par":"Colette","Dur\u00e9e de lecture estim\u00e9e":"2 minutes"},"schema":{"@context":"https:\/\/schema.org","@graph":[{"@type":"WebPage","@id":"https:\/\/gallican-montbrison.fr\/wp\/?p=314","url":"https:\/\/gallican-montbrison.fr\/wp\/?p=314","name":"J\u00e9sus Christ : Parole de Vie - Chapelle Saint Michel Archange Montbrison","isPartOf":{"@id":"https:\/\/gallican-montbrison.fr\/wp\/#website"},"datePublished":"2012-02-19T17:50:42+00:00","author":{"@id":"https:\/\/gallican-montbrison.fr\/wp\/#\/schema\/person\/fc5571a40f7c79de2fb1b0cf72c089a4"},"breadcrumb":{"@id":"https:\/\/gallican-montbrison.fr\/wp\/?p=314#breadcrumb"},"inLanguage":"fr-FR","potentialAction":[{"@type":"ReadAction","target":["https:\/\/gallican-montbrison.fr\/wp\/?p=314"]}]},{"@type":"BreadcrumbList","@id":"https:\/\/gallican-montbrison.fr\/wp\/?p=314#breadcrumb","itemListElement":[{"@type":"ListItem","position":1,"name":"Accueil","item":"https:\/\/gallican-montbrison.fr\/wp"},{"@type":"ListItem","position":2,"name":"J\u00e9sus Christ : Parole de Vie"}]},{"@type":"WebSite","@id":"https:\/\/gallican-montbrison.fr\/wp\/#website","url":"https:\/\/gallican-montbrison.fr\/wp\/","name":"Chapelle Saint Michel Archange Montbrison","description":"Eglise Gallicane, Tradition Apostolique de Gazinet","potentialAction":[{"@type":"SearchAction","target":{"@type":"EntryPoint","urlTemplate":"https:\/\/gallican-montbrison.fr\/wp\/?s={search_term_string}"},"query-input":{"@type":"PropertyValueSpecification","valueRequired":true,"valueName":"search_term_string"}}],"inLanguage":"fr-FR"},{"@type":"Person","@id":"https:\/\/gallican-montbrison.fr\/wp\/#\/schema\/person\/fc5571a40f7c79de2fb1b0cf72c089a4","name":"Colette","url":"https:\/\/gallican-montbrison.fr\/wp\/?author=3"}]}},"_links":{"self":[{"href":"https:\/\/gallican-montbrison.fr\/wp\/index.php?rest_route=\/wp\/v2\/posts\/314"}],"collection":[{"href":"https:\/\/gallican-montbrison.fr\/wp\/index.php?rest_route=\/wp\/v2\/posts"}],"about":[{"href":"https:\/\/gallican-montbrison.fr\/wp\/index.php?rest_route=\/wp\/v2\/types\/post"}],"author":[{"embeddable":true,"href":"https:\/\/gallican-montbrison.fr\/wp\/index.php?rest_route=\/wp\/v2\/users\/3"}],"replies":[{"embeddable":true,"href":"https:\/\/gallican-montbrison.fr\/wp\/index.php?rest_route=%2Fwp%2Fv2%2Fcomments&post=314"}],"version-history":[{"count":2,"href":"https:\/\/gallican-montbrison.fr\/wp\/index.php?rest_route=\/wp\/v2\/posts\/314\/revisions"}],"predecessor-version":[{"id":316,"href":"https:\/\/gallican-montbrison.fr\/wp\/index.php?rest_route=\/wp\/v2\/posts\/314\/revisions\/316"}],"wp:attachment":[{"href":"https:\/\/gallican-montbrison.fr\/wp\/index.php?rest_route=%2Fwp%2Fv2%2Fmedia&parent=314"}],"wp:term":[{"taxonomy":"category","embeddable":true,"href":"https:\/\/gallican-montbrison.fr\/wp\/index.php?rest_route=%2Fwp%2Fv2%2Fcategories&post=314"},{"taxonomy":"post_tag","embeddable":true,"href":"https:\/\/gallican-montbrison.fr\/wp\/index.php?rest_route=%2Fwp%2Fv2%2Ftags&post=314"}],"curies":[{"name":"wp","href":"https:\/\/api.w.org\/{rel}","templated":true}]}}