{"id":322,"date":"2012-02-19T19:01:20","date_gmt":"2012-02-19T18:01:20","guid":{"rendered":"http:\/\/gallican-montbrison.fr\/wp\/?p=322"},"modified":"2012-02-19T19:01:20","modified_gmt":"2012-02-19T18:01:20","slug":"noel-laissons-nous-illuminer-de-sa-presence","status":"publish","type":"post","link":"https:\/\/gallican-montbrison.fr\/wp\/?p=322","title":{"rendered":"NO\u00cbL: Laissons nous illuminer de Sa pr\u00e9sence."},"content":{"rendered":"<p><strong><em>No\u00ebl:<\/em><\/strong><\/p>\n<p><strong><em><\/em><\/strong><em>Dieu d\u00e9sire une place\u00a0<\/em><em>\u00e0 c\u00f4t\u00e9 de chacun de nous.\u00a0<\/em><em>Laissons nous illuminer de sa pr\u00e9sence.<\/em><\/p>\n<p><em><\/em>Prenons un peu de temps pour nous laisser toucher par la naissance de J\u00e9sus, Fils de Dieu, devenu l&rsquo;un de nous.<\/p>\n<p>\u00ab\u00a0Un enfant nous est n\u00e9, un Fils nous est donn\u00e9\u00a0\u00bb Isa\u00efe 9-5<\/p>\n<p><em>\u00a0<\/em>Malgr\u00e9 la venue de cet enfant, Fils de Dieu, la disparition de nos maux terrestres ne va pas se faire comme par enchantement&#8230; et aujourd&rsquo;hui, comme il y a deux mille ans, nous avons mille raisons d&rsquo;\u00eatre inquiets: les guerres, les maladies, le ch\u00f4mage, le d\u00e9sespoir, les crises mondiales &#8230; font l&rsquo;actualit\u00e9 mais<\/p>\n<p><em>Notre avenir peut \u00eatre illumin\u00e9<\/em><em>\u00a0par la relation que nous saurons cr\u00e9er\u00a0<\/em><em>ou raviver avec Dieu qui se plait \u00e0 nos c\u00f4t\u00e9s.<\/em><\/p>\n<p>La naissance de J\u00e9sus n&rsquo;est pas seulement une bonne nouvelle d&rsquo;hier mais aussi une bonne nouvelle pour d&rsquo;aujourd&rsquo;hui.<\/p>\n<p><em>Le Christ na\u00eet chaque jour<\/em><\/p>\n<p><em><\/em>Un mot amical, un regard attentif, un geste qui soutient&#8230; font la diff\u00e9rence. La bonne nouvelle na\u00eet de nos choix. Ce sont eux qui font vivre le Christ aujourd&rsquo;hui.<\/p>\n<p>F\u00eater No\u00ebl, c&rsquo;est nous souvenir mais c&rsquo;est aussi croire vraiment que nous sommes tous porteurs de lumi\u00e8re et d&rsquo;esp\u00e9rance par nos actes et nos paroles. Faire na\u00eetre et rayonner J\u00e9sus, c&rsquo;est t\u00e9moigner que nous sommes des artisans de paix, des femmes et des hommes capables de pardonner, de se r\u00e9concilier, d&rsquo;\u00eatre solidaires.<\/p>\n<p>Bien s\u00fbr, nous ne sommes pas responsables de tout. Bien s\u00fbr, on ne peut pas grand chose, mais chacun, l\u00e0 o\u00f9 il est, est responsable de ce qu&rsquo;il peut entreprendre pour que le monde aille mieux.<\/p>\n<p><em>Nous vous invitons \u00e0 venir nous rejoindre pour la Messe de No\u00ebl\u00a0 \u00a0 \u00a0 \u00a0 \u00a0 \u00a0 \u00a0 \u00a0 \u00a0 \u00a0 \u00a0 \u00a0 \u00a0 \u00a0 Vendredi 24 D\u00e9cembre 2011 \u00e0 20h30<\/em> \u00a0 \u00a0 \u00a0 \u00a0 \u00a0 \u00a0 \u00a0 \u00a0 \u00a0 \u00a0 \u00a0 \u00a0 \u00a0 \u00a0 \u00a0 \u00a0 \u00a0 \u00a0 \u00a0 \u00a0 \u00a0 \u00a0 \u00a0 \u00a0 \u00a0 \u00a0 \u00a0 \u00a0 \u00a0 \u00a0 \u00a0 \u00a0 \u00a0 \u00a0 \u00a0 \u00a0 \u00a0 \u00a0 \u00a0 \u00a0 \u00a0 \u00a0 \u00a0 \u00a0 \u00a0 \u00a0 \u00a0 \u00a0 \u00a0 \u00a0 Dame Colette +<\/p>\n<div><\/div>\n","protected":false},"excerpt":{"rendered":"<p>No\u00ebl: Dieu d\u00e9sire une place\u00a0\u00e0 c\u00f4t\u00e9 de chacun de nous.\u00a0Laissons nous illuminer de sa pr\u00e9sence. Prenons un peu de temps pour nous laisser toucher par la naissance de J\u00e9sus, Fils de Dieu, devenu l&rsquo;un de nous. \u00ab\u00a0Un enfant nous est &hellip; <a href=\"https:\/\/gallican-montbrison.fr\/wp\/?p=322\">Continuer la lecture <span class=\"meta-nav\">&rarr;<\/span><\/a><\/p>\n","protected":false},"author":3,"featured_media":0,"comment_status":"closed","ping_status":"open","sticky":false,"template":"","format":"standard","meta":{"footnotes":""},"categories":[11],"tags":[],"class_list":["post-322","post","type-post","status-publish","format-standard","hentry","category-articles-et-conferences"],"yoast_head":"<!-- This site is optimized with the Yoast SEO plugin v25.6 - https:\/\/yoast.com\/wordpress\/plugins\/seo\/ -->\n<title>NO\u00cbL: Laissons nous illuminer de Sa pr\u00e9sence. - Chapelle Saint Michel Archange Montbrison<\/title>\n<meta name=\"robots\" content=\"index, follow, max-snippet:-1, max-image-preview:large, max-video-preview:-1\" \/>\n<link rel=\"canonical\" href=\"https:\/\/gallican-montbrison.fr\/wp\/?p=322\" \/>\n<meta property=\"og:locale\" content=\"fr_FR\" \/>\n<meta property=\"og:type\" content=\"article\" \/>\n<meta property=\"og:title\" content=\"NO\u00cbL: Laissons nous illuminer de Sa pr\u00e9sence. - Chapelle Saint Michel Archange Montbrison\" \/>\n<meta property=\"og:description\" content=\"No\u00ebl: Dieu d\u00e9sire une place\u00a0\u00e0 c\u00f4t\u00e9 de chacun de nous.\u00a0Laissons nous illuminer de sa pr\u00e9sence. Prenons un peu de temps pour nous laisser toucher par la naissance de J\u00e9sus, Fils de Dieu, devenu l&rsquo;un de nous. \u00ab\u00a0Un enfant nous est &hellip; Continuer la lecture &rarr;\" \/>\n<meta property=\"og:url\" content=\"https:\/\/gallican-montbrison.fr\/wp\/?p=322\" \/>\n<meta property=\"og:site_name\" content=\"Chapelle Saint Michel Archange Montbrison\" \/>\n<meta property=\"article:publisher\" content=\"https:\/\/www.facebook.com\/people\/Eglise-Gallicane-Chapelle-Saint-Michel-Archange\/100064564306693\/\" \/>\n<meta property=\"article:published_time\" content=\"2012-02-19T18:01:20+00:00\" \/>\n<meta name=\"author\" content=\"Colette\" \/>\n<meta name=\"twitter:card\" content=\"summary_large_image\" \/>\n<meta name=\"twitter:label1\" content=\"\u00c9crit par\" \/>\n\t<meta name=\"twitter:data1\" content=\"Colette\" \/>\n\t<meta name=\"twitter:label2\" content=\"Dur\u00e9e de lecture estim\u00e9e\" \/>\n\t<meta name=\"twitter:data2\" content=\"2 minutes\" \/>\n<script type=\"application\/ld+json\" class=\"yoast-schema-graph\">{\"@context\":\"https:\/\/schema.org\",\"@graph\":[{\"@type\":\"WebPage\",\"@id\":\"https:\/\/gallican-montbrison.fr\/wp\/?p=322\",\"url\":\"https:\/\/gallican-montbrison.fr\/wp\/?p=322\",\"name\":\"NO\u00cbL: Laissons nous illuminer de Sa pr\u00e9sence. - Chapelle Saint Michel Archange Montbrison\",\"isPartOf\":{\"@id\":\"https:\/\/gallican-montbrison.fr\/wp\/#website\"},\"datePublished\":\"2012-02-19T18:01:20+00:00\",\"author\":{\"@id\":\"https:\/\/gallican-montbrison.fr\/wp\/#\/schema\/person\/fc5571a40f7c79de2fb1b0cf72c089a4\"},\"breadcrumb\":{\"@id\":\"https:\/\/gallican-montbrison.fr\/wp\/?p=322#breadcrumb\"},\"inLanguage\":\"fr-FR\",\"potentialAction\":[{\"@type\":\"ReadAction\",\"target\":[\"https:\/\/gallican-montbrison.fr\/wp\/?p=322\"]}]},{\"@type\":\"BreadcrumbList\",\"@id\":\"https:\/\/gallican-montbrison.fr\/wp\/?p=322#breadcrumb\",\"itemListElement\":[{\"@type\":\"ListItem\",\"position\":1,\"name\":\"Accueil\",\"item\":\"https:\/\/gallican-montbrison.fr\/wp\"},{\"@type\":\"ListItem\",\"position\":2,\"name\":\"NO\u00cbL: Laissons nous illuminer de Sa pr\u00e9sence.\"}]},{\"@type\":\"WebSite\",\"@id\":\"https:\/\/gallican-montbrison.fr\/wp\/#website\",\"url\":\"https:\/\/gallican-montbrison.fr\/wp\/\",\"name\":\"Chapelle Saint Michel Archange Montbrison\",\"description\":\"Eglise Gallicane, Tradition Apostolique de Gazinet\",\"potentialAction\":[{\"@type\":\"SearchAction\",\"target\":{\"@type\":\"EntryPoint\",\"urlTemplate\":\"https:\/\/gallican-montbrison.fr\/wp\/?s={search_term_string}\"},\"query-input\":{\"@type\":\"PropertyValueSpecification\",\"valueRequired\":true,\"valueName\":\"search_term_string\"}}],\"inLanguage\":\"fr-FR\"},{\"@type\":\"Person\",\"@id\":\"https:\/\/gallican-montbrison.fr\/wp\/#\/schema\/person\/fc5571a40f7c79de2fb1b0cf72c089a4\",\"name\":\"Colette\",\"url\":\"https:\/\/gallican-montbrison.fr\/wp\/?author=3\"}]}<\/script>\n<!-- \/ Yoast SEO plugin. -->","yoast_head_json":{"title":"NO\u00cbL: Laissons nous illuminer de Sa pr\u00e9sence. - Chapelle Saint Michel Archange Montbrison","robots":{"index":"index","follow":"follow","max-snippet":"max-snippet:-1","max-image-preview":"max-image-preview:large","max-video-preview":"max-video-preview:-1"},"canonical":"https:\/\/gallican-montbrison.fr\/wp\/?p=322","og_locale":"fr_FR","og_type":"article","og_title":"NO\u00cbL: Laissons nous illuminer de Sa pr\u00e9sence. - Chapelle Saint Michel Archange Montbrison","og_description":"No\u00ebl: Dieu d\u00e9sire une place\u00a0\u00e0 c\u00f4t\u00e9 de chacun de nous.\u00a0Laissons nous illuminer de sa pr\u00e9sence. Prenons un peu de temps pour nous laisser toucher par la naissance de J\u00e9sus, Fils de Dieu, devenu l&rsquo;un de nous. \u00ab\u00a0Un enfant nous est &hellip; Continuer la lecture &rarr;","og_url":"https:\/\/gallican-montbrison.fr\/wp\/?p=322","og_site_name":"Chapelle Saint Michel Archange Montbrison","article_publisher":"https:\/\/www.facebook.com\/people\/Eglise-Gallicane-Chapelle-Saint-Michel-Archange\/100064564306693\/","article_published_time":"2012-02-19T18:01:20+00:00","author":"Colette","twitter_card":"summary_large_image","twitter_misc":{"\u00c9crit par":"Colette","Dur\u00e9e de lecture estim\u00e9e":"2 minutes"},"schema":{"@context":"https:\/\/schema.org","@graph":[{"@type":"WebPage","@id":"https:\/\/gallican-montbrison.fr\/wp\/?p=322","url":"https:\/\/gallican-montbrison.fr\/wp\/?p=322","name":"NO\u00cbL: Laissons nous illuminer de Sa pr\u00e9sence. - Chapelle Saint Michel Archange Montbrison","isPartOf":{"@id":"https:\/\/gallican-montbrison.fr\/wp\/#website"},"datePublished":"2012-02-19T18:01:20+00:00","author":{"@id":"https:\/\/gallican-montbrison.fr\/wp\/#\/schema\/person\/fc5571a40f7c79de2fb1b0cf72c089a4"},"breadcrumb":{"@id":"https:\/\/gallican-montbrison.fr\/wp\/?p=322#breadcrumb"},"inLanguage":"fr-FR","potentialAction":[{"@type":"ReadAction","target":["https:\/\/gallican-montbrison.fr\/wp\/?p=322"]}]},{"@type":"BreadcrumbList","@id":"https:\/\/gallican-montbrison.fr\/wp\/?p=322#breadcrumb","itemListElement":[{"@type":"ListItem","position":1,"name":"Accueil","item":"https:\/\/gallican-montbrison.fr\/wp"},{"@type":"ListItem","position":2,"name":"NO\u00cbL: Laissons nous illuminer de Sa pr\u00e9sence."}]},{"@type":"WebSite","@id":"https:\/\/gallican-montbrison.fr\/wp\/#website","url":"https:\/\/gallican-montbrison.fr\/wp\/","name":"Chapelle Saint Michel Archange Montbrison","description":"Eglise Gallicane, Tradition Apostolique de Gazinet","potentialAction":[{"@type":"SearchAction","target":{"@type":"EntryPoint","urlTemplate":"https:\/\/gallican-montbrison.fr\/wp\/?s={search_term_string}"},"query-input":{"@type":"PropertyValueSpecification","valueRequired":true,"valueName":"search_term_string"}}],"inLanguage":"fr-FR"},{"@type":"Person","@id":"https:\/\/gallican-montbrison.fr\/wp\/#\/schema\/person\/fc5571a40f7c79de2fb1b0cf72c089a4","name":"Colette","url":"https:\/\/gallican-montbrison.fr\/wp\/?author=3"}]}},"_links":{"self":[{"href":"https:\/\/gallican-montbrison.fr\/wp\/index.php?rest_route=\/wp\/v2\/posts\/322"}],"collection":[{"href":"https:\/\/gallican-montbrison.fr\/wp\/index.php?rest_route=\/wp\/v2\/posts"}],"about":[{"href":"https:\/\/gallican-montbrison.fr\/wp\/index.php?rest_route=\/wp\/v2\/types\/post"}],"author":[{"embeddable":true,"href":"https:\/\/gallican-montbrison.fr\/wp\/index.php?rest_route=\/wp\/v2\/users\/3"}],"replies":[{"embeddable":true,"href":"https:\/\/gallican-montbrison.fr\/wp\/index.php?rest_route=%2Fwp%2Fv2%2Fcomments&post=322"}],"version-history":[{"count":1,"href":"https:\/\/gallican-montbrison.fr\/wp\/index.php?rest_route=\/wp\/v2\/posts\/322\/revisions"}],"predecessor-version":[{"id":323,"href":"https:\/\/gallican-montbrison.fr\/wp\/index.php?rest_route=\/wp\/v2\/posts\/322\/revisions\/323"}],"wp:attachment":[{"href":"https:\/\/gallican-montbrison.fr\/wp\/index.php?rest_route=%2Fwp%2Fv2%2Fmedia&parent=322"}],"wp:term":[{"taxonomy":"category","embeddable":true,"href":"https:\/\/gallican-montbrison.fr\/wp\/index.php?rest_route=%2Fwp%2Fv2%2Fcategories&post=322"},{"taxonomy":"post_tag","embeddable":true,"href":"https:\/\/gallican-montbrison.fr\/wp\/index.php?rest_route=%2Fwp%2Fv2%2Ftags&post=322"}],"curies":[{"name":"wp","href":"https:\/\/api.w.org\/{rel}","templated":true}]}}