{"id":327,"date":"2012-02-19T19:09:31","date_gmt":"2012-02-19T18:09:31","guid":{"rendered":"http:\/\/gallican-montbrison.fr\/wp\/?p=327"},"modified":"2012-03-08T22:47:10","modified_gmt":"2012-03-08T21:47:10","slug":"marie-madeleine-nous-attend-a-la-sainte-baume","status":"publish","type":"post","link":"https:\/\/gallican-montbrison.fr\/wp\/?p=327","title":{"rendered":"Marie Madeleine nous attend \u00e0 la Sainte Baume"},"content":{"rendered":"<p>Les vacances approchent et avec elles un peu plus de temps pour s&rsquo;occuper de ses proches mais aussi de soi&#8230; prendre le temps de vivre et de se reposer un peu des fatigues de l&rsquo;ann\u00e9e.\u00a0Alors c&rsquo;est une promenade que je vous propose aujourd&rsquo;hui. Il est un lieu de montagne entre Marseille et St Maximin o\u00f9 le temps semble suspendu:<\/p>\n<p><em>\u00ab\u00a0la grotte de la Sainte Baume\u00a0\u00bb\u00a0<\/em><\/p>\n<p>C&rsquo;est l\u00e0 que Marie Madeleine se retira et termina sa vie en une grotte accroch\u00e9e \u00e0 la falaise. C&rsquo;est l\u00e0 qu&rsquo;apr\u00e8s avoir \u00e9vang\u00e9lis\u00e9 Marseille avec St Maximin et St Sidoine, elle choisit de se retirer en ermite pour un face \u00e0 face de pri\u00e8res avec le Christ qu&rsquo;elle appelait affectueusement \u00ab\u00a0Rabbouni\u00a0\u00bb (petit ma\u00eetre).<\/p>\n<p>On peut toujours visiter cette grotte. Aujourd&rsquo;hui elle est un peu moins au vent puisque l&rsquo;entr\u00e9e a \u00e9t\u00e9 reprise par des ouvertures habill\u00e9es de beaux vitraux. Un autel et des bancs sont aussi l\u00e0 pour accueillir les p\u00e9lerins et c\u00e9l\u00e9brer l&rsquo;eucharistie 3 fois par an: le lundi de Pentec\u00f4te, le 22 Juillet et la nuit de No\u00ebl.<a href=\"http:\/\/gallican-montbrison.fr\/wp\/wp-content\/uploads\/2012\/02\/MMadeleine.jpg\"><img loading=\"lazy\" decoding=\"async\" class=\"alignright size-medium wp-image-1012\" title=\"MMadeleine\" src=\"http:\/\/gallican-montbrison.fr\/wp\/wp-content\/uploads\/2012\/02\/MMadeleine-219x300.jpg\" alt=\"\" width=\"219\" height=\"300\" srcset=\"https:\/\/gallican-montbrison.fr\/wp\/wp-content\/uploads\/2012\/02\/MMadeleine-219x300.jpg 219w, https:\/\/gallican-montbrison.fr\/wp\/wp-content\/uploads\/2012\/02\/MMadeleine-749x1024.jpg 749w, https:\/\/gallican-montbrison.fr\/wp\/wp-content\/uploads\/2012\/02\/MMadeleine.jpg 859w\" sizes=\"(max-width: 219px) 100vw, 219px\" \/><\/a><\/p>\n<p>Le reste de la grotte est en l&rsquo;\u00e9tat et permet de go\u00fbter la pl\u00e9nitude et le silence du lieu, point de rencontre entre le ciel et la terre.<\/p>\n<p>La for\u00eat de la Sainte Baume est un lieu prot\u00e9g\u00e9, religieux et sacr\u00e9 depuis des mill\u00e9naires puisqu&rsquo;avant la venue de Marie Madeleine, c&rsquo;est aussi en cette for\u00eat que les grecs de Marseille venaient rencontrer Art\u00e9mis, d\u00e9esse de la f\u00e9condit\u00e9, protectrice de l&rsquo;enfance.<\/p>\n<p>La faune et la flore y sont exceptionnelles et des essences rares sont pr\u00e9sentes. Le chant des oiseaux accompagne la mont\u00e9e comme pour encourager sur le chemin. A l&rsquo;arriv\u00e9e on d\u00e9couvre avec la grotte, un panorama d&rsquo;une beaut\u00e9 saisissante o\u00f9 rien n&rsquo;arr\u00eate le regard. Un de ces endroits o\u00f9 la nature, dans sa beaut\u00e9 et son \u00e9quilibre, accueillante et sereine, rappelle le Cr\u00e9ateur.<\/p>\n<p>Je vous conseille surtout la mont\u00e9e loin du tumulte des p\u00e9lerinages ou de l&rsquo;effervescence de la pleine journ\u00e9e afin que votre m\u00e9ditation et votre pri\u00e8re se joignent au seul chant de la nature et vous fassent go\u00fbter \u00e0 un peu de la pl\u00e9nitude que Marie Madeleine trouvait en ce lieu.<\/p>\n<p>+ Dame Colette<\/p>\n","protected":false},"excerpt":{"rendered":"<p>Les vacances approchent et avec elles un peu plus de temps pour s&rsquo;occuper de ses proches mais aussi de soi&#8230; prendre le temps de vivre et de se reposer un peu des fatigues de l&rsquo;ann\u00e9e.\u00a0Alors c&rsquo;est une promenade que je &hellip; <a href=\"https:\/\/gallican-montbrison.fr\/wp\/?p=327\">Continuer la lecture <span class=\"meta-nav\">&rarr;<\/span><\/a><\/p>\n","protected":false},"author":3,"featured_media":0,"comment_status":"closed","ping_status":"open","sticky":false,"template":"","format":"standard","meta":{"footnotes":""},"categories":[11],"tags":[],"class_list":["post-327","post","type-post","status-publish","format-standard","hentry","category-articles-et-conferences"],"yoast_head":"<!-- This site is optimized with the Yoast SEO plugin v25.6 - https:\/\/yoast.com\/wordpress\/plugins\/seo\/ -->\n<title>Marie Madeleine nous attend \u00e0 la Sainte Baume - Chapelle Saint Michel Archange Montbrison<\/title>\n<meta name=\"robots\" content=\"index, follow, max-snippet:-1, max-image-preview:large, max-video-preview:-1\" \/>\n<link rel=\"canonical\" href=\"https:\/\/gallican-montbrison.fr\/wp\/?p=327\" \/>\n<meta property=\"og:locale\" content=\"fr_FR\" \/>\n<meta property=\"og:type\" content=\"article\" \/>\n<meta property=\"og:title\" content=\"Marie Madeleine nous attend \u00e0 la Sainte Baume - Chapelle Saint Michel Archange Montbrison\" \/>\n<meta property=\"og:description\" content=\"Les vacances approchent et avec elles un peu plus de temps pour s&rsquo;occuper de ses proches mais aussi de soi&#8230; prendre le temps de vivre et de se reposer un peu des fatigues de l&rsquo;ann\u00e9e.\u00a0Alors c&rsquo;est une promenade que je &hellip; Continuer la lecture &rarr;\" \/>\n<meta property=\"og:url\" content=\"https:\/\/gallican-montbrison.fr\/wp\/?p=327\" \/>\n<meta property=\"og:site_name\" content=\"Chapelle Saint Michel Archange Montbrison\" \/>\n<meta property=\"article:publisher\" content=\"https:\/\/www.facebook.com\/people\/Eglise-Gallicane-Chapelle-Saint-Michel-Archange\/100064564306693\/\" \/>\n<meta property=\"article:published_time\" content=\"2012-02-19T18:09:31+00:00\" \/>\n<meta property=\"article:modified_time\" content=\"2012-03-08T21:47:10+00:00\" \/>\n<meta property=\"og:image\" content=\"http:\/\/gallican-montbrison.fr\/wp\/wp-content\/uploads\/2012\/02\/MMadeleine-219x300.jpg\" \/>\n<meta name=\"author\" content=\"Colette\" \/>\n<meta name=\"twitter:card\" content=\"summary_large_image\" \/>\n<meta name=\"twitter:label1\" content=\"\u00c9crit par\" \/>\n\t<meta name=\"twitter:data1\" content=\"Colette\" \/>\n\t<meta name=\"twitter:label2\" content=\"Dur\u00e9e de lecture estim\u00e9e\" \/>\n\t<meta name=\"twitter:data2\" content=\"2 minutes\" \/>\n<script type=\"application\/ld+json\" class=\"yoast-schema-graph\">{\"@context\":\"https:\/\/schema.org\",\"@graph\":[{\"@type\":\"WebPage\",\"@id\":\"https:\/\/gallican-montbrison.fr\/wp\/?p=327\",\"url\":\"https:\/\/gallican-montbrison.fr\/wp\/?p=327\",\"name\":\"Marie Madeleine nous attend \u00e0 la Sainte Baume - Chapelle Saint Michel Archange Montbrison\",\"isPartOf\":{\"@id\":\"https:\/\/gallican-montbrison.fr\/wp\/#website\"},\"primaryImageOfPage\":{\"@id\":\"https:\/\/gallican-montbrison.fr\/wp\/?p=327#primaryimage\"},\"image\":{\"@id\":\"https:\/\/gallican-montbrison.fr\/wp\/?p=327#primaryimage\"},\"thumbnailUrl\":\"http:\/\/gallican-montbrison.fr\/wp\/wp-content\/uploads\/2012\/02\/MMadeleine-219x300.jpg\",\"datePublished\":\"2012-02-19T18:09:31+00:00\",\"dateModified\":\"2012-03-08T21:47:10+00:00\",\"author\":{\"@id\":\"https:\/\/gallican-montbrison.fr\/wp\/#\/schema\/person\/fc5571a40f7c79de2fb1b0cf72c089a4\"},\"breadcrumb\":{\"@id\":\"https:\/\/gallican-montbrison.fr\/wp\/?p=327#breadcrumb\"},\"inLanguage\":\"fr-FR\",\"potentialAction\":[{\"@type\":\"ReadAction\",\"target\":[\"https:\/\/gallican-montbrison.fr\/wp\/?p=327\"]}]},{\"@type\":\"ImageObject\",\"inLanguage\":\"fr-FR\",\"@id\":\"https:\/\/gallican-montbrison.fr\/wp\/?p=327#primaryimage\",\"url\":\"https:\/\/gallican-montbrison.fr\/wp\/wp-content\/uploads\/2012\/02\/MMadeleine.jpg\",\"contentUrl\":\"https:\/\/gallican-montbrison.fr\/wp\/wp-content\/uploads\/2012\/02\/MMadeleine.jpg\",\"width\":\"859\",\"height\":\"1173\"},{\"@type\":\"BreadcrumbList\",\"@id\":\"https:\/\/gallican-montbrison.fr\/wp\/?p=327#breadcrumb\",\"itemListElement\":[{\"@type\":\"ListItem\",\"position\":1,\"name\":\"Accueil\",\"item\":\"https:\/\/gallican-montbrison.fr\/wp\"},{\"@type\":\"ListItem\",\"position\":2,\"name\":\"Marie Madeleine nous attend \u00e0 la Sainte Baume\"}]},{\"@type\":\"WebSite\",\"@id\":\"https:\/\/gallican-montbrison.fr\/wp\/#website\",\"url\":\"https:\/\/gallican-montbrison.fr\/wp\/\",\"name\":\"Chapelle Saint Michel Archange Montbrison\",\"description\":\"Eglise Gallicane, Tradition Apostolique de Gazinet\",\"potentialAction\":[{\"@type\":\"SearchAction\",\"target\":{\"@type\":\"EntryPoint\",\"urlTemplate\":\"https:\/\/gallican-montbrison.fr\/wp\/?s={search_term_string}\"},\"query-input\":{\"@type\":\"PropertyValueSpecification\",\"valueRequired\":true,\"valueName\":\"search_term_string\"}}],\"inLanguage\":\"fr-FR\"},{\"@type\":\"Person\",\"@id\":\"https:\/\/gallican-montbrison.fr\/wp\/#\/schema\/person\/fc5571a40f7c79de2fb1b0cf72c089a4\",\"name\":\"Colette\",\"url\":\"https:\/\/gallican-montbrison.fr\/wp\/?author=3\"}]}<\/script>\n<!-- \/ Yoast SEO plugin. -->","yoast_head_json":{"title":"Marie Madeleine nous attend \u00e0 la Sainte Baume - Chapelle Saint Michel Archange Montbrison","robots":{"index":"index","follow":"follow","max-snippet":"max-snippet:-1","max-image-preview":"max-image-preview:large","max-video-preview":"max-video-preview:-1"},"canonical":"https:\/\/gallican-montbrison.fr\/wp\/?p=327","og_locale":"fr_FR","og_type":"article","og_title":"Marie Madeleine nous attend \u00e0 la Sainte Baume - Chapelle Saint Michel Archange Montbrison","og_description":"Les vacances approchent et avec elles un peu plus de temps pour s&rsquo;occuper de ses proches mais aussi de soi&#8230; prendre le temps de vivre et de se reposer un peu des fatigues de l&rsquo;ann\u00e9e.\u00a0Alors c&rsquo;est une promenade que je &hellip; Continuer la lecture &rarr;","og_url":"https:\/\/gallican-montbrison.fr\/wp\/?p=327","og_site_name":"Chapelle Saint Michel Archange Montbrison","article_publisher":"https:\/\/www.facebook.com\/people\/Eglise-Gallicane-Chapelle-Saint-Michel-Archange\/100064564306693\/","article_published_time":"2012-02-19T18:09:31+00:00","article_modified_time":"2012-03-08T21:47:10+00:00","og_image":[{"url":"http:\/\/gallican-montbrison.fr\/wp\/wp-content\/uploads\/2012\/02\/MMadeleine-219x300.jpg","type":"","width":"","height":""}],"author":"Colette","twitter_card":"summary_large_image","twitter_misc":{"\u00c9crit par":"Colette","Dur\u00e9e de lecture estim\u00e9e":"2 minutes"},"schema":{"@context":"https:\/\/schema.org","@graph":[{"@type":"WebPage","@id":"https:\/\/gallican-montbrison.fr\/wp\/?p=327","url":"https:\/\/gallican-montbrison.fr\/wp\/?p=327","name":"Marie Madeleine nous attend \u00e0 la Sainte Baume - Chapelle Saint Michel Archange Montbrison","isPartOf":{"@id":"https:\/\/gallican-montbrison.fr\/wp\/#website"},"primaryImageOfPage":{"@id":"https:\/\/gallican-montbrison.fr\/wp\/?p=327#primaryimage"},"image":{"@id":"https:\/\/gallican-montbrison.fr\/wp\/?p=327#primaryimage"},"thumbnailUrl":"http:\/\/gallican-montbrison.fr\/wp\/wp-content\/uploads\/2012\/02\/MMadeleine-219x300.jpg","datePublished":"2012-02-19T18:09:31+00:00","dateModified":"2012-03-08T21:47:10+00:00","author":{"@id":"https:\/\/gallican-montbrison.fr\/wp\/#\/schema\/person\/fc5571a40f7c79de2fb1b0cf72c089a4"},"breadcrumb":{"@id":"https:\/\/gallican-montbrison.fr\/wp\/?p=327#breadcrumb"},"inLanguage":"fr-FR","potentialAction":[{"@type":"ReadAction","target":["https:\/\/gallican-montbrison.fr\/wp\/?p=327"]}]},{"@type":"ImageObject","inLanguage":"fr-FR","@id":"https:\/\/gallican-montbrison.fr\/wp\/?p=327#primaryimage","url":"https:\/\/gallican-montbrison.fr\/wp\/wp-content\/uploads\/2012\/02\/MMadeleine.jpg","contentUrl":"https:\/\/gallican-montbrison.fr\/wp\/wp-content\/uploads\/2012\/02\/MMadeleine.jpg","width":"859","height":"1173"},{"@type":"BreadcrumbList","@id":"https:\/\/gallican-montbrison.fr\/wp\/?p=327#breadcrumb","itemListElement":[{"@type":"ListItem","position":1,"name":"Accueil","item":"https:\/\/gallican-montbrison.fr\/wp"},{"@type":"ListItem","position":2,"name":"Marie Madeleine nous attend \u00e0 la Sainte Baume"}]},{"@type":"WebSite","@id":"https:\/\/gallican-montbrison.fr\/wp\/#website","url":"https:\/\/gallican-montbrison.fr\/wp\/","name":"Chapelle Saint Michel Archange Montbrison","description":"Eglise Gallicane, Tradition Apostolique de Gazinet","potentialAction":[{"@type":"SearchAction","target":{"@type":"EntryPoint","urlTemplate":"https:\/\/gallican-montbrison.fr\/wp\/?s={search_term_string}"},"query-input":{"@type":"PropertyValueSpecification","valueRequired":true,"valueName":"search_term_string"}}],"inLanguage":"fr-FR"},{"@type":"Person","@id":"https:\/\/gallican-montbrison.fr\/wp\/#\/schema\/person\/fc5571a40f7c79de2fb1b0cf72c089a4","name":"Colette","url":"https:\/\/gallican-montbrison.fr\/wp\/?author=3"}]}},"_links":{"self":[{"href":"https:\/\/gallican-montbrison.fr\/wp\/index.php?rest_route=\/wp\/v2\/posts\/327"}],"collection":[{"href":"https:\/\/gallican-montbrison.fr\/wp\/index.php?rest_route=\/wp\/v2\/posts"}],"about":[{"href":"https:\/\/gallican-montbrison.fr\/wp\/index.php?rest_route=\/wp\/v2\/types\/post"}],"author":[{"embeddable":true,"href":"https:\/\/gallican-montbrison.fr\/wp\/index.php?rest_route=\/wp\/v2\/users\/3"}],"replies":[{"embeddable":true,"href":"https:\/\/gallican-montbrison.fr\/wp\/index.php?rest_route=%2Fwp%2Fv2%2Fcomments&post=327"}],"version-history":[{"count":4,"href":"https:\/\/gallican-montbrison.fr\/wp\/index.php?rest_route=\/wp\/v2\/posts\/327\/revisions"}],"predecessor-version":[{"id":795,"href":"https:\/\/gallican-montbrison.fr\/wp\/index.php?rest_route=\/wp\/v2\/posts\/327\/revisions\/795"}],"wp:attachment":[{"href":"https:\/\/gallican-montbrison.fr\/wp\/index.php?rest_route=%2Fwp%2Fv2%2Fmedia&parent=327"}],"wp:term":[{"taxonomy":"category","embeddable":true,"href":"https:\/\/gallican-montbrison.fr\/wp\/index.php?rest_route=%2Fwp%2Fv2%2Fcategories&post=327"},{"taxonomy":"post_tag","embeddable":true,"href":"https:\/\/gallican-montbrison.fr\/wp\/index.php?rest_route=%2Fwp%2Fv2%2Ftags&post=327"}],"curies":[{"name":"wp","href":"https:\/\/api.w.org\/{rel}","templated":true}]}}