{"id":330,"date":"2012-02-19T19:12:56","date_gmt":"2012-02-19T18:12:56","guid":{"rendered":"http:\/\/gallican-montbrison.fr\/wp\/?p=330"},"modified":"2012-04-19T15:56:03","modified_gmt":"2012-04-19T13:56:03","slug":"corps-ame-esprit-tout-un-programme","status":"publish","type":"post","link":"https:\/\/gallican-montbrison.fr\/wp\/?p=330","title":{"rendered":"Corps, \u00e2me, esprit &#8230; tout un programme"},"content":{"rendered":"<p><strong><em>\u00ab\u00a0Que la gr\u00e2ce de l&rsquo;Eternel renouvel\u00e9e demeure en votre corps, en votre \u00e2me et en votre esprit.\u00a0<\/em><\/strong><strong><em>Allez en paix, le Seigneur est avec <\/em><\/strong><strong><em>vou<\/em><\/strong>s.\u00a0\u00bb C&rsquo;est par ce bel envoi que se termine la messe\u00a0de l&rsquo;Eglise gallicane.<\/p>\n<p>Ces paroles nous rappellent que l&rsquo;\u00eatre humain n&rsquo;est pas seulement fait d&rsquo;un corps dirig\u00e9 par ses 5 sens, ni seulement d&rsquo;une \u00e2me, si\u00e8ge de nos id\u00e9es, de nos souvenirs, de nos facult\u00e9s affectives ou psychologique&#8230; L&rsquo;\u00eatre humain est aussi un esprit, ouvert et actif dans le monde. S&rsquo;il est facile de comprendre l&rsquo;action du corps ou de l&rsquo;\u00e2me sur le monde, il est plus difficile d&rsquo;appr\u00e9hender le mode d&rsquo;action de l&rsquo;esprit qui est beaucoup plus subtil.<\/p>\n<p>L&rsquo;\u00e2me anime le corps d&rsquo;une vie terrestre limit\u00e9e; l&rsquo;esprit l&rsquo;anime d&rsquo;une vie \u00e9ternelle. Mais ils sont aussi en relation \u00e9troite car si l&rsquo;\u00e2me anime le corps et lui donne vie, l&rsquo;esprit habite l&rsquo;\u00e2me, spiritualise l&rsquo;\u00e2me et le corps et les vivifie.<\/p>\n<p><strong><em>\u00ab\u00a0La vie donn\u00e9e par l&rsquo;\u00e2me est partielle et momentan\u00e9e. La Vie donn\u00e9e par l&rsquo;Esprit est libre <\/em><em>et \u00e9ternelle.\u00a0\u00bb<\/em><\/strong><\/p>\n<p>Dans les religions chr\u00e9tiennes nous savons que le bapt\u00eame est le sacrement qui fait na\u00eetre l&rsquo;\u00eatre humain \u00e0 \u00ab\u00a0la vie d&rsquo;enfant de Dieu\u00a0\u00bb par l&rsquo;action de l&rsquo;Esprit Saint. C&rsquo;est le sacrement qui unit notre esprit humain \u00e0 celui du P\u00e8re.<\/p>\n<p><strong><em>\u00ab\u00a0Ouvre toi\u00a0\u00bb\u00a0<\/em><\/strong><em>dit le pr\u00eatre \u00e0 l&rsquo;esprit de l&rsquo;enfant baptis\u00e9.<\/em><\/p>\n<p>C&rsquo;est de cet esprit grandit de la pr\u00e9sence de Dieu que le pr\u00eatre parle \u00e0 la fin de la messe. La m\u00e9ditation, la pri\u00e8re, la contemplation, la liturgie&#8230; sont autant de moyens de vivifier notre esprit de la Pr\u00e9sence et de la Parole de Dieu transmise par les Evangiles.<\/p>\n<p><strong><em>\u00ab\u00a0Le fruit de l&rsquo;esprit est amour, paix, patience, bont\u00e9, g\u00e9n\u00e9rosit\u00e9 et temp\u00e9rance&#8230;\u00a0\u00bb\u00a0<\/em><\/strong>St Paul aux Galates 5,22<\/p>\n<p>Le monde de l&rsquo;esprit n&rsquo;est pas celui des \u00ab\u00a0apparences\u00a0\u00bb mais celui des \u00ab\u00a0essences\u00a0\u00bb. Pour les philosophes il est celui de la \u00ab\u00a0sagesse\u00a0\u00bb et pour le Platonisme celui des \u00ab\u00a0Id\u00e9es\u00a0\u00bb. Pour les religions il est celui de Dieu. Suivant les traditions il est \u00ab\u00a0le royaume des Cieux\u00a0\u00bb, \u00ab\u00a0le royaume de Dieu\u00a0\u00bb, le \u00ab\u00a0Brahman\u00a0\u00bb de l&rsquo;Hindouisme, le \u00ab\u00a0Nirvana\u00a0\u00bb du Bouddhisme &#8230; mais quel que soit celui qui en fait l&rsquo;exp\u00e9rience, il a le sentiment tr\u00e8s net de s&rsquo;ouvrir sur la pl\u00e9nitude de lui-m\u00eame en m\u00eame temps que sur un Tout qui l&rsquo;englobe et le d\u00e9passe. Il ne per\u00e7oit plus le monde et la vie de la m\u00eame fa\u00e7on puisque tout s&rsquo;inscrit dor\u00e9navant dans l&rsquo;\u00e9ternit\u00e9.<\/p>\n<p>+ Dame Colette<\/p>\n","protected":false},"excerpt":{"rendered":"<p>\u00ab\u00a0Que la gr\u00e2ce de l&rsquo;Eternel renouvel\u00e9e demeure en votre corps, en votre \u00e2me et en votre esprit.\u00a0Allez en paix, le Seigneur est avec vous.\u00a0\u00bb C&rsquo;est par ce bel envoi que se termine la messe\u00a0de l&rsquo;Eglise gallicane. Ces paroles nous rappellent &hellip; <a href=\"https:\/\/gallican-montbrison.fr\/wp\/?p=330\">Continuer la lecture <span class=\"meta-nav\">&rarr;<\/span><\/a><\/p>\n","protected":false},"author":3,"featured_media":0,"comment_status":"closed","ping_status":"open","sticky":false,"template":"","format":"standard","meta":{"footnotes":""},"categories":[11],"tags":[],"class_list":["post-330","post","type-post","status-publish","format-standard","hentry","category-articles-et-conferences"],"yoast_head":"<!-- This site is optimized with the Yoast SEO plugin v25.6 - https:\/\/yoast.com\/wordpress\/plugins\/seo\/ -->\n<title>Corps, \u00e2me, esprit ... tout un programme - Chapelle Saint Michel Archange Montbrison<\/title>\n<meta name=\"robots\" content=\"index, follow, max-snippet:-1, max-image-preview:large, max-video-preview:-1\" \/>\n<link rel=\"canonical\" href=\"https:\/\/gallican-montbrison.fr\/wp\/?p=330\" \/>\n<meta property=\"og:locale\" content=\"fr_FR\" \/>\n<meta property=\"og:type\" content=\"article\" \/>\n<meta property=\"og:title\" content=\"Corps, \u00e2me, esprit ... tout un programme - Chapelle Saint Michel Archange Montbrison\" \/>\n<meta property=\"og:description\" content=\"\u00ab\u00a0Que la gr\u00e2ce de l&rsquo;Eternel renouvel\u00e9e demeure en votre corps, en votre \u00e2me et en votre esprit.\u00a0Allez en paix, le Seigneur est avec vous.\u00a0\u00bb C&rsquo;est par ce bel envoi que se termine la messe\u00a0de l&rsquo;Eglise gallicane. Ces paroles nous rappellent &hellip; Continuer la lecture &rarr;\" \/>\n<meta property=\"og:url\" content=\"https:\/\/gallican-montbrison.fr\/wp\/?p=330\" \/>\n<meta property=\"og:site_name\" content=\"Chapelle Saint Michel Archange Montbrison\" \/>\n<meta property=\"article:publisher\" content=\"https:\/\/www.facebook.com\/people\/Eglise-Gallicane-Chapelle-Saint-Michel-Archange\/100064564306693\/\" \/>\n<meta property=\"article:published_time\" content=\"2012-02-19T18:12:56+00:00\" \/>\n<meta property=\"article:modified_time\" content=\"2012-04-19T13:56:03+00:00\" \/>\n<meta name=\"author\" content=\"Colette\" \/>\n<meta name=\"twitter:card\" content=\"summary_large_image\" \/>\n<meta name=\"twitter:label1\" content=\"\u00c9crit par\" \/>\n\t<meta name=\"twitter:data1\" content=\"Colette\" \/>\n\t<meta name=\"twitter:label2\" content=\"Dur\u00e9e de lecture estim\u00e9e\" \/>\n\t<meta name=\"twitter:data2\" content=\"2 minutes\" \/>\n<script type=\"application\/ld+json\" class=\"yoast-schema-graph\">{\"@context\":\"https:\/\/schema.org\",\"@graph\":[{\"@type\":\"WebPage\",\"@id\":\"https:\/\/gallican-montbrison.fr\/wp\/?p=330\",\"url\":\"https:\/\/gallican-montbrison.fr\/wp\/?p=330\",\"name\":\"Corps, \u00e2me, esprit ... tout un programme - Chapelle Saint Michel Archange Montbrison\",\"isPartOf\":{\"@id\":\"https:\/\/gallican-montbrison.fr\/wp\/#website\"},\"datePublished\":\"2012-02-19T18:12:56+00:00\",\"dateModified\":\"2012-04-19T13:56:03+00:00\",\"author\":{\"@id\":\"https:\/\/gallican-montbrison.fr\/wp\/#\/schema\/person\/fc5571a40f7c79de2fb1b0cf72c089a4\"},\"breadcrumb\":{\"@id\":\"https:\/\/gallican-montbrison.fr\/wp\/?p=330#breadcrumb\"},\"inLanguage\":\"fr-FR\",\"potentialAction\":[{\"@type\":\"ReadAction\",\"target\":[\"https:\/\/gallican-montbrison.fr\/wp\/?p=330\"]}]},{\"@type\":\"BreadcrumbList\",\"@id\":\"https:\/\/gallican-montbrison.fr\/wp\/?p=330#breadcrumb\",\"itemListElement\":[{\"@type\":\"ListItem\",\"position\":1,\"name\":\"Accueil\",\"item\":\"https:\/\/gallican-montbrison.fr\/wp\"},{\"@type\":\"ListItem\",\"position\":2,\"name\":\"Corps, \u00e2me, esprit &#8230; tout un programme\"}]},{\"@type\":\"WebSite\",\"@id\":\"https:\/\/gallican-montbrison.fr\/wp\/#website\",\"url\":\"https:\/\/gallican-montbrison.fr\/wp\/\",\"name\":\"Chapelle Saint Michel Archange Montbrison\",\"description\":\"Eglise Gallicane, Tradition Apostolique de Gazinet\",\"potentialAction\":[{\"@type\":\"SearchAction\",\"target\":{\"@type\":\"EntryPoint\",\"urlTemplate\":\"https:\/\/gallican-montbrison.fr\/wp\/?s={search_term_string}\"},\"query-input\":{\"@type\":\"PropertyValueSpecification\",\"valueRequired\":true,\"valueName\":\"search_term_string\"}}],\"inLanguage\":\"fr-FR\"},{\"@type\":\"Person\",\"@id\":\"https:\/\/gallican-montbrison.fr\/wp\/#\/schema\/person\/fc5571a40f7c79de2fb1b0cf72c089a4\",\"name\":\"Colette\",\"url\":\"https:\/\/gallican-montbrison.fr\/wp\/?author=3\"}]}<\/script>\n<!-- \/ Yoast SEO plugin. -->","yoast_head_json":{"title":"Corps, \u00e2me, esprit ... tout un programme - Chapelle Saint Michel Archange Montbrison","robots":{"index":"index","follow":"follow","max-snippet":"max-snippet:-1","max-image-preview":"max-image-preview:large","max-video-preview":"max-video-preview:-1"},"canonical":"https:\/\/gallican-montbrison.fr\/wp\/?p=330","og_locale":"fr_FR","og_type":"article","og_title":"Corps, \u00e2me, esprit ... tout un programme - Chapelle Saint Michel Archange Montbrison","og_description":"\u00ab\u00a0Que la gr\u00e2ce de l&rsquo;Eternel renouvel\u00e9e demeure en votre corps, en votre \u00e2me et en votre esprit.\u00a0Allez en paix, le Seigneur est avec vous.\u00a0\u00bb C&rsquo;est par ce bel envoi que se termine la messe\u00a0de l&rsquo;Eglise gallicane. Ces paroles nous rappellent &hellip; Continuer la lecture &rarr;","og_url":"https:\/\/gallican-montbrison.fr\/wp\/?p=330","og_site_name":"Chapelle Saint Michel Archange Montbrison","article_publisher":"https:\/\/www.facebook.com\/people\/Eglise-Gallicane-Chapelle-Saint-Michel-Archange\/100064564306693\/","article_published_time":"2012-02-19T18:12:56+00:00","article_modified_time":"2012-04-19T13:56:03+00:00","author":"Colette","twitter_card":"summary_large_image","twitter_misc":{"\u00c9crit par":"Colette","Dur\u00e9e de lecture estim\u00e9e":"2 minutes"},"schema":{"@context":"https:\/\/schema.org","@graph":[{"@type":"WebPage","@id":"https:\/\/gallican-montbrison.fr\/wp\/?p=330","url":"https:\/\/gallican-montbrison.fr\/wp\/?p=330","name":"Corps, \u00e2me, esprit ... tout un programme - Chapelle Saint Michel Archange Montbrison","isPartOf":{"@id":"https:\/\/gallican-montbrison.fr\/wp\/#website"},"datePublished":"2012-02-19T18:12:56+00:00","dateModified":"2012-04-19T13:56:03+00:00","author":{"@id":"https:\/\/gallican-montbrison.fr\/wp\/#\/schema\/person\/fc5571a40f7c79de2fb1b0cf72c089a4"},"breadcrumb":{"@id":"https:\/\/gallican-montbrison.fr\/wp\/?p=330#breadcrumb"},"inLanguage":"fr-FR","potentialAction":[{"@type":"ReadAction","target":["https:\/\/gallican-montbrison.fr\/wp\/?p=330"]}]},{"@type":"BreadcrumbList","@id":"https:\/\/gallican-montbrison.fr\/wp\/?p=330#breadcrumb","itemListElement":[{"@type":"ListItem","position":1,"name":"Accueil","item":"https:\/\/gallican-montbrison.fr\/wp"},{"@type":"ListItem","position":2,"name":"Corps, \u00e2me, esprit &#8230; tout un programme"}]},{"@type":"WebSite","@id":"https:\/\/gallican-montbrison.fr\/wp\/#website","url":"https:\/\/gallican-montbrison.fr\/wp\/","name":"Chapelle Saint Michel Archange Montbrison","description":"Eglise Gallicane, Tradition Apostolique de Gazinet","potentialAction":[{"@type":"SearchAction","target":{"@type":"EntryPoint","urlTemplate":"https:\/\/gallican-montbrison.fr\/wp\/?s={search_term_string}"},"query-input":{"@type":"PropertyValueSpecification","valueRequired":true,"valueName":"search_term_string"}}],"inLanguage":"fr-FR"},{"@type":"Person","@id":"https:\/\/gallican-montbrison.fr\/wp\/#\/schema\/person\/fc5571a40f7c79de2fb1b0cf72c089a4","name":"Colette","url":"https:\/\/gallican-montbrison.fr\/wp\/?author=3"}]}},"_links":{"self":[{"href":"https:\/\/gallican-montbrison.fr\/wp\/index.php?rest_route=\/wp\/v2\/posts\/330"}],"collection":[{"href":"https:\/\/gallican-montbrison.fr\/wp\/index.php?rest_route=\/wp\/v2\/posts"}],"about":[{"href":"https:\/\/gallican-montbrison.fr\/wp\/index.php?rest_route=\/wp\/v2\/types\/post"}],"author":[{"embeddable":true,"href":"https:\/\/gallican-montbrison.fr\/wp\/index.php?rest_route=\/wp\/v2\/users\/3"}],"replies":[{"embeddable":true,"href":"https:\/\/gallican-montbrison.fr\/wp\/index.php?rest_route=%2Fwp%2Fv2%2Fcomments&post=330"}],"version-history":[{"count":4,"href":"https:\/\/gallican-montbrison.fr\/wp\/index.php?rest_route=\/wp\/v2\/posts\/330\/revisions"}],"predecessor-version":[{"id":1773,"href":"https:\/\/gallican-montbrison.fr\/wp\/index.php?rest_route=\/wp\/v2\/posts\/330\/revisions\/1773"}],"wp:attachment":[{"href":"https:\/\/gallican-montbrison.fr\/wp\/index.php?rest_route=%2Fwp%2Fv2%2Fmedia&parent=330"}],"wp:term":[{"taxonomy":"category","embeddable":true,"href":"https:\/\/gallican-montbrison.fr\/wp\/index.php?rest_route=%2Fwp%2Fv2%2Fcategories&post=330"},{"taxonomy":"post_tag","embeddable":true,"href":"https:\/\/gallican-montbrison.fr\/wp\/index.php?rest_route=%2Fwp%2Fv2%2Ftags&post=330"}],"curies":[{"name":"wp","href":"https:\/\/api.w.org\/{rel}","templated":true}]}}