{"id":332,"date":"2012-02-19T19:16:03","date_gmt":"2012-02-19T18:16:03","guid":{"rendered":"http:\/\/gallican-montbrison.fr\/wp\/?p=332"},"modified":"2012-03-04T00:13:03","modified_gmt":"2012-03-03T23:13:03","slug":"en-2012-un-peu-plus-de-meilleur","status":"publish","type":"post","link":"https:\/\/gallican-montbrison.fr\/wp\/?p=332","title":{"rendered":"En 2012: un peu plus de meilleur !!"},"content":{"rendered":"<p><strong><em>Bonne Ann\u00e9e 2012<\/em><\/strong><\/p>\n<p><strong><em>\u00ab\u00a0Souhaits de bonheur, de sant\u00e9,\u00a0<\/em><\/strong><strong><em>de travail pour chacun.\u00a0<\/em><\/strong><strong><em>Souhaits de justice et de paix pour tous<\/em><\/strong><em>\u00ab\u00a0<\/em><\/p>\n<p><em> Voeux \u00e9mis et re\u00e7us chaque d\u00e9but d&rsquo;ann\u00e9e et qui font \u00ab\u00a0chaud au coeur\u00a0\u00bb.<\/em><\/p>\n<p><em>Nous, chr\u00e9tiens, nous pouvons y ajouter un souhait particulier:<\/em><\/p>\n<p><strong><em>Que par notre Foi et nos actions\u00a0<\/em><\/strong><strong><em>nous mettions dans le monde qui nous entoure un peu plus de \u00ab\u00a0meilleur\u00a0\u00bb<\/em><\/strong><\/p>\n<p>Actuellement la crise qui touche la soci\u00e9t\u00e9, le monde du travail et l&rsquo;\u00e9conomie mondiale nous pousse \u00e0 l&rsquo;individualisme car, lorsque les difficult\u00e9s sont l\u00e0, la nature humaine a tendance \u00e0 se replier sur elle m\u00eame.\u00a0Le chr\u00e9tien doit cependant garder au coeur les messages qui le construisent.<\/p>\n<p><em>\u00ab\u00a0aimez vous les uns les autres\u00a0<\/em><em>comme je vous ai aim\u00e9s\u00a0\u00bb <\/em><em>Jean 15,12<\/em><\/p>\n<p><em> \u00ab\u00a0Ce que vous faites\u00a0<\/em><em>au plus petit d&rsquo;entre les miens,\u00a0<\/em><em>c&rsquo;est \u00e0 moi que vous le faites\u00a0\u00bb <\/em><em>Matthieu 25,40<\/em><\/p>\n<p>Ces paroles du Christ nous rappellent que l&rsquo;\u00eatre humain n&rsquo;est pas seulement fait de chair mais qu&rsquo;il a en lui, un coeur et un esprit qui le guident dans sa vie, une lumi\u00e8re \u00e0 faire rayonner autour de lui, un enthousiasme et une volont\u00e9 au service du \u00ab\u00a0Bien\u00a0\u00bb.<\/p>\n<p>Le chr\u00e9tien est l\u00e0 aussi pour maintenir une esp\u00e9rance au coeur de celles et ceux qui en ont besoin. L&rsquo;aide apport\u00e9e peut \u00eatre mat\u00e9rielle ou psychologique &#8230; faite de partage, de pr\u00e9sence ou de soutien moral &#8230;<\/p>\n<p>Restons attentifs en 2012, de fa\u00e7on encore plus cruciale, aux n\u00e9cessit\u00e9s de celles et ceux qui nous entourent. A d\u00e9faut d&rsquo;\u00eatre plus facile, la vie sera au moins plus chaleureuse et plus conviviale; la soci\u00e9t\u00e9 plus solidaire et plus humaine&#8230;.. c&rsquo;est la gr\u00e2ce que je nous souhaite pour cette nouvelle ann\u00e9e.<\/p>\n<p>Dame Colette +<\/p>\n","protected":false},"excerpt":{"rendered":"<p>Bonne Ann\u00e9e 2012 \u00ab\u00a0Souhaits de bonheur, de sant\u00e9,\u00a0de travail pour chacun.\u00a0Souhaits de justice et de paix pour tous\u00ab\u00a0 Voeux \u00e9mis et re\u00e7us chaque d\u00e9but d&rsquo;ann\u00e9e et qui font \u00ab\u00a0chaud au coeur\u00a0\u00bb. Nous, chr\u00e9tiens, nous pouvons y ajouter un souhait particulier: &hellip; <a href=\"https:\/\/gallican-montbrison.fr\/wp\/?p=332\">Continuer la lecture <span class=\"meta-nav\">&rarr;<\/span><\/a><\/p>\n","protected":false},"author":3,"featured_media":0,"comment_status":"closed","ping_status":"open","sticky":false,"template":"","format":"standard","meta":{"footnotes":""},"categories":[11],"tags":[],"class_list":["post-332","post","type-post","status-publish","format-standard","hentry","category-articles-et-conferences"],"yoast_head":"<!-- This site is optimized with the Yoast SEO plugin v25.6 - https:\/\/yoast.com\/wordpress\/plugins\/seo\/ -->\n<title>En 2012: un peu plus de meilleur !!  - Chapelle Saint Michel Archange Montbrison<\/title>\n<meta name=\"robots\" content=\"index, follow, max-snippet:-1, max-image-preview:large, max-video-preview:-1\" \/>\n<link rel=\"canonical\" href=\"https:\/\/gallican-montbrison.fr\/wp\/?p=332\" \/>\n<meta property=\"og:locale\" content=\"fr_FR\" \/>\n<meta property=\"og:type\" content=\"article\" \/>\n<meta property=\"og:title\" content=\"En 2012: un peu plus de meilleur !!  - Chapelle Saint Michel Archange Montbrison\" \/>\n<meta property=\"og:description\" content=\"Bonne Ann\u00e9e 2012 \u00ab\u00a0Souhaits de bonheur, de sant\u00e9,\u00a0de travail pour chacun.\u00a0Souhaits de justice et de paix pour tous\u00ab\u00a0 Voeux \u00e9mis et re\u00e7us chaque d\u00e9but d&rsquo;ann\u00e9e et qui font \u00ab\u00a0chaud au coeur\u00a0\u00bb. Nous, chr\u00e9tiens, nous pouvons y ajouter un souhait particulier: &hellip; Continuer la lecture &rarr;\" \/>\n<meta property=\"og:url\" content=\"https:\/\/gallican-montbrison.fr\/wp\/?p=332\" \/>\n<meta property=\"og:site_name\" content=\"Chapelle Saint Michel Archange Montbrison\" \/>\n<meta property=\"article:publisher\" content=\"https:\/\/www.facebook.com\/people\/Eglise-Gallicane-Chapelle-Saint-Michel-Archange\/100064564306693\/\" \/>\n<meta property=\"article:published_time\" content=\"2012-02-19T18:16:03+00:00\" \/>\n<meta property=\"article:modified_time\" content=\"2012-03-03T23:13:03+00:00\" \/>\n<meta name=\"author\" content=\"Colette\" \/>\n<meta name=\"twitter:card\" content=\"summary_large_image\" \/>\n<meta name=\"twitter:label1\" content=\"\u00c9crit par\" \/>\n\t<meta name=\"twitter:data1\" content=\"Colette\" \/>\n\t<meta name=\"twitter:label2\" content=\"Dur\u00e9e de lecture estim\u00e9e\" \/>\n\t<meta name=\"twitter:data2\" content=\"1 minute\" \/>\n<script type=\"application\/ld+json\" class=\"yoast-schema-graph\">{\"@context\":\"https:\/\/schema.org\",\"@graph\":[{\"@type\":\"WebPage\",\"@id\":\"https:\/\/gallican-montbrison.fr\/wp\/?p=332\",\"url\":\"https:\/\/gallican-montbrison.fr\/wp\/?p=332\",\"name\":\"En 2012: un peu plus de meilleur !! - Chapelle Saint Michel Archange Montbrison\",\"isPartOf\":{\"@id\":\"https:\/\/gallican-montbrison.fr\/wp\/#website\"},\"datePublished\":\"2012-02-19T18:16:03+00:00\",\"dateModified\":\"2012-03-03T23:13:03+00:00\",\"author\":{\"@id\":\"https:\/\/gallican-montbrison.fr\/wp\/#\/schema\/person\/fc5571a40f7c79de2fb1b0cf72c089a4\"},\"breadcrumb\":{\"@id\":\"https:\/\/gallican-montbrison.fr\/wp\/?p=332#breadcrumb\"},\"inLanguage\":\"fr-FR\",\"potentialAction\":[{\"@type\":\"ReadAction\",\"target\":[\"https:\/\/gallican-montbrison.fr\/wp\/?p=332\"]}]},{\"@type\":\"BreadcrumbList\",\"@id\":\"https:\/\/gallican-montbrison.fr\/wp\/?p=332#breadcrumb\",\"itemListElement\":[{\"@type\":\"ListItem\",\"position\":1,\"name\":\"Accueil\",\"item\":\"https:\/\/gallican-montbrison.fr\/wp\"},{\"@type\":\"ListItem\",\"position\":2,\"name\":\"En 2012: un peu plus de meilleur !!\"}]},{\"@type\":\"WebSite\",\"@id\":\"https:\/\/gallican-montbrison.fr\/wp\/#website\",\"url\":\"https:\/\/gallican-montbrison.fr\/wp\/\",\"name\":\"Chapelle Saint Michel Archange Montbrison\",\"description\":\"Eglise Gallicane, Tradition Apostolique de Gazinet\",\"potentialAction\":[{\"@type\":\"SearchAction\",\"target\":{\"@type\":\"EntryPoint\",\"urlTemplate\":\"https:\/\/gallican-montbrison.fr\/wp\/?s={search_term_string}\"},\"query-input\":{\"@type\":\"PropertyValueSpecification\",\"valueRequired\":true,\"valueName\":\"search_term_string\"}}],\"inLanguage\":\"fr-FR\"},{\"@type\":\"Person\",\"@id\":\"https:\/\/gallican-montbrison.fr\/wp\/#\/schema\/person\/fc5571a40f7c79de2fb1b0cf72c089a4\",\"name\":\"Colette\",\"url\":\"https:\/\/gallican-montbrison.fr\/wp\/?author=3\"}]}<\/script>\n<!-- \/ Yoast SEO plugin. -->","yoast_head_json":{"title":"En 2012: un peu plus de meilleur !!  - Chapelle Saint Michel Archange Montbrison","robots":{"index":"index","follow":"follow","max-snippet":"max-snippet:-1","max-image-preview":"max-image-preview:large","max-video-preview":"max-video-preview:-1"},"canonical":"https:\/\/gallican-montbrison.fr\/wp\/?p=332","og_locale":"fr_FR","og_type":"article","og_title":"En 2012: un peu plus de meilleur !!  - Chapelle Saint Michel Archange Montbrison","og_description":"Bonne Ann\u00e9e 2012 \u00ab\u00a0Souhaits de bonheur, de sant\u00e9,\u00a0de travail pour chacun.\u00a0Souhaits de justice et de paix pour tous\u00ab\u00a0 Voeux \u00e9mis et re\u00e7us chaque d\u00e9but d&rsquo;ann\u00e9e et qui font \u00ab\u00a0chaud au coeur\u00a0\u00bb. Nous, chr\u00e9tiens, nous pouvons y ajouter un souhait particulier: &hellip; Continuer la lecture &rarr;","og_url":"https:\/\/gallican-montbrison.fr\/wp\/?p=332","og_site_name":"Chapelle Saint Michel Archange Montbrison","article_publisher":"https:\/\/www.facebook.com\/people\/Eglise-Gallicane-Chapelle-Saint-Michel-Archange\/100064564306693\/","article_published_time":"2012-02-19T18:16:03+00:00","article_modified_time":"2012-03-03T23:13:03+00:00","author":"Colette","twitter_card":"summary_large_image","twitter_misc":{"\u00c9crit par":"Colette","Dur\u00e9e de lecture estim\u00e9e":"1 minute"},"schema":{"@context":"https:\/\/schema.org","@graph":[{"@type":"WebPage","@id":"https:\/\/gallican-montbrison.fr\/wp\/?p=332","url":"https:\/\/gallican-montbrison.fr\/wp\/?p=332","name":"En 2012: un peu plus de meilleur !! - Chapelle Saint Michel Archange Montbrison","isPartOf":{"@id":"https:\/\/gallican-montbrison.fr\/wp\/#website"},"datePublished":"2012-02-19T18:16:03+00:00","dateModified":"2012-03-03T23:13:03+00:00","author":{"@id":"https:\/\/gallican-montbrison.fr\/wp\/#\/schema\/person\/fc5571a40f7c79de2fb1b0cf72c089a4"},"breadcrumb":{"@id":"https:\/\/gallican-montbrison.fr\/wp\/?p=332#breadcrumb"},"inLanguage":"fr-FR","potentialAction":[{"@type":"ReadAction","target":["https:\/\/gallican-montbrison.fr\/wp\/?p=332"]}]},{"@type":"BreadcrumbList","@id":"https:\/\/gallican-montbrison.fr\/wp\/?p=332#breadcrumb","itemListElement":[{"@type":"ListItem","position":1,"name":"Accueil","item":"https:\/\/gallican-montbrison.fr\/wp"},{"@type":"ListItem","position":2,"name":"En 2012: un peu plus de meilleur !!"}]},{"@type":"WebSite","@id":"https:\/\/gallican-montbrison.fr\/wp\/#website","url":"https:\/\/gallican-montbrison.fr\/wp\/","name":"Chapelle Saint Michel Archange Montbrison","description":"Eglise Gallicane, Tradition Apostolique de Gazinet","potentialAction":[{"@type":"SearchAction","target":{"@type":"EntryPoint","urlTemplate":"https:\/\/gallican-montbrison.fr\/wp\/?s={search_term_string}"},"query-input":{"@type":"PropertyValueSpecification","valueRequired":true,"valueName":"search_term_string"}}],"inLanguage":"fr-FR"},{"@type":"Person","@id":"https:\/\/gallican-montbrison.fr\/wp\/#\/schema\/person\/fc5571a40f7c79de2fb1b0cf72c089a4","name":"Colette","url":"https:\/\/gallican-montbrison.fr\/wp\/?author=3"}]}},"_links":{"self":[{"href":"https:\/\/gallican-montbrison.fr\/wp\/index.php?rest_route=\/wp\/v2\/posts\/332"}],"collection":[{"href":"https:\/\/gallican-montbrison.fr\/wp\/index.php?rest_route=\/wp\/v2\/posts"}],"about":[{"href":"https:\/\/gallican-montbrison.fr\/wp\/index.php?rest_route=\/wp\/v2\/types\/post"}],"author":[{"embeddable":true,"href":"https:\/\/gallican-montbrison.fr\/wp\/index.php?rest_route=\/wp\/v2\/users\/3"}],"replies":[{"embeddable":true,"href":"https:\/\/gallican-montbrison.fr\/wp\/index.php?rest_route=%2Fwp%2Fv2%2Fcomments&post=332"}],"version-history":[{"count":3,"href":"https:\/\/gallican-montbrison.fr\/wp\/index.php?rest_route=\/wp\/v2\/posts\/332\/revisions"}],"predecessor-version":[{"id":334,"href":"https:\/\/gallican-montbrison.fr\/wp\/index.php?rest_route=\/wp\/v2\/posts\/332\/revisions\/334"}],"wp:attachment":[{"href":"https:\/\/gallican-montbrison.fr\/wp\/index.php?rest_route=%2Fwp%2Fv2%2Fmedia&parent=332"}],"wp:term":[{"taxonomy":"category","embeddable":true,"href":"https:\/\/gallican-montbrison.fr\/wp\/index.php?rest_route=%2Fwp%2Fv2%2Fcategories&post=332"},{"taxonomy":"post_tag","embeddable":true,"href":"https:\/\/gallican-montbrison.fr\/wp\/index.php?rest_route=%2Fwp%2Fv2%2Ftags&post=332"}],"curies":[{"name":"wp","href":"https:\/\/api.w.org\/{rel}","templated":true}]}}