{"id":3325,"date":"2014-02-07T21:44:34","date_gmt":"2014-02-07T20:44:34","guid":{"rendered":"http:\/\/gallican-montbrison.fr\/wp\/?p=3325"},"modified":"2014-04-07T21:46:11","modified_gmt":"2014-04-07T19:46:11","slug":"la-resurrection-notre-liberte-denfants-de-dieu","status":"publish","type":"post","link":"https:\/\/gallican-montbrison.fr\/wp\/?p=3325","title":{"rendered":"La r\u00e9surrection \u2026 notre libert\u00e9 d&rsquo;enfants de Dieu"},"content":{"rendered":"<p><b><i>La r\u00e9surrection du Christ\u00a0<\/i><\/b><b><i>nous offre notre libert\u00e9\u00a0<\/i><\/b><b><i>d&rsquo;enfants de Dieu.<\/i><\/b><\/p>\n<p><b><i><\/i><\/b>Libert\u00e9 de suivre le chemin qu&rsquo;il nous a trac\u00e9 ou bien libert\u00e9 de s&rsquo;\u00e9carter de son amour et de sa voie.<\/p>\n<p>Le temps liturgique actuel nous invite \u00e0 nous recentrer sur nous-m\u00eame pour \u00ab\u00a0br\u00fbler\u00a0\u00bb en nos coeurs et en nos vies tout ce qui nous \u00e9loigne de Dieu.\u00a0Ce n&rsquo;est pas sur la croix que le Christ nous invite \u00e0 le suivre en ce temps de car\u00eame, mais dans sa Gloire, pour participer \u00e0 sa divinit\u00e9.\u00a0Pour cela il nous demande de passer \u00e0 une autre dimension que seulement celle de notre vie terrestre.<\/p>\n<p><b><i>Il nous demande de na\u00eetre\u00a0\u00bben esprit\u00a0\u00bb.<\/i><\/b><\/p>\n<p>Ce germe a \u00e9t\u00e9 d\u00e9pos\u00e9 en nous lors de notre\u00a0 bapt\u00eame. C&rsquo;est une naissance spirituelle en pl\u00e9nitude, \u00a0 \u00a0 une naissance qui nous fait toucher cette source\u00a0 int\u00e9rieure divine qui coule en nous ind\u00e9finiment et qui nourrit notre \u00e2me et notre coeur.<\/p>\n<p><b><i>La vie \u00e9ternelle commence d\u00e8s cette terre.<\/i><\/b><\/p>\n<p>D\u00e9pla\u00e7ons nos centres d&rsquo;int\u00e9r\u00eat pour acc\u00e9der \u00e0 cette dimension celeste. Elevons nos sentiments, \u00e9levons nos coeurs nous dit la messe de Gazinet; travaillons notre volont\u00e9. Accordons notre vie terrestre \u00e0 notre d\u00e9sir de vie spirituelle.<\/p>\n<p><b><i>Notre vrai pays est celui de l&rsquo;Esprit<\/i><\/b><\/p>\n<p><b><i> <\/i><\/b>Ce temps de car\u00eame qui nous m\u00e8ne au matin de P\u00e2ques est ce chemin de prise de conscience qui chaque ann\u00e9e nous invite \u00e0 rejoindre le Christ dans sa r\u00e9surrection comme Lui a su nous rejoindre dans notre humanit\u00e9.<\/p>\n<p><b><i>Vous me reverrez&#8230; <\/i><\/b><b><i>(Jean 16,16)<\/i><\/b><\/p>\n<p>Gardons confiance en Dieu, Il est d\u00e9j\u00e0 et encore avec nous, par l&rsquo;Esprit, sur notre chemin.<\/p>\n<p>Dame Colette +<\/p>\n","protected":false},"excerpt":{"rendered":"<p>La r\u00e9surrection du Christ\u00a0nous offre notre libert\u00e9\u00a0d&rsquo;enfants de Dieu. Libert\u00e9 de suivre le chemin qu&rsquo;il nous a trac\u00e9 ou bien libert\u00e9 de s&rsquo;\u00e9carter de son amour et de sa voie. Le temps liturgique actuel nous invite \u00e0 nous recentrer sur &hellip; <a href=\"https:\/\/gallican-montbrison.fr\/wp\/?p=3325\">Continuer la lecture <span class=\"meta-nav\">&rarr;<\/span><\/a><\/p>\n","protected":false},"author":3,"featured_media":0,"comment_status":"closed","ping_status":"open","sticky":false,"template":"","format":"standard","meta":{"footnotes":""},"categories":[11],"tags":[],"class_list":["post-3325","post","type-post","status-publish","format-standard","hentry","category-articles-et-conferences"],"yoast_head":"<!-- This site is optimized with the Yoast SEO plugin v25.6 - https:\/\/yoast.com\/wordpress\/plugins\/seo\/ -->\n<title>La r\u00e9surrection \u2026 notre libert\u00e9 d&#039;enfants de Dieu - Chapelle Saint Michel Archange Montbrison<\/title>\n<meta name=\"robots\" content=\"index, follow, max-snippet:-1, max-image-preview:large, max-video-preview:-1\" \/>\n<link rel=\"canonical\" href=\"https:\/\/gallican-montbrison.fr\/wp\/?p=3325\" \/>\n<meta property=\"og:locale\" content=\"fr_FR\" \/>\n<meta property=\"og:type\" content=\"article\" \/>\n<meta property=\"og:title\" content=\"La r\u00e9surrection \u2026 notre libert\u00e9 d&#039;enfants de Dieu - Chapelle Saint Michel Archange Montbrison\" \/>\n<meta property=\"og:description\" content=\"La r\u00e9surrection du Christ\u00a0nous offre notre libert\u00e9\u00a0d&rsquo;enfants de Dieu. Libert\u00e9 de suivre le chemin qu&rsquo;il nous a trac\u00e9 ou bien libert\u00e9 de s&rsquo;\u00e9carter de son amour et de sa voie. Le temps liturgique actuel nous invite \u00e0 nous recentrer sur &hellip; Continuer la lecture &rarr;\" \/>\n<meta property=\"og:url\" content=\"https:\/\/gallican-montbrison.fr\/wp\/?p=3325\" \/>\n<meta property=\"og:site_name\" content=\"Chapelle Saint Michel Archange Montbrison\" \/>\n<meta property=\"article:publisher\" content=\"https:\/\/www.facebook.com\/people\/Eglise-Gallicane-Chapelle-Saint-Michel-Archange\/100064564306693\/\" \/>\n<meta property=\"article:published_time\" content=\"2014-02-07T20:44:34+00:00\" \/>\n<meta property=\"article:modified_time\" content=\"2014-04-07T19:46:11+00:00\" \/>\n<meta name=\"author\" content=\"Colette\" \/>\n<meta name=\"twitter:card\" content=\"summary_large_image\" \/>\n<meta name=\"twitter:label1\" content=\"\u00c9crit par\" \/>\n\t<meta name=\"twitter:data1\" content=\"Colette\" \/>\n\t<meta name=\"twitter:label2\" content=\"Dur\u00e9e de lecture estim\u00e9e\" \/>\n\t<meta name=\"twitter:data2\" content=\"1 minute\" \/>\n<script type=\"application\/ld+json\" class=\"yoast-schema-graph\">{\"@context\":\"https:\/\/schema.org\",\"@graph\":[{\"@type\":\"WebPage\",\"@id\":\"https:\/\/gallican-montbrison.fr\/wp\/?p=3325\",\"url\":\"https:\/\/gallican-montbrison.fr\/wp\/?p=3325\",\"name\":\"La r\u00e9surrection \u2026 notre libert\u00e9 d'enfants de Dieu - Chapelle Saint Michel Archange Montbrison\",\"isPartOf\":{\"@id\":\"https:\/\/gallican-montbrison.fr\/wp\/#website\"},\"datePublished\":\"2014-02-07T20:44:34+00:00\",\"dateModified\":\"2014-04-07T19:46:11+00:00\",\"author\":{\"@id\":\"https:\/\/gallican-montbrison.fr\/wp\/#\/schema\/person\/fc5571a40f7c79de2fb1b0cf72c089a4\"},\"breadcrumb\":{\"@id\":\"https:\/\/gallican-montbrison.fr\/wp\/?p=3325#breadcrumb\"},\"inLanguage\":\"fr-FR\",\"potentialAction\":[{\"@type\":\"ReadAction\",\"target\":[\"https:\/\/gallican-montbrison.fr\/wp\/?p=3325\"]}]},{\"@type\":\"BreadcrumbList\",\"@id\":\"https:\/\/gallican-montbrison.fr\/wp\/?p=3325#breadcrumb\",\"itemListElement\":[{\"@type\":\"ListItem\",\"position\":1,\"name\":\"Accueil\",\"item\":\"https:\/\/gallican-montbrison.fr\/wp\"},{\"@type\":\"ListItem\",\"position\":2,\"name\":\"La r\u00e9surrection \u2026 notre libert\u00e9 d&rsquo;enfants de Dieu\"}]},{\"@type\":\"WebSite\",\"@id\":\"https:\/\/gallican-montbrison.fr\/wp\/#website\",\"url\":\"https:\/\/gallican-montbrison.fr\/wp\/\",\"name\":\"Chapelle Saint Michel Archange Montbrison\",\"description\":\"Eglise Gallicane, Tradition Apostolique de Gazinet\",\"potentialAction\":[{\"@type\":\"SearchAction\",\"target\":{\"@type\":\"EntryPoint\",\"urlTemplate\":\"https:\/\/gallican-montbrison.fr\/wp\/?s={search_term_string}\"},\"query-input\":{\"@type\":\"PropertyValueSpecification\",\"valueRequired\":true,\"valueName\":\"search_term_string\"}}],\"inLanguage\":\"fr-FR\"},{\"@type\":\"Person\",\"@id\":\"https:\/\/gallican-montbrison.fr\/wp\/#\/schema\/person\/fc5571a40f7c79de2fb1b0cf72c089a4\",\"name\":\"Colette\",\"url\":\"https:\/\/gallican-montbrison.fr\/wp\/?author=3\"}]}<\/script>\n<!-- \/ Yoast SEO plugin. -->","yoast_head_json":{"title":"La r\u00e9surrection \u2026 notre libert\u00e9 d'enfants de Dieu - Chapelle Saint Michel Archange Montbrison","robots":{"index":"index","follow":"follow","max-snippet":"max-snippet:-1","max-image-preview":"max-image-preview:large","max-video-preview":"max-video-preview:-1"},"canonical":"https:\/\/gallican-montbrison.fr\/wp\/?p=3325","og_locale":"fr_FR","og_type":"article","og_title":"La r\u00e9surrection \u2026 notre libert\u00e9 d'enfants de Dieu - Chapelle Saint Michel Archange Montbrison","og_description":"La r\u00e9surrection du Christ\u00a0nous offre notre libert\u00e9\u00a0d&rsquo;enfants de Dieu. Libert\u00e9 de suivre le chemin qu&rsquo;il nous a trac\u00e9 ou bien libert\u00e9 de s&rsquo;\u00e9carter de son amour et de sa voie. Le temps liturgique actuel nous invite \u00e0 nous recentrer sur &hellip; Continuer la lecture &rarr;","og_url":"https:\/\/gallican-montbrison.fr\/wp\/?p=3325","og_site_name":"Chapelle Saint Michel Archange Montbrison","article_publisher":"https:\/\/www.facebook.com\/people\/Eglise-Gallicane-Chapelle-Saint-Michel-Archange\/100064564306693\/","article_published_time":"2014-02-07T20:44:34+00:00","article_modified_time":"2014-04-07T19:46:11+00:00","author":"Colette","twitter_card":"summary_large_image","twitter_misc":{"\u00c9crit par":"Colette","Dur\u00e9e de lecture estim\u00e9e":"1 minute"},"schema":{"@context":"https:\/\/schema.org","@graph":[{"@type":"WebPage","@id":"https:\/\/gallican-montbrison.fr\/wp\/?p=3325","url":"https:\/\/gallican-montbrison.fr\/wp\/?p=3325","name":"La r\u00e9surrection \u2026 notre libert\u00e9 d'enfants de Dieu - Chapelle Saint Michel Archange Montbrison","isPartOf":{"@id":"https:\/\/gallican-montbrison.fr\/wp\/#website"},"datePublished":"2014-02-07T20:44:34+00:00","dateModified":"2014-04-07T19:46:11+00:00","author":{"@id":"https:\/\/gallican-montbrison.fr\/wp\/#\/schema\/person\/fc5571a40f7c79de2fb1b0cf72c089a4"},"breadcrumb":{"@id":"https:\/\/gallican-montbrison.fr\/wp\/?p=3325#breadcrumb"},"inLanguage":"fr-FR","potentialAction":[{"@type":"ReadAction","target":["https:\/\/gallican-montbrison.fr\/wp\/?p=3325"]}]},{"@type":"BreadcrumbList","@id":"https:\/\/gallican-montbrison.fr\/wp\/?p=3325#breadcrumb","itemListElement":[{"@type":"ListItem","position":1,"name":"Accueil","item":"https:\/\/gallican-montbrison.fr\/wp"},{"@type":"ListItem","position":2,"name":"La r\u00e9surrection \u2026 notre libert\u00e9 d&rsquo;enfants de Dieu"}]},{"@type":"WebSite","@id":"https:\/\/gallican-montbrison.fr\/wp\/#website","url":"https:\/\/gallican-montbrison.fr\/wp\/","name":"Chapelle Saint Michel Archange Montbrison","description":"Eglise Gallicane, Tradition Apostolique de Gazinet","potentialAction":[{"@type":"SearchAction","target":{"@type":"EntryPoint","urlTemplate":"https:\/\/gallican-montbrison.fr\/wp\/?s={search_term_string}"},"query-input":{"@type":"PropertyValueSpecification","valueRequired":true,"valueName":"search_term_string"}}],"inLanguage":"fr-FR"},{"@type":"Person","@id":"https:\/\/gallican-montbrison.fr\/wp\/#\/schema\/person\/fc5571a40f7c79de2fb1b0cf72c089a4","name":"Colette","url":"https:\/\/gallican-montbrison.fr\/wp\/?author=3"}]}},"_links":{"self":[{"href":"https:\/\/gallican-montbrison.fr\/wp\/index.php?rest_route=\/wp\/v2\/posts\/3325"}],"collection":[{"href":"https:\/\/gallican-montbrison.fr\/wp\/index.php?rest_route=\/wp\/v2\/posts"}],"about":[{"href":"https:\/\/gallican-montbrison.fr\/wp\/index.php?rest_route=\/wp\/v2\/types\/post"}],"author":[{"embeddable":true,"href":"https:\/\/gallican-montbrison.fr\/wp\/index.php?rest_route=\/wp\/v2\/users\/3"}],"replies":[{"embeddable":true,"href":"https:\/\/gallican-montbrison.fr\/wp\/index.php?rest_route=%2Fwp%2Fv2%2Fcomments&post=3325"}],"version-history":[{"count":1,"href":"https:\/\/gallican-montbrison.fr\/wp\/index.php?rest_route=\/wp\/v2\/posts\/3325\/revisions"}],"predecessor-version":[{"id":3326,"href":"https:\/\/gallican-montbrison.fr\/wp\/index.php?rest_route=\/wp\/v2\/posts\/3325\/revisions\/3326"}],"wp:attachment":[{"href":"https:\/\/gallican-montbrison.fr\/wp\/index.php?rest_route=%2Fwp%2Fv2%2Fmedia&parent=3325"}],"wp:term":[{"taxonomy":"category","embeddable":true,"href":"https:\/\/gallican-montbrison.fr\/wp\/index.php?rest_route=%2Fwp%2Fv2%2Fcategories&post=3325"},{"taxonomy":"post_tag","embeddable":true,"href":"https:\/\/gallican-montbrison.fr\/wp\/index.php?rest_route=%2Fwp%2Fv2%2Ftags&post=3325"}],"curies":[{"name":"wp","href":"https:\/\/api.w.org\/{rel}","templated":true}]}}