{"id":3462,"date":"2014-06-08T16:15:28","date_gmt":"2014-06-08T14:15:28","guid":{"rendered":"http:\/\/gallican-montbrison.fr\/wp\/?p=3462"},"modified":"2017-03-09T21:56:16","modified_gmt":"2017-03-09T20:56:16","slug":"communion-de-aubrey-8-juin-2014","status":"publish","type":"post","link":"https:\/\/gallican-montbrison.fr\/wp\/?p=3462","title":{"rendered":"Communion de Aubrey (06.2014)"},"content":{"rendered":"<p><a href=\"http:\/\/gallican-montbrison.fr\/wp\/wp-content\/uploads\/2014\/07\/Image-40.jpg\"><img loading=\"lazy\" decoding=\"async\" class=\"alignleft size-thumbnail wp-image-3510\" src=\"http:\/\/gallican-montbrison.fr\/wp\/wp-content\/uploads\/2014\/07\/Image-40-150x150.jpg\" alt=\"Image 40\" width=\"150\" height=\"150\" \/><\/a><a href=\"http:\/\/gallican-montbrison.fr\/wp\/wp-content\/uploads\/2014\/07\/Image-25.jpg\"><img loading=\"lazy\" decoding=\"async\" class=\"alignleft size-thumbnail wp-image-3511\" src=\"http:\/\/gallican-montbrison.fr\/wp\/wp-content\/uploads\/2014\/07\/Image-25-150x150.jpg\" alt=\"Image 25\" width=\"150\" height=\"150\" \/><\/a><a href=\"http:\/\/gallican-montbrison.fr\/wp\/wp-content\/uploads\/2014\/06\/P1040106.jpg\"><img loading=\"lazy\" decoding=\"async\" class=\"alignleft size-thumbnail wp-image-3465\" src=\"http:\/\/gallican-montbrison.fr\/wp\/wp-content\/uploads\/2014\/06\/P1040106-150x150.jpg\" alt=\"P1040106\" width=\"150\" height=\"150\" \/><\/a><a href=\"http:\/\/gallican-montbrison.fr\/wp\/wp-content\/uploads\/2014\/06\/P1040104.jpg\"><br \/>\n<\/a><\/p>\n<p>&nbsp;<\/p>\n<p>&nbsp;<\/p>\n<p>&nbsp;<\/p>\n<p>Moment particulier pour Aubrey en cette messe de Pentec\u00f4te puisqu&rsquo;il a\u00a0particip\u00e9 pour la premi\u00e8re fois \u00e0 l&rsquo;Eucharistie. Il a \u00e9t\u00e9 tr\u00e8s entour\u00e9 par sa famille dans sa d\u00e9marche de Foi.<\/p>\n<p>Il a mis beaucoup de coeur \u00e0 suivre le cat\u00e9chisme gallican \u00e0 la chapelle avec le soutien de sa maman toujours pr\u00e9sente \u00e0 ses c\u00f4t\u00e9s.<\/p>\n<p>La lumi\u00e8re du cierge qu&rsquo;il tient est le signe visible de la pr\u00e9sence de l&rsquo;Esprit pr\u00e8s de lui et rappelle la lumi\u00e8re d\u00e9j\u00e0 re\u00e7ue lors de son bapt\u00eame.<\/p>\n<p><strong><span style=\"color: #3366ff;\">son t\u00e9moignage:<\/span><\/strong><img loading=\"lazy\" decoding=\"async\" class=\"alignleft size-thumbnail wp-image-1147\" src=\"http:\/\/gallican-montbrison.fr\/wp\/wp-content\/uploads\/2012\/03\/DSC_0049-150x150.jpg\" alt=\"DSC_0049\" width=\"150\" height=\"150\" \/><\/p>\n<p style=\"text-align: left;\"><span style=\"color: #3366ff;\">Je crois que J\u00e9sus est pr\u00e9sent et vivant dans le pain et le vin de l&rsquo;Eucharistie.<\/span><br \/>\n<span style=\"color: #3366ff;\">Je communie aujourd&rsquo;hui pour affirmer ma foi.La communion d\u00e9veloppe en moi la vie divine re\u00e7ue \u00e0 mon bapt\u00eame, <\/span><span style=\"color: #3366ff;\">et m&rsquo;apporte le soutien de Dieu dans ma vie.<\/span><\/p>\n","protected":false},"excerpt":{"rendered":"<p>&nbsp; &nbsp; &nbsp; Moment particulier pour Aubrey en cette messe de Pentec\u00f4te puisqu&rsquo;il a\u00a0particip\u00e9 pour la premi\u00e8re fois \u00e0 l&rsquo;Eucharistie. Il a \u00e9t\u00e9 tr\u00e8s entour\u00e9 par sa famille dans sa d\u00e9marche de Foi. Il a mis beaucoup de coeur \u00e0 &hellip; <a href=\"https:\/\/gallican-montbrison.fr\/wp\/?p=3462\">Continuer la lecture <span class=\"meta-nav\">&rarr;<\/span><\/a><\/p>\n","protected":false},"author":3,"featured_media":0,"comment_status":"closed","ping_status":"open","sticky":false,"template":"","format":"standard","meta":{"footnotes":""},"categories":[249,5],"tags":[100,27,26,181,70,138,98,87,187,6,50,17],"class_list":["post-3462","post","type-post","status-publish","format-standard","hentry","category-sacrements","category-vie-de-la-chapelle","tag-bapteme","tag-celebration","tag-chapelle","tag-divorce","tag-eglise","tag-eglise-gallicane","tag-eucharistie","tag-mariage","tag-mariage-divorces","tag-messe","tag-montbrison","tag-oecumenisme-2"],"yoast_head":"<!-- This site is optimized with the Yoast SEO plugin v25.6 - https:\/\/yoast.com\/wordpress\/plugins\/seo\/ -->\n<title>Communion de Aubrey (06.2014) - Chapelle Saint Michel Archange Montbrison<\/title>\n<meta name=\"robots\" content=\"index, follow, max-snippet:-1, max-image-preview:large, max-video-preview:-1\" \/>\n<link rel=\"canonical\" href=\"https:\/\/gallican-montbrison.fr\/wp\/?p=3462\" \/>\n<meta property=\"og:locale\" content=\"fr_FR\" \/>\n<meta property=\"og:type\" content=\"article\" \/>\n<meta property=\"og:title\" content=\"Communion de Aubrey (06.2014) - Chapelle Saint Michel Archange Montbrison\" \/>\n<meta property=\"og:description\" content=\"&nbsp; &nbsp; &nbsp; Moment particulier pour Aubrey en cette messe de Pentec\u00f4te puisqu&rsquo;il a\u00a0particip\u00e9 pour la premi\u00e8re fois \u00e0 l&rsquo;Eucharistie. Il a \u00e9t\u00e9 tr\u00e8s entour\u00e9 par sa famille dans sa d\u00e9marche de Foi. Il a mis beaucoup de coeur \u00e0 &hellip; Continuer la lecture &rarr;\" \/>\n<meta property=\"og:url\" content=\"https:\/\/gallican-montbrison.fr\/wp\/?p=3462\" \/>\n<meta property=\"og:site_name\" content=\"Chapelle Saint Michel Archange Montbrison\" \/>\n<meta property=\"article:publisher\" content=\"https:\/\/www.facebook.com\/people\/Eglise-Gallicane-Chapelle-Saint-Michel-Archange\/100064564306693\/\" \/>\n<meta property=\"article:published_time\" content=\"2014-06-08T14:15:28+00:00\" \/>\n<meta property=\"article:modified_time\" content=\"2017-03-09T20:56:16+00:00\" \/>\n<meta property=\"og:image\" content=\"http:\/\/gallican-montbrison.fr\/wp\/wp-content\/uploads\/2014\/07\/Image-40-150x150.jpg\" \/>\n<meta name=\"author\" content=\"Colette\" \/>\n<meta name=\"twitter:card\" content=\"summary_large_image\" \/>\n<meta name=\"twitter:label1\" content=\"\u00c9crit par\" \/>\n\t<meta name=\"twitter:data1\" content=\"Colette\" \/>\n\t<meta name=\"twitter:label2\" content=\"Dur\u00e9e de lecture estim\u00e9e\" \/>\n\t<meta name=\"twitter:data2\" content=\"1 minute\" \/>\n<script type=\"application\/ld+json\" class=\"yoast-schema-graph\">{\"@context\":\"https:\/\/schema.org\",\"@graph\":[{\"@type\":\"WebPage\",\"@id\":\"https:\/\/gallican-montbrison.fr\/wp\/?p=3462\",\"url\":\"https:\/\/gallican-montbrison.fr\/wp\/?p=3462\",\"name\":\"Communion de Aubrey (06.2014) - Chapelle Saint Michel Archange Montbrison\",\"isPartOf\":{\"@id\":\"https:\/\/gallican-montbrison.fr\/wp\/#website\"},\"primaryImageOfPage\":{\"@id\":\"https:\/\/gallican-montbrison.fr\/wp\/?p=3462#primaryimage\"},\"image\":{\"@id\":\"https:\/\/gallican-montbrison.fr\/wp\/?p=3462#primaryimage\"},\"thumbnailUrl\":\"http:\/\/gallican-montbrison.fr\/wp\/wp-content\/uploads\/2014\/07\/Image-40-150x150.jpg\",\"datePublished\":\"2014-06-08T14:15:28+00:00\",\"dateModified\":\"2017-03-09T20:56:16+00:00\",\"author\":{\"@id\":\"https:\/\/gallican-montbrison.fr\/wp\/#\/schema\/person\/fc5571a40f7c79de2fb1b0cf72c089a4\"},\"breadcrumb\":{\"@id\":\"https:\/\/gallican-montbrison.fr\/wp\/?p=3462#breadcrumb\"},\"inLanguage\":\"fr-FR\",\"potentialAction\":[{\"@type\":\"ReadAction\",\"target\":[\"https:\/\/gallican-montbrison.fr\/wp\/?p=3462\"]}]},{\"@type\":\"ImageObject\",\"inLanguage\":\"fr-FR\",\"@id\":\"https:\/\/gallican-montbrison.fr\/wp\/?p=3462#primaryimage\",\"url\":\"https:\/\/gallican-montbrison.fr\/wp\/wp-content\/uploads\/2014\/07\/Image-40.jpg\",\"contentUrl\":\"https:\/\/gallican-montbrison.fr\/wp\/wp-content\/uploads\/2014\/07\/Image-40.jpg\",\"width\":2594,\"height\":1727},{\"@type\":\"BreadcrumbList\",\"@id\":\"https:\/\/gallican-montbrison.fr\/wp\/?p=3462#breadcrumb\",\"itemListElement\":[{\"@type\":\"ListItem\",\"position\":1,\"name\":\"Accueil\",\"item\":\"https:\/\/gallican-montbrison.fr\/wp\"},{\"@type\":\"ListItem\",\"position\":2,\"name\":\"Communion de Aubrey (06.2014)\"}]},{\"@type\":\"WebSite\",\"@id\":\"https:\/\/gallican-montbrison.fr\/wp\/#website\",\"url\":\"https:\/\/gallican-montbrison.fr\/wp\/\",\"name\":\"Chapelle Saint Michel Archange Montbrison\",\"description\":\"Eglise Gallicane, Tradition Apostolique de Gazinet\",\"potentialAction\":[{\"@type\":\"SearchAction\",\"target\":{\"@type\":\"EntryPoint\",\"urlTemplate\":\"https:\/\/gallican-montbrison.fr\/wp\/?s={search_term_string}\"},\"query-input\":{\"@type\":\"PropertyValueSpecification\",\"valueRequired\":true,\"valueName\":\"search_term_string\"}}],\"inLanguage\":\"fr-FR\"},{\"@type\":\"Person\",\"@id\":\"https:\/\/gallican-montbrison.fr\/wp\/#\/schema\/person\/fc5571a40f7c79de2fb1b0cf72c089a4\",\"name\":\"Colette\",\"url\":\"https:\/\/gallican-montbrison.fr\/wp\/?author=3\"}]}<\/script>\n<!-- \/ Yoast SEO plugin. -->","yoast_head_json":{"title":"Communion de Aubrey (06.2014) - Chapelle Saint Michel Archange Montbrison","robots":{"index":"index","follow":"follow","max-snippet":"max-snippet:-1","max-image-preview":"max-image-preview:large","max-video-preview":"max-video-preview:-1"},"canonical":"https:\/\/gallican-montbrison.fr\/wp\/?p=3462","og_locale":"fr_FR","og_type":"article","og_title":"Communion de Aubrey (06.2014) - Chapelle Saint Michel Archange Montbrison","og_description":"&nbsp; &nbsp; &nbsp; Moment particulier pour Aubrey en cette messe de Pentec\u00f4te puisqu&rsquo;il a\u00a0particip\u00e9 pour la premi\u00e8re fois \u00e0 l&rsquo;Eucharistie. Il a \u00e9t\u00e9 tr\u00e8s entour\u00e9 par sa famille dans sa d\u00e9marche de Foi. Il a mis beaucoup de coeur \u00e0 &hellip; Continuer la lecture &rarr;","og_url":"https:\/\/gallican-montbrison.fr\/wp\/?p=3462","og_site_name":"Chapelle Saint Michel Archange Montbrison","article_publisher":"https:\/\/www.facebook.com\/people\/Eglise-Gallicane-Chapelle-Saint-Michel-Archange\/100064564306693\/","article_published_time":"2014-06-08T14:15:28+00:00","article_modified_time":"2017-03-09T20:56:16+00:00","og_image":[{"url":"http:\/\/gallican-montbrison.fr\/wp\/wp-content\/uploads\/2014\/07\/Image-40-150x150.jpg","type":"","width":"","height":""}],"author":"Colette","twitter_card":"summary_large_image","twitter_misc":{"\u00c9crit par":"Colette","Dur\u00e9e de lecture estim\u00e9e":"1 minute"},"schema":{"@context":"https:\/\/schema.org","@graph":[{"@type":"WebPage","@id":"https:\/\/gallican-montbrison.fr\/wp\/?p=3462","url":"https:\/\/gallican-montbrison.fr\/wp\/?p=3462","name":"Communion de Aubrey (06.2014) - Chapelle Saint Michel Archange Montbrison","isPartOf":{"@id":"https:\/\/gallican-montbrison.fr\/wp\/#website"},"primaryImageOfPage":{"@id":"https:\/\/gallican-montbrison.fr\/wp\/?p=3462#primaryimage"},"image":{"@id":"https:\/\/gallican-montbrison.fr\/wp\/?p=3462#primaryimage"},"thumbnailUrl":"http:\/\/gallican-montbrison.fr\/wp\/wp-content\/uploads\/2014\/07\/Image-40-150x150.jpg","datePublished":"2014-06-08T14:15:28+00:00","dateModified":"2017-03-09T20:56:16+00:00","author":{"@id":"https:\/\/gallican-montbrison.fr\/wp\/#\/schema\/person\/fc5571a40f7c79de2fb1b0cf72c089a4"},"breadcrumb":{"@id":"https:\/\/gallican-montbrison.fr\/wp\/?p=3462#breadcrumb"},"inLanguage":"fr-FR","potentialAction":[{"@type":"ReadAction","target":["https:\/\/gallican-montbrison.fr\/wp\/?p=3462"]}]},{"@type":"ImageObject","inLanguage":"fr-FR","@id":"https:\/\/gallican-montbrison.fr\/wp\/?p=3462#primaryimage","url":"https:\/\/gallican-montbrison.fr\/wp\/wp-content\/uploads\/2014\/07\/Image-40.jpg","contentUrl":"https:\/\/gallican-montbrison.fr\/wp\/wp-content\/uploads\/2014\/07\/Image-40.jpg","width":2594,"height":1727},{"@type":"BreadcrumbList","@id":"https:\/\/gallican-montbrison.fr\/wp\/?p=3462#breadcrumb","itemListElement":[{"@type":"ListItem","position":1,"name":"Accueil","item":"https:\/\/gallican-montbrison.fr\/wp"},{"@type":"ListItem","position":2,"name":"Communion de Aubrey (06.2014)"}]},{"@type":"WebSite","@id":"https:\/\/gallican-montbrison.fr\/wp\/#website","url":"https:\/\/gallican-montbrison.fr\/wp\/","name":"Chapelle Saint Michel Archange Montbrison","description":"Eglise Gallicane, Tradition Apostolique de Gazinet","potentialAction":[{"@type":"SearchAction","target":{"@type":"EntryPoint","urlTemplate":"https:\/\/gallican-montbrison.fr\/wp\/?s={search_term_string}"},"query-input":{"@type":"PropertyValueSpecification","valueRequired":true,"valueName":"search_term_string"}}],"inLanguage":"fr-FR"},{"@type":"Person","@id":"https:\/\/gallican-montbrison.fr\/wp\/#\/schema\/person\/fc5571a40f7c79de2fb1b0cf72c089a4","name":"Colette","url":"https:\/\/gallican-montbrison.fr\/wp\/?author=3"}]}},"_links":{"self":[{"href":"https:\/\/gallican-montbrison.fr\/wp\/index.php?rest_route=\/wp\/v2\/posts\/3462"}],"collection":[{"href":"https:\/\/gallican-montbrison.fr\/wp\/index.php?rest_route=\/wp\/v2\/posts"}],"about":[{"href":"https:\/\/gallican-montbrison.fr\/wp\/index.php?rest_route=\/wp\/v2\/types\/post"}],"author":[{"embeddable":true,"href":"https:\/\/gallican-montbrison.fr\/wp\/index.php?rest_route=\/wp\/v2\/users\/3"}],"replies":[{"embeddable":true,"href":"https:\/\/gallican-montbrison.fr\/wp\/index.php?rest_route=%2Fwp%2Fv2%2Fcomments&post=3462"}],"version-history":[{"count":11,"href":"https:\/\/gallican-montbrison.fr\/wp\/index.php?rest_route=\/wp\/v2\/posts\/3462\/revisions"}],"predecessor-version":[{"id":5025,"href":"https:\/\/gallican-montbrison.fr\/wp\/index.php?rest_route=\/wp\/v2\/posts\/3462\/revisions\/5025"}],"wp:attachment":[{"href":"https:\/\/gallican-montbrison.fr\/wp\/index.php?rest_route=%2Fwp%2Fv2%2Fmedia&parent=3462"}],"wp:term":[{"taxonomy":"category","embeddable":true,"href":"https:\/\/gallican-montbrison.fr\/wp\/index.php?rest_route=%2Fwp%2Fv2%2Fcategories&post=3462"},{"taxonomy":"post_tag","embeddable":true,"href":"https:\/\/gallican-montbrison.fr\/wp\/index.php?rest_route=%2Fwp%2Fv2%2Ftags&post=3462"}],"curies":[{"name":"wp","href":"https:\/\/api.w.org\/{rel}","templated":true}]}}