{"id":3538,"date":"2014-08-25T18:50:33","date_gmt":"2014-08-25T16:50:33","guid":{"rendered":"http:\/\/gallican-montbrison.fr\/wp\/?p=3538"},"modified":"2014-09-05T14:30:05","modified_gmt":"2014-09-05T12:30:05","slug":"15-aout-assomption-de-marie-mere-de-dieu","status":"publish","type":"post","link":"https:\/\/gallican-montbrison.fr\/wp\/?p=3538","title":{"rendered":"15 Ao\u00fbt : Assomption de Marie, M\u00e8re de Dieu"},"content":{"rendered":"<p><strong><span style=\"color: #ff6600;\"><a href=\"http:\/\/gallican-montbrison.fr\/wp\/wp-content\/uploads\/2014\/08\/assomption.jpg\"><img loading=\"lazy\" decoding=\"async\" class=\"alignleft size-medium wp-image-3544\" src=\"http:\/\/gallican-montbrison.fr\/wp\/wp-content\/uploads\/2014\/08\/assomption-227x300.jpg\" alt=\"assomption\" width=\"227\" height=\"300\" srcset=\"https:\/\/gallican-montbrison.fr\/wp\/wp-content\/uploads\/2014\/08\/assomption-227x300.jpg 227w, https:\/\/gallican-montbrison.fr\/wp\/wp-content\/uploads\/2014\/08\/assomption.jpg 310w\" sizes=\"(max-width: 227px) 100vw, 227px\" \/><\/a>Ecoute Mp3 : <a href=\"http:\/\/gallican-montbrison.fr\/wp\/wp-content\/uploads\/2014\/08\/Home\u0301lie-15-aou\u0302t-2014.mp3\">Home\u0301lie 15 ao\u00fbt 2014<\/a><\/span><\/strong><\/p>\n<p><strong><span style=\"color: #993366;\">Ep\u00eetre : Lecture du livre de Judith <\/span><\/strong><\/p>\n<p><span style=\"color: #993366;\">\u00ab\u00a0Le Dieu tr\u00e8s-haut t\u2019a b\u00e9nie, ma fille, plus que toutes les femmes de la terre. Lou\u00e9 soit le Seigneur qui a cr\u00e9\u00e9 le ciel et la terre\u00a0! C\u2019est lui qui t\u2019a conduite pour frapper \u00e0 la t\u00eate le chef de nos ennemis\u00a0.\u00a0\u00a0On n\u2019oubliera jamais comment tu as gard\u00e9 l\u2019espoir\u00a0; les hommes se souviendront toujours de cette oeuvre puissante de Dieu.\u00a0Que Dieu lui-m\u00eame te rende c\u00e9l\u00e8bre pour toujours\u00a0! Qu\u2019il te comble de ses biens parce que tu as risqu\u00e9 ta vie au moment o\u00f9 notre peuple \u00e9tait humili\u00e9\u00a0! Tu as \u00e9cart\u00e9 de nous la ruine en agissant avec droiture devant notre Dieu\u00a0!\u00a0\u00bb Le peuple entier r\u00e9pondit\u00a0:\u00ab\u00a0 <span style=\"color: #993366;\">Amen\u00a0! Qu\u2019il en soit ainsi\u00a0!\u00a0\u00bb<\/span><br \/>\n<\/span><\/p>\n<p><strong><span style=\"color: #993366;\">Evangile : St Luc 1, 41-50<\/span><\/strong><\/p>\n<p><span style=\"color: #993366;\">Au moment o\u00f9 celle-ci entendit la salutation de Marie, l\u2019enfant remua en elle. \u00c9lisabeth fut remplie du Saint-Esprit\u00a0et s\u2019\u00e9cria d\u2019une voix forte\u00a0: \u00ab\u00a0Dieu t\u2019a b\u00e9nie plus que toutes les femmes et sa b\u00e9n\u00e9diction repose sur l\u2019enfant que tu auras\u00a0!\u00a0<\/span><\/p>\n<p><span style=\"color: #993366;\">Qui suis-je pour que la m\u00e8re de mon Seigneur vienne chez moi\u00a0? Car, vois-tu, au moment o\u00f9 j\u2019ai entendu ta salutation, l\u2019enfant a remu\u00e9 de joie en moi. Tu es heureuse\u00a0: tu as cru que le Seigneur accomplira ce qu\u2019il t\u2019a annonc\u00e9\u00a0!\u00a0\u00bb<\/span><\/p>\n<p><span style=\"color: #993366;\">Marie dit alors\u00a0 :\u00a0\u00ab\u00a0De tout mon \u00eatre je veux dire la grandeur du Seigneur,\u00a0mon coeur est plein de joie\u00a0\u00e0 cause de Dieu, mon Sauveur\u00a0;\u00a0car il a bien voulu abaisser son regard sur moi, son humble servante. Oui, d\u00e8s maintenant et en tous les temps, les humains me diront bienheureuse,\u00a0car Dieu le Tout-Puissant a fait pour moi de grandes choses. Saint est son nom, et sa mis\u00e9ricorde s\u2019\u00e9tend d\u2019\u00e2ge en \u00e2ge sur ceux qui le craignent.<\/span><\/p>\n","protected":false},"excerpt":{"rendered":"<p>Ecoute Mp3 : Home\u0301lie 15 ao\u00fbt 2014 Ep\u00eetre : Lecture du livre de Judith \u00ab\u00a0Le Dieu tr\u00e8s-haut t\u2019a b\u00e9nie, ma fille, plus que toutes les femmes de la terre. Lou\u00e9 soit le Seigneur qui a cr\u00e9\u00e9 le ciel et la &hellip; <a href=\"https:\/\/gallican-montbrison.fr\/wp\/?p=3538\">Continuer la lecture <span class=\"meta-nav\">&rarr;<\/span><\/a><\/p>\n","protected":false},"author":3,"featured_media":0,"comment_status":"closed","ping_status":"open","sticky":false,"template":"","format":"standard","meta":{"footnotes":""},"categories":[4],"tags":[26,181,182,52,228,87,6,180,44],"class_list":["post-3538","post","type-post","status-publish","format-standard","hentry","category-homelies","tag-chapelle","tag-divorce","tag-divorces","tag-evangile","tag-homelies-2","tag-mariage","tag-messe","tag-remariage","tag-seigneur"],"yoast_head":"<!-- This site is optimized with the Yoast SEO plugin v25.6 - https:\/\/yoast.com\/wordpress\/plugins\/seo\/ -->\n<title>15 Ao\u00fbt : Assomption de Marie, M\u00e8re de Dieu - Chapelle Saint Michel Archange Montbrison<\/title>\n<meta name=\"robots\" content=\"index, follow, max-snippet:-1, max-image-preview:large, max-video-preview:-1\" \/>\n<link rel=\"canonical\" href=\"https:\/\/gallican-montbrison.fr\/wp\/?p=3538\" \/>\n<meta property=\"og:locale\" content=\"fr_FR\" \/>\n<meta property=\"og:type\" content=\"article\" \/>\n<meta property=\"og:title\" content=\"15 Ao\u00fbt : Assomption de Marie, M\u00e8re de Dieu - Chapelle Saint Michel Archange Montbrison\" \/>\n<meta property=\"og:description\" content=\"Ecoute Mp3 : Home\u0301lie 15 ao\u00fbt 2014 Ep\u00eetre : Lecture du livre de Judith \u00ab\u00a0Le Dieu tr\u00e8s-haut t\u2019a b\u00e9nie, ma fille, plus que toutes les femmes de la terre. Lou\u00e9 soit le Seigneur qui a cr\u00e9\u00e9 le ciel et la &hellip; Continuer la lecture &rarr;\" \/>\n<meta property=\"og:url\" content=\"https:\/\/gallican-montbrison.fr\/wp\/?p=3538\" \/>\n<meta property=\"og:site_name\" content=\"Chapelle Saint Michel Archange Montbrison\" \/>\n<meta property=\"article:publisher\" content=\"https:\/\/www.facebook.com\/people\/Eglise-Gallicane-Chapelle-Saint-Michel-Archange\/100064564306693\/\" \/>\n<meta property=\"article:published_time\" content=\"2014-08-25T16:50:33+00:00\" \/>\n<meta property=\"article:modified_time\" content=\"2014-09-05T12:30:05+00:00\" \/>\n<meta property=\"og:image\" content=\"http:\/\/gallican-montbrison.fr\/wp\/wp-content\/uploads\/2014\/08\/assomption-227x300.jpg\" \/>\n<meta name=\"author\" content=\"Colette\" \/>\n<meta name=\"twitter:card\" content=\"summary_large_image\" \/>\n<meta name=\"twitter:label1\" content=\"\u00c9crit par\" \/>\n\t<meta name=\"twitter:data1\" content=\"Colette\" \/>\n\t<meta name=\"twitter:label2\" content=\"Dur\u00e9e de lecture estim\u00e9e\" \/>\n\t<meta name=\"twitter:data2\" content=\"2 minutes\" \/>\n<script type=\"application\/ld+json\" class=\"yoast-schema-graph\">{\"@context\":\"https:\/\/schema.org\",\"@graph\":[{\"@type\":\"WebPage\",\"@id\":\"https:\/\/gallican-montbrison.fr\/wp\/?p=3538\",\"url\":\"https:\/\/gallican-montbrison.fr\/wp\/?p=3538\",\"name\":\"15 Ao\u00fbt : Assomption de Marie, M\u00e8re de Dieu - Chapelle Saint Michel Archange Montbrison\",\"isPartOf\":{\"@id\":\"https:\/\/gallican-montbrison.fr\/wp\/#website\"},\"primaryImageOfPage\":{\"@id\":\"https:\/\/gallican-montbrison.fr\/wp\/?p=3538#primaryimage\"},\"image\":{\"@id\":\"https:\/\/gallican-montbrison.fr\/wp\/?p=3538#primaryimage\"},\"thumbnailUrl\":\"http:\/\/gallican-montbrison.fr\/wp\/wp-content\/uploads\/2014\/08\/assomption-227x300.jpg\",\"datePublished\":\"2014-08-25T16:50:33+00:00\",\"dateModified\":\"2014-09-05T12:30:05+00:00\",\"author\":{\"@id\":\"https:\/\/gallican-montbrison.fr\/wp\/#\/schema\/person\/fc5571a40f7c79de2fb1b0cf72c089a4\"},\"breadcrumb\":{\"@id\":\"https:\/\/gallican-montbrison.fr\/wp\/?p=3538#breadcrumb\"},\"inLanguage\":\"fr-FR\",\"potentialAction\":[{\"@type\":\"ReadAction\",\"target\":[\"https:\/\/gallican-montbrison.fr\/wp\/?p=3538\"]}]},{\"@type\":\"ImageObject\",\"inLanguage\":\"fr-FR\",\"@id\":\"https:\/\/gallican-montbrison.fr\/wp\/?p=3538#primaryimage\",\"url\":\"https:\/\/gallican-montbrison.fr\/wp\/wp-content\/uploads\/2014\/08\/assomption.jpg\",\"contentUrl\":\"https:\/\/gallican-montbrison.fr\/wp\/wp-content\/uploads\/2014\/08\/assomption.jpg\",\"width\":310,\"height\":408},{\"@type\":\"BreadcrumbList\",\"@id\":\"https:\/\/gallican-montbrison.fr\/wp\/?p=3538#breadcrumb\",\"itemListElement\":[{\"@type\":\"ListItem\",\"position\":1,\"name\":\"Accueil\",\"item\":\"https:\/\/gallican-montbrison.fr\/wp\"},{\"@type\":\"ListItem\",\"position\":2,\"name\":\"15 Ao\u00fbt : Assomption de Marie, M\u00e8re de Dieu\"}]},{\"@type\":\"WebSite\",\"@id\":\"https:\/\/gallican-montbrison.fr\/wp\/#website\",\"url\":\"https:\/\/gallican-montbrison.fr\/wp\/\",\"name\":\"Chapelle Saint Michel Archange Montbrison\",\"description\":\"Eglise Gallicane, Tradition Apostolique de Gazinet\",\"potentialAction\":[{\"@type\":\"SearchAction\",\"target\":{\"@type\":\"EntryPoint\",\"urlTemplate\":\"https:\/\/gallican-montbrison.fr\/wp\/?s={search_term_string}\"},\"query-input\":{\"@type\":\"PropertyValueSpecification\",\"valueRequired\":true,\"valueName\":\"search_term_string\"}}],\"inLanguage\":\"fr-FR\"},{\"@type\":\"Person\",\"@id\":\"https:\/\/gallican-montbrison.fr\/wp\/#\/schema\/person\/fc5571a40f7c79de2fb1b0cf72c089a4\",\"name\":\"Colette\",\"url\":\"https:\/\/gallican-montbrison.fr\/wp\/?author=3\"}]}<\/script>\n<!-- \/ Yoast SEO plugin. -->","yoast_head_json":{"title":"15 Ao\u00fbt : Assomption de Marie, M\u00e8re de Dieu - Chapelle Saint Michel Archange Montbrison","robots":{"index":"index","follow":"follow","max-snippet":"max-snippet:-1","max-image-preview":"max-image-preview:large","max-video-preview":"max-video-preview:-1"},"canonical":"https:\/\/gallican-montbrison.fr\/wp\/?p=3538","og_locale":"fr_FR","og_type":"article","og_title":"15 Ao\u00fbt : Assomption de Marie, M\u00e8re de Dieu - Chapelle Saint Michel Archange Montbrison","og_description":"Ecoute Mp3 : Home\u0301lie 15 ao\u00fbt 2014 Ep\u00eetre : Lecture du livre de Judith \u00ab\u00a0Le Dieu tr\u00e8s-haut t\u2019a b\u00e9nie, ma fille, plus que toutes les femmes de la terre. Lou\u00e9 soit le Seigneur qui a cr\u00e9\u00e9 le ciel et la &hellip; Continuer la lecture &rarr;","og_url":"https:\/\/gallican-montbrison.fr\/wp\/?p=3538","og_site_name":"Chapelle Saint Michel Archange Montbrison","article_publisher":"https:\/\/www.facebook.com\/people\/Eglise-Gallicane-Chapelle-Saint-Michel-Archange\/100064564306693\/","article_published_time":"2014-08-25T16:50:33+00:00","article_modified_time":"2014-09-05T12:30:05+00:00","og_image":[{"url":"http:\/\/gallican-montbrison.fr\/wp\/wp-content\/uploads\/2014\/08\/assomption-227x300.jpg","type":"","width":"","height":""}],"author":"Colette","twitter_card":"summary_large_image","twitter_misc":{"\u00c9crit par":"Colette","Dur\u00e9e de lecture estim\u00e9e":"2 minutes"},"schema":{"@context":"https:\/\/schema.org","@graph":[{"@type":"WebPage","@id":"https:\/\/gallican-montbrison.fr\/wp\/?p=3538","url":"https:\/\/gallican-montbrison.fr\/wp\/?p=3538","name":"15 Ao\u00fbt : Assomption de Marie, M\u00e8re de Dieu - Chapelle Saint Michel Archange Montbrison","isPartOf":{"@id":"https:\/\/gallican-montbrison.fr\/wp\/#website"},"primaryImageOfPage":{"@id":"https:\/\/gallican-montbrison.fr\/wp\/?p=3538#primaryimage"},"image":{"@id":"https:\/\/gallican-montbrison.fr\/wp\/?p=3538#primaryimage"},"thumbnailUrl":"http:\/\/gallican-montbrison.fr\/wp\/wp-content\/uploads\/2014\/08\/assomption-227x300.jpg","datePublished":"2014-08-25T16:50:33+00:00","dateModified":"2014-09-05T12:30:05+00:00","author":{"@id":"https:\/\/gallican-montbrison.fr\/wp\/#\/schema\/person\/fc5571a40f7c79de2fb1b0cf72c089a4"},"breadcrumb":{"@id":"https:\/\/gallican-montbrison.fr\/wp\/?p=3538#breadcrumb"},"inLanguage":"fr-FR","potentialAction":[{"@type":"ReadAction","target":["https:\/\/gallican-montbrison.fr\/wp\/?p=3538"]}]},{"@type":"ImageObject","inLanguage":"fr-FR","@id":"https:\/\/gallican-montbrison.fr\/wp\/?p=3538#primaryimage","url":"https:\/\/gallican-montbrison.fr\/wp\/wp-content\/uploads\/2014\/08\/assomption.jpg","contentUrl":"https:\/\/gallican-montbrison.fr\/wp\/wp-content\/uploads\/2014\/08\/assomption.jpg","width":310,"height":408},{"@type":"BreadcrumbList","@id":"https:\/\/gallican-montbrison.fr\/wp\/?p=3538#breadcrumb","itemListElement":[{"@type":"ListItem","position":1,"name":"Accueil","item":"https:\/\/gallican-montbrison.fr\/wp"},{"@type":"ListItem","position":2,"name":"15 Ao\u00fbt : Assomption de Marie, M\u00e8re de Dieu"}]},{"@type":"WebSite","@id":"https:\/\/gallican-montbrison.fr\/wp\/#website","url":"https:\/\/gallican-montbrison.fr\/wp\/","name":"Chapelle Saint Michel Archange Montbrison","description":"Eglise Gallicane, Tradition Apostolique de Gazinet","potentialAction":[{"@type":"SearchAction","target":{"@type":"EntryPoint","urlTemplate":"https:\/\/gallican-montbrison.fr\/wp\/?s={search_term_string}"},"query-input":{"@type":"PropertyValueSpecification","valueRequired":true,"valueName":"search_term_string"}}],"inLanguage":"fr-FR"},{"@type":"Person","@id":"https:\/\/gallican-montbrison.fr\/wp\/#\/schema\/person\/fc5571a40f7c79de2fb1b0cf72c089a4","name":"Colette","url":"https:\/\/gallican-montbrison.fr\/wp\/?author=3"}]}},"_links":{"self":[{"href":"https:\/\/gallican-montbrison.fr\/wp\/index.php?rest_route=\/wp\/v2\/posts\/3538"}],"collection":[{"href":"https:\/\/gallican-montbrison.fr\/wp\/index.php?rest_route=\/wp\/v2\/posts"}],"about":[{"href":"https:\/\/gallican-montbrison.fr\/wp\/index.php?rest_route=\/wp\/v2\/types\/post"}],"author":[{"embeddable":true,"href":"https:\/\/gallican-montbrison.fr\/wp\/index.php?rest_route=\/wp\/v2\/users\/3"}],"replies":[{"embeddable":true,"href":"https:\/\/gallican-montbrison.fr\/wp\/index.php?rest_route=%2Fwp%2Fv2%2Fcomments&post=3538"}],"version-history":[{"count":5,"href":"https:\/\/gallican-montbrison.fr\/wp\/index.php?rest_route=\/wp\/v2\/posts\/3538\/revisions"}],"predecessor-version":[{"id":3547,"href":"https:\/\/gallican-montbrison.fr\/wp\/index.php?rest_route=\/wp\/v2\/posts\/3538\/revisions\/3547"}],"wp:attachment":[{"href":"https:\/\/gallican-montbrison.fr\/wp\/index.php?rest_route=%2Fwp%2Fv2%2Fmedia&parent=3538"}],"wp:term":[{"taxonomy":"category","embeddable":true,"href":"https:\/\/gallican-montbrison.fr\/wp\/index.php?rest_route=%2Fwp%2Fv2%2Fcategories&post=3538"},{"taxonomy":"post_tag","embeddable":true,"href":"https:\/\/gallican-montbrison.fr\/wp\/index.php?rest_route=%2Fwp%2Fv2%2Ftags&post=3538"}],"curies":[{"name":"wp","href":"https:\/\/api.w.org\/{rel}","templated":true}]}}