{"id":3548,"date":"2014-08-25T19:16:40","date_gmt":"2014-08-25T17:16:40","guid":{"rendered":"http:\/\/gallican-montbrison.fr\/wp\/?p=3548"},"modified":"2014-09-05T14:29:28","modified_gmt":"2014-09-05T12:29:28","slug":"celebration-il-fait-entendre-les-sourds-et-parler-les-muets","status":"publish","type":"post","link":"https:\/\/gallican-montbrison.fr\/wp\/?p=3548","title":{"rendered":"C\u00e9l\u00e9bration : \u00a0\u00bb Il fait entendre les sourds et parler les muets ! \u00ab\u00a0"},"content":{"rendered":"<p><strong><span style=\"color: #ff6600;\">Ecoute Mp3 :\u00a0<a href=\"http:\/\/gallican-montbrison.fr\/wp\/wp-content\/uploads\/2014\/08\/Home\u0301lie-11e-dim-apre\u0300s-Penteco\u0302te.mp3\">hom\u00e9lie 11e Dim Apr\u00e8s Pentec\u00f4te <\/a><a href=\"http:\/\/gallican-montbrison.fr\/wp\/wp-content\/uploads\/2014\/08\/sourd-muet.jpg\"><img loading=\"lazy\" decoding=\"async\" class=\"alignleft size-thumbnail wp-image-3550\" src=\"http:\/\/gallican-montbrison.fr\/wp\/wp-content\/uploads\/2014\/08\/sourd-muet-150x150.jpg\" alt=\"sourd muet\" width=\"150\" height=\"150\" \/><\/a><\/span><\/strong><\/p>\n<p><strong><span style=\"color: #993366;\">Ep\u00eetre: St Paul aux Corinthiens, 1 Cor 15,1-10<\/span><\/strong><\/p>\n<p><span style=\"color: #993366;\">Fr\u00e8res, je d\u00e9sire vous rappeler maintenant la Bonne Nouvelle que je vous ai annonc\u00e9e, que vous avez re\u00e7ue et \u00e0 laquelle vous \u00eates fermement attach\u00e9s. C&rsquo;est par elle que vous \u00eates sauv\u00e9s, si vous la retenez telle que je vous l&rsquo;ai annonc\u00e9e\u00a0; autrement, vous auriez cru inutilement.<\/span><\/p>\n<p><span style=\"color: #993366;\">Je vous ai transmis avant tout cet enseignement que j&rsquo;ai re\u00e7u moi-m\u00eame\u00a0: le Christ est mort pour nos p\u00e9ch\u00e9s, comme l&rsquo;avaient annonc\u00e9 les \u00c9critures\u00a0;\u00a0 il a \u00e9t\u00e9 mis au tombeau et il est revenu \u00e0 la vie le troisi\u00e8me jour, comme l&rsquo;avaient annonc\u00e9 les \u00c9critures\u00a0; il est apparu \u00e0 Pierre, puis aux douze ap\u00f4tres. Ensuite, il est apparu \u00e0 plus de cinq cents de ses disciples \u00e0 la fois \u2014 la plupart d&rsquo;entre eux sont encore vivants, mais quelques-uns sont morts. Ensuite, il est apparu \u00e0 Jacques, puis \u00e0 tous les ap\u00f4tres.<\/span><\/p>\n<p><span style=\"color: #993366;\">Enfin, apr\u00e8s eux tous, il m&rsquo;est aussi apparu \u00e0 moi, bien que je sois pareil \u00e0 un \u00eatre n\u00e9 avant terme. Je suis en effet le moindre des ap\u00f4tres \u2014 \u00e0 vrai dire, je ne m\u00e9rite m\u00eame pas d&rsquo;\u00eatre appel\u00e9 ap\u00f4tre \u2014, car j&rsquo;ai pers\u00e9cut\u00e9 l&rsquo;\u00c9glise de Dieu. Mais par la gr\u00e2ce de Dieu je suis ce que je suis, et la gr\u00e2ce qu&rsquo;il m&rsquo;a accord\u00e9e n&rsquo;a pas \u00e9t\u00e9 inefficace\u00a0: au contraire, j&rsquo;ai travaill\u00e9 plus que tous les autres ap\u00f4tres, non pas moi, en r\u00e9alit\u00e9; mais la gr\u00e2ce de Dieu qui agit en moi.<\/span><\/p>\n<p>&nbsp;<\/p>\n<p><strong><span style=\"color: #993366;\">Evangile : St Marc 7, 31-37<\/span><\/strong><\/p>\n<p><span style=\"color: #993366;\">J\u00e9sus quitta ensuite le territoire de Tyr, passa par Sidon et revint vers le lac de Galil\u00e9e \u00e0 travers le territoire des Dix Villes. On lui amena un homme qui \u00e9tait sourd et avait de la peine \u00e0 parler, et on le supplia de poser la main sur lui. Alors J\u00e9sus l&#8217;emmena seul avec lui, loin de la foule\u00a0; il mit ses doigts dans les oreilles de l&rsquo;homme et lui toucha la langue avec sa propre salive. Puis il leva les yeux vers le ciel, soupira et dit \u00e0 l&rsquo;homme\u00a0: \u00ab\u00a0 <i>Effata !<\/i>\u00a0\u00bb\u00a0 ce qui signifie \u00ab\u00a0Ouvre-toi\u00a0!\u00a0\u00bb . <\/span><\/p>\n<p><span style=\"color: #993366;\">Aussit\u00f4t, les oreilles de l&rsquo;homme s&rsquo;ouvrirent, sa langue fut lib\u00e9r\u00e9e et il se mit \u00e0 parler normalement.\u00a0 J\u00e9sus recommanda \u00e0 tous de n&rsquo;en parler \u00e0 personne\u00a0; mais plus il le leur recommandait, plus ils r\u00e9pandaient la nouvelle. Et les gens \u00e9taient impressionn\u00e9s au plus haut point\u00a0; ils disaient\u00a0: \u00ab\u00a0Tout ce qu&rsquo;il fait est vraiment bien\u00a0! Il fait m\u00eame entendre les sourds et parler les muets\u00a0!\u00a0\u00bb<\/span><\/p>\n<p>&nbsp;<\/p>\n","protected":false},"excerpt":{"rendered":"<p>Ecoute Mp3 :\u00a0hom\u00e9lie 11e Dim Apr\u00e8s Pentec\u00f4te Ep\u00eetre: St Paul aux Corinthiens, 1 Cor 15,1-10 Fr\u00e8res, je d\u00e9sire vous rappeler maintenant la Bonne Nouvelle que je vous ai annonc\u00e9e, que vous avez re\u00e7ue et \u00e0 laquelle vous \u00eates fermement attach\u00e9s. &hellip; <a href=\"https:\/\/gallican-montbrison.fr\/wp\/?p=3548\">Continuer la lecture <span class=\"meta-nav\">&rarr;<\/span><\/a><\/p>\n","protected":false},"author":3,"featured_media":0,"comment_status":"closed","ping_status":"open","sticky":false,"template":"","format":"standard","meta":{"footnotes":""},"categories":[4],"tags":[26,227,181,182,231,229,52,196,185,228,87,6,226,174,84,180,230,44,225,232],"class_list":["post-3548","post","type-post","status-publish","format-standard","hentry","category-homelies","tag-chapelle","tag-disciples","tag-divorce","tag-divorces","tag-ecritures","tag-enseignement","tag-evangile","tag-freres","tag-homelie","tag-homelies-2","tag-mariage","tag-messe","tag-muets","tag-peches","tag-pentecote","tag-remariage","tag-sauver","tag-seigneur","tag-sourds","tag-tombeau"],"yoast_head":"<!-- This site is optimized with the Yoast SEO plugin v25.6 - https:\/\/yoast.com\/wordpress\/plugins\/seo\/ -->\n<title>C\u00e9l\u00e9bration : &quot; Il fait entendre les sourds et parler les muets ! &quot; - Chapelle Saint Michel Archange Montbrison<\/title>\n<meta name=\"robots\" content=\"index, follow, max-snippet:-1, max-image-preview:large, max-video-preview:-1\" \/>\n<link rel=\"canonical\" href=\"https:\/\/gallican-montbrison.fr\/wp\/?p=3548\" \/>\n<meta property=\"og:locale\" content=\"fr_FR\" \/>\n<meta property=\"og:type\" content=\"article\" \/>\n<meta property=\"og:title\" content=\"C\u00e9l\u00e9bration : &quot; Il fait entendre les sourds et parler les muets ! &quot; - Chapelle Saint Michel Archange Montbrison\" \/>\n<meta property=\"og:description\" content=\"Ecoute Mp3 :\u00a0hom\u00e9lie 11e Dim Apr\u00e8s Pentec\u00f4te Ep\u00eetre: St Paul aux Corinthiens, 1 Cor 15,1-10 Fr\u00e8res, je d\u00e9sire vous rappeler maintenant la Bonne Nouvelle que je vous ai annonc\u00e9e, que vous avez re\u00e7ue et \u00e0 laquelle vous \u00eates fermement attach\u00e9s. &hellip; Continuer la lecture &rarr;\" \/>\n<meta property=\"og:url\" content=\"https:\/\/gallican-montbrison.fr\/wp\/?p=3548\" \/>\n<meta property=\"og:site_name\" content=\"Chapelle Saint Michel Archange Montbrison\" \/>\n<meta property=\"article:publisher\" content=\"https:\/\/www.facebook.com\/people\/Eglise-Gallicane-Chapelle-Saint-Michel-Archange\/100064564306693\/\" \/>\n<meta property=\"article:published_time\" content=\"2014-08-25T17:16:40+00:00\" \/>\n<meta property=\"article:modified_time\" content=\"2014-09-05T12:29:28+00:00\" \/>\n<meta property=\"og:image\" content=\"http:\/\/gallican-montbrison.fr\/wp\/wp-content\/uploads\/2014\/08\/sourd-muet-150x150.jpg\" \/>\n<meta name=\"author\" content=\"Colette\" \/>\n<meta name=\"twitter:card\" content=\"summary_large_image\" \/>\n<meta name=\"twitter:label1\" content=\"\u00c9crit par\" \/>\n\t<meta name=\"twitter:data1\" content=\"Colette\" \/>\n\t<meta name=\"twitter:label2\" content=\"Dur\u00e9e de lecture estim\u00e9e\" \/>\n\t<meta name=\"twitter:data2\" content=\"2 minutes\" \/>\n<script type=\"application\/ld+json\" class=\"yoast-schema-graph\">{\"@context\":\"https:\/\/schema.org\",\"@graph\":[{\"@type\":\"WebPage\",\"@id\":\"https:\/\/gallican-montbrison.fr\/wp\/?p=3548\",\"url\":\"https:\/\/gallican-montbrison.fr\/wp\/?p=3548\",\"name\":\"C\u00e9l\u00e9bration : \\\" Il fait entendre les sourds et parler les muets ! \\\" - Chapelle Saint Michel Archange Montbrison\",\"isPartOf\":{\"@id\":\"https:\/\/gallican-montbrison.fr\/wp\/#website\"},\"primaryImageOfPage\":{\"@id\":\"https:\/\/gallican-montbrison.fr\/wp\/?p=3548#primaryimage\"},\"image\":{\"@id\":\"https:\/\/gallican-montbrison.fr\/wp\/?p=3548#primaryimage\"},\"thumbnailUrl\":\"http:\/\/gallican-montbrison.fr\/wp\/wp-content\/uploads\/2014\/08\/sourd-muet-150x150.jpg\",\"datePublished\":\"2014-08-25T17:16:40+00:00\",\"dateModified\":\"2014-09-05T12:29:28+00:00\",\"author\":{\"@id\":\"https:\/\/gallican-montbrison.fr\/wp\/#\/schema\/person\/fc5571a40f7c79de2fb1b0cf72c089a4\"},\"breadcrumb\":{\"@id\":\"https:\/\/gallican-montbrison.fr\/wp\/?p=3548#breadcrumb\"},\"inLanguage\":\"fr-FR\",\"potentialAction\":[{\"@type\":\"ReadAction\",\"target\":[\"https:\/\/gallican-montbrison.fr\/wp\/?p=3548\"]}]},{\"@type\":\"ImageObject\",\"inLanguage\":\"fr-FR\",\"@id\":\"https:\/\/gallican-montbrison.fr\/wp\/?p=3548#primaryimage\",\"url\":\"https:\/\/gallican-montbrison.fr\/wp\/wp-content\/uploads\/2014\/08\/sourd-muet.jpg\",\"contentUrl\":\"https:\/\/gallican-montbrison.fr\/wp\/wp-content\/uploads\/2014\/08\/sourd-muet.jpg\",\"width\":295,\"height\":391},{\"@type\":\"BreadcrumbList\",\"@id\":\"https:\/\/gallican-montbrison.fr\/wp\/?p=3548#breadcrumb\",\"itemListElement\":[{\"@type\":\"ListItem\",\"position\":1,\"name\":\"Accueil\",\"item\":\"https:\/\/gallican-montbrison.fr\/wp\"},{\"@type\":\"ListItem\",\"position\":2,\"name\":\"C\u00e9l\u00e9bration : \u00a0\u00bb Il fait entendre les sourds et parler les muets ! \u00ab\u00a0\"}]},{\"@type\":\"WebSite\",\"@id\":\"https:\/\/gallican-montbrison.fr\/wp\/#website\",\"url\":\"https:\/\/gallican-montbrison.fr\/wp\/\",\"name\":\"Chapelle Saint Michel Archange Montbrison\",\"description\":\"Eglise Gallicane, Tradition Apostolique de Gazinet\",\"potentialAction\":[{\"@type\":\"SearchAction\",\"target\":{\"@type\":\"EntryPoint\",\"urlTemplate\":\"https:\/\/gallican-montbrison.fr\/wp\/?s={search_term_string}\"},\"query-input\":{\"@type\":\"PropertyValueSpecification\",\"valueRequired\":true,\"valueName\":\"search_term_string\"}}],\"inLanguage\":\"fr-FR\"},{\"@type\":\"Person\",\"@id\":\"https:\/\/gallican-montbrison.fr\/wp\/#\/schema\/person\/fc5571a40f7c79de2fb1b0cf72c089a4\",\"name\":\"Colette\",\"url\":\"https:\/\/gallican-montbrison.fr\/wp\/?author=3\"}]}<\/script>\n<!-- \/ Yoast SEO plugin. -->","yoast_head_json":{"title":"C\u00e9l\u00e9bration : \" Il fait entendre les sourds et parler les muets ! \" - Chapelle Saint Michel Archange Montbrison","robots":{"index":"index","follow":"follow","max-snippet":"max-snippet:-1","max-image-preview":"max-image-preview:large","max-video-preview":"max-video-preview:-1"},"canonical":"https:\/\/gallican-montbrison.fr\/wp\/?p=3548","og_locale":"fr_FR","og_type":"article","og_title":"C\u00e9l\u00e9bration : \" Il fait entendre les sourds et parler les muets ! \" - Chapelle Saint Michel Archange Montbrison","og_description":"Ecoute Mp3 :\u00a0hom\u00e9lie 11e Dim Apr\u00e8s Pentec\u00f4te Ep\u00eetre: St Paul aux Corinthiens, 1 Cor 15,1-10 Fr\u00e8res, je d\u00e9sire vous rappeler maintenant la Bonne Nouvelle que je vous ai annonc\u00e9e, que vous avez re\u00e7ue et \u00e0 laquelle vous \u00eates fermement attach\u00e9s. &hellip; Continuer la lecture &rarr;","og_url":"https:\/\/gallican-montbrison.fr\/wp\/?p=3548","og_site_name":"Chapelle Saint Michel Archange Montbrison","article_publisher":"https:\/\/www.facebook.com\/people\/Eglise-Gallicane-Chapelle-Saint-Michel-Archange\/100064564306693\/","article_published_time":"2014-08-25T17:16:40+00:00","article_modified_time":"2014-09-05T12:29:28+00:00","og_image":[{"url":"http:\/\/gallican-montbrison.fr\/wp\/wp-content\/uploads\/2014\/08\/sourd-muet-150x150.jpg","type":"","width":"","height":""}],"author":"Colette","twitter_card":"summary_large_image","twitter_misc":{"\u00c9crit par":"Colette","Dur\u00e9e de lecture estim\u00e9e":"2 minutes"},"schema":{"@context":"https:\/\/schema.org","@graph":[{"@type":"WebPage","@id":"https:\/\/gallican-montbrison.fr\/wp\/?p=3548","url":"https:\/\/gallican-montbrison.fr\/wp\/?p=3548","name":"C\u00e9l\u00e9bration : \" Il fait entendre les sourds et parler les muets ! \" - Chapelle Saint Michel Archange Montbrison","isPartOf":{"@id":"https:\/\/gallican-montbrison.fr\/wp\/#website"},"primaryImageOfPage":{"@id":"https:\/\/gallican-montbrison.fr\/wp\/?p=3548#primaryimage"},"image":{"@id":"https:\/\/gallican-montbrison.fr\/wp\/?p=3548#primaryimage"},"thumbnailUrl":"http:\/\/gallican-montbrison.fr\/wp\/wp-content\/uploads\/2014\/08\/sourd-muet-150x150.jpg","datePublished":"2014-08-25T17:16:40+00:00","dateModified":"2014-09-05T12:29:28+00:00","author":{"@id":"https:\/\/gallican-montbrison.fr\/wp\/#\/schema\/person\/fc5571a40f7c79de2fb1b0cf72c089a4"},"breadcrumb":{"@id":"https:\/\/gallican-montbrison.fr\/wp\/?p=3548#breadcrumb"},"inLanguage":"fr-FR","potentialAction":[{"@type":"ReadAction","target":["https:\/\/gallican-montbrison.fr\/wp\/?p=3548"]}]},{"@type":"ImageObject","inLanguage":"fr-FR","@id":"https:\/\/gallican-montbrison.fr\/wp\/?p=3548#primaryimage","url":"https:\/\/gallican-montbrison.fr\/wp\/wp-content\/uploads\/2014\/08\/sourd-muet.jpg","contentUrl":"https:\/\/gallican-montbrison.fr\/wp\/wp-content\/uploads\/2014\/08\/sourd-muet.jpg","width":295,"height":391},{"@type":"BreadcrumbList","@id":"https:\/\/gallican-montbrison.fr\/wp\/?p=3548#breadcrumb","itemListElement":[{"@type":"ListItem","position":1,"name":"Accueil","item":"https:\/\/gallican-montbrison.fr\/wp"},{"@type":"ListItem","position":2,"name":"C\u00e9l\u00e9bration : \u00a0\u00bb Il fait entendre les sourds et parler les muets ! \u00ab\u00a0"}]},{"@type":"WebSite","@id":"https:\/\/gallican-montbrison.fr\/wp\/#website","url":"https:\/\/gallican-montbrison.fr\/wp\/","name":"Chapelle Saint Michel Archange Montbrison","description":"Eglise Gallicane, Tradition Apostolique de Gazinet","potentialAction":[{"@type":"SearchAction","target":{"@type":"EntryPoint","urlTemplate":"https:\/\/gallican-montbrison.fr\/wp\/?s={search_term_string}"},"query-input":{"@type":"PropertyValueSpecification","valueRequired":true,"valueName":"search_term_string"}}],"inLanguage":"fr-FR"},{"@type":"Person","@id":"https:\/\/gallican-montbrison.fr\/wp\/#\/schema\/person\/fc5571a40f7c79de2fb1b0cf72c089a4","name":"Colette","url":"https:\/\/gallican-montbrison.fr\/wp\/?author=3"}]}},"_links":{"self":[{"href":"https:\/\/gallican-montbrison.fr\/wp\/index.php?rest_route=\/wp\/v2\/posts\/3548"}],"collection":[{"href":"https:\/\/gallican-montbrison.fr\/wp\/index.php?rest_route=\/wp\/v2\/posts"}],"about":[{"href":"https:\/\/gallican-montbrison.fr\/wp\/index.php?rest_route=\/wp\/v2\/types\/post"}],"author":[{"embeddable":true,"href":"https:\/\/gallican-montbrison.fr\/wp\/index.php?rest_route=\/wp\/v2\/users\/3"}],"replies":[{"embeddable":true,"href":"https:\/\/gallican-montbrison.fr\/wp\/index.php?rest_route=%2Fwp%2Fv2%2Fcomments&post=3548"}],"version-history":[{"count":2,"href":"https:\/\/gallican-montbrison.fr\/wp\/index.php?rest_route=\/wp\/v2\/posts\/3548\/revisions"}],"predecessor-version":[{"id":3551,"href":"https:\/\/gallican-montbrison.fr\/wp\/index.php?rest_route=\/wp\/v2\/posts\/3548\/revisions\/3551"}],"wp:attachment":[{"href":"https:\/\/gallican-montbrison.fr\/wp\/index.php?rest_route=%2Fwp%2Fv2%2Fmedia&parent=3548"}],"wp:term":[{"taxonomy":"category","embeddable":true,"href":"https:\/\/gallican-montbrison.fr\/wp\/index.php?rest_route=%2Fwp%2Fv2%2Fcategories&post=3548"},{"taxonomy":"post_tag","embeddable":true,"href":"https:\/\/gallican-montbrison.fr\/wp\/index.php?rest_route=%2Fwp%2Fv2%2Ftags&post=3548"}],"curies":[{"name":"wp","href":"https:\/\/api.w.org\/{rel}","templated":true}]}}