{"id":3553,"date":"2014-09-07T21:44:51","date_gmt":"2014-09-07T19:44:51","guid":{"rendered":"http:\/\/gallican-montbrison.fr\/wp\/?p=3553"},"modified":"2015-08-31T15:24:18","modified_gmt":"2015-08-31T13:24:18","slug":"celebration-les-10-lepreux-gueris","status":"publish","type":"post","link":"https:\/\/gallican-montbrison.fr\/wp\/?p=3553","title":{"rendered":"C\u00e9l\u00e9bration \u00ab\u00a0gu\u00e9rison des 10 l\u00e9preux\u00a0\u00bb"},"content":{"rendered":"<p><strong><span style=\"color: #ff6600;\"><a href=\"http:\/\/gallican-montbrison.fr\/wp\/wp-content\/uploads\/2014\/09\/les-dix-lepreux-1-1.jpg\"><img loading=\"lazy\" decoding=\"async\" class=\"size-full wp-image-3556 aligncenter\" src=\"http:\/\/gallican-montbrison.fr\/wp\/wp-content\/uploads\/2014\/09\/les-dix-lepreux-1-1.jpg\" alt=\"les-dix-lepreux-1-1\" width=\"393\" height=\"242\" srcset=\"https:\/\/gallican-montbrison.fr\/wp\/wp-content\/uploads\/2014\/09\/les-dix-lepreux-1-1.jpg 393w, https:\/\/gallican-montbrison.fr\/wp\/wp-content\/uploads\/2014\/09\/les-dix-lepreux-1-1-300x184.jpg 300w\" sizes=\"(max-width: 393px) 100vw, 393px\" \/><\/a><\/span><\/strong><\/p>\n<p><strong><span style=\"color: #993366;\">Ep\u00eetre: St Paul aux Galates, 3,16-22<\/span><\/strong><\/p>\n<p><span style=\"color: #993366;\">Eh bien, Dieu a fait ses promesses \u00e0 Abraham et \u00e0 son descendant. L&rsquo;\u00c9criture ne d\u00e9clare pas\u00a0: \u00ab\u00a0et \u00e0 ses descendants\u00a0\u00bb, comme s&rsquo;il s&rsquo;agissait de nombreuses personnes\u00a0; elle d\u00e9clare\u00a0: \u00ab\u00a0et \u00e0 ton descendant \u00bb, en indiquant par l\u00e0 une seule personne, qui est le Christ. Voici ce que je veux dire\u00a0: Dieu avait \u00e9tabli un testament et avait promis de le maintenir. La loi, qui est survenue quatre cent trente ans plus tard, ne peut pas annuler ce testament et supprimer la promesse de Dieu. Mais si l&rsquo;h\u00e9ritage que Dieu accorde s&rsquo;obtient par la loi, alors ce n&rsquo;est plus gr\u00e2ce \u00e0 la promesse. Or, c&rsquo;est par la promesse que Dieu a manifest\u00e9 sa faveur \u00e0 Abraham.<\/span><\/p>\n<p><span style=\"color: #993366;\">Quel a donc \u00e9t\u00e9 le r\u00f4le de la loi\u00a0? Elle a \u00e9t\u00e9 ajout\u00e9e pour faire conna\u00eetre les actions contraires \u00e0 la volont\u00e9 de Dieu, et cela jusqu&rsquo;\u00e0 ce que vienne le descendant d&rsquo;Abraham pour qui la promesse avait \u00e9t\u00e9 faite. Cette loi a \u00e9t\u00e9 promulgu\u00e9e par des anges qui se sont servis d&rsquo;un interm\u00e9diaire. Mais un interm\u00e9diaire est inutile quand une seule personne est en cause, et Dieu seul est en cause.<\/span><\/p>\n<p><span style=\"color: #993366;\">Cela signifie-t-il que la loi est contraire aux promesses de Dieu\u00a0? Certainement pas\u00a0! Si une loi avait \u00e9t\u00e9 donn\u00e9e qui puisse procurer la vraie vie aux hommes, alors l&rsquo;homme pourrait \u00eatre rendu juste aux yeux de Dieu par le moyen de la loi. Mais l&rsquo;\u00c9criture a d\u00e9clar\u00e9 que le monde entier est soumis \u00e0 la puissance du p\u00e9ch\u00e9, afin que le don promis par Dieu soit accord\u00e9 aux croyants, en raison de leur foi en J\u00e9sus-Christ.<\/span><\/p>\n<p>&nbsp;<\/p>\n<p><strong><span style=\"color: #993366;\">Evangile : St Luc 17, 11-19<\/span><\/strong><\/p>\n<p><span style=\"color: #993366;\">Tandis que J\u00e9sus faisait route vers J\u00e9rusalem, il passa le long de la fronti\u00e8re qui s\u00e9pare la Samarie et la Galil\u00e9e. Il entrait dans un village quand dix l\u00e9preux vinrent \u00e0 sa rencontre. Ils se tinrent \u00e0 distance et se mirent \u00e0 crier\u00a0: \u00ab\u00a0J\u00e9sus, Ma\u00eetre, aie piti\u00e9 de nous\u00a0!\u00a0\u00bb J\u00e9sus les vit et leur dit\u00a0: \u00ab\u00a0Allez vous faire examiner par les pr\u00eatres.\u00a0\u00bb Pendant qu&rsquo;ils y allaient, ils furent gu\u00e9ris. L&rsquo;un d&rsquo;entre eux, quand il vit qu&rsquo;il \u00e9tait gu\u00e9ri, revint sur ses pas en louant Dieu \u00e0 haute voix. Il se jeta aux pieds de J\u00e9sus, le visage contre terre, et le remercia. Cet homme \u00e9tait Samaritain. J\u00e9sus dit alors\u00a0: \u00ab\u00a0Tous les dix ont \u00e9t\u00e9 gu\u00e9ris, n&rsquo;est-ce pas\u00a0? O\u00f9 sont les neuf autres\u00a0? Personne n&rsquo;a-t-il pens\u00e9 \u00e0 revenir pour remercier Dieu, sinon cet \u00e9tranger\u00a0?\u00a0\u00bb Puis J\u00e9sus lui dit\u00a0: \u00ab\u00a0Rel\u00e8ve-toi et va\u00a0; ta foi t&rsquo;a sauv\u00e9.\u00a0\u00bb<\/span><\/p>\n<p>&nbsp;<\/p>\n","protected":false},"excerpt":{"rendered":"<p>Ep\u00eetre: St Paul aux Galates, 3,16-22 Eh bien, Dieu a fait ses promesses \u00e0 Abraham et \u00e0 son descendant. L&rsquo;\u00c9criture ne d\u00e9clare pas\u00a0: \u00ab\u00a0et \u00e0 ses descendants\u00a0\u00bb, comme s&rsquo;il s&rsquo;agissait de nombreuses personnes\u00a0; elle d\u00e9clare\u00a0: \u00ab\u00a0et \u00e0 ton descendant \u00bb, &hellip; <a href=\"https:\/\/gallican-montbrison.fr\/wp\/?p=3553\">Continuer la lecture <span class=\"meta-nav\">&rarr;<\/span><\/a><\/p>\n","protected":false},"author":3,"featured_media":0,"comment_status":"closed","ping_status":"open","sticky":false,"template":"","format":"standard","meta":{"footnotes":""},"categories":[4],"tags":[100,88,27,26,46,24,70,138,98,52,87,187,6,50,17,180],"class_list":["post-3553","post","type-post","status-publish","format-standard","hentry","category-homelies","tag-bapteme","tag-benediction","tag-celebration","tag-chapelle","tag-christ","tag-dieu","tag-eglise","tag-eglise-gallicane","tag-eucharistie","tag-evangile","tag-mariage","tag-mariage-divorces","tag-messe","tag-montbrison","tag-oecumenisme-2","tag-remariage"],"yoast_head":"<!-- This site is optimized with the Yoast SEO plugin v25.6 - https:\/\/yoast.com\/wordpress\/plugins\/seo\/ -->\n<title>C\u00e9l\u00e9bration &quot;gu\u00e9rison des 10 l\u00e9preux&quot; - Chapelle Saint Michel Archange Montbrison<\/title>\n<meta name=\"robots\" content=\"index, follow, max-snippet:-1, max-image-preview:large, max-video-preview:-1\" \/>\n<link rel=\"canonical\" href=\"https:\/\/gallican-montbrison.fr\/wp\/?p=3553\" \/>\n<meta property=\"og:locale\" content=\"fr_FR\" \/>\n<meta property=\"og:type\" content=\"article\" \/>\n<meta property=\"og:title\" content=\"C\u00e9l\u00e9bration &quot;gu\u00e9rison des 10 l\u00e9preux&quot; - Chapelle Saint Michel Archange Montbrison\" \/>\n<meta property=\"og:description\" content=\"Ep\u00eetre: St Paul aux Galates, 3,16-22 Eh bien, Dieu a fait ses promesses \u00e0 Abraham et \u00e0 son descendant. L&rsquo;\u00c9criture ne d\u00e9clare pas\u00a0: \u00ab\u00a0et \u00e0 ses descendants\u00a0\u00bb, comme s&rsquo;il s&rsquo;agissait de nombreuses personnes\u00a0; elle d\u00e9clare\u00a0: \u00ab\u00a0et \u00e0 ton descendant \u00bb, &hellip; Continuer la lecture &rarr;\" \/>\n<meta property=\"og:url\" content=\"https:\/\/gallican-montbrison.fr\/wp\/?p=3553\" \/>\n<meta property=\"og:site_name\" content=\"Chapelle Saint Michel Archange Montbrison\" \/>\n<meta property=\"article:publisher\" content=\"https:\/\/www.facebook.com\/people\/Eglise-Gallicane-Chapelle-Saint-Michel-Archange\/100064564306693\/\" \/>\n<meta property=\"article:published_time\" content=\"2014-09-07T19:44:51+00:00\" \/>\n<meta property=\"article:modified_time\" content=\"2015-08-31T13:24:18+00:00\" \/>\n<meta property=\"og:image\" content=\"http:\/\/gallican-montbrison.fr\/wp\/wp-content\/uploads\/2014\/09\/les-dix-lepreux-1-1.jpg\" \/>\n<meta name=\"author\" content=\"Colette\" \/>\n<meta name=\"twitter:card\" content=\"summary_large_image\" \/>\n<meta name=\"twitter:label1\" content=\"\u00c9crit par\" \/>\n\t<meta name=\"twitter:data1\" content=\"Colette\" \/>\n\t<meta name=\"twitter:label2\" content=\"Dur\u00e9e de lecture estim\u00e9e\" \/>\n\t<meta name=\"twitter:data2\" content=\"2 minutes\" \/>\n<script type=\"application\/ld+json\" class=\"yoast-schema-graph\">{\"@context\":\"https:\/\/schema.org\",\"@graph\":[{\"@type\":\"WebPage\",\"@id\":\"https:\/\/gallican-montbrison.fr\/wp\/?p=3553\",\"url\":\"https:\/\/gallican-montbrison.fr\/wp\/?p=3553\",\"name\":\"C\u00e9l\u00e9bration \\\"gu\u00e9rison des 10 l\u00e9preux\\\" - Chapelle Saint Michel Archange Montbrison\",\"isPartOf\":{\"@id\":\"https:\/\/gallican-montbrison.fr\/wp\/#website\"},\"primaryImageOfPage\":{\"@id\":\"https:\/\/gallican-montbrison.fr\/wp\/?p=3553#primaryimage\"},\"image\":{\"@id\":\"https:\/\/gallican-montbrison.fr\/wp\/?p=3553#primaryimage\"},\"thumbnailUrl\":\"http:\/\/gallican-montbrison.fr\/wp\/wp-content\/uploads\/2014\/09\/les-dix-lepreux-1-1.jpg\",\"datePublished\":\"2014-09-07T19:44:51+00:00\",\"dateModified\":\"2015-08-31T13:24:18+00:00\",\"author\":{\"@id\":\"https:\/\/gallican-montbrison.fr\/wp\/#\/schema\/person\/fc5571a40f7c79de2fb1b0cf72c089a4\"},\"breadcrumb\":{\"@id\":\"https:\/\/gallican-montbrison.fr\/wp\/?p=3553#breadcrumb\"},\"inLanguage\":\"fr-FR\",\"potentialAction\":[{\"@type\":\"ReadAction\",\"target\":[\"https:\/\/gallican-montbrison.fr\/wp\/?p=3553\"]}]},{\"@type\":\"ImageObject\",\"inLanguage\":\"fr-FR\",\"@id\":\"https:\/\/gallican-montbrison.fr\/wp\/?p=3553#primaryimage\",\"url\":\"http:\/\/gallican-montbrison.fr\/wp\/wp-content\/uploads\/2014\/09\/les-dix-lepreux-1-1.jpg\",\"contentUrl\":\"http:\/\/gallican-montbrison.fr\/wp\/wp-content\/uploads\/2014\/09\/les-dix-lepreux-1-1.jpg\"},{\"@type\":\"BreadcrumbList\",\"@id\":\"https:\/\/gallican-montbrison.fr\/wp\/?p=3553#breadcrumb\",\"itemListElement\":[{\"@type\":\"ListItem\",\"position\":1,\"name\":\"Accueil\",\"item\":\"https:\/\/gallican-montbrison.fr\/wp\"},{\"@type\":\"ListItem\",\"position\":2,\"name\":\"C\u00e9l\u00e9bration \u00ab\u00a0gu\u00e9rison des 10 l\u00e9preux\u00a0\u00bb\"}]},{\"@type\":\"WebSite\",\"@id\":\"https:\/\/gallican-montbrison.fr\/wp\/#website\",\"url\":\"https:\/\/gallican-montbrison.fr\/wp\/\",\"name\":\"Chapelle Saint Michel Archange Montbrison\",\"description\":\"Eglise Gallicane, Tradition Apostolique de Gazinet\",\"potentialAction\":[{\"@type\":\"SearchAction\",\"target\":{\"@type\":\"EntryPoint\",\"urlTemplate\":\"https:\/\/gallican-montbrison.fr\/wp\/?s={search_term_string}\"},\"query-input\":{\"@type\":\"PropertyValueSpecification\",\"valueRequired\":true,\"valueName\":\"search_term_string\"}}],\"inLanguage\":\"fr-FR\"},{\"@type\":\"Person\",\"@id\":\"https:\/\/gallican-montbrison.fr\/wp\/#\/schema\/person\/fc5571a40f7c79de2fb1b0cf72c089a4\",\"name\":\"Colette\",\"url\":\"https:\/\/gallican-montbrison.fr\/wp\/?author=3\"}]}<\/script>\n<!-- \/ Yoast SEO plugin. -->","yoast_head_json":{"title":"C\u00e9l\u00e9bration \"gu\u00e9rison des 10 l\u00e9preux\" - Chapelle Saint Michel Archange Montbrison","robots":{"index":"index","follow":"follow","max-snippet":"max-snippet:-1","max-image-preview":"max-image-preview:large","max-video-preview":"max-video-preview:-1"},"canonical":"https:\/\/gallican-montbrison.fr\/wp\/?p=3553","og_locale":"fr_FR","og_type":"article","og_title":"C\u00e9l\u00e9bration \"gu\u00e9rison des 10 l\u00e9preux\" - Chapelle Saint Michel Archange Montbrison","og_description":"Ep\u00eetre: St Paul aux Galates, 3,16-22 Eh bien, Dieu a fait ses promesses \u00e0 Abraham et \u00e0 son descendant. L&rsquo;\u00c9criture ne d\u00e9clare pas\u00a0: \u00ab\u00a0et \u00e0 ses descendants\u00a0\u00bb, comme s&rsquo;il s&rsquo;agissait de nombreuses personnes\u00a0; elle d\u00e9clare\u00a0: \u00ab\u00a0et \u00e0 ton descendant \u00bb, &hellip; Continuer la lecture &rarr;","og_url":"https:\/\/gallican-montbrison.fr\/wp\/?p=3553","og_site_name":"Chapelle Saint Michel Archange Montbrison","article_publisher":"https:\/\/www.facebook.com\/people\/Eglise-Gallicane-Chapelle-Saint-Michel-Archange\/100064564306693\/","article_published_time":"2014-09-07T19:44:51+00:00","article_modified_time":"2015-08-31T13:24:18+00:00","og_image":[{"url":"http:\/\/gallican-montbrison.fr\/wp\/wp-content\/uploads\/2014\/09\/les-dix-lepreux-1-1.jpg","type":"","width":"","height":""}],"author":"Colette","twitter_card":"summary_large_image","twitter_misc":{"\u00c9crit par":"Colette","Dur\u00e9e de lecture estim\u00e9e":"2 minutes"},"schema":{"@context":"https:\/\/schema.org","@graph":[{"@type":"WebPage","@id":"https:\/\/gallican-montbrison.fr\/wp\/?p=3553","url":"https:\/\/gallican-montbrison.fr\/wp\/?p=3553","name":"C\u00e9l\u00e9bration \"gu\u00e9rison des 10 l\u00e9preux\" - Chapelle Saint Michel Archange Montbrison","isPartOf":{"@id":"https:\/\/gallican-montbrison.fr\/wp\/#website"},"primaryImageOfPage":{"@id":"https:\/\/gallican-montbrison.fr\/wp\/?p=3553#primaryimage"},"image":{"@id":"https:\/\/gallican-montbrison.fr\/wp\/?p=3553#primaryimage"},"thumbnailUrl":"http:\/\/gallican-montbrison.fr\/wp\/wp-content\/uploads\/2014\/09\/les-dix-lepreux-1-1.jpg","datePublished":"2014-09-07T19:44:51+00:00","dateModified":"2015-08-31T13:24:18+00:00","author":{"@id":"https:\/\/gallican-montbrison.fr\/wp\/#\/schema\/person\/fc5571a40f7c79de2fb1b0cf72c089a4"},"breadcrumb":{"@id":"https:\/\/gallican-montbrison.fr\/wp\/?p=3553#breadcrumb"},"inLanguage":"fr-FR","potentialAction":[{"@type":"ReadAction","target":["https:\/\/gallican-montbrison.fr\/wp\/?p=3553"]}]},{"@type":"ImageObject","inLanguage":"fr-FR","@id":"https:\/\/gallican-montbrison.fr\/wp\/?p=3553#primaryimage","url":"http:\/\/gallican-montbrison.fr\/wp\/wp-content\/uploads\/2014\/09\/les-dix-lepreux-1-1.jpg","contentUrl":"http:\/\/gallican-montbrison.fr\/wp\/wp-content\/uploads\/2014\/09\/les-dix-lepreux-1-1.jpg"},{"@type":"BreadcrumbList","@id":"https:\/\/gallican-montbrison.fr\/wp\/?p=3553#breadcrumb","itemListElement":[{"@type":"ListItem","position":1,"name":"Accueil","item":"https:\/\/gallican-montbrison.fr\/wp"},{"@type":"ListItem","position":2,"name":"C\u00e9l\u00e9bration \u00ab\u00a0gu\u00e9rison des 10 l\u00e9preux\u00a0\u00bb"}]},{"@type":"WebSite","@id":"https:\/\/gallican-montbrison.fr\/wp\/#website","url":"https:\/\/gallican-montbrison.fr\/wp\/","name":"Chapelle Saint Michel Archange Montbrison","description":"Eglise Gallicane, Tradition Apostolique de Gazinet","potentialAction":[{"@type":"SearchAction","target":{"@type":"EntryPoint","urlTemplate":"https:\/\/gallican-montbrison.fr\/wp\/?s={search_term_string}"},"query-input":{"@type":"PropertyValueSpecification","valueRequired":true,"valueName":"search_term_string"}}],"inLanguage":"fr-FR"},{"@type":"Person","@id":"https:\/\/gallican-montbrison.fr\/wp\/#\/schema\/person\/fc5571a40f7c79de2fb1b0cf72c089a4","name":"Colette","url":"https:\/\/gallican-montbrison.fr\/wp\/?author=3"}]}},"_links":{"self":[{"href":"https:\/\/gallican-montbrison.fr\/wp\/index.php?rest_route=\/wp\/v2\/posts\/3553"}],"collection":[{"href":"https:\/\/gallican-montbrison.fr\/wp\/index.php?rest_route=\/wp\/v2\/posts"}],"about":[{"href":"https:\/\/gallican-montbrison.fr\/wp\/index.php?rest_route=\/wp\/v2\/types\/post"}],"author":[{"embeddable":true,"href":"https:\/\/gallican-montbrison.fr\/wp\/index.php?rest_route=\/wp\/v2\/users\/3"}],"replies":[{"embeddable":true,"href":"https:\/\/gallican-montbrison.fr\/wp\/index.php?rest_route=%2Fwp%2Fv2%2Fcomments&post=3553"}],"version-history":[{"count":5,"href":"https:\/\/gallican-montbrison.fr\/wp\/index.php?rest_route=\/wp\/v2\/posts\/3553\/revisions"}],"predecessor-version":[{"id":3560,"href":"https:\/\/gallican-montbrison.fr\/wp\/index.php?rest_route=\/wp\/v2\/posts\/3553\/revisions\/3560"}],"wp:attachment":[{"href":"https:\/\/gallican-montbrison.fr\/wp\/index.php?rest_route=%2Fwp%2Fv2%2Fmedia&parent=3553"}],"wp:term":[{"taxonomy":"category","embeddable":true,"href":"https:\/\/gallican-montbrison.fr\/wp\/index.php?rest_route=%2Fwp%2Fv2%2Fcategories&post=3553"},{"taxonomy":"post_tag","embeddable":true,"href":"https:\/\/gallican-montbrison.fr\/wp\/index.php?rest_route=%2Fwp%2Fv2%2Ftags&post=3553"}],"curies":[{"name":"wp","href":"https:\/\/api.w.org\/{rel}","templated":true}]}}