{"id":3563,"date":"2014-09-15T11:48:32","date_gmt":"2014-09-15T09:48:32","guid":{"rendered":"http:\/\/gallican-montbrison.fr\/wp\/?p=3563"},"modified":"2015-08-31T15:22:12","modified_gmt":"2015-08-31T13:22:12","slug":"partage-biblique-oecumenique","status":"publish","type":"post","link":"https:\/\/gallican-montbrison.fr\/wp\/?p=3563","title":{"rendered":"Partage biblique oecum\u00e9nique: Jeudi 18 Septembre 2014"},"content":{"rendered":"<p><strong><span style=\"color: #ff0000;\">REPRISE-REPRISE-REPRISE !!<\/span><\/strong><br \/>\n<span style=\"color: #3366ff;\">\u00c7a y est le mois de Septembre fait son retour et les activit\u00e9s et associations sortent de leur sommeil estival. Il en va de m\u00eame pour <span style=\"color: #ff0000;\">le Partage biblique oecum\u00e9nique<\/span> qui poursuit son chemin toujours un jeudi par mois autour de la tisane.<\/span><\/p>\n<p style=\"text-align: left;\">il aura lieu :<span style=\"color: #ff0000;\">Jeudi 18 Septembre \u00e0 20h \u00e0 la chapelle sur le th\u00e8me \u00ab\u00a0Le bon samaritain\u00a0\u00bb<\/span><\/p>\n<p>Au plaisir de vous retrouver lors de cet \u00e9change<\/p>\n<p>Bien fraternellement<br \/>\nColette et Robert<\/p>\n<p><a href=\"http:\/\/gallican-montbrison.fr\/wp\/wp-content\/uploads\/2014\/09\/PB-09.2014.jpg\"><img loading=\"lazy\" decoding=\"async\" class=\"alignleft size-full wp-image-3565\" src=\"http:\/\/gallican-montbrison.fr\/wp\/wp-content\/uploads\/2014\/09\/PB-09.2014.jpg\" alt=\"PB 09.2014\" width=\"1217\" height=\"848\" srcset=\"https:\/\/gallican-montbrison.fr\/wp\/wp-content\/uploads\/2014\/09\/PB-09.2014.jpg 1217w, https:\/\/gallican-montbrison.fr\/wp\/wp-content\/uploads\/2014\/09\/PB-09.2014-300x209.jpg 300w, https:\/\/gallican-montbrison.fr\/wp\/wp-content\/uploads\/2014\/09\/PB-09.2014-1024x713.jpg 1024w\" sizes=\"(max-width: 1217px) 100vw, 1217px\" \/><\/a><\/p>\n<p><strong><span style=\"color: #993366;\">St Luc 10, 23-37<\/span><\/strong><\/p>\n<p><span style=\"color: #993366;\">Puis J\u00e9sus se tourna vers ses disciples et leur dit \u00e0 eux seuls : \u00ab Heureux \u00eates-vous de voir y ce que vous voyez ! Car, je vous le d\u00e9clare, beaucoup de proph\u00e8tes et de rois ont d\u00e9sir\u00e9 voir ce que vous voyez, mais ne l&rsquo;ont pas vu, et entendre ce que vous entendez, mais ne l&rsquo;ont pas entendu. \u00bb<\/span><br \/>\n<span style=\"color: #993366;\">Un ma\u00eetre de la loi intervint alors. Pour tendre un pi\u00e8ge \u00e0 J\u00e9sus, il lui demanda : \u00ab Ma\u00eetre, que dois-je faire pour recevoir la vie \u00e9ternelle ? \u00bb. J\u00e9sus lui dit : \u00ab Qu&rsquo;est-il \u00e9crit dans notre loi ? Qu&rsquo;est-ce que tu y lis ? \u00bb. L&rsquo;homme r\u00e9pondit : \u00ab\u00a0 \u00abTu dois aimer le Seigneur ton Dieu de tout ton coeur, de toute ton \u00e2me, de toute ta force et de toute ton intelligence.\u00bb Et aussi : \u00abTu dois aimer ton prochain comme toi-m\u00eame a .\u00bb. J\u00e9sus lui dit alors : \u00ab Tu as bien r\u00e9pondu. Fais cela et tu vivras\u00bb. Mais le ma\u00eetre de la loi voulait justifier sa question. Il demanda donc \u00e0 J\u00e9sus : \u00ab Qui est mon prochain ? \u00bb J\u00e9sus r\u00e9pondit : \u00ab Un homme descendait de J\u00e9rusalem \u00e0 J\u00e9richo, lorsque des brigands l&rsquo;attaqu\u00e8rent, lui prirent tout ce qu&rsquo;il avait, le battirent et s&rsquo;en all\u00e8rent en le laissant \u00e0 demi-mort. Il se trouva qu&rsquo;un pr\u00eatre descendait cette route. Quand il vit l&rsquo;homme, il passa de l&rsquo;autre c\u00f4t\u00e9 de la route et s&rsquo;\u00e9loigna. De m\u00eame, un l\u00e9vite arriva \u00e0 cet endroit, il vit l&rsquo;homme, passa de l&rsquo;autre c\u00f4t\u00e9 de la route et s&rsquo;\u00e9loigna. Mais un Samaritain, qui voyageait par l\u00e0, arriva pr\u00e8s du bless\u00e9. Quand il le vit, il en eut profond\u00e9ment piti\u00e9. Il s&rsquo;en approcha encore plus, versa de l&rsquo;huile et du vin sur ses blessures et les recouvrit de pansements. Puis il le pla\u00e7a sur sa propre b\u00eate et le mena dans un h\u00f4tel, o\u00f9 il prit soin de lui. Le lendemain, il sortit deux pi\u00e8ces d&rsquo;argent, les donna \u00e0 l&rsquo;h\u00f4telier et lui dit : \u00abPrends soin de cet homme ; lorsque je repasserai par ici, je\u00a0 te paierai moi-m\u00eame ce que tu auras d\u00e9pens\u00e9 en plus pour lui.\u00bb \u00bb<\/span><br \/>\n<span style=\"color: #993366;\">J\u00e9sus ajouta : \u00ab Lequel de ces trois te semble avoir \u00e9t\u00e9 le prochain de l&rsquo;homme attaqu\u00e9 par les brigands ? \u00bb Le ma\u00eetre de la loi r\u00e9pondit : \u00ab Celui qui a \u00e9t\u00e9 bon pour lui. \u00bb J\u00e9sus lui dit alors : \u00ab Va et fais de m\u00eame. \u00bb<\/span><\/p>\n","protected":false},"excerpt":{"rendered":"<p>REPRISE-REPRISE-REPRISE !! \u00c7a y est le mois de Septembre fait son retour et les activit\u00e9s et associations sortent de leur sommeil estival. Il en va de m\u00eame pour le Partage biblique oecum\u00e9nique qui poursuit son chemin toujours un jeudi par &hellip; <a href=\"https:\/\/gallican-montbrison.fr\/wp\/?p=3563\">Continuer la lecture <span class=\"meta-nav\">&rarr;<\/span><\/a><\/p>\n","protected":false},"author":3,"featured_media":0,"comment_status":"closed","ping_status":"open","sticky":false,"template":"","format":"standard","meta":{"footnotes":""},"categories":[224,5],"tags":[100,88,27,26,138,52,87,187,6,50,17,180],"class_list":["post-3563","post","type-post","status-publish","format-standard","hentry","category-partages-bibliques","category-vie-de-la-chapelle","tag-bapteme","tag-benediction","tag-celebration","tag-chapelle","tag-eglise-gallicane","tag-evangile","tag-mariage","tag-mariage-divorces","tag-messe","tag-montbrison","tag-oecumenisme-2","tag-remariage"],"yoast_head":"<!-- This site is optimized with the Yoast SEO plugin v25.6 - https:\/\/yoast.com\/wordpress\/plugins\/seo\/ -->\n<title>Partage biblique oecum\u00e9nique: Jeudi 18 Septembre 2014 - Chapelle Saint Michel Archange Montbrison<\/title>\n<meta name=\"robots\" content=\"index, follow, max-snippet:-1, max-image-preview:large, max-video-preview:-1\" \/>\n<link rel=\"canonical\" href=\"https:\/\/gallican-montbrison.fr\/wp\/?p=3563\" \/>\n<meta property=\"og:locale\" content=\"fr_FR\" \/>\n<meta property=\"og:type\" content=\"article\" \/>\n<meta property=\"og:title\" content=\"Partage biblique oecum\u00e9nique: Jeudi 18 Septembre 2014 - Chapelle Saint Michel Archange Montbrison\" \/>\n<meta property=\"og:description\" content=\"REPRISE-REPRISE-REPRISE !! \u00c7a y est le mois de Septembre fait son retour et les activit\u00e9s et associations sortent de leur sommeil estival. Il en va de m\u00eame pour le Partage biblique oecum\u00e9nique qui poursuit son chemin toujours un jeudi par &hellip; Continuer la lecture &rarr;\" \/>\n<meta property=\"og:url\" content=\"https:\/\/gallican-montbrison.fr\/wp\/?p=3563\" \/>\n<meta property=\"og:site_name\" content=\"Chapelle Saint Michel Archange Montbrison\" \/>\n<meta property=\"article:publisher\" content=\"https:\/\/www.facebook.com\/people\/Eglise-Gallicane-Chapelle-Saint-Michel-Archange\/100064564306693\/\" \/>\n<meta property=\"article:published_time\" content=\"2014-09-15T09:48:32+00:00\" \/>\n<meta property=\"article:modified_time\" content=\"2015-08-31T13:22:12+00:00\" \/>\n<meta property=\"og:image\" content=\"http:\/\/gallican-montbrison.fr\/wp\/wp-content\/uploads\/2014\/09\/PB-09.2014.jpg\" \/>\n<meta name=\"author\" content=\"Colette\" \/>\n<meta name=\"twitter:card\" content=\"summary_large_image\" \/>\n<meta name=\"twitter:label1\" content=\"\u00c9crit par\" \/>\n\t<meta name=\"twitter:data1\" content=\"Colette\" \/>\n\t<meta name=\"twitter:label2\" content=\"Dur\u00e9e de lecture estim\u00e9e\" \/>\n\t<meta name=\"twitter:data2\" content=\"2 minutes\" \/>\n<script type=\"application\/ld+json\" class=\"yoast-schema-graph\">{\"@context\":\"https:\/\/schema.org\",\"@graph\":[{\"@type\":\"WebPage\",\"@id\":\"https:\/\/gallican-montbrison.fr\/wp\/?p=3563\",\"url\":\"https:\/\/gallican-montbrison.fr\/wp\/?p=3563\",\"name\":\"Partage biblique oecum\u00e9nique: Jeudi 18 Septembre 2014 - Chapelle Saint Michel Archange Montbrison\",\"isPartOf\":{\"@id\":\"https:\/\/gallican-montbrison.fr\/wp\/#website\"},\"primaryImageOfPage\":{\"@id\":\"https:\/\/gallican-montbrison.fr\/wp\/?p=3563#primaryimage\"},\"image\":{\"@id\":\"https:\/\/gallican-montbrison.fr\/wp\/?p=3563#primaryimage\"},\"thumbnailUrl\":\"http:\/\/gallican-montbrison.fr\/wp\/wp-content\/uploads\/2014\/09\/PB-09.2014.jpg\",\"datePublished\":\"2014-09-15T09:48:32+00:00\",\"dateModified\":\"2015-08-31T13:22:12+00:00\",\"author\":{\"@id\":\"https:\/\/gallican-montbrison.fr\/wp\/#\/schema\/person\/fc5571a40f7c79de2fb1b0cf72c089a4\"},\"breadcrumb\":{\"@id\":\"https:\/\/gallican-montbrison.fr\/wp\/?p=3563#breadcrumb\"},\"inLanguage\":\"fr-FR\",\"potentialAction\":[{\"@type\":\"ReadAction\",\"target\":[\"https:\/\/gallican-montbrison.fr\/wp\/?p=3563\"]}]},{\"@type\":\"ImageObject\",\"inLanguage\":\"fr-FR\",\"@id\":\"https:\/\/gallican-montbrison.fr\/wp\/?p=3563#primaryimage\",\"url\":\"http:\/\/gallican-montbrison.fr\/wp\/wp-content\/uploads\/2014\/09\/PB-09.2014.jpg\",\"contentUrl\":\"http:\/\/gallican-montbrison.fr\/wp\/wp-content\/uploads\/2014\/09\/PB-09.2014.jpg\"},{\"@type\":\"BreadcrumbList\",\"@id\":\"https:\/\/gallican-montbrison.fr\/wp\/?p=3563#breadcrumb\",\"itemListElement\":[{\"@type\":\"ListItem\",\"position\":1,\"name\":\"Accueil\",\"item\":\"https:\/\/gallican-montbrison.fr\/wp\"},{\"@type\":\"ListItem\",\"position\":2,\"name\":\"Partage biblique oecum\u00e9nique: Jeudi 18 Septembre 2014\"}]},{\"@type\":\"WebSite\",\"@id\":\"https:\/\/gallican-montbrison.fr\/wp\/#website\",\"url\":\"https:\/\/gallican-montbrison.fr\/wp\/\",\"name\":\"Chapelle Saint Michel Archange Montbrison\",\"description\":\"Eglise Gallicane, Tradition Apostolique de Gazinet\",\"potentialAction\":[{\"@type\":\"SearchAction\",\"target\":{\"@type\":\"EntryPoint\",\"urlTemplate\":\"https:\/\/gallican-montbrison.fr\/wp\/?s={search_term_string}\"},\"query-input\":{\"@type\":\"PropertyValueSpecification\",\"valueRequired\":true,\"valueName\":\"search_term_string\"}}],\"inLanguage\":\"fr-FR\"},{\"@type\":\"Person\",\"@id\":\"https:\/\/gallican-montbrison.fr\/wp\/#\/schema\/person\/fc5571a40f7c79de2fb1b0cf72c089a4\",\"name\":\"Colette\",\"url\":\"https:\/\/gallican-montbrison.fr\/wp\/?author=3\"}]}<\/script>\n<!-- \/ Yoast SEO plugin. -->","yoast_head_json":{"title":"Partage biblique oecum\u00e9nique: Jeudi 18 Septembre 2014 - Chapelle Saint Michel Archange Montbrison","robots":{"index":"index","follow":"follow","max-snippet":"max-snippet:-1","max-image-preview":"max-image-preview:large","max-video-preview":"max-video-preview:-1"},"canonical":"https:\/\/gallican-montbrison.fr\/wp\/?p=3563","og_locale":"fr_FR","og_type":"article","og_title":"Partage biblique oecum\u00e9nique: Jeudi 18 Septembre 2014 - Chapelle Saint Michel Archange Montbrison","og_description":"REPRISE-REPRISE-REPRISE !! \u00c7a y est le mois de Septembre fait son retour et les activit\u00e9s et associations sortent de leur sommeil estival. Il en va de m\u00eame pour le Partage biblique oecum\u00e9nique qui poursuit son chemin toujours un jeudi par &hellip; Continuer la lecture &rarr;","og_url":"https:\/\/gallican-montbrison.fr\/wp\/?p=3563","og_site_name":"Chapelle Saint Michel Archange Montbrison","article_publisher":"https:\/\/www.facebook.com\/people\/Eglise-Gallicane-Chapelle-Saint-Michel-Archange\/100064564306693\/","article_published_time":"2014-09-15T09:48:32+00:00","article_modified_time":"2015-08-31T13:22:12+00:00","og_image":[{"url":"http:\/\/gallican-montbrison.fr\/wp\/wp-content\/uploads\/2014\/09\/PB-09.2014.jpg","type":"","width":"","height":""}],"author":"Colette","twitter_card":"summary_large_image","twitter_misc":{"\u00c9crit par":"Colette","Dur\u00e9e de lecture estim\u00e9e":"2 minutes"},"schema":{"@context":"https:\/\/schema.org","@graph":[{"@type":"WebPage","@id":"https:\/\/gallican-montbrison.fr\/wp\/?p=3563","url":"https:\/\/gallican-montbrison.fr\/wp\/?p=3563","name":"Partage biblique oecum\u00e9nique: Jeudi 18 Septembre 2014 - Chapelle Saint Michel Archange Montbrison","isPartOf":{"@id":"https:\/\/gallican-montbrison.fr\/wp\/#website"},"primaryImageOfPage":{"@id":"https:\/\/gallican-montbrison.fr\/wp\/?p=3563#primaryimage"},"image":{"@id":"https:\/\/gallican-montbrison.fr\/wp\/?p=3563#primaryimage"},"thumbnailUrl":"http:\/\/gallican-montbrison.fr\/wp\/wp-content\/uploads\/2014\/09\/PB-09.2014.jpg","datePublished":"2014-09-15T09:48:32+00:00","dateModified":"2015-08-31T13:22:12+00:00","author":{"@id":"https:\/\/gallican-montbrison.fr\/wp\/#\/schema\/person\/fc5571a40f7c79de2fb1b0cf72c089a4"},"breadcrumb":{"@id":"https:\/\/gallican-montbrison.fr\/wp\/?p=3563#breadcrumb"},"inLanguage":"fr-FR","potentialAction":[{"@type":"ReadAction","target":["https:\/\/gallican-montbrison.fr\/wp\/?p=3563"]}]},{"@type":"ImageObject","inLanguage":"fr-FR","@id":"https:\/\/gallican-montbrison.fr\/wp\/?p=3563#primaryimage","url":"http:\/\/gallican-montbrison.fr\/wp\/wp-content\/uploads\/2014\/09\/PB-09.2014.jpg","contentUrl":"http:\/\/gallican-montbrison.fr\/wp\/wp-content\/uploads\/2014\/09\/PB-09.2014.jpg"},{"@type":"BreadcrumbList","@id":"https:\/\/gallican-montbrison.fr\/wp\/?p=3563#breadcrumb","itemListElement":[{"@type":"ListItem","position":1,"name":"Accueil","item":"https:\/\/gallican-montbrison.fr\/wp"},{"@type":"ListItem","position":2,"name":"Partage biblique oecum\u00e9nique: Jeudi 18 Septembre 2014"}]},{"@type":"WebSite","@id":"https:\/\/gallican-montbrison.fr\/wp\/#website","url":"https:\/\/gallican-montbrison.fr\/wp\/","name":"Chapelle Saint Michel Archange Montbrison","description":"Eglise Gallicane, Tradition Apostolique de Gazinet","potentialAction":[{"@type":"SearchAction","target":{"@type":"EntryPoint","urlTemplate":"https:\/\/gallican-montbrison.fr\/wp\/?s={search_term_string}"},"query-input":{"@type":"PropertyValueSpecification","valueRequired":true,"valueName":"search_term_string"}}],"inLanguage":"fr-FR"},{"@type":"Person","@id":"https:\/\/gallican-montbrison.fr\/wp\/#\/schema\/person\/fc5571a40f7c79de2fb1b0cf72c089a4","name":"Colette","url":"https:\/\/gallican-montbrison.fr\/wp\/?author=3"}]}},"_links":{"self":[{"href":"https:\/\/gallican-montbrison.fr\/wp\/index.php?rest_route=\/wp\/v2\/posts\/3563"}],"collection":[{"href":"https:\/\/gallican-montbrison.fr\/wp\/index.php?rest_route=\/wp\/v2\/posts"}],"about":[{"href":"https:\/\/gallican-montbrison.fr\/wp\/index.php?rest_route=\/wp\/v2\/types\/post"}],"author":[{"embeddable":true,"href":"https:\/\/gallican-montbrison.fr\/wp\/index.php?rest_route=\/wp\/v2\/users\/3"}],"replies":[{"embeddable":true,"href":"https:\/\/gallican-montbrison.fr\/wp\/index.php?rest_route=%2Fwp%2Fv2%2Fcomments&post=3563"}],"version-history":[{"count":7,"href":"https:\/\/gallican-montbrison.fr\/wp\/index.php?rest_route=\/wp\/v2\/posts\/3563\/revisions"}],"predecessor-version":[{"id":3627,"href":"https:\/\/gallican-montbrison.fr\/wp\/index.php?rest_route=\/wp\/v2\/posts\/3563\/revisions\/3627"}],"wp:attachment":[{"href":"https:\/\/gallican-montbrison.fr\/wp\/index.php?rest_route=%2Fwp%2Fv2%2Fmedia&parent=3563"}],"wp:term":[{"taxonomy":"category","embeddable":true,"href":"https:\/\/gallican-montbrison.fr\/wp\/index.php?rest_route=%2Fwp%2Fv2%2Fcategories&post=3563"},{"taxonomy":"post_tag","embeddable":true,"href":"https:\/\/gallican-montbrison.fr\/wp\/index.php?rest_route=%2Fwp%2Fv2%2Ftags&post=3563"}],"curies":[{"name":"wp","href":"https:\/\/api.w.org\/{rel}","templated":true}]}}