{"id":3726,"date":"2014-12-15T17:35:38","date_gmt":"2014-12-15T16:35:38","guid":{"rendered":"http:\/\/gallican-montbrison.fr\/wp\/?p=3726"},"modified":"2014-12-23T17:45:35","modified_gmt":"2014-12-23T16:45:35","slug":"notre-pere-2","status":"publish","type":"post","link":"https:\/\/gallican-montbrison.fr\/wp\/?p=3726","title":{"rendered":"Notre P\u00e8re &#8230; et No\u00ebl"},"content":{"rendered":"<p>\u00ab\u00a0Vous donc priez ainsi\u00a0\u00bb (Luc 11,2)<br \/>\nNotre P\u00e8re qui \u00eates aux cieux &#8230;<br \/>\nPri\u00e8re donn\u00e9e par le Christ \u00e0 ses amis et r\u00e9cit\u00e9e par tous les chr\u00e9tiens encore aujourd&rsquo;hui.<br \/>\nNotre P\u00e8re\u00a0\u00bb &#8230;<br \/>\nD\u00e9j\u00e0, en introduction de cette pri\u00e8re, deux petits mots qui nous unissent \u00e0 tous les hommes et les femmes des g\u00e9n\u00e9rations pass\u00e9es, pr\u00e9sentes et \u00e0 venir. Deux petits mots qui nous rendent proches et solidaires, d&rsquo;une m\u00eame famille, puisqu&rsquo;il est \u00ab\u00a0P\u00e8re\u00a0\u00bb de nous tous. Deux petits mots qui nous font fr\u00e8res et soeurs, unis en un m\u00eame destin, en chemin pour une m\u00eame \u00e9ternit\u00e9.<\/p>\n<p>Puisqu&rsquo;il est \u00ab\u00a0Notre P\u00e8re\u00a0\u00bb et que nous le disons en confiance, recevons avec une m\u00eame confiance et une attention renouvel\u00e9e ce petit enfant, son Fils, qui nous rejoint la nuit de No\u00ebl et qui \u00a0\u00a0 \u00a0chaque ann\u00e9e nous invite \u00e0 le suivre. Son enseignement est un chemin de vie qui nous ram\u00e8ne en notre v\u00e9ritable maison &#8230; celle de Dieu et de ses enfants.<br \/>\n\u00ab\u00a0Notre P\u00e8re, garde nous en ton Amour, et en cette nuit de No\u00ebl qui approche, \u00e9l\u00e8ve nos coeurs afin que nous te reconnaissions en ce nouveau n\u00e9, lumi\u00e8re dans notre monde.\u00a0\u00bb<\/p>\n","protected":false},"excerpt":{"rendered":"<p>\u00ab\u00a0Vous donc priez ainsi\u00a0\u00bb (Luc 11,2) Notre P\u00e8re qui \u00eates aux cieux &#8230; Pri\u00e8re donn\u00e9e par le Christ \u00e0 ses amis et r\u00e9cit\u00e9e par tous les chr\u00e9tiens encore aujourd&rsquo;hui. Notre P\u00e8re\u00a0\u00bb &#8230; D\u00e9j\u00e0, en introduction de cette pri\u00e8re, deux petits &hellip; <a href=\"https:\/\/gallican-montbrison.fr\/wp\/?p=3726\">Continuer la lecture <span class=\"meta-nav\">&rarr;<\/span><\/a><\/p>\n","protected":false},"author":3,"featured_media":0,"comment_status":"closed","ping_status":"open","sticky":false,"template":"","format":"standard","meta":{"footnotes":""},"categories":[11],"tags":[],"class_list":["post-3726","post","type-post","status-publish","format-standard","hentry","category-articles-et-conferences"],"yoast_head":"<!-- This site is optimized with the Yoast SEO plugin v25.6 - https:\/\/yoast.com\/wordpress\/plugins\/seo\/ -->\n<title>Notre P\u00e8re ... et No\u00ebl - Chapelle Saint Michel Archange Montbrison<\/title>\n<meta name=\"robots\" content=\"index, follow, max-snippet:-1, max-image-preview:large, max-video-preview:-1\" \/>\n<link rel=\"canonical\" href=\"https:\/\/gallican-montbrison.fr\/wp\/?p=3726\" \/>\n<meta property=\"og:locale\" content=\"fr_FR\" \/>\n<meta property=\"og:type\" content=\"article\" \/>\n<meta property=\"og:title\" content=\"Notre P\u00e8re ... et No\u00ebl - Chapelle Saint Michel Archange Montbrison\" \/>\n<meta property=\"og:description\" content=\"\u00ab\u00a0Vous donc priez ainsi\u00a0\u00bb (Luc 11,2) Notre P\u00e8re qui \u00eates aux cieux &#8230; Pri\u00e8re donn\u00e9e par le Christ \u00e0 ses amis et r\u00e9cit\u00e9e par tous les chr\u00e9tiens encore aujourd&rsquo;hui. Notre P\u00e8re\u00a0\u00bb &#8230; D\u00e9j\u00e0, en introduction de cette pri\u00e8re, deux petits &hellip; Continuer la lecture &rarr;\" \/>\n<meta property=\"og:url\" content=\"https:\/\/gallican-montbrison.fr\/wp\/?p=3726\" \/>\n<meta property=\"og:site_name\" content=\"Chapelle Saint Michel Archange Montbrison\" \/>\n<meta property=\"article:publisher\" content=\"https:\/\/www.facebook.com\/people\/Eglise-Gallicane-Chapelle-Saint-Michel-Archange\/100064564306693\/\" \/>\n<meta property=\"article:published_time\" content=\"2014-12-15T16:35:38+00:00\" \/>\n<meta property=\"article:modified_time\" content=\"2014-12-23T16:45:35+00:00\" \/>\n<meta name=\"author\" content=\"Colette\" \/>\n<meta name=\"twitter:card\" content=\"summary_large_image\" \/>\n<meta name=\"twitter:label1\" content=\"\u00c9crit par\" \/>\n\t<meta name=\"twitter:data1\" content=\"Colette\" \/>\n\t<meta name=\"twitter:label2\" content=\"Dur\u00e9e de lecture estim\u00e9e\" \/>\n\t<meta name=\"twitter:data2\" content=\"1 minute\" \/>\n<script type=\"application\/ld+json\" class=\"yoast-schema-graph\">{\"@context\":\"https:\/\/schema.org\",\"@graph\":[{\"@type\":\"WebPage\",\"@id\":\"https:\/\/gallican-montbrison.fr\/wp\/?p=3726\",\"url\":\"https:\/\/gallican-montbrison.fr\/wp\/?p=3726\",\"name\":\"Notre P\u00e8re ... et No\u00ebl - Chapelle Saint Michel Archange Montbrison\",\"isPartOf\":{\"@id\":\"https:\/\/gallican-montbrison.fr\/wp\/#website\"},\"datePublished\":\"2014-12-15T16:35:38+00:00\",\"dateModified\":\"2014-12-23T16:45:35+00:00\",\"author\":{\"@id\":\"https:\/\/gallican-montbrison.fr\/wp\/#\/schema\/person\/fc5571a40f7c79de2fb1b0cf72c089a4\"},\"breadcrumb\":{\"@id\":\"https:\/\/gallican-montbrison.fr\/wp\/?p=3726#breadcrumb\"},\"inLanguage\":\"fr-FR\",\"potentialAction\":[{\"@type\":\"ReadAction\",\"target\":[\"https:\/\/gallican-montbrison.fr\/wp\/?p=3726\"]}]},{\"@type\":\"BreadcrumbList\",\"@id\":\"https:\/\/gallican-montbrison.fr\/wp\/?p=3726#breadcrumb\",\"itemListElement\":[{\"@type\":\"ListItem\",\"position\":1,\"name\":\"Accueil\",\"item\":\"https:\/\/gallican-montbrison.fr\/wp\"},{\"@type\":\"ListItem\",\"position\":2,\"name\":\"Notre P\u00e8re &#8230; et No\u00ebl\"}]},{\"@type\":\"WebSite\",\"@id\":\"https:\/\/gallican-montbrison.fr\/wp\/#website\",\"url\":\"https:\/\/gallican-montbrison.fr\/wp\/\",\"name\":\"Chapelle Saint Michel Archange Montbrison\",\"description\":\"Eglise Gallicane, Tradition Apostolique de Gazinet\",\"potentialAction\":[{\"@type\":\"SearchAction\",\"target\":{\"@type\":\"EntryPoint\",\"urlTemplate\":\"https:\/\/gallican-montbrison.fr\/wp\/?s={search_term_string}\"},\"query-input\":{\"@type\":\"PropertyValueSpecification\",\"valueRequired\":true,\"valueName\":\"search_term_string\"}}],\"inLanguage\":\"fr-FR\"},{\"@type\":\"Person\",\"@id\":\"https:\/\/gallican-montbrison.fr\/wp\/#\/schema\/person\/fc5571a40f7c79de2fb1b0cf72c089a4\",\"name\":\"Colette\",\"url\":\"https:\/\/gallican-montbrison.fr\/wp\/?author=3\"}]}<\/script>\n<!-- \/ Yoast SEO plugin. -->","yoast_head_json":{"title":"Notre P\u00e8re ... et No\u00ebl - Chapelle Saint Michel Archange Montbrison","robots":{"index":"index","follow":"follow","max-snippet":"max-snippet:-1","max-image-preview":"max-image-preview:large","max-video-preview":"max-video-preview:-1"},"canonical":"https:\/\/gallican-montbrison.fr\/wp\/?p=3726","og_locale":"fr_FR","og_type":"article","og_title":"Notre P\u00e8re ... et No\u00ebl - Chapelle Saint Michel Archange Montbrison","og_description":"\u00ab\u00a0Vous donc priez ainsi\u00a0\u00bb (Luc 11,2) Notre P\u00e8re qui \u00eates aux cieux &#8230; Pri\u00e8re donn\u00e9e par le Christ \u00e0 ses amis et r\u00e9cit\u00e9e par tous les chr\u00e9tiens encore aujourd&rsquo;hui. Notre P\u00e8re\u00a0\u00bb &#8230; D\u00e9j\u00e0, en introduction de cette pri\u00e8re, deux petits &hellip; Continuer la lecture &rarr;","og_url":"https:\/\/gallican-montbrison.fr\/wp\/?p=3726","og_site_name":"Chapelle Saint Michel Archange Montbrison","article_publisher":"https:\/\/www.facebook.com\/people\/Eglise-Gallicane-Chapelle-Saint-Michel-Archange\/100064564306693\/","article_published_time":"2014-12-15T16:35:38+00:00","article_modified_time":"2014-12-23T16:45:35+00:00","author":"Colette","twitter_card":"summary_large_image","twitter_misc":{"\u00c9crit par":"Colette","Dur\u00e9e de lecture estim\u00e9e":"1 minute"},"schema":{"@context":"https:\/\/schema.org","@graph":[{"@type":"WebPage","@id":"https:\/\/gallican-montbrison.fr\/wp\/?p=3726","url":"https:\/\/gallican-montbrison.fr\/wp\/?p=3726","name":"Notre P\u00e8re ... et No\u00ebl - Chapelle Saint Michel Archange Montbrison","isPartOf":{"@id":"https:\/\/gallican-montbrison.fr\/wp\/#website"},"datePublished":"2014-12-15T16:35:38+00:00","dateModified":"2014-12-23T16:45:35+00:00","author":{"@id":"https:\/\/gallican-montbrison.fr\/wp\/#\/schema\/person\/fc5571a40f7c79de2fb1b0cf72c089a4"},"breadcrumb":{"@id":"https:\/\/gallican-montbrison.fr\/wp\/?p=3726#breadcrumb"},"inLanguage":"fr-FR","potentialAction":[{"@type":"ReadAction","target":["https:\/\/gallican-montbrison.fr\/wp\/?p=3726"]}]},{"@type":"BreadcrumbList","@id":"https:\/\/gallican-montbrison.fr\/wp\/?p=3726#breadcrumb","itemListElement":[{"@type":"ListItem","position":1,"name":"Accueil","item":"https:\/\/gallican-montbrison.fr\/wp"},{"@type":"ListItem","position":2,"name":"Notre P\u00e8re &#8230; et No\u00ebl"}]},{"@type":"WebSite","@id":"https:\/\/gallican-montbrison.fr\/wp\/#website","url":"https:\/\/gallican-montbrison.fr\/wp\/","name":"Chapelle Saint Michel Archange Montbrison","description":"Eglise Gallicane, Tradition Apostolique de Gazinet","potentialAction":[{"@type":"SearchAction","target":{"@type":"EntryPoint","urlTemplate":"https:\/\/gallican-montbrison.fr\/wp\/?s={search_term_string}"},"query-input":{"@type":"PropertyValueSpecification","valueRequired":true,"valueName":"search_term_string"}}],"inLanguage":"fr-FR"},{"@type":"Person","@id":"https:\/\/gallican-montbrison.fr\/wp\/#\/schema\/person\/fc5571a40f7c79de2fb1b0cf72c089a4","name":"Colette","url":"https:\/\/gallican-montbrison.fr\/wp\/?author=3"}]}},"_links":{"self":[{"href":"https:\/\/gallican-montbrison.fr\/wp\/index.php?rest_route=\/wp\/v2\/posts\/3726"}],"collection":[{"href":"https:\/\/gallican-montbrison.fr\/wp\/index.php?rest_route=\/wp\/v2\/posts"}],"about":[{"href":"https:\/\/gallican-montbrison.fr\/wp\/index.php?rest_route=\/wp\/v2\/types\/post"}],"author":[{"embeddable":true,"href":"https:\/\/gallican-montbrison.fr\/wp\/index.php?rest_route=\/wp\/v2\/users\/3"}],"replies":[{"embeddable":true,"href":"https:\/\/gallican-montbrison.fr\/wp\/index.php?rest_route=%2Fwp%2Fv2%2Fcomments&post=3726"}],"version-history":[{"count":2,"href":"https:\/\/gallican-montbrison.fr\/wp\/index.php?rest_route=\/wp\/v2\/posts\/3726\/revisions"}],"predecessor-version":[{"id":3728,"href":"https:\/\/gallican-montbrison.fr\/wp\/index.php?rest_route=\/wp\/v2\/posts\/3726\/revisions\/3728"}],"wp:attachment":[{"href":"https:\/\/gallican-montbrison.fr\/wp\/index.php?rest_route=%2Fwp%2Fv2%2Fmedia&parent=3726"}],"wp:term":[{"taxonomy":"category","embeddable":true,"href":"https:\/\/gallican-montbrison.fr\/wp\/index.php?rest_route=%2Fwp%2Fv2%2Fcategories&post=3726"},{"taxonomy":"post_tag","embeddable":true,"href":"https:\/\/gallican-montbrison.fr\/wp\/index.php?rest_route=%2Fwp%2Fv2%2Ftags&post=3726"}],"curies":[{"name":"wp","href":"https:\/\/api.w.org\/{rel}","templated":true}]}}