{"id":3787,"date":"2015-02-19T17:00:42","date_gmt":"2015-02-19T16:00:42","guid":{"rendered":"http:\/\/gallican-montbrison.fr\/wp\/?p=3787"},"modified":"2016-03-16T14:00:25","modified_gmt":"2016-03-16T13:00:25","slug":"partage-biblique-19-fevrier","status":"publish","type":"post","link":"https:\/\/gallican-montbrison.fr\/wp\/?p=3787","title":{"rendered":"Partage Biblique Oecum\u00e9nique: Jeudi 19 F\u00e9vrier"},"content":{"rendered":"<p><span style=\"color: #ff0000;\">Quelques pistes de pr\u00e9paration si le coeur vous en dit:<\/span><\/p>\n<p>Chercher un sens litt\u00e9ral, un sens spirituel ou un sens symbolique au texte propos\u00e9 en s&rsquo;arr\u00eatant plus sp\u00e9cialement sur certains mots ou certaines id\u00e9es.<\/p>\n<p>On peut lire le texte et l&rsquo;expliquer en se r\u00e9f\u00e9rant \u00e0 l&rsquo;\u00e9poque o\u00f9 il a \u00e9t\u00e9 \u00e9crit ou bien en pensant \u00e0 aujourd&rsquo;hui et \u00e0 ce qu&rsquo;il apporte \u00e0 notre vie de chr\u00e9tien.<\/p>\n<p>On peut lire le texte en cherchant ce qu&rsquo;il nous dit de notre humanit\u00e9 ou ce qu&rsquo;il nous transmet de Dieu et de son message.<\/p>\n<p><span style=\"color: #ff0000;\">Le texte biblique est accessible \u00e0 tous,<\/span><br \/>\nil parle \u00e0 chacun de nous l\u00e0 o\u00f9 nous en sommes.<br \/>\nIl est bien de se laisser porter par les mots et de les int\u00e9grer dans notre pri\u00e8re, alors ils s&rsquo;ouvrent et donnent un sens et un \u00e9lan \u00e0 notre vie de chr\u00e9tien.<\/p>\n<p>Le d\u00e9cryptage d&rsquo;un texte par l&rsquo;Amour reste la cl\u00e9 d&rsquo;une bonne r\u00e9flexion. Pensez aussi \u00e0 remettre votre r\u00e9flexion dans les mains de Dieu par la pri\u00e8re, Il y est pr\u00e9sent pour nous guider.<\/p>\n<p><a href=\"http:\/\/gallican-montbrison.fr\/wp\/?attachment_id=3790\" rel=\"attachment wp-att-3790\"><img loading=\"lazy\" decoding=\"async\" class=\"aligncenter wp-image-3790 size-full\" src=\"http:\/\/gallican-montbrison.fr\/wp\/wp-content\/uploads\/2015\/02\/Affiche-Partage-Biblique-19.02.2015.jpg\" alt=\"Affiche Partage Biblique 19.02.2015\" width=\"508\" height=\"717\" srcset=\"https:\/\/gallican-montbrison.fr\/wp\/wp-content\/uploads\/2015\/02\/Affiche-Partage-Biblique-19.02.2015.jpg 508w, https:\/\/gallican-montbrison.fr\/wp\/wp-content\/uploads\/2015\/02\/Affiche-Partage-Biblique-19.02.2015-213x300.jpg 213w\" sizes=\"(max-width: 508px) 100vw, 508px\" \/><\/a><\/p>\n","protected":false},"excerpt":{"rendered":"<p>Quelques pistes de pr\u00e9paration si le coeur vous en dit: Chercher un sens litt\u00e9ral, un sens spirituel ou un sens symbolique au texte propos\u00e9 en s&rsquo;arr\u00eatant plus sp\u00e9cialement sur certains mots ou certaines id\u00e9es. On peut lire le texte et &hellip; <a href=\"https:\/\/gallican-montbrison.fr\/wp\/?p=3787\">Continuer la lecture <span class=\"meta-nav\">&rarr;<\/span><\/a><\/p>\n","protected":false},"author":3,"featured_media":0,"comment_status":"closed","ping_status":"open","sticky":false,"template":"","format":"standard","meta":{"footnotes":""},"categories":[224,5],"tags":[100,27,70,52,140,187,50,17,180],"class_list":["post-3787","post","type-post","status-publish","format-standard","hentry","category-partages-bibliques","category-vie-de-la-chapelle","tag-bapteme","tag-celebration","tag-eglise","tag-evangile","tag-gallicane","tag-mariage-divorces","tag-montbrison","tag-oecumenisme-2","tag-remariage"],"yoast_head":"<!-- This site is optimized with the Yoast SEO plugin v25.6 - https:\/\/yoast.com\/wordpress\/plugins\/seo\/ -->\n<title>Partage Biblique Oecum\u00e9nique: Jeudi 19 F\u00e9vrier - Chapelle Saint Michel Archange Montbrison<\/title>\n<meta name=\"robots\" content=\"index, follow, max-snippet:-1, max-image-preview:large, max-video-preview:-1\" \/>\n<link rel=\"canonical\" href=\"https:\/\/gallican-montbrison.fr\/wp\/?p=3787\" \/>\n<meta property=\"og:locale\" content=\"fr_FR\" \/>\n<meta property=\"og:type\" content=\"article\" \/>\n<meta property=\"og:title\" content=\"Partage Biblique Oecum\u00e9nique: Jeudi 19 F\u00e9vrier - Chapelle Saint Michel Archange Montbrison\" \/>\n<meta property=\"og:description\" content=\"Quelques pistes de pr\u00e9paration si le coeur vous en dit: Chercher un sens litt\u00e9ral, un sens spirituel ou un sens symbolique au texte propos\u00e9 en s&rsquo;arr\u00eatant plus sp\u00e9cialement sur certains mots ou certaines id\u00e9es. On peut lire le texte et &hellip; Continuer la lecture &rarr;\" \/>\n<meta property=\"og:url\" content=\"https:\/\/gallican-montbrison.fr\/wp\/?p=3787\" \/>\n<meta property=\"og:site_name\" content=\"Chapelle Saint Michel Archange Montbrison\" \/>\n<meta property=\"article:publisher\" content=\"https:\/\/www.facebook.com\/people\/Eglise-Gallicane-Chapelle-Saint-Michel-Archange\/100064564306693\/\" \/>\n<meta property=\"article:published_time\" content=\"2015-02-19T16:00:42+00:00\" \/>\n<meta property=\"article:modified_time\" content=\"2016-03-16T13:00:25+00:00\" \/>\n<meta property=\"og:image\" content=\"http:\/\/gallican-montbrison.fr\/wp\/wp-content\/uploads\/2015\/02\/Affiche-Partage-Biblique-19.02.2015.jpg\" \/>\n<meta name=\"author\" content=\"Colette\" \/>\n<meta name=\"twitter:card\" content=\"summary_large_image\" \/>\n<meta name=\"twitter:label1\" content=\"\u00c9crit par\" \/>\n\t<meta name=\"twitter:data1\" content=\"Colette\" \/>\n\t<meta name=\"twitter:label2\" content=\"Dur\u00e9e de lecture estim\u00e9e\" \/>\n\t<meta name=\"twitter:data2\" content=\"1 minute\" \/>\n<script type=\"application\/ld+json\" class=\"yoast-schema-graph\">{\"@context\":\"https:\/\/schema.org\",\"@graph\":[{\"@type\":\"WebPage\",\"@id\":\"https:\/\/gallican-montbrison.fr\/wp\/?p=3787\",\"url\":\"https:\/\/gallican-montbrison.fr\/wp\/?p=3787\",\"name\":\"Partage Biblique Oecum\u00e9nique: Jeudi 19 F\u00e9vrier - Chapelle Saint Michel Archange Montbrison\",\"isPartOf\":{\"@id\":\"https:\/\/gallican-montbrison.fr\/wp\/#website\"},\"primaryImageOfPage\":{\"@id\":\"https:\/\/gallican-montbrison.fr\/wp\/?p=3787#primaryimage\"},\"image\":{\"@id\":\"https:\/\/gallican-montbrison.fr\/wp\/?p=3787#primaryimage\"},\"thumbnailUrl\":\"http:\/\/gallican-montbrison.fr\/wp\/wp-content\/uploads\/2015\/02\/Affiche-Partage-Biblique-19.02.2015.jpg\",\"datePublished\":\"2015-02-19T16:00:42+00:00\",\"dateModified\":\"2016-03-16T13:00:25+00:00\",\"author\":{\"@id\":\"https:\/\/gallican-montbrison.fr\/wp\/#\/schema\/person\/fc5571a40f7c79de2fb1b0cf72c089a4\"},\"breadcrumb\":{\"@id\":\"https:\/\/gallican-montbrison.fr\/wp\/?p=3787#breadcrumb\"},\"inLanguage\":\"fr-FR\",\"potentialAction\":[{\"@type\":\"ReadAction\",\"target\":[\"https:\/\/gallican-montbrison.fr\/wp\/?p=3787\"]}]},{\"@type\":\"ImageObject\",\"inLanguage\":\"fr-FR\",\"@id\":\"https:\/\/gallican-montbrison.fr\/wp\/?p=3787#primaryimage\",\"url\":\"https:\/\/gallican-montbrison.fr\/wp\/wp-content\/uploads\/2015\/02\/Affiche-Partage-Biblique-19.02.2015.jpg\",\"contentUrl\":\"https:\/\/gallican-montbrison.fr\/wp\/wp-content\/uploads\/2015\/02\/Affiche-Partage-Biblique-19.02.2015.jpg\",\"width\":508,\"height\":717},{\"@type\":\"BreadcrumbList\",\"@id\":\"https:\/\/gallican-montbrison.fr\/wp\/?p=3787#breadcrumb\",\"itemListElement\":[{\"@type\":\"ListItem\",\"position\":1,\"name\":\"Accueil\",\"item\":\"https:\/\/gallican-montbrison.fr\/wp\"},{\"@type\":\"ListItem\",\"position\":2,\"name\":\"Partage Biblique Oecum\u00e9nique: Jeudi 19 F\u00e9vrier\"}]},{\"@type\":\"WebSite\",\"@id\":\"https:\/\/gallican-montbrison.fr\/wp\/#website\",\"url\":\"https:\/\/gallican-montbrison.fr\/wp\/\",\"name\":\"Chapelle Saint Michel Archange Montbrison\",\"description\":\"Eglise Gallicane, Tradition Apostolique de Gazinet\",\"potentialAction\":[{\"@type\":\"SearchAction\",\"target\":{\"@type\":\"EntryPoint\",\"urlTemplate\":\"https:\/\/gallican-montbrison.fr\/wp\/?s={search_term_string}\"},\"query-input\":{\"@type\":\"PropertyValueSpecification\",\"valueRequired\":true,\"valueName\":\"search_term_string\"}}],\"inLanguage\":\"fr-FR\"},{\"@type\":\"Person\",\"@id\":\"https:\/\/gallican-montbrison.fr\/wp\/#\/schema\/person\/fc5571a40f7c79de2fb1b0cf72c089a4\",\"name\":\"Colette\",\"url\":\"https:\/\/gallican-montbrison.fr\/wp\/?author=3\"}]}<\/script>\n<!-- \/ Yoast SEO plugin. -->","yoast_head_json":{"title":"Partage Biblique Oecum\u00e9nique: Jeudi 19 F\u00e9vrier - Chapelle Saint Michel Archange Montbrison","robots":{"index":"index","follow":"follow","max-snippet":"max-snippet:-1","max-image-preview":"max-image-preview:large","max-video-preview":"max-video-preview:-1"},"canonical":"https:\/\/gallican-montbrison.fr\/wp\/?p=3787","og_locale":"fr_FR","og_type":"article","og_title":"Partage Biblique Oecum\u00e9nique: Jeudi 19 F\u00e9vrier - Chapelle Saint Michel Archange Montbrison","og_description":"Quelques pistes de pr\u00e9paration si le coeur vous en dit: Chercher un sens litt\u00e9ral, un sens spirituel ou un sens symbolique au texte propos\u00e9 en s&rsquo;arr\u00eatant plus sp\u00e9cialement sur certains mots ou certaines id\u00e9es. On peut lire le texte et &hellip; Continuer la lecture &rarr;","og_url":"https:\/\/gallican-montbrison.fr\/wp\/?p=3787","og_site_name":"Chapelle Saint Michel Archange Montbrison","article_publisher":"https:\/\/www.facebook.com\/people\/Eglise-Gallicane-Chapelle-Saint-Michel-Archange\/100064564306693\/","article_published_time":"2015-02-19T16:00:42+00:00","article_modified_time":"2016-03-16T13:00:25+00:00","og_image":[{"url":"http:\/\/gallican-montbrison.fr\/wp\/wp-content\/uploads\/2015\/02\/Affiche-Partage-Biblique-19.02.2015.jpg","type":"","width":"","height":""}],"author":"Colette","twitter_card":"summary_large_image","twitter_misc":{"\u00c9crit par":"Colette","Dur\u00e9e de lecture estim\u00e9e":"1 minute"},"schema":{"@context":"https:\/\/schema.org","@graph":[{"@type":"WebPage","@id":"https:\/\/gallican-montbrison.fr\/wp\/?p=3787","url":"https:\/\/gallican-montbrison.fr\/wp\/?p=3787","name":"Partage Biblique Oecum\u00e9nique: Jeudi 19 F\u00e9vrier - Chapelle Saint Michel Archange Montbrison","isPartOf":{"@id":"https:\/\/gallican-montbrison.fr\/wp\/#website"},"primaryImageOfPage":{"@id":"https:\/\/gallican-montbrison.fr\/wp\/?p=3787#primaryimage"},"image":{"@id":"https:\/\/gallican-montbrison.fr\/wp\/?p=3787#primaryimage"},"thumbnailUrl":"http:\/\/gallican-montbrison.fr\/wp\/wp-content\/uploads\/2015\/02\/Affiche-Partage-Biblique-19.02.2015.jpg","datePublished":"2015-02-19T16:00:42+00:00","dateModified":"2016-03-16T13:00:25+00:00","author":{"@id":"https:\/\/gallican-montbrison.fr\/wp\/#\/schema\/person\/fc5571a40f7c79de2fb1b0cf72c089a4"},"breadcrumb":{"@id":"https:\/\/gallican-montbrison.fr\/wp\/?p=3787#breadcrumb"},"inLanguage":"fr-FR","potentialAction":[{"@type":"ReadAction","target":["https:\/\/gallican-montbrison.fr\/wp\/?p=3787"]}]},{"@type":"ImageObject","inLanguage":"fr-FR","@id":"https:\/\/gallican-montbrison.fr\/wp\/?p=3787#primaryimage","url":"https:\/\/gallican-montbrison.fr\/wp\/wp-content\/uploads\/2015\/02\/Affiche-Partage-Biblique-19.02.2015.jpg","contentUrl":"https:\/\/gallican-montbrison.fr\/wp\/wp-content\/uploads\/2015\/02\/Affiche-Partage-Biblique-19.02.2015.jpg","width":508,"height":717},{"@type":"BreadcrumbList","@id":"https:\/\/gallican-montbrison.fr\/wp\/?p=3787#breadcrumb","itemListElement":[{"@type":"ListItem","position":1,"name":"Accueil","item":"https:\/\/gallican-montbrison.fr\/wp"},{"@type":"ListItem","position":2,"name":"Partage Biblique Oecum\u00e9nique: Jeudi 19 F\u00e9vrier"}]},{"@type":"WebSite","@id":"https:\/\/gallican-montbrison.fr\/wp\/#website","url":"https:\/\/gallican-montbrison.fr\/wp\/","name":"Chapelle Saint Michel Archange Montbrison","description":"Eglise Gallicane, Tradition Apostolique de Gazinet","potentialAction":[{"@type":"SearchAction","target":{"@type":"EntryPoint","urlTemplate":"https:\/\/gallican-montbrison.fr\/wp\/?s={search_term_string}"},"query-input":{"@type":"PropertyValueSpecification","valueRequired":true,"valueName":"search_term_string"}}],"inLanguage":"fr-FR"},{"@type":"Person","@id":"https:\/\/gallican-montbrison.fr\/wp\/#\/schema\/person\/fc5571a40f7c79de2fb1b0cf72c089a4","name":"Colette","url":"https:\/\/gallican-montbrison.fr\/wp\/?author=3"}]}},"_links":{"self":[{"href":"https:\/\/gallican-montbrison.fr\/wp\/index.php?rest_route=\/wp\/v2\/posts\/3787"}],"collection":[{"href":"https:\/\/gallican-montbrison.fr\/wp\/index.php?rest_route=\/wp\/v2\/posts"}],"about":[{"href":"https:\/\/gallican-montbrison.fr\/wp\/index.php?rest_route=\/wp\/v2\/types\/post"}],"author":[{"embeddable":true,"href":"https:\/\/gallican-montbrison.fr\/wp\/index.php?rest_route=\/wp\/v2\/users\/3"}],"replies":[{"embeddable":true,"href":"https:\/\/gallican-montbrison.fr\/wp\/index.php?rest_route=%2Fwp%2Fv2%2Fcomments&post=3787"}],"version-history":[{"count":5,"href":"https:\/\/gallican-montbrison.fr\/wp\/index.php?rest_route=\/wp\/v2\/posts\/3787\/revisions"}],"predecessor-version":[{"id":3793,"href":"https:\/\/gallican-montbrison.fr\/wp\/index.php?rest_route=\/wp\/v2\/posts\/3787\/revisions\/3793"}],"wp:attachment":[{"href":"https:\/\/gallican-montbrison.fr\/wp\/index.php?rest_route=%2Fwp%2Fv2%2Fmedia&parent=3787"}],"wp:term":[{"taxonomy":"category","embeddable":true,"href":"https:\/\/gallican-montbrison.fr\/wp\/index.php?rest_route=%2Fwp%2Fv2%2Fcategories&post=3787"},{"taxonomy":"post_tag","embeddable":true,"href":"https:\/\/gallican-montbrison.fr\/wp\/index.php?rest_route=%2Fwp%2Fv2%2Ftags&post=3787"}],"curies":[{"name":"wp","href":"https:\/\/api.w.org\/{rel}","templated":true}]}}