{"id":3830,"date":"2015-03-02T17:27:20","date_gmt":"2015-03-02T16:27:20","guid":{"rendered":"http:\/\/gallican-montbrison.fr\/wp\/?p=3830"},"modified":"2015-03-27T11:15:29","modified_gmt":"2015-03-27T10:15:29","slug":"2eme-dimanche-de-careme","status":"publish","type":"post","link":"https:\/\/gallican-montbrison.fr\/wp\/?p=3830","title":{"rendered":"2\u00e8me Dimanche de car\u00eame"},"content":{"rendered":"<p><strong><span style=\"color: #ff9900;\"><a href=\"http:\/\/gallican-montbrison.fr\/wp\/wp-content\/uploads\/2015\/03\/transfiguration.jpg\"><img loading=\"lazy\" decoding=\"async\" class=\"alignleft size-medium wp-image-3836\" src=\"http:\/\/gallican-montbrison.fr\/wp\/wp-content\/uploads\/2015\/03\/transfiguration-223x300.jpg\" alt=\"transfiguration\" width=\"223\" height=\"300\" srcset=\"https:\/\/gallican-montbrison.fr\/wp\/wp-content\/uploads\/2015\/03\/transfiguration-223x300.jpg 223w, https:\/\/gallican-montbrison.fr\/wp\/wp-content\/uploads\/2015\/03\/transfiguration.jpg 383w\" sizes=\"(max-width: 223px) 100vw, 223px\" \/><\/a>Ecoute Mp3 : <a href=\"http:\/\/gallican-montbrison.fr\/wp\/wp-content\/uploads\/2015\/03\/Home\u0301lie-2e-dim-care\u0302me-2015-.mp3\">hom\u00e9lie<\/a><\/span> <\/strong><\/p>\n<p><strong><span style=\"color: #993366;\">Ep\u00eetre: St Paul aux Th\u00e9ssaloniciens 1,4,1-7<\/span><\/strong><\/p>\n<p><span style=\"color: #993366;\">Enfin, fr\u00e8res, vous avez appris de nous comment vous devez vous conduire pour plaire \u00e0 Dieu. Certes, vous vous conduisez d\u00e9j\u00e0 ainsi. Mais maintenant, nous vous le demandons et vous en supplions au nom du Seigneur J\u00e9sus\u00a0: faites mieux encore. Vous connaissez en effet les instructions que nous vous avons donn\u00e9es de la part du Seigneur J\u00e9sus. Voici quelle est la volont\u00e9 de Dieu\u00a0: c&rsquo;est que vous soyez saints et que vous vous gardiez de l&rsquo;immoralit\u00e9. Que chacun de vous sache prendre femme d&rsquo;une fa\u00e7on sainte et honorable, sans se laisser dominer par de mauvais d\u00e9sirs, comme les pa\u00efens qui ne connaissent pas Dieu. Dans cette affaire, que personne ne cause du tort \u00e0 son fr\u00e8re ou ne porte atteinte \u00e0 ses droits. Nous vous l&rsquo;avons d\u00e9j\u00e0 dit et vous en avons s\u00e9rieusement avertis\u00a0: le Seigneur punira ceux qui commettent de telles fautes. Dieu ne nous a pas appel\u00e9s \u00e0 vivre dans l&rsquo;immoralit\u00e9, mais dans la saintet\u00e9.<\/span><\/p>\n<p><strong><span style=\"color: #993366;\">Evangile: St Matthieu 17,1-9<\/span><\/strong><\/p>\n<p><span style=\"color: #993366;\">Six jours apr\u00e8s, J\u00e9sus prit avec lui Pierre, Jacques et Jean, fr\u00e8re de Jacques, et les conduisit sur une haute montagne o\u00f9 ils se trouv\u00e8rent seuls.\u00a0 Il changea d&rsquo;aspect devant leurs yeux\u00a0; son visage se mit \u00e0 briller comme le soleil et ses v\u00eatements devinrent blancs comme la lumi\u00e8re<sup>. <\/sup>Soudain les trois disciples virent Mo\u00efse et \u00c9lie qui parlaient avec J\u00e9sus. Pierre dit alors \u00e0 J\u00e9sus\u00a0: \u00ab\u00a0Seigneur, il est bon que nous soyons ici. Si tu le veux, je vais dresser ici trois tentes, une pour toi, une pour Mo\u00efse<\/span> <span style=\"color: #993366;\">et une pour \u00c9lie.\u00a0\u00bb Il parlait encore, lorsqu&rsquo;un nuage brillant vint les couvrir, et du nuage une voix se fit entendre\u00a0: \u00ab\u00a0Celui-ci est mon Fils bien-aim\u00e9 en qui je mets toute ma joie. \u00c9coutez-le!\u00a0\u00bb. Quand les disciples entendirent cette voix, ils eurent tellement peur qu&rsquo;ils se jet\u00e8rent le visage contre terre.\u00a0 J\u00e9sus s&rsquo;approcha d&rsquo;eux, les toucha et dit\u00a0: \u00ab\u00a0Relevez-vous, n&rsquo;ayez pas peur.\u00a0\u00bb Ils lev\u00e8rent alors les yeux et ne virent personne d&rsquo;autre que J\u00e9sus. Tandis qu&rsquo;ils descendaient de la montagne, J\u00e9sus leur fit cette recommandation\u00a0: \u00ab\u00a0Ne parlez \u00e0 personne de cette vision, jusqu&rsquo;\u00e0 ce que le Fils de l&rsquo;homme revienne d&rsquo;entre les morts.\u00a0\u00bb<\/span><\/p>\n<p>&nbsp;<\/p>\n","protected":false},"excerpt":{"rendered":"<p>Ecoute Mp3 : hom\u00e9lie Ep\u00eetre: St Paul aux Th\u00e9ssaloniciens 1,4,1-7 Enfin, fr\u00e8res, vous avez appris de nous comment vous devez vous conduire pour plaire \u00e0 Dieu. Certes, vous vous conduisez d\u00e9j\u00e0 ainsi. Mais maintenant, nous vous le demandons et vous &hellip; <a href=\"https:\/\/gallican-montbrison.fr\/wp\/?p=3830\">Continuer la lecture <span class=\"meta-nav\">&rarr;<\/span><\/a><\/p>\n","protected":false},"author":3,"featured_media":0,"comment_status":"closed","ping_status":"open","sticky":false,"template":"","format":"standard","meta":{"footnotes":""},"categories":[4],"tags":[100,27,182,70,138,98,52,23,140,87,6,17,180],"class_list":["post-3830","post","type-post","status-publish","format-standard","hentry","category-homelies","tag-bapteme","tag-celebration","tag-divorces","tag-eglise","tag-eglise-gallicane","tag-eucharistie","tag-evangile","tag-foi","tag-gallicane","tag-mariage","tag-messe","tag-oecumenisme-2","tag-remariage"],"yoast_head":"<!-- This site is optimized with the Yoast SEO plugin v25.6 - https:\/\/yoast.com\/wordpress\/plugins\/seo\/ -->\n<title>2\u00e8me Dimanche de car\u00eame - Chapelle Saint Michel Archange Montbrison<\/title>\n<meta name=\"robots\" content=\"index, follow, max-snippet:-1, max-image-preview:large, max-video-preview:-1\" \/>\n<link rel=\"canonical\" href=\"https:\/\/gallican-montbrison.fr\/wp\/?p=3830\" \/>\n<meta property=\"og:locale\" content=\"fr_FR\" \/>\n<meta property=\"og:type\" content=\"article\" \/>\n<meta property=\"og:title\" content=\"2\u00e8me Dimanche de car\u00eame - Chapelle Saint Michel Archange Montbrison\" \/>\n<meta property=\"og:description\" content=\"Ecoute Mp3 : hom\u00e9lie Ep\u00eetre: St Paul aux Th\u00e9ssaloniciens 1,4,1-7 Enfin, fr\u00e8res, vous avez appris de nous comment vous devez vous conduire pour plaire \u00e0 Dieu. Certes, vous vous conduisez d\u00e9j\u00e0 ainsi. Mais maintenant, nous vous le demandons et vous &hellip; Continuer la lecture &rarr;\" \/>\n<meta property=\"og:url\" content=\"https:\/\/gallican-montbrison.fr\/wp\/?p=3830\" \/>\n<meta property=\"og:site_name\" content=\"Chapelle Saint Michel Archange Montbrison\" \/>\n<meta property=\"article:publisher\" content=\"https:\/\/www.facebook.com\/people\/Eglise-Gallicane-Chapelle-Saint-Michel-Archange\/100064564306693\/\" \/>\n<meta property=\"article:published_time\" content=\"2015-03-02T16:27:20+00:00\" \/>\n<meta property=\"article:modified_time\" content=\"2015-03-27T10:15:29+00:00\" \/>\n<meta property=\"og:image\" content=\"http:\/\/gallican-montbrison.fr\/wp\/wp-content\/uploads\/2015\/03\/transfiguration-223x300.jpg\" \/>\n<meta name=\"author\" content=\"Colette\" \/>\n<meta name=\"twitter:card\" content=\"summary_large_image\" \/>\n<meta name=\"twitter:label1\" content=\"\u00c9crit par\" \/>\n\t<meta name=\"twitter:data1\" content=\"Colette\" \/>\n\t<meta name=\"twitter:label2\" content=\"Dur\u00e9e de lecture estim\u00e9e\" \/>\n\t<meta name=\"twitter:data2\" content=\"2 minutes\" \/>\n<script type=\"application\/ld+json\" class=\"yoast-schema-graph\">{\"@context\":\"https:\/\/schema.org\",\"@graph\":[{\"@type\":\"WebPage\",\"@id\":\"https:\/\/gallican-montbrison.fr\/wp\/?p=3830\",\"url\":\"https:\/\/gallican-montbrison.fr\/wp\/?p=3830\",\"name\":\"2\u00e8me Dimanche de car\u00eame - Chapelle Saint Michel Archange Montbrison\",\"isPartOf\":{\"@id\":\"https:\/\/gallican-montbrison.fr\/wp\/#website\"},\"primaryImageOfPage\":{\"@id\":\"https:\/\/gallican-montbrison.fr\/wp\/?p=3830#primaryimage\"},\"image\":{\"@id\":\"https:\/\/gallican-montbrison.fr\/wp\/?p=3830#primaryimage\"},\"thumbnailUrl\":\"http:\/\/gallican-montbrison.fr\/wp\/wp-content\/uploads\/2015\/03\/transfiguration-223x300.jpg\",\"datePublished\":\"2015-03-02T16:27:20+00:00\",\"dateModified\":\"2015-03-27T10:15:29+00:00\",\"author\":{\"@id\":\"https:\/\/gallican-montbrison.fr\/wp\/#\/schema\/person\/fc5571a40f7c79de2fb1b0cf72c089a4\"},\"breadcrumb\":{\"@id\":\"https:\/\/gallican-montbrison.fr\/wp\/?p=3830#breadcrumb\"},\"inLanguage\":\"fr-FR\",\"potentialAction\":[{\"@type\":\"ReadAction\",\"target\":[\"https:\/\/gallican-montbrison.fr\/wp\/?p=3830\"]}]},{\"@type\":\"ImageObject\",\"inLanguage\":\"fr-FR\",\"@id\":\"https:\/\/gallican-montbrison.fr\/wp\/?p=3830#primaryimage\",\"url\":\"https:\/\/gallican-montbrison.fr\/wp\/wp-content\/uploads\/2015\/03\/transfiguration.jpg\",\"contentUrl\":\"https:\/\/gallican-montbrison.fr\/wp\/wp-content\/uploads\/2015\/03\/transfiguration.jpg\",\"width\":383,\"height\":516},{\"@type\":\"BreadcrumbList\",\"@id\":\"https:\/\/gallican-montbrison.fr\/wp\/?p=3830#breadcrumb\",\"itemListElement\":[{\"@type\":\"ListItem\",\"position\":1,\"name\":\"Accueil\",\"item\":\"https:\/\/gallican-montbrison.fr\/wp\"},{\"@type\":\"ListItem\",\"position\":2,\"name\":\"2\u00e8me Dimanche de car\u00eame\"}]},{\"@type\":\"WebSite\",\"@id\":\"https:\/\/gallican-montbrison.fr\/wp\/#website\",\"url\":\"https:\/\/gallican-montbrison.fr\/wp\/\",\"name\":\"Chapelle Saint Michel Archange Montbrison\",\"description\":\"Eglise Gallicane, Tradition Apostolique de Gazinet\",\"potentialAction\":[{\"@type\":\"SearchAction\",\"target\":{\"@type\":\"EntryPoint\",\"urlTemplate\":\"https:\/\/gallican-montbrison.fr\/wp\/?s={search_term_string}\"},\"query-input\":{\"@type\":\"PropertyValueSpecification\",\"valueRequired\":true,\"valueName\":\"search_term_string\"}}],\"inLanguage\":\"fr-FR\"},{\"@type\":\"Person\",\"@id\":\"https:\/\/gallican-montbrison.fr\/wp\/#\/schema\/person\/fc5571a40f7c79de2fb1b0cf72c089a4\",\"name\":\"Colette\",\"url\":\"https:\/\/gallican-montbrison.fr\/wp\/?author=3\"}]}<\/script>\n<!-- \/ Yoast SEO plugin. -->","yoast_head_json":{"title":"2\u00e8me Dimanche de car\u00eame - Chapelle Saint Michel Archange Montbrison","robots":{"index":"index","follow":"follow","max-snippet":"max-snippet:-1","max-image-preview":"max-image-preview:large","max-video-preview":"max-video-preview:-1"},"canonical":"https:\/\/gallican-montbrison.fr\/wp\/?p=3830","og_locale":"fr_FR","og_type":"article","og_title":"2\u00e8me Dimanche de car\u00eame - Chapelle Saint Michel Archange Montbrison","og_description":"Ecoute Mp3 : hom\u00e9lie Ep\u00eetre: St Paul aux Th\u00e9ssaloniciens 1,4,1-7 Enfin, fr\u00e8res, vous avez appris de nous comment vous devez vous conduire pour plaire \u00e0 Dieu. Certes, vous vous conduisez d\u00e9j\u00e0 ainsi. Mais maintenant, nous vous le demandons et vous &hellip; Continuer la lecture &rarr;","og_url":"https:\/\/gallican-montbrison.fr\/wp\/?p=3830","og_site_name":"Chapelle Saint Michel Archange Montbrison","article_publisher":"https:\/\/www.facebook.com\/people\/Eglise-Gallicane-Chapelle-Saint-Michel-Archange\/100064564306693\/","article_published_time":"2015-03-02T16:27:20+00:00","article_modified_time":"2015-03-27T10:15:29+00:00","og_image":[{"url":"http:\/\/gallican-montbrison.fr\/wp\/wp-content\/uploads\/2015\/03\/transfiguration-223x300.jpg","type":"","width":"","height":""}],"author":"Colette","twitter_card":"summary_large_image","twitter_misc":{"\u00c9crit par":"Colette","Dur\u00e9e de lecture estim\u00e9e":"2 minutes"},"schema":{"@context":"https:\/\/schema.org","@graph":[{"@type":"WebPage","@id":"https:\/\/gallican-montbrison.fr\/wp\/?p=3830","url":"https:\/\/gallican-montbrison.fr\/wp\/?p=3830","name":"2\u00e8me Dimanche de car\u00eame - Chapelle Saint Michel Archange Montbrison","isPartOf":{"@id":"https:\/\/gallican-montbrison.fr\/wp\/#website"},"primaryImageOfPage":{"@id":"https:\/\/gallican-montbrison.fr\/wp\/?p=3830#primaryimage"},"image":{"@id":"https:\/\/gallican-montbrison.fr\/wp\/?p=3830#primaryimage"},"thumbnailUrl":"http:\/\/gallican-montbrison.fr\/wp\/wp-content\/uploads\/2015\/03\/transfiguration-223x300.jpg","datePublished":"2015-03-02T16:27:20+00:00","dateModified":"2015-03-27T10:15:29+00:00","author":{"@id":"https:\/\/gallican-montbrison.fr\/wp\/#\/schema\/person\/fc5571a40f7c79de2fb1b0cf72c089a4"},"breadcrumb":{"@id":"https:\/\/gallican-montbrison.fr\/wp\/?p=3830#breadcrumb"},"inLanguage":"fr-FR","potentialAction":[{"@type":"ReadAction","target":["https:\/\/gallican-montbrison.fr\/wp\/?p=3830"]}]},{"@type":"ImageObject","inLanguage":"fr-FR","@id":"https:\/\/gallican-montbrison.fr\/wp\/?p=3830#primaryimage","url":"https:\/\/gallican-montbrison.fr\/wp\/wp-content\/uploads\/2015\/03\/transfiguration.jpg","contentUrl":"https:\/\/gallican-montbrison.fr\/wp\/wp-content\/uploads\/2015\/03\/transfiguration.jpg","width":383,"height":516},{"@type":"BreadcrumbList","@id":"https:\/\/gallican-montbrison.fr\/wp\/?p=3830#breadcrumb","itemListElement":[{"@type":"ListItem","position":1,"name":"Accueil","item":"https:\/\/gallican-montbrison.fr\/wp"},{"@type":"ListItem","position":2,"name":"2\u00e8me Dimanche de car\u00eame"}]},{"@type":"WebSite","@id":"https:\/\/gallican-montbrison.fr\/wp\/#website","url":"https:\/\/gallican-montbrison.fr\/wp\/","name":"Chapelle Saint Michel Archange Montbrison","description":"Eglise Gallicane, Tradition Apostolique de Gazinet","potentialAction":[{"@type":"SearchAction","target":{"@type":"EntryPoint","urlTemplate":"https:\/\/gallican-montbrison.fr\/wp\/?s={search_term_string}"},"query-input":{"@type":"PropertyValueSpecification","valueRequired":true,"valueName":"search_term_string"}}],"inLanguage":"fr-FR"},{"@type":"Person","@id":"https:\/\/gallican-montbrison.fr\/wp\/#\/schema\/person\/fc5571a40f7c79de2fb1b0cf72c089a4","name":"Colette","url":"https:\/\/gallican-montbrison.fr\/wp\/?author=3"}]}},"_links":{"self":[{"href":"https:\/\/gallican-montbrison.fr\/wp\/index.php?rest_route=\/wp\/v2\/posts\/3830"}],"collection":[{"href":"https:\/\/gallican-montbrison.fr\/wp\/index.php?rest_route=\/wp\/v2\/posts"}],"about":[{"href":"https:\/\/gallican-montbrison.fr\/wp\/index.php?rest_route=\/wp\/v2\/types\/post"}],"author":[{"embeddable":true,"href":"https:\/\/gallican-montbrison.fr\/wp\/index.php?rest_route=\/wp\/v2\/users\/3"}],"replies":[{"embeddable":true,"href":"https:\/\/gallican-montbrison.fr\/wp\/index.php?rest_route=%2Fwp%2Fv2%2Fcomments&post=3830"}],"version-history":[{"count":5,"href":"https:\/\/gallican-montbrison.fr\/wp\/index.php?rest_route=\/wp\/v2\/posts\/3830\/revisions"}],"predecessor-version":[{"id":3837,"href":"https:\/\/gallican-montbrison.fr\/wp\/index.php?rest_route=\/wp\/v2\/posts\/3830\/revisions\/3837"}],"wp:attachment":[{"href":"https:\/\/gallican-montbrison.fr\/wp\/index.php?rest_route=%2Fwp%2Fv2%2Fmedia&parent=3830"}],"wp:term":[{"taxonomy":"category","embeddable":true,"href":"https:\/\/gallican-montbrison.fr\/wp\/index.php?rest_route=%2Fwp%2Fv2%2Fcategories&post=3830"},{"taxonomy":"post_tag","embeddable":true,"href":"https:\/\/gallican-montbrison.fr\/wp\/index.php?rest_route=%2Fwp%2Fv2%2Ftags&post=3830"}],"curies":[{"name":"wp","href":"https:\/\/api.w.org\/{rel}","templated":true}]}}