{"id":3846,"date":"2015-03-08T12:30:37","date_gmt":"2015-03-08T11:30:37","guid":{"rendered":"http:\/\/gallican-montbrison.fr\/wp\/?p=3846"},"modified":"2015-03-09T18:18:57","modified_gmt":"2015-03-09T17:18:57","slug":"jmp-journee-mondiale-de-priere-2015","status":"publish","type":"post","link":"https:\/\/gallican-montbrison.fr\/wp\/?p=3846","title":{"rendered":"JMP: Journ\u00e9e Mondiale de Pri\u00e8re 2015"},"content":{"rendered":"<p style=\"text-align: left;\">Cette ann\u00e9e la JMP a eu lieu le vendredi 6 Mars. Ce jour-l\u00e0, les femmes chr\u00e9tiennes des Iles Bahamas ont propos\u00e9 \u00e0 la pri\u00e8re oecum\u00e9nique une c\u00e9l\u00e9bration dont le th\u00e8me \u00e9tait<\/p>\n<p style=\"text-align: center;\"><strong><span style=\"color: #ff9900;\">\u00ab\u00a0Comprenez ce que j&rsquo;ai fait pour vous\u00a0\u00bb<\/span><\/strong><\/p>\n<p style=\"text-align: center;\">en r\u00e9f\u00e9rence \u00e0 l&rsquo;Evangile de St Jean qui relate \u00ab\u00a0le lavement des pieds\u00a0\u00bb des ap\u00f4tres par J\u00e9sus<\/p>\n<p><a href=\"http:\/\/gallican-montbrison.fr\/wp\/wp-content\/uploads\/2015\/03\/JMP-2014.jpg\"><img loading=\"lazy\" decoding=\"async\" class=\"size-medium wp-image-3848 aligncenter\" src=\"http:\/\/gallican-montbrison.fr\/wp\/wp-content\/uploads\/2015\/03\/JMP-2014-237x300.jpg\" alt=\"JMP 2014\" width=\"237\" height=\"300\" \/><\/a><\/p>\n<p><img loading=\"lazy\" decoding=\"async\" class=\" size-thumbnail wp-image-3860 alignleft\" src=\"http:\/\/gallican-montbrison.fr\/wp\/wp-content\/uploads\/2015\/03\/DSC06854-1-150x150.jpg\" alt=\"DSC06854-1\" width=\"150\" height=\"150\" \/><a href=\"http:\/\/gallican-montbrison.fr\/wp\/wp-content\/uploads\/2015\/03\/lavement-des-pieds.jpg\"><img loading=\"lazy\" decoding=\"async\" class=\" size-thumbnail wp-image-3861 alignleft\" src=\"http:\/\/gallican-montbrison.fr\/wp\/wp-content\/uploads\/2015\/03\/lavement-des-pieds-150x150.jpg\" alt=\"lavement des pieds\" width=\"150\" height=\"150\" \/><\/a><a href=\"http:\/\/gallican-montbrison.fr\/wp\/wp-content\/uploads\/2015\/03\/DSC06851-1.jpg\"><img loading=\"lazy\" decoding=\"async\" class=\" size-thumbnail wp-image-3858 alignleft\" src=\"http:\/\/gallican-montbrison.fr\/wp\/wp-content\/uploads\/2015\/03\/DSC06851-1-150x150.jpg\" alt=\"DSC06851-1\" width=\"150\" height=\"150\" \/><\/a><\/p>\n<p>&nbsp;<\/p>\n<p>&nbsp;<\/p>\n<p>&nbsp;<\/p>\n<p>&nbsp;<\/p>\n<p>A Montbrison, les communaut\u00e9s Protestante Unie, Catholique romaine et Gallicane ont \u00e9t\u00e9 accueillies en la chapelle du monast\u00e8re des Soeurs Clarisses afin de vivre ce moment o\u00f9 nous confessons ensemble notre Foi en J\u00e9sus-Christ, o\u00f9 nous partageons les pr\u00e9occupations des femmes du pays organisateur, o\u00f9 nous vivons une solidarit\u00e9 dans l&rsquo;action et posons des signes d&rsquo;unit\u00e9. Malgr\u00e9 les distances qui nous s\u00e9parent, cette journ\u00e9e, pri\u00e9e dans plus de 180 pays, unit des femmes de cultures et de confessions diff\u00e9rentes dans le respect et la compr\u00e9hension mutuelle.<\/p>\n<p>Nous affirmons aussi ensemble que pri\u00e8re et action jouent un r\u00f4le essentiel dans le monde et ne peuvent \u00eatre dissoci\u00e9es. Les dons r\u00e9colt\u00e9s cette ann\u00e9e de par le monde serviront aux diff\u00e9rents centres des Bahamas qui accueillent, soutiennent et aident mat\u00e9riellement des femmes malades du sida ou du cancer, des jeunes m\u00e8res c\u00e9libataires ou des femmes victimes de violences conjugales.<\/p>\n<p>&nbsp;<\/p>\n<p>&nbsp;<\/p>\n","protected":false},"excerpt":{"rendered":"<p>Cette ann\u00e9e la JMP a eu lieu le vendredi 6 Mars. Ce jour-l\u00e0, les femmes chr\u00e9tiennes des Iles Bahamas ont propos\u00e9 \u00e0 la pri\u00e8re oecum\u00e9nique une c\u00e9l\u00e9bration dont le th\u00e8me \u00e9tait \u00ab\u00a0Comprenez ce que j&rsquo;ai fait pour vous\u00a0\u00bb en r\u00e9f\u00e9rence &hellip; <a href=\"https:\/\/gallican-montbrison.fr\/wp\/?p=3846\">Continuer la lecture <span class=\"meta-nav\">&rarr;<\/span><\/a><\/p>\n","protected":false},"author":3,"featured_media":0,"comment_status":"closed","ping_status":"open","sticky":false,"template":"","format":"standard","meta":{"footnotes":""},"categories":[5],"tags":[100,88,26,46,181,182,70,98,52,45,87,50,17,41,180,44],"class_list":["post-3846","post","type-post","status-publish","format-standard","hentry","category-vie-de-la-chapelle","tag-bapteme","tag-benediction","tag-chapelle","tag-christ","tag-divorce","tag-divorces","tag-eglise","tag-eucharistie","tag-evangile","tag-jesus","tag-mariage","tag-montbrison","tag-oecumenisme-2","tag-religion","tag-remariage","tag-seigneur"],"yoast_head":"<!-- This site is optimized with the Yoast SEO plugin v25.6 - https:\/\/yoast.com\/wordpress\/plugins\/seo\/ -->\n<title>JMP: Journ\u00e9e Mondiale de Pri\u00e8re 2015 - Chapelle Saint Michel Archange Montbrison<\/title>\n<meta name=\"robots\" content=\"index, follow, max-snippet:-1, max-image-preview:large, max-video-preview:-1\" \/>\n<link rel=\"canonical\" href=\"https:\/\/gallican-montbrison.fr\/wp\/?p=3846\" \/>\n<meta property=\"og:locale\" content=\"fr_FR\" \/>\n<meta property=\"og:type\" content=\"article\" \/>\n<meta property=\"og:title\" content=\"JMP: Journ\u00e9e Mondiale de Pri\u00e8re 2015 - Chapelle Saint Michel Archange Montbrison\" \/>\n<meta property=\"og:description\" content=\"Cette ann\u00e9e la JMP a eu lieu le vendredi 6 Mars. Ce jour-l\u00e0, les femmes chr\u00e9tiennes des Iles Bahamas ont propos\u00e9 \u00e0 la pri\u00e8re oecum\u00e9nique une c\u00e9l\u00e9bration dont le th\u00e8me \u00e9tait \u00ab\u00a0Comprenez ce que j&rsquo;ai fait pour vous\u00a0\u00bb en r\u00e9f\u00e9rence &hellip; Continuer la lecture &rarr;\" \/>\n<meta property=\"og:url\" content=\"https:\/\/gallican-montbrison.fr\/wp\/?p=3846\" \/>\n<meta property=\"og:site_name\" content=\"Chapelle Saint Michel Archange Montbrison\" \/>\n<meta property=\"article:publisher\" content=\"https:\/\/www.facebook.com\/people\/Eglise-Gallicane-Chapelle-Saint-Michel-Archange\/100064564306693\/\" \/>\n<meta property=\"article:published_time\" content=\"2015-03-08T11:30:37+00:00\" \/>\n<meta property=\"article:modified_time\" content=\"2015-03-09T17:18:57+00:00\" \/>\n<meta property=\"og:image\" content=\"http:\/\/gallican-montbrison.fr\/wp\/wp-content\/uploads\/2015\/03\/JMP-2014-237x300.jpg\" \/>\n<meta name=\"author\" content=\"Colette\" \/>\n<meta name=\"twitter:card\" content=\"summary_large_image\" \/>\n<meta name=\"twitter:label1\" content=\"\u00c9crit par\" \/>\n\t<meta name=\"twitter:data1\" content=\"Colette\" \/>\n\t<meta name=\"twitter:label2\" content=\"Dur\u00e9e de lecture estim\u00e9e\" \/>\n\t<meta name=\"twitter:data2\" content=\"1 minute\" \/>\n<script type=\"application\/ld+json\" class=\"yoast-schema-graph\">{\"@context\":\"https:\/\/schema.org\",\"@graph\":[{\"@type\":\"WebPage\",\"@id\":\"https:\/\/gallican-montbrison.fr\/wp\/?p=3846\",\"url\":\"https:\/\/gallican-montbrison.fr\/wp\/?p=3846\",\"name\":\"JMP: Journ\u00e9e Mondiale de Pri\u00e8re 2015 - Chapelle Saint Michel Archange Montbrison\",\"isPartOf\":{\"@id\":\"https:\/\/gallican-montbrison.fr\/wp\/#website\"},\"primaryImageOfPage\":{\"@id\":\"https:\/\/gallican-montbrison.fr\/wp\/?p=3846#primaryimage\"},\"image\":{\"@id\":\"https:\/\/gallican-montbrison.fr\/wp\/?p=3846#primaryimage\"},\"thumbnailUrl\":\"http:\/\/gallican-montbrison.fr\/wp\/wp-content\/uploads\/2015\/03\/JMP-2014-237x300.jpg\",\"datePublished\":\"2015-03-08T11:30:37+00:00\",\"dateModified\":\"2015-03-09T17:18:57+00:00\",\"author\":{\"@id\":\"https:\/\/gallican-montbrison.fr\/wp\/#\/schema\/person\/fc5571a40f7c79de2fb1b0cf72c089a4\"},\"breadcrumb\":{\"@id\":\"https:\/\/gallican-montbrison.fr\/wp\/?p=3846#breadcrumb\"},\"inLanguage\":\"fr-FR\",\"potentialAction\":[{\"@type\":\"ReadAction\",\"target\":[\"https:\/\/gallican-montbrison.fr\/wp\/?p=3846\"]}]},{\"@type\":\"ImageObject\",\"inLanguage\":\"fr-FR\",\"@id\":\"https:\/\/gallican-montbrison.fr\/wp\/?p=3846#primaryimage\",\"url\":\"https:\/\/gallican-montbrison.fr\/wp\/wp-content\/uploads\/2015\/03\/JMP-2014.jpg\",\"contentUrl\":\"https:\/\/gallican-montbrison.fr\/wp\/wp-content\/uploads\/2015\/03\/JMP-2014.jpg\",\"width\":237,\"height\":300},{\"@type\":\"BreadcrumbList\",\"@id\":\"https:\/\/gallican-montbrison.fr\/wp\/?p=3846#breadcrumb\",\"itemListElement\":[{\"@type\":\"ListItem\",\"position\":1,\"name\":\"Accueil\",\"item\":\"https:\/\/gallican-montbrison.fr\/wp\"},{\"@type\":\"ListItem\",\"position\":2,\"name\":\"JMP: Journ\u00e9e Mondiale de Pri\u00e8re 2015\"}]},{\"@type\":\"WebSite\",\"@id\":\"https:\/\/gallican-montbrison.fr\/wp\/#website\",\"url\":\"https:\/\/gallican-montbrison.fr\/wp\/\",\"name\":\"Chapelle Saint Michel Archange Montbrison\",\"description\":\"Eglise Gallicane, Tradition Apostolique de Gazinet\",\"potentialAction\":[{\"@type\":\"SearchAction\",\"target\":{\"@type\":\"EntryPoint\",\"urlTemplate\":\"https:\/\/gallican-montbrison.fr\/wp\/?s={search_term_string}\"},\"query-input\":{\"@type\":\"PropertyValueSpecification\",\"valueRequired\":true,\"valueName\":\"search_term_string\"}}],\"inLanguage\":\"fr-FR\"},{\"@type\":\"Person\",\"@id\":\"https:\/\/gallican-montbrison.fr\/wp\/#\/schema\/person\/fc5571a40f7c79de2fb1b0cf72c089a4\",\"name\":\"Colette\",\"url\":\"https:\/\/gallican-montbrison.fr\/wp\/?author=3\"}]}<\/script>\n<!-- \/ Yoast SEO plugin. -->","yoast_head_json":{"title":"JMP: Journ\u00e9e Mondiale de Pri\u00e8re 2015 - Chapelle Saint Michel Archange Montbrison","robots":{"index":"index","follow":"follow","max-snippet":"max-snippet:-1","max-image-preview":"max-image-preview:large","max-video-preview":"max-video-preview:-1"},"canonical":"https:\/\/gallican-montbrison.fr\/wp\/?p=3846","og_locale":"fr_FR","og_type":"article","og_title":"JMP: Journ\u00e9e Mondiale de Pri\u00e8re 2015 - Chapelle Saint Michel Archange Montbrison","og_description":"Cette ann\u00e9e la JMP a eu lieu le vendredi 6 Mars. Ce jour-l\u00e0, les femmes chr\u00e9tiennes des Iles Bahamas ont propos\u00e9 \u00e0 la pri\u00e8re oecum\u00e9nique une c\u00e9l\u00e9bration dont le th\u00e8me \u00e9tait \u00ab\u00a0Comprenez ce que j&rsquo;ai fait pour vous\u00a0\u00bb en r\u00e9f\u00e9rence &hellip; Continuer la lecture &rarr;","og_url":"https:\/\/gallican-montbrison.fr\/wp\/?p=3846","og_site_name":"Chapelle Saint Michel Archange Montbrison","article_publisher":"https:\/\/www.facebook.com\/people\/Eglise-Gallicane-Chapelle-Saint-Michel-Archange\/100064564306693\/","article_published_time":"2015-03-08T11:30:37+00:00","article_modified_time":"2015-03-09T17:18:57+00:00","og_image":[{"url":"http:\/\/gallican-montbrison.fr\/wp\/wp-content\/uploads\/2015\/03\/JMP-2014-237x300.jpg","type":"","width":"","height":""}],"author":"Colette","twitter_card":"summary_large_image","twitter_misc":{"\u00c9crit par":"Colette","Dur\u00e9e de lecture estim\u00e9e":"1 minute"},"schema":{"@context":"https:\/\/schema.org","@graph":[{"@type":"WebPage","@id":"https:\/\/gallican-montbrison.fr\/wp\/?p=3846","url":"https:\/\/gallican-montbrison.fr\/wp\/?p=3846","name":"JMP: Journ\u00e9e Mondiale de Pri\u00e8re 2015 - Chapelle Saint Michel Archange Montbrison","isPartOf":{"@id":"https:\/\/gallican-montbrison.fr\/wp\/#website"},"primaryImageOfPage":{"@id":"https:\/\/gallican-montbrison.fr\/wp\/?p=3846#primaryimage"},"image":{"@id":"https:\/\/gallican-montbrison.fr\/wp\/?p=3846#primaryimage"},"thumbnailUrl":"http:\/\/gallican-montbrison.fr\/wp\/wp-content\/uploads\/2015\/03\/JMP-2014-237x300.jpg","datePublished":"2015-03-08T11:30:37+00:00","dateModified":"2015-03-09T17:18:57+00:00","author":{"@id":"https:\/\/gallican-montbrison.fr\/wp\/#\/schema\/person\/fc5571a40f7c79de2fb1b0cf72c089a4"},"breadcrumb":{"@id":"https:\/\/gallican-montbrison.fr\/wp\/?p=3846#breadcrumb"},"inLanguage":"fr-FR","potentialAction":[{"@type":"ReadAction","target":["https:\/\/gallican-montbrison.fr\/wp\/?p=3846"]}]},{"@type":"ImageObject","inLanguage":"fr-FR","@id":"https:\/\/gallican-montbrison.fr\/wp\/?p=3846#primaryimage","url":"https:\/\/gallican-montbrison.fr\/wp\/wp-content\/uploads\/2015\/03\/JMP-2014.jpg","contentUrl":"https:\/\/gallican-montbrison.fr\/wp\/wp-content\/uploads\/2015\/03\/JMP-2014.jpg","width":237,"height":300},{"@type":"BreadcrumbList","@id":"https:\/\/gallican-montbrison.fr\/wp\/?p=3846#breadcrumb","itemListElement":[{"@type":"ListItem","position":1,"name":"Accueil","item":"https:\/\/gallican-montbrison.fr\/wp"},{"@type":"ListItem","position":2,"name":"JMP: Journ\u00e9e Mondiale de Pri\u00e8re 2015"}]},{"@type":"WebSite","@id":"https:\/\/gallican-montbrison.fr\/wp\/#website","url":"https:\/\/gallican-montbrison.fr\/wp\/","name":"Chapelle Saint Michel Archange Montbrison","description":"Eglise Gallicane, Tradition Apostolique de Gazinet","potentialAction":[{"@type":"SearchAction","target":{"@type":"EntryPoint","urlTemplate":"https:\/\/gallican-montbrison.fr\/wp\/?s={search_term_string}"},"query-input":{"@type":"PropertyValueSpecification","valueRequired":true,"valueName":"search_term_string"}}],"inLanguage":"fr-FR"},{"@type":"Person","@id":"https:\/\/gallican-montbrison.fr\/wp\/#\/schema\/person\/fc5571a40f7c79de2fb1b0cf72c089a4","name":"Colette","url":"https:\/\/gallican-montbrison.fr\/wp\/?author=3"}]}},"_links":{"self":[{"href":"https:\/\/gallican-montbrison.fr\/wp\/index.php?rest_route=\/wp\/v2\/posts\/3846"}],"collection":[{"href":"https:\/\/gallican-montbrison.fr\/wp\/index.php?rest_route=\/wp\/v2\/posts"}],"about":[{"href":"https:\/\/gallican-montbrison.fr\/wp\/index.php?rest_route=\/wp\/v2\/types\/post"}],"author":[{"embeddable":true,"href":"https:\/\/gallican-montbrison.fr\/wp\/index.php?rest_route=\/wp\/v2\/users\/3"}],"replies":[{"embeddable":true,"href":"https:\/\/gallican-montbrison.fr\/wp\/index.php?rest_route=%2Fwp%2Fv2%2Fcomments&post=3846"}],"version-history":[{"count":11,"href":"https:\/\/gallican-montbrison.fr\/wp\/index.php?rest_route=\/wp\/v2\/posts\/3846\/revisions"}],"predecessor-version":[{"id":3872,"href":"https:\/\/gallican-montbrison.fr\/wp\/index.php?rest_route=\/wp\/v2\/posts\/3846\/revisions\/3872"}],"wp:attachment":[{"href":"https:\/\/gallican-montbrison.fr\/wp\/index.php?rest_route=%2Fwp%2Fv2%2Fmedia&parent=3846"}],"wp:term":[{"taxonomy":"category","embeddable":true,"href":"https:\/\/gallican-montbrison.fr\/wp\/index.php?rest_route=%2Fwp%2Fv2%2Fcategories&post=3846"},{"taxonomy":"post_tag","embeddable":true,"href":"https:\/\/gallican-montbrison.fr\/wp\/index.php?rest_route=%2Fwp%2Fv2%2Ftags&post=3846"}],"curies":[{"name":"wp","href":"https:\/\/api.w.org\/{rel}","templated":true}]}}