{"id":3975,"date":"2015-05-13T15:10:09","date_gmt":"2015-05-13T13:10:09","guid":{"rendered":"http:\/\/gallican-montbrison.fr\/wp\/?p=3975"},"modified":"2015-05-13T15:26:32","modified_gmt":"2015-05-13T13:26:32","slug":"je-vais-a-mon-pere","status":"publish","type":"post","link":"https:\/\/gallican-montbrison.fr\/wp\/?p=3975","title":{"rendered":"\u00ab\u00a0Je vais \u00e0 mon P\u00e8re&#8230;\u00a0\u00bb"},"content":{"rendered":"<p><strong><span style=\"color: #ff6600;\"><a href=\"http:\/\/gallican-montbrison.fr\/wp\/wp-content\/uploads\/2015\/05\/ascension7.jpg\"><img loading=\"lazy\" decoding=\"async\" class=\" size-medium wp-image-3981 alignleft\" src=\"http:\/\/gallican-montbrison.fr\/wp\/wp-content\/uploads\/2015\/05\/ascension7-300x300.jpg\" alt=\"ascension7\" width=\"300\" height=\"300\" srcset=\"https:\/\/gallican-montbrison.fr\/wp\/wp-content\/uploads\/2015\/05\/ascension7-300x300.jpg 300w, https:\/\/gallican-montbrison.fr\/wp\/wp-content\/uploads\/2015\/05\/ascension7-150x150.jpg 150w, https:\/\/gallican-montbrison.fr\/wp\/wp-content\/uploads\/2015\/05\/ascension7.jpg 351w\" sizes=\"(max-width: 300px) 100vw, 300px\" \/><\/a><\/span><\/strong><strong><span style=\"color: #ff6600;\">Ecoute mp3 :<\/span><\/strong> <a href=\"http:\/\/gallican-montbrison.fr\/wp\/wp-content\/uploads\/2015\/05\/14-HomA\u0303\u00a9lie-5e-dim-aprA\u0303\u00a8s-PA\u0303\u00a2ques-2015-.mp3\">Hom\u00e9lie 5\u00e8me Dimanche apr\u00e8s P\u00e2ques<\/a><\/p>\n<p><strong><span style=\"color: #993366;\">Ep\u00eetre: Ap\u00f4tre Jacques 1,22-27<\/span><\/strong><\/p>\n<p><span style=\"color: #993366;\">Ne vous faites pas des illusions sur vous-m\u00eames en vous contentant d&rsquo;\u00e9couter la parole de Dieu\u00a0; mettez-la r\u00e9ellement en pratique. Car celui qui \u00e9coute la parole sans la mettre en pratique ressemble \u00e0 un homme qui se regarde dans un miroir et se voit tel qu&rsquo;il est. Apr\u00e8s s&rsquo;\u00eatre regard\u00e9, il s&rsquo;en va et oublie aussit\u00f4t comment il est. En revanche, il y a celui qui examine attentivement la loi parfaite qui nous procure la libert\u00e9, et il s&rsquo;y attache fid\u00e8lement\u00a0; il ne se contente pas de l&rsquo;\u00e9couter pour l&rsquo;oublier ensuite, mais il la met en pratique. Eh bien, celui-l\u00e0 sera b\u00e9ni dans tout ce qu&rsquo;il fait.<\/span><\/p>\n<p><span style=\"color: #993366;\">Si quelqu&rsquo;un croit \u00eatre religieux et ne sait pas ma\u00eetriser sa langue, il se trompe lui-m\u00eame\u00a0: sa religion ne vaut rien.\u00a0 Voici ce que Dieu, le P\u00e8re, consid\u00e8re comme la religion pure et authentique\u00a0: prendre soin des orphelins et des veuves dans leur d\u00e9tresse, et se garder de toute tache due \u00e0 l&rsquo;influence de ce monde.<\/span><\/p>\n<p>&nbsp;<\/p>\n<p><strong><span style=\"color: #993366;\">Evangile : St Jean 16,23-30<\/span><\/strong><\/p>\n<p><span style=\"color: #993366;\">\u00ab\u00a0Quand viendra ce jour, vous ne m&rsquo;interrogerez plus sur rien. Oui, je vous le d\u00e9clare, c&rsquo;est la v\u00e9rit\u00e9\u00a0: le P\u00e8re vous donnera tout ce que vous lui demanderez en mon nom<sup>. <\/sup>Jusqu&rsquo;\u00e0 maintenant, vous n&rsquo;avez rien demand\u00e9 en mon nom. Demandez et vous recevrez, et ainsi votre joie sera compl\u00e8te.\u00a0\u00bb<\/span><\/p>\n<p><span style=\"color: #993366;\">\u00ab\u00a0Je vous ai dit tout cela en utilisant des paraboles. Le moment viendra o\u00f9 je ne vous parlerai plus ainsi, mais o\u00f9 je vous annoncerai clairement ce qui se rapporte au P\u00e8re. Ce jour-l\u00e0, vous adresserez vos demandes au P\u00e8re en mon nom\u00a0; et je ne vous dis pas que je le prierai pour vous, car le P\u00e8re lui-m\u00eame vous aime. Il vous aime parce que vous m&rsquo;aimez et que vous croyez que je suis venu de Dieu. Je suis venu du P\u00e8re et je suis arriv\u00e9 dans le monde. Maintenant je quitte le monde et je retourne aupr\u00e8s du P\u00e8re.\u00a0\u00bb Ses disciples lui dirent alors\u00a0: \u00ab\u00a0Voil\u00e0, maintenant tu parles clairement, sans utiliser de paraboles. Maintenant nous savons que tu connais tout et que tu n&rsquo;as pas besoin d&rsquo;attendre qu&rsquo;on t&rsquo;interroge. C&rsquo;est pourquoi nous croyons que tu es venu de Dieu.\u00a0\u00bb<\/span><\/p>\n<p>&nbsp;<\/p>\n","protected":false},"excerpt":{"rendered":"<p>Ecoute mp3 : Hom\u00e9lie 5\u00e8me Dimanche apr\u00e8s P\u00e2ques Ep\u00eetre: Ap\u00f4tre Jacques 1,22-27 Ne vous faites pas des illusions sur vous-m\u00eames en vous contentant d&rsquo;\u00e9couter la parole de Dieu\u00a0; mettez-la r\u00e9ellement en pratique. Car celui qui \u00e9coute la parole sans la &hellip; <a href=\"https:\/\/gallican-montbrison.fr\/wp\/?p=3975\">Continuer la lecture <span class=\"meta-nav\">&rarr;<\/span><\/a><\/p>\n","protected":false},"author":3,"featured_media":0,"comment_status":"closed","ping_status":"open","sticky":false,"template":"","format":"standard","meta":{"footnotes":""},"categories":[4],"tags":[88,27,26,24,181,182,70,138,98,52,140,87,6,50,17,180],"class_list":["post-3975","post","type-post","status-publish","format-standard","hentry","category-homelies","tag-benediction","tag-celebration","tag-chapelle","tag-dieu","tag-divorce","tag-divorces","tag-eglise","tag-eglise-gallicane","tag-eucharistie","tag-evangile","tag-gallicane","tag-mariage","tag-messe","tag-montbrison","tag-oecumenisme-2","tag-remariage"],"yoast_head":"<!-- This site is optimized with the Yoast SEO plugin v25.6 - https:\/\/yoast.com\/wordpress\/plugins\/seo\/ -->\n<title>&quot;Je vais \u00e0 mon P\u00e8re...&quot; - Chapelle Saint Michel Archange Montbrison<\/title>\n<meta name=\"robots\" content=\"index, follow, max-snippet:-1, max-image-preview:large, max-video-preview:-1\" \/>\n<link rel=\"canonical\" href=\"https:\/\/gallican-montbrison.fr\/wp\/?p=3975\" \/>\n<meta property=\"og:locale\" content=\"fr_FR\" \/>\n<meta property=\"og:type\" content=\"article\" \/>\n<meta property=\"og:title\" content=\"&quot;Je vais \u00e0 mon P\u00e8re...&quot; - Chapelle Saint Michel Archange Montbrison\" \/>\n<meta property=\"og:description\" content=\"Ecoute mp3 : Hom\u00e9lie 5\u00e8me Dimanche apr\u00e8s P\u00e2ques Ep\u00eetre: Ap\u00f4tre Jacques 1,22-27 Ne vous faites pas des illusions sur vous-m\u00eames en vous contentant d&rsquo;\u00e9couter la parole de Dieu\u00a0; mettez-la r\u00e9ellement en pratique. Car celui qui \u00e9coute la parole sans la &hellip; Continuer la lecture &rarr;\" \/>\n<meta property=\"og:url\" content=\"https:\/\/gallican-montbrison.fr\/wp\/?p=3975\" \/>\n<meta property=\"og:site_name\" content=\"Chapelle Saint Michel Archange Montbrison\" \/>\n<meta property=\"article:publisher\" content=\"https:\/\/www.facebook.com\/people\/Eglise-Gallicane-Chapelle-Saint-Michel-Archange\/100064564306693\/\" \/>\n<meta property=\"article:published_time\" content=\"2015-05-13T13:10:09+00:00\" \/>\n<meta property=\"article:modified_time\" content=\"2015-05-13T13:26:32+00:00\" \/>\n<meta property=\"og:image\" content=\"http:\/\/gallican-montbrison.fr\/wp\/wp-content\/uploads\/2015\/05\/ascension7-300x300.jpg\" \/>\n<meta name=\"author\" content=\"Colette\" \/>\n<meta name=\"twitter:card\" content=\"summary_large_image\" \/>\n<meta name=\"twitter:label1\" content=\"\u00c9crit par\" \/>\n\t<meta name=\"twitter:data1\" content=\"Colette\" \/>\n\t<meta name=\"twitter:label2\" content=\"Dur\u00e9e de lecture estim\u00e9e\" \/>\n\t<meta name=\"twitter:data2\" content=\"2 minutes\" \/>\n<script type=\"application\/ld+json\" class=\"yoast-schema-graph\">{\"@context\":\"https:\/\/schema.org\",\"@graph\":[{\"@type\":\"WebPage\",\"@id\":\"https:\/\/gallican-montbrison.fr\/wp\/?p=3975\",\"url\":\"https:\/\/gallican-montbrison.fr\/wp\/?p=3975\",\"name\":\"\\\"Je vais \u00e0 mon P\u00e8re...\\\" - Chapelle Saint Michel Archange Montbrison\",\"isPartOf\":{\"@id\":\"https:\/\/gallican-montbrison.fr\/wp\/#website\"},\"primaryImageOfPage\":{\"@id\":\"https:\/\/gallican-montbrison.fr\/wp\/?p=3975#primaryimage\"},\"image\":{\"@id\":\"https:\/\/gallican-montbrison.fr\/wp\/?p=3975#primaryimage\"},\"thumbnailUrl\":\"http:\/\/gallican-montbrison.fr\/wp\/wp-content\/uploads\/2015\/05\/ascension7-300x300.jpg\",\"datePublished\":\"2015-05-13T13:10:09+00:00\",\"dateModified\":\"2015-05-13T13:26:32+00:00\",\"author\":{\"@id\":\"https:\/\/gallican-montbrison.fr\/wp\/#\/schema\/person\/fc5571a40f7c79de2fb1b0cf72c089a4\"},\"breadcrumb\":{\"@id\":\"https:\/\/gallican-montbrison.fr\/wp\/?p=3975#breadcrumb\"},\"inLanguage\":\"fr-FR\",\"potentialAction\":[{\"@type\":\"ReadAction\",\"target\":[\"https:\/\/gallican-montbrison.fr\/wp\/?p=3975\"]}]},{\"@type\":\"ImageObject\",\"inLanguage\":\"fr-FR\",\"@id\":\"https:\/\/gallican-montbrison.fr\/wp\/?p=3975#primaryimage\",\"url\":\"https:\/\/gallican-montbrison.fr\/wp\/wp-content\/uploads\/2015\/05\/ascension7.jpg\",\"contentUrl\":\"https:\/\/gallican-montbrison.fr\/wp\/wp-content\/uploads\/2015\/05\/ascension7.jpg\",\"width\":351,\"height\":352},{\"@type\":\"BreadcrumbList\",\"@id\":\"https:\/\/gallican-montbrison.fr\/wp\/?p=3975#breadcrumb\",\"itemListElement\":[{\"@type\":\"ListItem\",\"position\":1,\"name\":\"Accueil\",\"item\":\"https:\/\/gallican-montbrison.fr\/wp\"},{\"@type\":\"ListItem\",\"position\":2,\"name\":\"\u00ab\u00a0Je vais \u00e0 mon P\u00e8re&#8230;\u00a0\u00bb\"}]},{\"@type\":\"WebSite\",\"@id\":\"https:\/\/gallican-montbrison.fr\/wp\/#website\",\"url\":\"https:\/\/gallican-montbrison.fr\/wp\/\",\"name\":\"Chapelle Saint Michel Archange Montbrison\",\"description\":\"Eglise Gallicane, Tradition Apostolique de Gazinet\",\"potentialAction\":[{\"@type\":\"SearchAction\",\"target\":{\"@type\":\"EntryPoint\",\"urlTemplate\":\"https:\/\/gallican-montbrison.fr\/wp\/?s={search_term_string}\"},\"query-input\":{\"@type\":\"PropertyValueSpecification\",\"valueRequired\":true,\"valueName\":\"search_term_string\"}}],\"inLanguage\":\"fr-FR\"},{\"@type\":\"Person\",\"@id\":\"https:\/\/gallican-montbrison.fr\/wp\/#\/schema\/person\/fc5571a40f7c79de2fb1b0cf72c089a4\",\"name\":\"Colette\",\"url\":\"https:\/\/gallican-montbrison.fr\/wp\/?author=3\"}]}<\/script>\n<!-- \/ Yoast SEO plugin. -->","yoast_head_json":{"title":"\"Je vais \u00e0 mon P\u00e8re...\" - Chapelle Saint Michel Archange Montbrison","robots":{"index":"index","follow":"follow","max-snippet":"max-snippet:-1","max-image-preview":"max-image-preview:large","max-video-preview":"max-video-preview:-1"},"canonical":"https:\/\/gallican-montbrison.fr\/wp\/?p=3975","og_locale":"fr_FR","og_type":"article","og_title":"\"Je vais \u00e0 mon P\u00e8re...\" - Chapelle Saint Michel Archange Montbrison","og_description":"Ecoute mp3 : Hom\u00e9lie 5\u00e8me Dimanche apr\u00e8s P\u00e2ques Ep\u00eetre: Ap\u00f4tre Jacques 1,22-27 Ne vous faites pas des illusions sur vous-m\u00eames en vous contentant d&rsquo;\u00e9couter la parole de Dieu\u00a0; mettez-la r\u00e9ellement en pratique. Car celui qui \u00e9coute la parole sans la &hellip; Continuer la lecture &rarr;","og_url":"https:\/\/gallican-montbrison.fr\/wp\/?p=3975","og_site_name":"Chapelle Saint Michel Archange Montbrison","article_publisher":"https:\/\/www.facebook.com\/people\/Eglise-Gallicane-Chapelle-Saint-Michel-Archange\/100064564306693\/","article_published_time":"2015-05-13T13:10:09+00:00","article_modified_time":"2015-05-13T13:26:32+00:00","og_image":[{"url":"http:\/\/gallican-montbrison.fr\/wp\/wp-content\/uploads\/2015\/05\/ascension7-300x300.jpg","type":"","width":"","height":""}],"author":"Colette","twitter_card":"summary_large_image","twitter_misc":{"\u00c9crit par":"Colette","Dur\u00e9e de lecture estim\u00e9e":"2 minutes"},"schema":{"@context":"https:\/\/schema.org","@graph":[{"@type":"WebPage","@id":"https:\/\/gallican-montbrison.fr\/wp\/?p=3975","url":"https:\/\/gallican-montbrison.fr\/wp\/?p=3975","name":"\"Je vais \u00e0 mon P\u00e8re...\" - Chapelle Saint Michel Archange Montbrison","isPartOf":{"@id":"https:\/\/gallican-montbrison.fr\/wp\/#website"},"primaryImageOfPage":{"@id":"https:\/\/gallican-montbrison.fr\/wp\/?p=3975#primaryimage"},"image":{"@id":"https:\/\/gallican-montbrison.fr\/wp\/?p=3975#primaryimage"},"thumbnailUrl":"http:\/\/gallican-montbrison.fr\/wp\/wp-content\/uploads\/2015\/05\/ascension7-300x300.jpg","datePublished":"2015-05-13T13:10:09+00:00","dateModified":"2015-05-13T13:26:32+00:00","author":{"@id":"https:\/\/gallican-montbrison.fr\/wp\/#\/schema\/person\/fc5571a40f7c79de2fb1b0cf72c089a4"},"breadcrumb":{"@id":"https:\/\/gallican-montbrison.fr\/wp\/?p=3975#breadcrumb"},"inLanguage":"fr-FR","potentialAction":[{"@type":"ReadAction","target":["https:\/\/gallican-montbrison.fr\/wp\/?p=3975"]}]},{"@type":"ImageObject","inLanguage":"fr-FR","@id":"https:\/\/gallican-montbrison.fr\/wp\/?p=3975#primaryimage","url":"https:\/\/gallican-montbrison.fr\/wp\/wp-content\/uploads\/2015\/05\/ascension7.jpg","contentUrl":"https:\/\/gallican-montbrison.fr\/wp\/wp-content\/uploads\/2015\/05\/ascension7.jpg","width":351,"height":352},{"@type":"BreadcrumbList","@id":"https:\/\/gallican-montbrison.fr\/wp\/?p=3975#breadcrumb","itemListElement":[{"@type":"ListItem","position":1,"name":"Accueil","item":"https:\/\/gallican-montbrison.fr\/wp"},{"@type":"ListItem","position":2,"name":"\u00ab\u00a0Je vais \u00e0 mon P\u00e8re&#8230;\u00a0\u00bb"}]},{"@type":"WebSite","@id":"https:\/\/gallican-montbrison.fr\/wp\/#website","url":"https:\/\/gallican-montbrison.fr\/wp\/","name":"Chapelle Saint Michel Archange Montbrison","description":"Eglise Gallicane, Tradition Apostolique de Gazinet","potentialAction":[{"@type":"SearchAction","target":{"@type":"EntryPoint","urlTemplate":"https:\/\/gallican-montbrison.fr\/wp\/?s={search_term_string}"},"query-input":{"@type":"PropertyValueSpecification","valueRequired":true,"valueName":"search_term_string"}}],"inLanguage":"fr-FR"},{"@type":"Person","@id":"https:\/\/gallican-montbrison.fr\/wp\/#\/schema\/person\/fc5571a40f7c79de2fb1b0cf72c089a4","name":"Colette","url":"https:\/\/gallican-montbrison.fr\/wp\/?author=3"}]}},"_links":{"self":[{"href":"https:\/\/gallican-montbrison.fr\/wp\/index.php?rest_route=\/wp\/v2\/posts\/3975"}],"collection":[{"href":"https:\/\/gallican-montbrison.fr\/wp\/index.php?rest_route=\/wp\/v2\/posts"}],"about":[{"href":"https:\/\/gallican-montbrison.fr\/wp\/index.php?rest_route=\/wp\/v2\/types\/post"}],"author":[{"embeddable":true,"href":"https:\/\/gallican-montbrison.fr\/wp\/index.php?rest_route=\/wp\/v2\/users\/3"}],"replies":[{"embeddable":true,"href":"https:\/\/gallican-montbrison.fr\/wp\/index.php?rest_route=%2Fwp%2Fv2%2Fcomments&post=3975"}],"version-history":[{"count":5,"href":"https:\/\/gallican-montbrison.fr\/wp\/index.php?rest_route=\/wp\/v2\/posts\/3975\/revisions"}],"predecessor-version":[{"id":3982,"href":"https:\/\/gallican-montbrison.fr\/wp\/index.php?rest_route=\/wp\/v2\/posts\/3975\/revisions\/3982"}],"wp:attachment":[{"href":"https:\/\/gallican-montbrison.fr\/wp\/index.php?rest_route=%2Fwp%2Fv2%2Fmedia&parent=3975"}],"wp:term":[{"taxonomy":"category","embeddable":true,"href":"https:\/\/gallican-montbrison.fr\/wp\/index.php?rest_route=%2Fwp%2Fv2%2Fcategories&post=3975"},{"taxonomy":"post_tag","embeddable":true,"href":"https:\/\/gallican-montbrison.fr\/wp\/index.php?rest_route=%2Fwp%2Fv2%2Ftags&post=3975"}],"curies":[{"name":"wp","href":"https:\/\/api.w.org\/{rel}","templated":true}]}}