{"id":4015,"date":"2015-06-14T10:56:16","date_gmt":"2015-06-14T08:56:16","guid":{"rendered":"http:\/\/gallican-montbrison.fr\/wp\/?p=4015"},"modified":"2015-06-14T11:34:28","modified_gmt":"2015-06-14T09:34:28","slug":"deuxieme-dimanche-apres-pentecote","status":"publish","type":"post","link":"https:\/\/gallican-montbrison.fr\/wp\/?p=4015","title":{"rendered":"\u00ab\u00a0Amenez ici les pauvres et les estropi\u00e9s\u00a0\u00bb"},"content":{"rendered":"<p><a href=\"http:\/\/gallican-montbrison.fr\/wp\/wp-content\/uploads\/2015\/06\/repas-copie-1.jpg\"><img loading=\"lazy\" decoding=\"async\" class=\"alignleft size-thumbnail wp-image-4023\" src=\"http:\/\/gallican-montbrison.fr\/wp\/wp-content\/uploads\/2015\/06\/repas-copie-1-150x150.jpg\" alt=\"repas-copie-1\" width=\"150\" height=\"150\" \/><\/a><strong><span style=\"color: #ff6600;\">Ecoute Mp3 : <a href=\"http:\/\/gallican-montbrison.fr\/wp\/wp-content\/uploads\/2015\/06\/17-Home\u0301lie-2e-dim-ap-Penteco\u0302te-2015-.mp3\">Hom\u00e9lie 2\u00e8me Dim. ap Pentec\u00f4te<\/a><br \/>\n<\/span><\/strong><\/p>\n<p><strong><span style=\"color: #800080;\">Ep\u00eetre : St Jean 1\u00a0 3,13-18<\/span><\/strong><\/p>\n<p><span style=\"color: #800080;\">Ne vous \u00e9tonnez pas, fr\u00e8res, si les gens de ce monde vous ha\u00efssent<sup>. <\/sup>Nous savons que nous sommes pass\u00e9s de la mort \u00e0 la vie; nous le savons parce que nous aimons nos fr\u00e8res. Celui qui n&rsquo;aime pas est encore sous le pouvoir de la mort. Quiconque a de la haine pour son fr\u00e8re est un meurtrier. Or vous savez qu&rsquo;aucun meurtrier n&rsquo;a de place en lui pour la vie \u00e9ternelle. Voici comment nous savons ce qu&rsquo;est l&rsquo;amour\u00a0: J\u00e9sus-Christ a donn\u00e9 sa vie pour nous. Donc, nous aussi, nous devons \u00eatre pr\u00eats \u00e0 donner notre vie pour nos fr\u00e8res. Si quelqu&rsquo;un, ayant largement de quoi vivre, voit son fr\u00e8re dans le besoin mais lui ferme son coeur , comment peut-il pr\u00e9tendre qu&rsquo;il aime Dieu\u00a0? Mes enfants, n&rsquo;aimons pas seulement en paroles, avec de beaux discours\u00a0; faisons preuve d&rsquo;un v\u00e9ritable amour qui se manifeste par des actes.<\/span><\/p>\n<p><strong><span style=\"color: #800080;\">Evangile:\u00a0 St Luc 14, 16-24<\/span><\/strong><\/p>\n<p><span style=\"color: #800080;\">J\u00e9sus lui raconta cette parabole\u00a0: \u00ab\u00a0Un homme offrit un grand repas auquel il invita beaucoup de monde. A l&rsquo;heure du repas, il envoya son serviteur dire aux invit\u00e9s\u00a0: \u00abVenez, car c&rsquo;est pr\u00eat maintenant.\u00bb Mais tous, l&rsquo;un apr\u00e8s l&rsquo;autre, se mirent \u00e0 s&rsquo;excuser. Le premier dit au serviteur\u00a0: \u00abJ&rsquo;ai achet\u00e9 un champ et il faut que j&rsquo;aille le voir\u00a0; je te prie de m&rsquo;excuser.\u00bb Un autre lui dit\u00a0: \u00abJ&rsquo;ai achet\u00e9 cinq paires de boeufs et je vais les essayer\u00a0; je te prie de m&rsquo;excuser.\u00bb Un autre encore dit\u00a0: \u00abJe viens de me marier et c&rsquo;est pourquoi je ne peux pas y aller.\u00bb Le serviteur retourna aupr\u00e8s de son ma\u00eetre et lui rapporta ces r\u00e9ponses. Le ma\u00eetre de la maison se mit en col\u00e8re et dit \u00e0 son serviteur\u00a0: \u00abVa vite sur les places et dans les rues de la ville, et am\u00e8ne ici les pauvres, les infirmes, les aveugles et les boiteux.\u00bb Apr\u00e8s un moment, le serviteur vint dire\u00a0: \u00abMa\u00eetre, tes ordres ont \u00e9t\u00e9 ex\u00e9cut\u00e9s, mais il y a encore de la place.\u00bb Le ma\u00eetre dit alors \u00e0 son serviteur\u00a0: \u00abVa sur les chemins de campagne, le long des haies, et oblige les gens \u00e0 entrer, afin que ma maison soit remplie. Je vous le dis\u00a0: aucun de ceux qui avaient \u00e9t\u00e9 invit\u00e9s ne mangera de mon repas\u00a0!\u00bb<\/span><\/p>\n<p><span style=\"color: #800080;\">\u00a0<\/span><\/p>\n","protected":false},"excerpt":{"rendered":"<p>Ecoute Mp3 : Hom\u00e9lie 2\u00e8me Dim. ap Pentec\u00f4te Ep\u00eetre : St Jean 1\u00a0 3,13-18 Ne vous \u00e9tonnez pas, fr\u00e8res, si les gens de ce monde vous ha\u00efssent. Nous savons que nous sommes pass\u00e9s de la mort \u00e0 la vie; nous &hellip; <a href=\"https:\/\/gallican-montbrison.fr\/wp\/?p=4015\">Continuer la lecture <span class=\"meta-nav\">&rarr;<\/span><\/a><\/p>\n","protected":false},"author":3,"featured_media":0,"comment_status":"closed","ping_status":"open","sticky":false,"template":"","format":"standard","meta":{"footnotes":""},"categories":[4],"tags":[100,88,27,26,181,182,70,138,52,140,228,87,6,17,180],"class_list":["post-4015","post","type-post","status-publish","format-standard","hentry","category-homelies","tag-bapteme","tag-benediction","tag-celebration","tag-chapelle","tag-divorce","tag-divorces","tag-eglise","tag-eglise-gallicane","tag-evangile","tag-gallicane","tag-homelies-2","tag-mariage","tag-messe","tag-oecumenisme-2","tag-remariage"],"yoast_head":"<!-- This site is optimized with the Yoast SEO plugin v25.6 - https:\/\/yoast.com\/wordpress\/plugins\/seo\/ -->\n<title>&quot;Amenez ici les pauvres et les estropi\u00e9s&quot; - Chapelle Saint Michel Archange Montbrison<\/title>\n<meta name=\"robots\" content=\"index, follow, max-snippet:-1, max-image-preview:large, max-video-preview:-1\" \/>\n<link rel=\"canonical\" href=\"https:\/\/gallican-montbrison.fr\/wp\/?p=4015\" \/>\n<meta property=\"og:locale\" content=\"fr_FR\" \/>\n<meta property=\"og:type\" content=\"article\" \/>\n<meta property=\"og:title\" content=\"&quot;Amenez ici les pauvres et les estropi\u00e9s&quot; - Chapelle Saint Michel Archange Montbrison\" \/>\n<meta property=\"og:description\" content=\"Ecoute Mp3 : Hom\u00e9lie 2\u00e8me Dim. ap Pentec\u00f4te Ep\u00eetre : St Jean 1\u00a0 3,13-18 Ne vous \u00e9tonnez pas, fr\u00e8res, si les gens de ce monde vous ha\u00efssent. Nous savons que nous sommes pass\u00e9s de la mort \u00e0 la vie; nous &hellip; Continuer la lecture &rarr;\" \/>\n<meta property=\"og:url\" content=\"https:\/\/gallican-montbrison.fr\/wp\/?p=4015\" \/>\n<meta property=\"og:site_name\" content=\"Chapelle Saint Michel Archange Montbrison\" \/>\n<meta property=\"article:publisher\" content=\"https:\/\/www.facebook.com\/people\/Eglise-Gallicane-Chapelle-Saint-Michel-Archange\/100064564306693\/\" \/>\n<meta property=\"article:published_time\" content=\"2015-06-14T08:56:16+00:00\" \/>\n<meta property=\"article:modified_time\" content=\"2015-06-14T09:34:28+00:00\" \/>\n<meta property=\"og:image\" content=\"http:\/\/gallican-montbrison.fr\/wp\/wp-content\/uploads\/2015\/06\/repas-copie-1-150x150.jpg\" \/>\n<meta name=\"author\" content=\"Colette\" \/>\n<meta name=\"twitter:card\" content=\"summary_large_image\" \/>\n<meta name=\"twitter:label1\" content=\"\u00c9crit par\" \/>\n\t<meta name=\"twitter:data1\" content=\"Colette\" \/>\n\t<meta name=\"twitter:label2\" content=\"Dur\u00e9e de lecture estim\u00e9e\" \/>\n\t<meta name=\"twitter:data2\" content=\"2 minutes\" \/>\n<script type=\"application\/ld+json\" class=\"yoast-schema-graph\">{\"@context\":\"https:\/\/schema.org\",\"@graph\":[{\"@type\":\"WebPage\",\"@id\":\"https:\/\/gallican-montbrison.fr\/wp\/?p=4015\",\"url\":\"https:\/\/gallican-montbrison.fr\/wp\/?p=4015\",\"name\":\"\\\"Amenez ici les pauvres et les estropi\u00e9s\\\" - Chapelle Saint Michel Archange Montbrison\",\"isPartOf\":{\"@id\":\"https:\/\/gallican-montbrison.fr\/wp\/#website\"},\"primaryImageOfPage\":{\"@id\":\"https:\/\/gallican-montbrison.fr\/wp\/?p=4015#primaryimage\"},\"image\":{\"@id\":\"https:\/\/gallican-montbrison.fr\/wp\/?p=4015#primaryimage\"},\"thumbnailUrl\":\"http:\/\/gallican-montbrison.fr\/wp\/wp-content\/uploads\/2015\/06\/repas-copie-1-150x150.jpg\",\"datePublished\":\"2015-06-14T08:56:16+00:00\",\"dateModified\":\"2015-06-14T09:34:28+00:00\",\"author\":{\"@id\":\"https:\/\/gallican-montbrison.fr\/wp\/#\/schema\/person\/fc5571a40f7c79de2fb1b0cf72c089a4\"},\"breadcrumb\":{\"@id\":\"https:\/\/gallican-montbrison.fr\/wp\/?p=4015#breadcrumb\"},\"inLanguage\":\"fr-FR\",\"potentialAction\":[{\"@type\":\"ReadAction\",\"target\":[\"https:\/\/gallican-montbrison.fr\/wp\/?p=4015\"]}]},{\"@type\":\"ImageObject\",\"inLanguage\":\"fr-FR\",\"@id\":\"https:\/\/gallican-montbrison.fr\/wp\/?p=4015#primaryimage\",\"url\":\"https:\/\/gallican-montbrison.fr\/wp\/wp-content\/uploads\/2015\/06\/repas-copie-1.jpg\",\"contentUrl\":\"https:\/\/gallican-montbrison.fr\/wp\/wp-content\/uploads\/2015\/06\/repas-copie-1.jpg\",\"width\":480,\"height\":339},{\"@type\":\"BreadcrumbList\",\"@id\":\"https:\/\/gallican-montbrison.fr\/wp\/?p=4015#breadcrumb\",\"itemListElement\":[{\"@type\":\"ListItem\",\"position\":1,\"name\":\"Accueil\",\"item\":\"https:\/\/gallican-montbrison.fr\/wp\"},{\"@type\":\"ListItem\",\"position\":2,\"name\":\"\u00ab\u00a0Amenez ici les pauvres et les estropi\u00e9s\u00a0\u00bb\"}]},{\"@type\":\"WebSite\",\"@id\":\"https:\/\/gallican-montbrison.fr\/wp\/#website\",\"url\":\"https:\/\/gallican-montbrison.fr\/wp\/\",\"name\":\"Chapelle Saint Michel Archange Montbrison\",\"description\":\"Eglise Gallicane, Tradition Apostolique de Gazinet\",\"potentialAction\":[{\"@type\":\"SearchAction\",\"target\":{\"@type\":\"EntryPoint\",\"urlTemplate\":\"https:\/\/gallican-montbrison.fr\/wp\/?s={search_term_string}\"},\"query-input\":{\"@type\":\"PropertyValueSpecification\",\"valueRequired\":true,\"valueName\":\"search_term_string\"}}],\"inLanguage\":\"fr-FR\"},{\"@type\":\"Person\",\"@id\":\"https:\/\/gallican-montbrison.fr\/wp\/#\/schema\/person\/fc5571a40f7c79de2fb1b0cf72c089a4\",\"name\":\"Colette\",\"url\":\"https:\/\/gallican-montbrison.fr\/wp\/?author=3\"}]}<\/script>\n<!-- \/ Yoast SEO plugin. -->","yoast_head_json":{"title":"\"Amenez ici les pauvres et les estropi\u00e9s\" - Chapelle Saint Michel Archange Montbrison","robots":{"index":"index","follow":"follow","max-snippet":"max-snippet:-1","max-image-preview":"max-image-preview:large","max-video-preview":"max-video-preview:-1"},"canonical":"https:\/\/gallican-montbrison.fr\/wp\/?p=4015","og_locale":"fr_FR","og_type":"article","og_title":"\"Amenez ici les pauvres et les estropi\u00e9s\" - Chapelle Saint Michel Archange Montbrison","og_description":"Ecoute Mp3 : Hom\u00e9lie 2\u00e8me Dim. ap Pentec\u00f4te Ep\u00eetre : St Jean 1\u00a0 3,13-18 Ne vous \u00e9tonnez pas, fr\u00e8res, si les gens de ce monde vous ha\u00efssent. Nous savons que nous sommes pass\u00e9s de la mort \u00e0 la vie; nous &hellip; Continuer la lecture &rarr;","og_url":"https:\/\/gallican-montbrison.fr\/wp\/?p=4015","og_site_name":"Chapelle Saint Michel Archange Montbrison","article_publisher":"https:\/\/www.facebook.com\/people\/Eglise-Gallicane-Chapelle-Saint-Michel-Archange\/100064564306693\/","article_published_time":"2015-06-14T08:56:16+00:00","article_modified_time":"2015-06-14T09:34:28+00:00","og_image":[{"url":"http:\/\/gallican-montbrison.fr\/wp\/wp-content\/uploads\/2015\/06\/repas-copie-1-150x150.jpg","type":"","width":"","height":""}],"author":"Colette","twitter_card":"summary_large_image","twitter_misc":{"\u00c9crit par":"Colette","Dur\u00e9e de lecture estim\u00e9e":"2 minutes"},"schema":{"@context":"https:\/\/schema.org","@graph":[{"@type":"WebPage","@id":"https:\/\/gallican-montbrison.fr\/wp\/?p=4015","url":"https:\/\/gallican-montbrison.fr\/wp\/?p=4015","name":"\"Amenez ici les pauvres et les estropi\u00e9s\" - Chapelle Saint Michel Archange Montbrison","isPartOf":{"@id":"https:\/\/gallican-montbrison.fr\/wp\/#website"},"primaryImageOfPage":{"@id":"https:\/\/gallican-montbrison.fr\/wp\/?p=4015#primaryimage"},"image":{"@id":"https:\/\/gallican-montbrison.fr\/wp\/?p=4015#primaryimage"},"thumbnailUrl":"http:\/\/gallican-montbrison.fr\/wp\/wp-content\/uploads\/2015\/06\/repas-copie-1-150x150.jpg","datePublished":"2015-06-14T08:56:16+00:00","dateModified":"2015-06-14T09:34:28+00:00","author":{"@id":"https:\/\/gallican-montbrison.fr\/wp\/#\/schema\/person\/fc5571a40f7c79de2fb1b0cf72c089a4"},"breadcrumb":{"@id":"https:\/\/gallican-montbrison.fr\/wp\/?p=4015#breadcrumb"},"inLanguage":"fr-FR","potentialAction":[{"@type":"ReadAction","target":["https:\/\/gallican-montbrison.fr\/wp\/?p=4015"]}]},{"@type":"ImageObject","inLanguage":"fr-FR","@id":"https:\/\/gallican-montbrison.fr\/wp\/?p=4015#primaryimage","url":"https:\/\/gallican-montbrison.fr\/wp\/wp-content\/uploads\/2015\/06\/repas-copie-1.jpg","contentUrl":"https:\/\/gallican-montbrison.fr\/wp\/wp-content\/uploads\/2015\/06\/repas-copie-1.jpg","width":480,"height":339},{"@type":"BreadcrumbList","@id":"https:\/\/gallican-montbrison.fr\/wp\/?p=4015#breadcrumb","itemListElement":[{"@type":"ListItem","position":1,"name":"Accueil","item":"https:\/\/gallican-montbrison.fr\/wp"},{"@type":"ListItem","position":2,"name":"\u00ab\u00a0Amenez ici les pauvres et les estropi\u00e9s\u00a0\u00bb"}]},{"@type":"WebSite","@id":"https:\/\/gallican-montbrison.fr\/wp\/#website","url":"https:\/\/gallican-montbrison.fr\/wp\/","name":"Chapelle Saint Michel Archange Montbrison","description":"Eglise Gallicane, Tradition Apostolique de Gazinet","potentialAction":[{"@type":"SearchAction","target":{"@type":"EntryPoint","urlTemplate":"https:\/\/gallican-montbrison.fr\/wp\/?s={search_term_string}"},"query-input":{"@type":"PropertyValueSpecification","valueRequired":true,"valueName":"search_term_string"}}],"inLanguage":"fr-FR"},{"@type":"Person","@id":"https:\/\/gallican-montbrison.fr\/wp\/#\/schema\/person\/fc5571a40f7c79de2fb1b0cf72c089a4","name":"Colette","url":"https:\/\/gallican-montbrison.fr\/wp\/?author=3"}]}},"_links":{"self":[{"href":"https:\/\/gallican-montbrison.fr\/wp\/index.php?rest_route=\/wp\/v2\/posts\/4015"}],"collection":[{"href":"https:\/\/gallican-montbrison.fr\/wp\/index.php?rest_route=\/wp\/v2\/posts"}],"about":[{"href":"https:\/\/gallican-montbrison.fr\/wp\/index.php?rest_route=\/wp\/v2\/types\/post"}],"author":[{"embeddable":true,"href":"https:\/\/gallican-montbrison.fr\/wp\/index.php?rest_route=\/wp\/v2\/users\/3"}],"replies":[{"embeddable":true,"href":"https:\/\/gallican-montbrison.fr\/wp\/index.php?rest_route=%2Fwp%2Fv2%2Fcomments&post=4015"}],"version-history":[{"count":7,"href":"https:\/\/gallican-montbrison.fr\/wp\/index.php?rest_route=\/wp\/v2\/posts\/4015\/revisions"}],"predecessor-version":[{"id":4025,"href":"https:\/\/gallican-montbrison.fr\/wp\/index.php?rest_route=\/wp\/v2\/posts\/4015\/revisions\/4025"}],"wp:attachment":[{"href":"https:\/\/gallican-montbrison.fr\/wp\/index.php?rest_route=%2Fwp%2Fv2%2Fmedia&parent=4015"}],"wp:term":[{"taxonomy":"category","embeddable":true,"href":"https:\/\/gallican-montbrison.fr\/wp\/index.php?rest_route=%2Fwp%2Fv2%2Fcategories&post=4015"},{"taxonomy":"post_tag","embeddable":true,"href":"https:\/\/gallican-montbrison.fr\/wp\/index.php?rest_route=%2Fwp%2Fv2%2Ftags&post=4015"}],"curies":[{"name":"wp","href":"https:\/\/api.w.org\/{rel}","templated":true}]}}