{"id":4035,"date":"2015-03-28T14:27:30","date_gmt":"2015-03-28T13:27:30","guid":{"rendered":"http:\/\/gallican-montbrison.fr\/wp\/?p=4035"},"modified":"2015-07-06T14:29:52","modified_gmt":"2015-07-06T12:29:52","slug":"la-vie-semble-perdre-lequilibre","status":"publish","type":"post","link":"https:\/\/gallican-montbrison.fr\/wp\/?p=4035","title":{"rendered":"La vie semble perdre l&rsquo;\u00e9quilibre&#8230;"},"content":{"rendered":"<p>Attentats, terrorisme, radicalisations &#8230;<br \/>\nDe tous temps les hommes ont cherch\u00e9 des raisons de se battre, de s&rsquo;exterminer&#8230; souvent pour imposer aux autres ce en quoi ils croient, que ce soit une id\u00e9ologie politique ou religieuse.<br \/>\nL&rsquo;homme est-il n\u00e9 pour se battre comme si c&rsquo;\u00e9tait un passage oblig\u00e9 pour grandir en cette vie ? &#8230; S\u00fbrement pas!<\/p>\n<p>Il y a un autre chemin dont nous, chr\u00e9tiens, nous devons t\u00e9moigner par notre Foi.<br \/>\n\u00ab\u00a0Une possibilit\u00e9 de bien vivre tous ensemble.\u00a0\u00bb<br \/>\nLa Foi d\u00e9passe les croyances, elle est avant tout une d\u00e9marche, une fa\u00e7on de \u00ab\u00a0vivre en confiance\u00a0\u00bb qui laisse chacun libre du contenu et de la forme de sa Foi. L&rsquo;oecum\u00e9nisme au sens vrai du terme!<br \/>\nLa Foi c&rsquo;est aussi croire en cette puissance d&rsquo;amour qui nous d\u00e9passe et qui nous unit, et garder confiance en l&rsquo;engagement de Dieu envers l&rsquo;humanit\u00e9 toute enti\u00e8re:<br \/>\n\u00ab\u00a0je suis avec vous tous les jours, jusqu&rsquo;\u00e0 la fin du monde\u00a0\u00bb \u00a0\u00a0 (Matthieu 28,20)<br \/>\nAvoir la Foi, c&rsquo;est aussi vivre dans la fid\u00e9lit\u00e9 \u00e0 la loi d&rsquo;Amour que le Christ, Fils de Dieu, nous a laiss\u00e9e et, de ce fait, garder une esp\u00e9rance en un monde meilleur d\u00e9j\u00e0 ici et maintenant.<br \/>\nEsp\u00e9rance active dans notre vie de tous les jours par notre fa\u00e7on d&rsquo;\u00eatre et de vivre.<\/p>\n<p>En cette p\u00e9riode de vacances qui d\u00e9bute o\u00f9 nos journ\u00e9es seront plus calmes, prenons le temps de conduire notre vie vers ce qui la grandit vraiment: patience, \u00e9coute, pri\u00e8re, c\u00e9l\u00e9brations, relations amicales&#8230; et construisons activement un monde meilleur avec tous, selon nos rencontres. Le monde meilleur c&rsquo;est chacun de nous, l\u00e0 o\u00f9 nous nous trouvons, qui le construisons chaque jour.<\/p>\n<p>Vivre sa Foi est une d\u00e9marche, un chemin, une fa\u00e7on de vivre&#8230; c&rsquo;est aussi un acte de courage pour nous chr\u00e9tiens, en ces temps troubl\u00e9s, o\u00f9 des extr\u00e9mismes cherchent \u00e0 d\u00e9truire en l&rsquo;homme les notions d&rsquo;amour et de pardon, pierres angulaires de toutes les \u00a0\u00a0 \u00a0religions.<\/p>\n<p>Dame Colette +<\/p>\n","protected":false},"excerpt":{"rendered":"<p>Attentats, terrorisme, radicalisations &#8230; De tous temps les hommes ont cherch\u00e9 des raisons de se battre, de s&rsquo;exterminer&#8230; souvent pour imposer aux autres ce en quoi ils croient, que ce soit une id\u00e9ologie politique ou religieuse. L&rsquo;homme est-il n\u00e9 pour &hellip; <a href=\"https:\/\/gallican-montbrison.fr\/wp\/?p=4035\">Continuer la lecture <span class=\"meta-nav\">&rarr;<\/span><\/a><\/p>\n","protected":false},"author":3,"featured_media":0,"comment_status":"closed","ping_status":"open","sticky":false,"template":"","format":"standard","meta":{"footnotes":""},"categories":[11],"tags":[100,88,26,181,70,138,187,17,180],"class_list":["post-4035","post","type-post","status-publish","format-standard","hentry","category-articles-et-conferences","tag-bapteme","tag-benediction","tag-chapelle","tag-divorce","tag-eglise","tag-eglise-gallicane","tag-mariage-divorces","tag-oecumenisme-2","tag-remariage"],"yoast_head":"<!-- This site is optimized with the Yoast SEO plugin v25.6 - https:\/\/yoast.com\/wordpress\/plugins\/seo\/ -->\n<title>La vie semble perdre l&#039;\u00e9quilibre... - Chapelle Saint Michel Archange Montbrison<\/title>\n<meta name=\"robots\" content=\"index, follow, max-snippet:-1, max-image-preview:large, max-video-preview:-1\" \/>\n<link rel=\"canonical\" href=\"https:\/\/gallican-montbrison.fr\/wp\/?p=4035\" \/>\n<meta property=\"og:locale\" content=\"fr_FR\" \/>\n<meta property=\"og:type\" content=\"article\" \/>\n<meta property=\"og:title\" content=\"La vie semble perdre l&#039;\u00e9quilibre... - Chapelle Saint Michel Archange Montbrison\" \/>\n<meta property=\"og:description\" content=\"Attentats, terrorisme, radicalisations &#8230; De tous temps les hommes ont cherch\u00e9 des raisons de se battre, de s&rsquo;exterminer&#8230; souvent pour imposer aux autres ce en quoi ils croient, que ce soit une id\u00e9ologie politique ou religieuse. L&rsquo;homme est-il n\u00e9 pour &hellip; Continuer la lecture &rarr;\" \/>\n<meta property=\"og:url\" content=\"https:\/\/gallican-montbrison.fr\/wp\/?p=4035\" \/>\n<meta property=\"og:site_name\" content=\"Chapelle Saint Michel Archange Montbrison\" \/>\n<meta property=\"article:publisher\" content=\"https:\/\/www.facebook.com\/people\/Eglise-Gallicane-Chapelle-Saint-Michel-Archange\/100064564306693\/\" \/>\n<meta property=\"article:published_time\" content=\"2015-03-28T13:27:30+00:00\" \/>\n<meta property=\"article:modified_time\" content=\"2015-07-06T12:29:52+00:00\" \/>\n<meta name=\"author\" content=\"Colette\" \/>\n<meta name=\"twitter:card\" content=\"summary_large_image\" \/>\n<meta name=\"twitter:label1\" content=\"\u00c9crit par\" \/>\n\t<meta name=\"twitter:data1\" content=\"Colette\" \/>\n\t<meta name=\"twitter:label2\" content=\"Dur\u00e9e de lecture estim\u00e9e\" \/>\n\t<meta name=\"twitter:data2\" content=\"2 minutes\" \/>\n<script type=\"application\/ld+json\" class=\"yoast-schema-graph\">{\"@context\":\"https:\/\/schema.org\",\"@graph\":[{\"@type\":\"WebPage\",\"@id\":\"https:\/\/gallican-montbrison.fr\/wp\/?p=4035\",\"url\":\"https:\/\/gallican-montbrison.fr\/wp\/?p=4035\",\"name\":\"La vie semble perdre l'\u00e9quilibre... - Chapelle Saint Michel Archange Montbrison\",\"isPartOf\":{\"@id\":\"https:\/\/gallican-montbrison.fr\/wp\/#website\"},\"datePublished\":\"2015-03-28T13:27:30+00:00\",\"dateModified\":\"2015-07-06T12:29:52+00:00\",\"author\":{\"@id\":\"https:\/\/gallican-montbrison.fr\/wp\/#\/schema\/person\/fc5571a40f7c79de2fb1b0cf72c089a4\"},\"breadcrumb\":{\"@id\":\"https:\/\/gallican-montbrison.fr\/wp\/?p=4035#breadcrumb\"},\"inLanguage\":\"fr-FR\",\"potentialAction\":[{\"@type\":\"ReadAction\",\"target\":[\"https:\/\/gallican-montbrison.fr\/wp\/?p=4035\"]}]},{\"@type\":\"BreadcrumbList\",\"@id\":\"https:\/\/gallican-montbrison.fr\/wp\/?p=4035#breadcrumb\",\"itemListElement\":[{\"@type\":\"ListItem\",\"position\":1,\"name\":\"Accueil\",\"item\":\"https:\/\/gallican-montbrison.fr\/wp\"},{\"@type\":\"ListItem\",\"position\":2,\"name\":\"La vie semble perdre l&rsquo;\u00e9quilibre&#8230;\"}]},{\"@type\":\"WebSite\",\"@id\":\"https:\/\/gallican-montbrison.fr\/wp\/#website\",\"url\":\"https:\/\/gallican-montbrison.fr\/wp\/\",\"name\":\"Chapelle Saint Michel Archange Montbrison\",\"description\":\"Eglise Gallicane, Tradition Apostolique de Gazinet\",\"potentialAction\":[{\"@type\":\"SearchAction\",\"target\":{\"@type\":\"EntryPoint\",\"urlTemplate\":\"https:\/\/gallican-montbrison.fr\/wp\/?s={search_term_string}\"},\"query-input\":{\"@type\":\"PropertyValueSpecification\",\"valueRequired\":true,\"valueName\":\"search_term_string\"}}],\"inLanguage\":\"fr-FR\"},{\"@type\":\"Person\",\"@id\":\"https:\/\/gallican-montbrison.fr\/wp\/#\/schema\/person\/fc5571a40f7c79de2fb1b0cf72c089a4\",\"name\":\"Colette\",\"url\":\"https:\/\/gallican-montbrison.fr\/wp\/?author=3\"}]}<\/script>\n<!-- \/ Yoast SEO plugin. -->","yoast_head_json":{"title":"La vie semble perdre l'\u00e9quilibre... - Chapelle Saint Michel Archange Montbrison","robots":{"index":"index","follow":"follow","max-snippet":"max-snippet:-1","max-image-preview":"max-image-preview:large","max-video-preview":"max-video-preview:-1"},"canonical":"https:\/\/gallican-montbrison.fr\/wp\/?p=4035","og_locale":"fr_FR","og_type":"article","og_title":"La vie semble perdre l'\u00e9quilibre... - Chapelle Saint Michel Archange Montbrison","og_description":"Attentats, terrorisme, radicalisations &#8230; De tous temps les hommes ont cherch\u00e9 des raisons de se battre, de s&rsquo;exterminer&#8230; souvent pour imposer aux autres ce en quoi ils croient, que ce soit une id\u00e9ologie politique ou religieuse. L&rsquo;homme est-il n\u00e9 pour &hellip; Continuer la lecture &rarr;","og_url":"https:\/\/gallican-montbrison.fr\/wp\/?p=4035","og_site_name":"Chapelle Saint Michel Archange Montbrison","article_publisher":"https:\/\/www.facebook.com\/people\/Eglise-Gallicane-Chapelle-Saint-Michel-Archange\/100064564306693\/","article_published_time":"2015-03-28T13:27:30+00:00","article_modified_time":"2015-07-06T12:29:52+00:00","author":"Colette","twitter_card":"summary_large_image","twitter_misc":{"\u00c9crit par":"Colette","Dur\u00e9e de lecture estim\u00e9e":"2 minutes"},"schema":{"@context":"https:\/\/schema.org","@graph":[{"@type":"WebPage","@id":"https:\/\/gallican-montbrison.fr\/wp\/?p=4035","url":"https:\/\/gallican-montbrison.fr\/wp\/?p=4035","name":"La vie semble perdre l'\u00e9quilibre... - Chapelle Saint Michel Archange Montbrison","isPartOf":{"@id":"https:\/\/gallican-montbrison.fr\/wp\/#website"},"datePublished":"2015-03-28T13:27:30+00:00","dateModified":"2015-07-06T12:29:52+00:00","author":{"@id":"https:\/\/gallican-montbrison.fr\/wp\/#\/schema\/person\/fc5571a40f7c79de2fb1b0cf72c089a4"},"breadcrumb":{"@id":"https:\/\/gallican-montbrison.fr\/wp\/?p=4035#breadcrumb"},"inLanguage":"fr-FR","potentialAction":[{"@type":"ReadAction","target":["https:\/\/gallican-montbrison.fr\/wp\/?p=4035"]}]},{"@type":"BreadcrumbList","@id":"https:\/\/gallican-montbrison.fr\/wp\/?p=4035#breadcrumb","itemListElement":[{"@type":"ListItem","position":1,"name":"Accueil","item":"https:\/\/gallican-montbrison.fr\/wp"},{"@type":"ListItem","position":2,"name":"La vie semble perdre l&rsquo;\u00e9quilibre&#8230;"}]},{"@type":"WebSite","@id":"https:\/\/gallican-montbrison.fr\/wp\/#website","url":"https:\/\/gallican-montbrison.fr\/wp\/","name":"Chapelle Saint Michel Archange Montbrison","description":"Eglise Gallicane, Tradition Apostolique de Gazinet","potentialAction":[{"@type":"SearchAction","target":{"@type":"EntryPoint","urlTemplate":"https:\/\/gallican-montbrison.fr\/wp\/?s={search_term_string}"},"query-input":{"@type":"PropertyValueSpecification","valueRequired":true,"valueName":"search_term_string"}}],"inLanguage":"fr-FR"},{"@type":"Person","@id":"https:\/\/gallican-montbrison.fr\/wp\/#\/schema\/person\/fc5571a40f7c79de2fb1b0cf72c089a4","name":"Colette","url":"https:\/\/gallican-montbrison.fr\/wp\/?author=3"}]}},"_links":{"self":[{"href":"https:\/\/gallican-montbrison.fr\/wp\/index.php?rest_route=\/wp\/v2\/posts\/4035"}],"collection":[{"href":"https:\/\/gallican-montbrison.fr\/wp\/index.php?rest_route=\/wp\/v2\/posts"}],"about":[{"href":"https:\/\/gallican-montbrison.fr\/wp\/index.php?rest_route=\/wp\/v2\/types\/post"}],"author":[{"embeddable":true,"href":"https:\/\/gallican-montbrison.fr\/wp\/index.php?rest_route=\/wp\/v2\/users\/3"}],"replies":[{"embeddable":true,"href":"https:\/\/gallican-montbrison.fr\/wp\/index.php?rest_route=%2Fwp%2Fv2%2Fcomments&post=4035"}],"version-history":[{"count":2,"href":"https:\/\/gallican-montbrison.fr\/wp\/index.php?rest_route=\/wp\/v2\/posts\/4035\/revisions"}],"predecessor-version":[{"id":4037,"href":"https:\/\/gallican-montbrison.fr\/wp\/index.php?rest_route=\/wp\/v2\/posts\/4035\/revisions\/4037"}],"wp:attachment":[{"href":"https:\/\/gallican-montbrison.fr\/wp\/index.php?rest_route=%2Fwp%2Fv2%2Fmedia&parent=4035"}],"wp:term":[{"taxonomy":"category","embeddable":true,"href":"https:\/\/gallican-montbrison.fr\/wp\/index.php?rest_route=%2Fwp%2Fv2%2Fcategories&post=4035"},{"taxonomy":"post_tag","embeddable":true,"href":"https:\/\/gallican-montbrison.fr\/wp\/index.php?rest_route=%2Fwp%2Fv2%2Ftags&post=4035"}],"curies":[{"name":"wp","href":"https:\/\/api.w.org\/{rel}","templated":true}]}}