{"id":4039,"date":"2015-07-22T13:47:52","date_gmt":"2015-07-22T11:47:52","guid":{"rendered":"http:\/\/gallican-montbrison.fr\/wp\/?p=4039"},"modified":"2015-07-22T14:26:07","modified_gmt":"2015-07-22T12:26:07","slug":"reconcilie-toi-avec-ton-frere","status":"publish","type":"post","link":"https:\/\/gallican-montbrison.fr\/wp\/?p=4039","title":{"rendered":"\u00ab\u00a0R\u00e9concilie-toi d&rsquo;abord avec ton fr\u00e8re\u00a0\u00bb"},"content":{"rendered":"<p><a href=\"http:\/\/gallican-montbrison.fr\/wp\/wp-content\/uploads\/2015\/07\/reconc.jpg\"><img loading=\"lazy\" decoding=\"async\" class=\"alignleft size-medium wp-image-4041\" src=\"http:\/\/gallican-montbrison.fr\/wp\/wp-content\/uploads\/2015\/07\/reconc-300x289.jpg\" alt=\"reconciliation\" width=\"300\" height=\"289\" srcset=\"https:\/\/gallican-montbrison.fr\/wp\/wp-content\/uploads\/2015\/07\/reconc-300x289.jpg 300w, https:\/\/gallican-montbrison.fr\/wp\/wp-content\/uploads\/2015\/07\/reconc.jpg 719w\" sizes=\"(max-width: 300px) 100vw, 300px\" \/><\/a><strong><span style=\"color: #ff9900;\">Ecoute Mp3: <a href=\"http:\/\/gallican-montbrison.fr\/wp\/wp-content\/uploads\/2015\/07\/18-Home\u0301lie-5e-dim-apre\u0300s-Penteco\u0302te-2015-.mp3\">Hom\u00e9lie 5 \u00e8me Dim AP<\/a><\/span><\/strong><\/p>\n<p><strong><span style=\"color: #993366;\">Ep\u00eetre : Ap\u00f4tre Pierre 1,3, 8-15<\/span><\/strong><\/p>\n<p><span style=\"color: #993366;\">Enfin, ayez tous les m\u00eames dispositions et les m\u00eames sentiments\u00a0; aimez-vous comme des fr\u00e8res, soyez bienveillants et humbles les uns \u00e0 l&rsquo;\u00e9gard des autres. Ne rendez pas le mal pour le mal, ou l&rsquo;insulte pour l&rsquo;insulte. Au contraire, r\u00e9pondez par une b\u00e9n\u00e9diction, car c&rsquo;est une b\u00e9n\u00e9diction que Dieu a promis de vous accorder quand il vous a appel\u00e9s. En effet, voici ce qui est \u00e9crit\u00a0:<\/span><\/p>\n<p><span style=\"color: #993366;\">\u00ab\u00a0Celui qui veut jouir d&rsquo;une vie agr\u00e9able et conna\u00eetre des jours heureux<\/span><br \/>\n<span style=\"color: #993366;\"> doit se garder de m\u00e9dire et de mentir. Il doit se d\u00e9tourner du mal, pratiquer le bien<\/span><br \/>\n<span style=\"color: #993366;\"> et rechercher la paix avec pers\u00e9v\u00e9rance. Car le Seigneur a les yeux fix\u00e9s sur les fid\u00e8les, pr\u00eat \u00e0 \u00e9couter leurs pri\u00e8res\u00a0; mais le Seigneur s&rsquo;oppose \u00e0 ceux qui font le mal .\u00a0\u00bb<\/span><\/p>\n<p><span style=\"color: #993366;\">Qui vous fera du mal si vous \u00eates z\u00e9l\u00e9s pour pratiquer le bien\u00a0? M\u00eame si vous avez \u00e0 souffrir parce que vous faites ce qui est juste, vous \u00eates heureux. N&rsquo;ayez aucune crainte des autres et ne vous laissez pas troubler. Mais honorez dans vos coeurs le Christ, comme votre Seigneur. Soyez toujours pr\u00eats \u00e0 vous d\u00e9fendre face \u00e0 tous ceux qui vous demandent de justifier l&rsquo;esp\u00e9rance qui est en vous.<\/span><\/p>\n<p>&nbsp;<\/p>\n<p><strong><span style=\"color: #993366;\">\u00c9vangile : Matthieu 5, 20-24<\/span><\/strong><\/p>\n<p><span style=\"color: #993366;\">Je vous l&rsquo;affirme\u00a0: si vous n&rsquo;\u00eates pas plus fid\u00e8les \u00e0 la volont\u00e9 de Dieu que les ma\u00eetres de la loi et les Pharisiens, vous ne pourrez pas entrer dans le Royaume des cieux.\u00a0\u00bb<\/span><\/p>\n<p><span style=\"color: #993366;\">\u00ab\u00a0Vous avez entendu qu&rsquo;il a \u00e9t\u00e9 dit \u00e0 nos anc\u00eatres\u00a0: \u00abTu ne commettras pas de meurtre; tout homme qui en tue un autre m\u00e9rite de compara\u00eetre devant le juge.\u00bb Eh bien, moi je vous d\u00e9clare\u00a0: tout homme qui se met en col\u00e8re contre son fr\u00e8re m\u00e9rite de compara\u00eetre devant le juge\u00a0; celui qui dit \u00e0 son fr\u00e8re\u00a0: \u00abImb\u00e9cile\u00a0!\u00bb m\u00e9rite d&rsquo;\u00eatre jug\u00e9 par le Conseil sup\u00e9rieur\u00a0; celui qui lui dit\u00a0: \u00abIdiot\u00a0!\u00bb m\u00e9rite d&rsquo;\u00eatre jet\u00e9 dans le feu de l&rsquo;enfer.\u00a0 Si donc tu viens \u00e0 l&rsquo;autel pr\u00e9senter ton offrande \u00e0 Dieu et que l\u00e0 tu te souviennes que ton fr\u00e8re a une raison de t&rsquo;en vouloir, laisse l\u00e0 ton offrande, devant l&rsquo;autel, et va d&rsquo;abord faire la paix avec ton fr\u00e8re\u00a0; puis reviens et pr\u00e9sente ton offrande \u00e0 Dieu.<\/span><\/p>\n<p>&nbsp;<\/p>\n","protected":false},"excerpt":{"rendered":"<p>Ecoute Mp3: Hom\u00e9lie 5 \u00e8me Dim AP Ep\u00eetre : Ap\u00f4tre Pierre 1,3, 8-15 Enfin, ayez tous les m\u00eames dispositions et les m\u00eames sentiments\u00a0; aimez-vous comme des fr\u00e8res, soyez bienveillants et humbles les uns \u00e0 l&rsquo;\u00e9gard des autres. Ne rendez pas &hellip; <a href=\"https:\/\/gallican-montbrison.fr\/wp\/?p=4039\">Continuer la lecture <span class=\"meta-nav\">&rarr;<\/span><\/a><\/p>\n","protected":false},"author":3,"featured_media":0,"comment_status":"closed","ping_status":"open","sticky":false,"template":"","format":"standard","meta":{"footnotes":""},"categories":[4],"tags":[100,88,27,26,46,181,182,70,138,98,52,140,185,228,87,187,6,50,17,180,44],"class_list":["post-4039","post","type-post","status-publish","format-standard","hentry","category-homelies","tag-bapteme","tag-benediction","tag-celebration","tag-chapelle","tag-christ","tag-divorce","tag-divorces","tag-eglise","tag-eglise-gallicane","tag-eucharistie","tag-evangile","tag-gallicane","tag-homelie","tag-homelies-2","tag-mariage","tag-mariage-divorces","tag-messe","tag-montbrison","tag-oecumenisme-2","tag-remariage","tag-seigneur"],"yoast_head":"<!-- This site is optimized with the Yoast SEO plugin v25.6 - https:\/\/yoast.com\/wordpress\/plugins\/seo\/ -->\n<title>&quot;R\u00e9concilie-toi d&#039;abord avec ton fr\u00e8re&quot; - Chapelle Saint Michel Archange Montbrison<\/title>\n<meta name=\"robots\" content=\"index, follow, max-snippet:-1, max-image-preview:large, max-video-preview:-1\" \/>\n<link rel=\"canonical\" href=\"https:\/\/gallican-montbrison.fr\/wp\/?p=4039\" \/>\n<meta property=\"og:locale\" content=\"fr_FR\" \/>\n<meta property=\"og:type\" content=\"article\" \/>\n<meta property=\"og:title\" content=\"&quot;R\u00e9concilie-toi d&#039;abord avec ton fr\u00e8re&quot; - Chapelle Saint Michel Archange Montbrison\" \/>\n<meta property=\"og:description\" content=\"Ecoute Mp3: Hom\u00e9lie 5 \u00e8me Dim AP Ep\u00eetre : Ap\u00f4tre Pierre 1,3, 8-15 Enfin, ayez tous les m\u00eames dispositions et les m\u00eames sentiments\u00a0; aimez-vous comme des fr\u00e8res, soyez bienveillants et humbles les uns \u00e0 l&rsquo;\u00e9gard des autres. Ne rendez pas &hellip; Continuer la lecture &rarr;\" \/>\n<meta property=\"og:url\" content=\"https:\/\/gallican-montbrison.fr\/wp\/?p=4039\" \/>\n<meta property=\"og:site_name\" content=\"Chapelle Saint Michel Archange Montbrison\" \/>\n<meta property=\"article:publisher\" content=\"https:\/\/www.facebook.com\/people\/Eglise-Gallicane-Chapelle-Saint-Michel-Archange\/100064564306693\/\" \/>\n<meta property=\"article:published_time\" content=\"2015-07-22T11:47:52+00:00\" \/>\n<meta property=\"article:modified_time\" content=\"2015-07-22T12:26:07+00:00\" \/>\n<meta property=\"og:image\" content=\"http:\/\/gallican-montbrison.fr\/wp\/wp-content\/uploads\/2015\/07\/reconc-300x289.jpg\" \/>\n<meta name=\"author\" content=\"Colette\" \/>\n<meta name=\"twitter:card\" content=\"summary_large_image\" \/>\n<meta name=\"twitter:label1\" content=\"\u00c9crit par\" \/>\n\t<meta name=\"twitter:data1\" content=\"Colette\" \/>\n\t<meta name=\"twitter:label2\" content=\"Dur\u00e9e de lecture estim\u00e9e\" \/>\n\t<meta name=\"twitter:data2\" content=\"2 minutes\" \/>\n<script type=\"application\/ld+json\" class=\"yoast-schema-graph\">{\"@context\":\"https:\/\/schema.org\",\"@graph\":[{\"@type\":\"WebPage\",\"@id\":\"https:\/\/gallican-montbrison.fr\/wp\/?p=4039\",\"url\":\"https:\/\/gallican-montbrison.fr\/wp\/?p=4039\",\"name\":\"\\\"R\u00e9concilie-toi d'abord avec ton fr\u00e8re\\\" - Chapelle Saint Michel Archange Montbrison\",\"isPartOf\":{\"@id\":\"https:\/\/gallican-montbrison.fr\/wp\/#website\"},\"primaryImageOfPage\":{\"@id\":\"https:\/\/gallican-montbrison.fr\/wp\/?p=4039#primaryimage\"},\"image\":{\"@id\":\"https:\/\/gallican-montbrison.fr\/wp\/?p=4039#primaryimage\"},\"thumbnailUrl\":\"http:\/\/gallican-montbrison.fr\/wp\/wp-content\/uploads\/2015\/07\/reconc-300x289.jpg\",\"datePublished\":\"2015-07-22T11:47:52+00:00\",\"dateModified\":\"2015-07-22T12:26:07+00:00\",\"author\":{\"@id\":\"https:\/\/gallican-montbrison.fr\/wp\/#\/schema\/person\/fc5571a40f7c79de2fb1b0cf72c089a4\"},\"breadcrumb\":{\"@id\":\"https:\/\/gallican-montbrison.fr\/wp\/?p=4039#breadcrumb\"},\"inLanguage\":\"fr-FR\",\"potentialAction\":[{\"@type\":\"ReadAction\",\"target\":[\"https:\/\/gallican-montbrison.fr\/wp\/?p=4039\"]}]},{\"@type\":\"ImageObject\",\"inLanguage\":\"fr-FR\",\"@id\":\"https:\/\/gallican-montbrison.fr\/wp\/?p=4039#primaryimage\",\"url\":\"https:\/\/gallican-montbrison.fr\/wp\/wp-content\/uploads\/2015\/07\/reconc.jpg\",\"contentUrl\":\"https:\/\/gallican-montbrison.fr\/wp\/wp-content\/uploads\/2015\/07\/reconc.jpg\",\"width\":719,\"height\":692},{\"@type\":\"BreadcrumbList\",\"@id\":\"https:\/\/gallican-montbrison.fr\/wp\/?p=4039#breadcrumb\",\"itemListElement\":[{\"@type\":\"ListItem\",\"position\":1,\"name\":\"Accueil\",\"item\":\"https:\/\/gallican-montbrison.fr\/wp\"},{\"@type\":\"ListItem\",\"position\":2,\"name\":\"\u00ab\u00a0R\u00e9concilie-toi d&rsquo;abord avec ton fr\u00e8re\u00a0\u00bb\"}]},{\"@type\":\"WebSite\",\"@id\":\"https:\/\/gallican-montbrison.fr\/wp\/#website\",\"url\":\"https:\/\/gallican-montbrison.fr\/wp\/\",\"name\":\"Chapelle Saint Michel Archange Montbrison\",\"description\":\"Eglise Gallicane, Tradition Apostolique de Gazinet\",\"potentialAction\":[{\"@type\":\"SearchAction\",\"target\":{\"@type\":\"EntryPoint\",\"urlTemplate\":\"https:\/\/gallican-montbrison.fr\/wp\/?s={search_term_string}\"},\"query-input\":{\"@type\":\"PropertyValueSpecification\",\"valueRequired\":true,\"valueName\":\"search_term_string\"}}],\"inLanguage\":\"fr-FR\"},{\"@type\":\"Person\",\"@id\":\"https:\/\/gallican-montbrison.fr\/wp\/#\/schema\/person\/fc5571a40f7c79de2fb1b0cf72c089a4\",\"name\":\"Colette\",\"url\":\"https:\/\/gallican-montbrison.fr\/wp\/?author=3\"}]}<\/script>\n<!-- \/ Yoast SEO plugin. -->","yoast_head_json":{"title":"\"R\u00e9concilie-toi d'abord avec ton fr\u00e8re\" - Chapelle Saint Michel Archange Montbrison","robots":{"index":"index","follow":"follow","max-snippet":"max-snippet:-1","max-image-preview":"max-image-preview:large","max-video-preview":"max-video-preview:-1"},"canonical":"https:\/\/gallican-montbrison.fr\/wp\/?p=4039","og_locale":"fr_FR","og_type":"article","og_title":"\"R\u00e9concilie-toi d'abord avec ton fr\u00e8re\" - Chapelle Saint Michel Archange Montbrison","og_description":"Ecoute Mp3: Hom\u00e9lie 5 \u00e8me Dim AP Ep\u00eetre : Ap\u00f4tre Pierre 1,3, 8-15 Enfin, ayez tous les m\u00eames dispositions et les m\u00eames sentiments\u00a0; aimez-vous comme des fr\u00e8res, soyez bienveillants et humbles les uns \u00e0 l&rsquo;\u00e9gard des autres. Ne rendez pas &hellip; Continuer la lecture &rarr;","og_url":"https:\/\/gallican-montbrison.fr\/wp\/?p=4039","og_site_name":"Chapelle Saint Michel Archange Montbrison","article_publisher":"https:\/\/www.facebook.com\/people\/Eglise-Gallicane-Chapelle-Saint-Michel-Archange\/100064564306693\/","article_published_time":"2015-07-22T11:47:52+00:00","article_modified_time":"2015-07-22T12:26:07+00:00","og_image":[{"url":"http:\/\/gallican-montbrison.fr\/wp\/wp-content\/uploads\/2015\/07\/reconc-300x289.jpg","type":"","width":"","height":""}],"author":"Colette","twitter_card":"summary_large_image","twitter_misc":{"\u00c9crit par":"Colette","Dur\u00e9e de lecture estim\u00e9e":"2 minutes"},"schema":{"@context":"https:\/\/schema.org","@graph":[{"@type":"WebPage","@id":"https:\/\/gallican-montbrison.fr\/wp\/?p=4039","url":"https:\/\/gallican-montbrison.fr\/wp\/?p=4039","name":"\"R\u00e9concilie-toi d'abord avec ton fr\u00e8re\" - Chapelle Saint Michel Archange Montbrison","isPartOf":{"@id":"https:\/\/gallican-montbrison.fr\/wp\/#website"},"primaryImageOfPage":{"@id":"https:\/\/gallican-montbrison.fr\/wp\/?p=4039#primaryimage"},"image":{"@id":"https:\/\/gallican-montbrison.fr\/wp\/?p=4039#primaryimage"},"thumbnailUrl":"http:\/\/gallican-montbrison.fr\/wp\/wp-content\/uploads\/2015\/07\/reconc-300x289.jpg","datePublished":"2015-07-22T11:47:52+00:00","dateModified":"2015-07-22T12:26:07+00:00","author":{"@id":"https:\/\/gallican-montbrison.fr\/wp\/#\/schema\/person\/fc5571a40f7c79de2fb1b0cf72c089a4"},"breadcrumb":{"@id":"https:\/\/gallican-montbrison.fr\/wp\/?p=4039#breadcrumb"},"inLanguage":"fr-FR","potentialAction":[{"@type":"ReadAction","target":["https:\/\/gallican-montbrison.fr\/wp\/?p=4039"]}]},{"@type":"ImageObject","inLanguage":"fr-FR","@id":"https:\/\/gallican-montbrison.fr\/wp\/?p=4039#primaryimage","url":"https:\/\/gallican-montbrison.fr\/wp\/wp-content\/uploads\/2015\/07\/reconc.jpg","contentUrl":"https:\/\/gallican-montbrison.fr\/wp\/wp-content\/uploads\/2015\/07\/reconc.jpg","width":719,"height":692},{"@type":"BreadcrumbList","@id":"https:\/\/gallican-montbrison.fr\/wp\/?p=4039#breadcrumb","itemListElement":[{"@type":"ListItem","position":1,"name":"Accueil","item":"https:\/\/gallican-montbrison.fr\/wp"},{"@type":"ListItem","position":2,"name":"\u00ab\u00a0R\u00e9concilie-toi d&rsquo;abord avec ton fr\u00e8re\u00a0\u00bb"}]},{"@type":"WebSite","@id":"https:\/\/gallican-montbrison.fr\/wp\/#website","url":"https:\/\/gallican-montbrison.fr\/wp\/","name":"Chapelle Saint Michel Archange Montbrison","description":"Eglise Gallicane, Tradition Apostolique de Gazinet","potentialAction":[{"@type":"SearchAction","target":{"@type":"EntryPoint","urlTemplate":"https:\/\/gallican-montbrison.fr\/wp\/?s={search_term_string}"},"query-input":{"@type":"PropertyValueSpecification","valueRequired":true,"valueName":"search_term_string"}}],"inLanguage":"fr-FR"},{"@type":"Person","@id":"https:\/\/gallican-montbrison.fr\/wp\/#\/schema\/person\/fc5571a40f7c79de2fb1b0cf72c089a4","name":"Colette","url":"https:\/\/gallican-montbrison.fr\/wp\/?author=3"}]}},"_links":{"self":[{"href":"https:\/\/gallican-montbrison.fr\/wp\/index.php?rest_route=\/wp\/v2\/posts\/4039"}],"collection":[{"href":"https:\/\/gallican-montbrison.fr\/wp\/index.php?rest_route=\/wp\/v2\/posts"}],"about":[{"href":"https:\/\/gallican-montbrison.fr\/wp\/index.php?rest_route=\/wp\/v2\/types\/post"}],"author":[{"embeddable":true,"href":"https:\/\/gallican-montbrison.fr\/wp\/index.php?rest_route=\/wp\/v2\/users\/3"}],"replies":[{"embeddable":true,"href":"https:\/\/gallican-montbrison.fr\/wp\/index.php?rest_route=%2Fwp%2Fv2%2Fcomments&post=4039"}],"version-history":[{"count":9,"href":"https:\/\/gallican-montbrison.fr\/wp\/index.php?rest_route=\/wp\/v2\/posts\/4039\/revisions"}],"predecessor-version":[{"id":4050,"href":"https:\/\/gallican-montbrison.fr\/wp\/index.php?rest_route=\/wp\/v2\/posts\/4039\/revisions\/4050"}],"wp:attachment":[{"href":"https:\/\/gallican-montbrison.fr\/wp\/index.php?rest_route=%2Fwp%2Fv2%2Fmedia&parent=4039"}],"wp:term":[{"taxonomy":"category","embeddable":true,"href":"https:\/\/gallican-montbrison.fr\/wp\/index.php?rest_route=%2Fwp%2Fv2%2Fcategories&post=4039"},{"taxonomy":"post_tag","embeddable":true,"href":"https:\/\/gallican-montbrison.fr\/wp\/index.php?rest_route=%2Fwp%2Fv2%2Ftags&post=4039"}],"curies":[{"name":"wp","href":"https:\/\/api.w.org\/{rel}","templated":true}]}}