{"id":4051,"date":"2015-07-22T14:27:52","date_gmt":"2015-07-22T12:27:52","guid":{"rendered":"http:\/\/gallican-montbrison.fr\/wp\/?p=4051"},"modified":"2017-03-09T21:55:28","modified_gmt":"2017-03-09T20:55:28","slug":"mariage-betty-et-sebastien","status":"publish","type":"post","link":"https:\/\/gallican-montbrison.fr\/wp\/?p=4051","title":{"rendered":"Mariage Betty et S\u00e9bastien (07.2015)"},"content":{"rendered":"<p><a href=\"http:\/\/gallican-montbrison.fr\/wp\/wp-content\/uploads\/2015\/07\/Image-8.jpg\"><img loading=\"lazy\" decoding=\"async\" class=\"alignleft size-large wp-image-4054\" src=\"http:\/\/gallican-montbrison.fr\/wp\/wp-content\/uploads\/2015\/07\/Image-8-1024x683.jpg\" alt=\"Image 8\" width=\"640\" height=\"427\" srcset=\"https:\/\/gallican-montbrison.fr\/wp\/wp-content\/uploads\/2015\/07\/Image-8-1024x683.jpg 1024w, https:\/\/gallican-montbrison.fr\/wp\/wp-content\/uploads\/2015\/07\/Image-8-300x200.jpg 300w\" sizes=\"(max-width: 640px) 100vw, 640px\" \/><\/a><a href=\"http:\/\/gallican-montbrison.fr\/wp\/wp-content\/uploads\/2015\/07\/Image-10.jpg\"><img loading=\"lazy\" decoding=\"async\" class=\"alignleft wp-image-4056\" src=\"http:\/\/gallican-montbrison.fr\/wp\/wp-content\/uploads\/2015\/07\/Image-10-300x200.jpg\" alt=\"Image 10\" width=\"311\" height=\"207\" srcset=\"https:\/\/gallican-montbrison.fr\/wp\/wp-content\/uploads\/2015\/07\/Image-10-300x200.jpg 300w, https:\/\/gallican-montbrison.fr\/wp\/wp-content\/uploads\/2015\/07\/Image-10-1024x683.jpg 1024w\" sizes=\"(max-width: 311px) 100vw, 311px\" \/><\/a><a href=\"http:\/\/gallican-montbrison.fr\/wp\/wp-content\/uploads\/2015\/07\/P1000718.jpg\"><img loading=\"lazy\" decoding=\"async\" class=\" wp-image-4057 alignnone\" src=\"http:\/\/gallican-montbrison.fr\/wp\/wp-content\/uploads\/2015\/07\/P1000718-300x225.jpg\" alt=\"P1000718\" width=\"277\" height=\"208\" srcset=\"https:\/\/gallican-montbrison.fr\/wp\/wp-content\/uploads\/2015\/07\/P1000718-300x225.jpg 300w, https:\/\/gallican-montbrison.fr\/wp\/wp-content\/uploads\/2015\/07\/P1000718-1024x768.jpg 1024w\" sizes=\"(max-width: 277px) 100vw, 277px\" \/><\/a><\/p>\n<p>Samedi 11 Juillet, Betty et S\u00e9bastien se sont dit OUI devant Dieu. La c\u00e9l\u00e9bration de mariage s&rsquo;est d\u00e9roul\u00e9e sous chapiteau et le soleil brillait dans le ciel et dans les coeurs. Joie aussi pour nous religieux de les accueillir et de les marier. Nous les remercions tout particuli\u00e8rement pour la confiance qu&rsquo;ils nous ont t\u00e9moign\u00e9e pour les accompagner dans leur d\u00e9marche.<\/p>\n<p>L&rsquo;assembl\u00e9e \u00e9tait nombreuse et attentive et l&rsquo;ap\u00e9ritif qui suivit fut propice \u00e0 faire d\u00e9couvrir l&rsquo;Eglise gallicane \u00e0 ceux qui le souhaitaient.<\/p>\n<p>&nbsp;<\/p>\n","protected":false},"excerpt":{"rendered":"<p>Samedi 11 Juillet, Betty et S\u00e9bastien se sont dit OUI devant Dieu. La c\u00e9l\u00e9bration de mariage s&rsquo;est d\u00e9roul\u00e9e sous chapiteau et le soleil brillait dans le ciel et dans les coeurs. Joie aussi pour nous religieux de les accueillir et &hellip; <a href=\"https:\/\/gallican-montbrison.fr\/wp\/?p=4051\">Continuer la lecture <span class=\"meta-nav\">&rarr;<\/span><\/a><\/p>\n","protected":false},"author":3,"featured_media":0,"comment_status":"closed","ping_status":"open","sticky":false,"template":"","format":"standard","meta":{"footnotes":""},"categories":[249,5],"tags":[88,47,89,26,70,87,50,128],"class_list":["post-4051","post","type-post","status-publish","format-standard","hentry","category-sacrements","category-vie-de-la-chapelle","tag-benediction","tag-catholique","tag-ceremonie","tag-chapelle","tag-eglise","tag-mariage","tag-montbrison","tag-paroisse"],"yoast_head":"<!-- This site is optimized with the Yoast SEO plugin v25.6 - https:\/\/yoast.com\/wordpress\/plugins\/seo\/ -->\n<title>Mariage Betty et S\u00e9bastien (07.2015) - Chapelle Saint Michel Archange Montbrison<\/title>\n<meta name=\"robots\" content=\"index, follow, max-snippet:-1, max-image-preview:large, max-video-preview:-1\" \/>\n<link rel=\"canonical\" href=\"https:\/\/gallican-montbrison.fr\/wp\/?p=4051\" \/>\n<meta property=\"og:locale\" content=\"fr_FR\" \/>\n<meta property=\"og:type\" content=\"article\" \/>\n<meta property=\"og:title\" content=\"Mariage Betty et S\u00e9bastien (07.2015) - Chapelle Saint Michel Archange Montbrison\" \/>\n<meta property=\"og:description\" content=\"Samedi 11 Juillet, Betty et S\u00e9bastien se sont dit OUI devant Dieu. La c\u00e9l\u00e9bration de mariage s&rsquo;est d\u00e9roul\u00e9e sous chapiteau et le soleil brillait dans le ciel et dans les coeurs. Joie aussi pour nous religieux de les accueillir et &hellip; Continuer la lecture &rarr;\" \/>\n<meta property=\"og:url\" content=\"https:\/\/gallican-montbrison.fr\/wp\/?p=4051\" \/>\n<meta property=\"og:site_name\" content=\"Chapelle Saint Michel Archange Montbrison\" \/>\n<meta property=\"article:publisher\" content=\"https:\/\/www.facebook.com\/people\/Eglise-Gallicane-Chapelle-Saint-Michel-Archange\/100064564306693\/\" \/>\n<meta property=\"article:published_time\" content=\"2015-07-22T12:27:52+00:00\" \/>\n<meta property=\"article:modified_time\" content=\"2017-03-09T20:55:28+00:00\" \/>\n<meta property=\"og:image\" content=\"http:\/\/gallican-montbrison.fr\/wp\/wp-content\/uploads\/2015\/07\/Image-8-1024x683.jpg\" \/>\n<meta name=\"author\" content=\"Colette\" \/>\n<meta name=\"twitter:card\" content=\"summary_large_image\" \/>\n<meta name=\"twitter:label1\" content=\"\u00c9crit par\" \/>\n\t<meta name=\"twitter:data1\" content=\"Colette\" \/>\n<script type=\"application\/ld+json\" class=\"yoast-schema-graph\">{\"@context\":\"https:\/\/schema.org\",\"@graph\":[{\"@type\":\"WebPage\",\"@id\":\"https:\/\/gallican-montbrison.fr\/wp\/?p=4051\",\"url\":\"https:\/\/gallican-montbrison.fr\/wp\/?p=4051\",\"name\":\"Mariage Betty et S\u00e9bastien (07.2015) - Chapelle Saint Michel Archange Montbrison\",\"isPartOf\":{\"@id\":\"https:\/\/gallican-montbrison.fr\/wp\/#website\"},\"primaryImageOfPage\":{\"@id\":\"https:\/\/gallican-montbrison.fr\/wp\/?p=4051#primaryimage\"},\"image\":{\"@id\":\"https:\/\/gallican-montbrison.fr\/wp\/?p=4051#primaryimage\"},\"thumbnailUrl\":\"http:\/\/gallican-montbrison.fr\/wp\/wp-content\/uploads\/2015\/07\/Image-8-1024x683.jpg\",\"datePublished\":\"2015-07-22T12:27:52+00:00\",\"dateModified\":\"2017-03-09T20:55:28+00:00\",\"author\":{\"@id\":\"https:\/\/gallican-montbrison.fr\/wp\/#\/schema\/person\/fc5571a40f7c79de2fb1b0cf72c089a4\"},\"breadcrumb\":{\"@id\":\"https:\/\/gallican-montbrison.fr\/wp\/?p=4051#breadcrumb\"},\"inLanguage\":\"fr-FR\",\"potentialAction\":[{\"@type\":\"ReadAction\",\"target\":[\"https:\/\/gallican-montbrison.fr\/wp\/?p=4051\"]}]},{\"@type\":\"ImageObject\",\"inLanguage\":\"fr-FR\",\"@id\":\"https:\/\/gallican-montbrison.fr\/wp\/?p=4051#primaryimage\",\"url\":\"https:\/\/gallican-montbrison.fr\/wp\/wp-content\/uploads\/2015\/07\/Image-8.jpg\",\"contentUrl\":\"https:\/\/gallican-montbrison.fr\/wp\/wp-content\/uploads\/2015\/07\/Image-8.jpg\",\"width\":4496,\"height\":3000},{\"@type\":\"BreadcrumbList\",\"@id\":\"https:\/\/gallican-montbrison.fr\/wp\/?p=4051#breadcrumb\",\"itemListElement\":[{\"@type\":\"ListItem\",\"position\":1,\"name\":\"Accueil\",\"item\":\"https:\/\/gallican-montbrison.fr\/wp\"},{\"@type\":\"ListItem\",\"position\":2,\"name\":\"Mariage Betty et S\u00e9bastien (07.2015)\"}]},{\"@type\":\"WebSite\",\"@id\":\"https:\/\/gallican-montbrison.fr\/wp\/#website\",\"url\":\"https:\/\/gallican-montbrison.fr\/wp\/\",\"name\":\"Chapelle Saint Michel Archange Montbrison\",\"description\":\"Eglise Gallicane, Tradition Apostolique de Gazinet\",\"potentialAction\":[{\"@type\":\"SearchAction\",\"target\":{\"@type\":\"EntryPoint\",\"urlTemplate\":\"https:\/\/gallican-montbrison.fr\/wp\/?s={search_term_string}\"},\"query-input\":{\"@type\":\"PropertyValueSpecification\",\"valueRequired\":true,\"valueName\":\"search_term_string\"}}],\"inLanguage\":\"fr-FR\"},{\"@type\":\"Person\",\"@id\":\"https:\/\/gallican-montbrison.fr\/wp\/#\/schema\/person\/fc5571a40f7c79de2fb1b0cf72c089a4\",\"name\":\"Colette\",\"url\":\"https:\/\/gallican-montbrison.fr\/wp\/?author=3\"}]}<\/script>\n<!-- \/ Yoast SEO plugin. -->","yoast_head_json":{"title":"Mariage Betty et S\u00e9bastien (07.2015) - Chapelle Saint Michel Archange Montbrison","robots":{"index":"index","follow":"follow","max-snippet":"max-snippet:-1","max-image-preview":"max-image-preview:large","max-video-preview":"max-video-preview:-1"},"canonical":"https:\/\/gallican-montbrison.fr\/wp\/?p=4051","og_locale":"fr_FR","og_type":"article","og_title":"Mariage Betty et S\u00e9bastien (07.2015) - Chapelle Saint Michel Archange Montbrison","og_description":"Samedi 11 Juillet, Betty et S\u00e9bastien se sont dit OUI devant Dieu. La c\u00e9l\u00e9bration de mariage s&rsquo;est d\u00e9roul\u00e9e sous chapiteau et le soleil brillait dans le ciel et dans les coeurs. Joie aussi pour nous religieux de les accueillir et &hellip; Continuer la lecture &rarr;","og_url":"https:\/\/gallican-montbrison.fr\/wp\/?p=4051","og_site_name":"Chapelle Saint Michel Archange Montbrison","article_publisher":"https:\/\/www.facebook.com\/people\/Eglise-Gallicane-Chapelle-Saint-Michel-Archange\/100064564306693\/","article_published_time":"2015-07-22T12:27:52+00:00","article_modified_time":"2017-03-09T20:55:28+00:00","og_image":[{"url":"http:\/\/gallican-montbrison.fr\/wp\/wp-content\/uploads\/2015\/07\/Image-8-1024x683.jpg","type":"","width":"","height":""}],"author":"Colette","twitter_card":"summary_large_image","twitter_misc":{"\u00c9crit par":"Colette"},"schema":{"@context":"https:\/\/schema.org","@graph":[{"@type":"WebPage","@id":"https:\/\/gallican-montbrison.fr\/wp\/?p=4051","url":"https:\/\/gallican-montbrison.fr\/wp\/?p=4051","name":"Mariage Betty et S\u00e9bastien (07.2015) - Chapelle Saint Michel Archange Montbrison","isPartOf":{"@id":"https:\/\/gallican-montbrison.fr\/wp\/#website"},"primaryImageOfPage":{"@id":"https:\/\/gallican-montbrison.fr\/wp\/?p=4051#primaryimage"},"image":{"@id":"https:\/\/gallican-montbrison.fr\/wp\/?p=4051#primaryimage"},"thumbnailUrl":"http:\/\/gallican-montbrison.fr\/wp\/wp-content\/uploads\/2015\/07\/Image-8-1024x683.jpg","datePublished":"2015-07-22T12:27:52+00:00","dateModified":"2017-03-09T20:55:28+00:00","author":{"@id":"https:\/\/gallican-montbrison.fr\/wp\/#\/schema\/person\/fc5571a40f7c79de2fb1b0cf72c089a4"},"breadcrumb":{"@id":"https:\/\/gallican-montbrison.fr\/wp\/?p=4051#breadcrumb"},"inLanguage":"fr-FR","potentialAction":[{"@type":"ReadAction","target":["https:\/\/gallican-montbrison.fr\/wp\/?p=4051"]}]},{"@type":"ImageObject","inLanguage":"fr-FR","@id":"https:\/\/gallican-montbrison.fr\/wp\/?p=4051#primaryimage","url":"https:\/\/gallican-montbrison.fr\/wp\/wp-content\/uploads\/2015\/07\/Image-8.jpg","contentUrl":"https:\/\/gallican-montbrison.fr\/wp\/wp-content\/uploads\/2015\/07\/Image-8.jpg","width":4496,"height":3000},{"@type":"BreadcrumbList","@id":"https:\/\/gallican-montbrison.fr\/wp\/?p=4051#breadcrumb","itemListElement":[{"@type":"ListItem","position":1,"name":"Accueil","item":"https:\/\/gallican-montbrison.fr\/wp"},{"@type":"ListItem","position":2,"name":"Mariage Betty et S\u00e9bastien (07.2015)"}]},{"@type":"WebSite","@id":"https:\/\/gallican-montbrison.fr\/wp\/#website","url":"https:\/\/gallican-montbrison.fr\/wp\/","name":"Chapelle Saint Michel Archange Montbrison","description":"Eglise Gallicane, Tradition Apostolique de Gazinet","potentialAction":[{"@type":"SearchAction","target":{"@type":"EntryPoint","urlTemplate":"https:\/\/gallican-montbrison.fr\/wp\/?s={search_term_string}"},"query-input":{"@type":"PropertyValueSpecification","valueRequired":true,"valueName":"search_term_string"}}],"inLanguage":"fr-FR"},{"@type":"Person","@id":"https:\/\/gallican-montbrison.fr\/wp\/#\/schema\/person\/fc5571a40f7c79de2fb1b0cf72c089a4","name":"Colette","url":"https:\/\/gallican-montbrison.fr\/wp\/?author=3"}]}},"_links":{"self":[{"href":"https:\/\/gallican-montbrison.fr\/wp\/index.php?rest_route=\/wp\/v2\/posts\/4051"}],"collection":[{"href":"https:\/\/gallican-montbrison.fr\/wp\/index.php?rest_route=\/wp\/v2\/posts"}],"about":[{"href":"https:\/\/gallican-montbrison.fr\/wp\/index.php?rest_route=\/wp\/v2\/types\/post"}],"author":[{"embeddable":true,"href":"https:\/\/gallican-montbrison.fr\/wp\/index.php?rest_route=\/wp\/v2\/users\/3"}],"replies":[{"embeddable":true,"href":"https:\/\/gallican-montbrison.fr\/wp\/index.php?rest_route=%2Fwp%2Fv2%2Fcomments&post=4051"}],"version-history":[{"count":12,"href":"https:\/\/gallican-montbrison.fr\/wp\/index.php?rest_route=\/wp\/v2\/posts\/4051\/revisions"}],"predecessor-version":[{"id":5024,"href":"https:\/\/gallican-montbrison.fr\/wp\/index.php?rest_route=\/wp\/v2\/posts\/4051\/revisions\/5024"}],"wp:attachment":[{"href":"https:\/\/gallican-montbrison.fr\/wp\/index.php?rest_route=%2Fwp%2Fv2%2Fmedia&parent=4051"}],"wp:term":[{"taxonomy":"category","embeddable":true,"href":"https:\/\/gallican-montbrison.fr\/wp\/index.php?rest_route=%2Fwp%2Fv2%2Fcategories&post=4051"},{"taxonomy":"post_tag","embeddable":true,"href":"https:\/\/gallican-montbrison.fr\/wp\/index.php?rest_route=%2Fwp%2Fv2%2Ftags&post=4051"}],"curies":[{"name":"wp","href":"https:\/\/api.w.org\/{rel}","templated":true}]}}