{"id":4219,"date":"2015-11-30T17:19:54","date_gmt":"2015-11-30T16:19:54","guid":{"rendered":"http:\/\/gallican-montbrison.fr\/wp\/?p=4219"},"modified":"2015-11-30T17:21:03","modified_gmt":"2015-11-30T16:21:03","slug":"attentats-hommage-aux-victimes-du-13-novembre","status":"publish","type":"post","link":"https:\/\/gallican-montbrison.fr\/wp\/?p=4219","title":{"rendered":"HOMMAGE AUX VICTIMES des Attentats du 13 Novembre"},"content":{"rendered":"<p><a href=\"http:\/\/gallican-montbrison.fr\/wp\/wp-content\/uploads\/2015\/11\/bandeau.jpg\"><img loading=\"lazy\" decoding=\"async\" class=\"aligncenter size-full wp-image-4221\" src=\"http:\/\/gallican-montbrison.fr\/wp\/wp-content\/uploads\/2015\/11\/bandeau.jpg\" alt=\"bandeau\" width=\"48\" height=\"68\" \/><\/a><\/p>\n<p><em><strong>\u00ab\u00a0La trag\u00e9die de Paris Vendredi et la barbarie qui s&rsquo;est d\u00e9roul\u00e9e tout au long de cette soir\u00e9e ne doivent pas nous r\u00e9duire au silence mais c&rsquo;est avec beaucoup de peine que je prends la parole aujourd&rsquo;hui. Cette trag\u00e9die est au coeur de nos vies et de nos pri\u00e8res et pour certains il est m\u00eame impossible de prier car la douleur est trop grande. Pour d&rsquo;autres c&rsquo;est <\/strong><\/em><em><strong>la r\u00e9volte contre les religions qui pr\u00e9domine puisque ceux qui ont commis ces actes pr\u00e9tendent agir au nom de Dieu.<\/strong><\/em><br \/>\n<em><strong> N&rsquo;en croyez rien, la religion de ces barbares, de ces terroristes, n&rsquo;est pas une religion; ce n&rsquo;est pas l&rsquo;Islam. Leur id\u00e9ologie fanatique n&rsquo;est qu&rsquo;un pr\u00e9texte \u00e0 leur violence, \u00e0 leur mal-\u00eatre. Elle n&rsquo;est qu&rsquo;un vernis pour donner une illusion de fondement \u00e0 leurs ignominies.<\/strong><\/em><br \/>\n<em><strong> Non la religion ne ressemble en rien \u00e0 la haine de l&rsquo;autre. La religion, c&rsquo;est se relier \u00e0 Dieu, rechercher cette \u00e9l\u00e9vation spirituelle qui conduit \u00e0 la dimension de l&rsquo;Esprit.<\/strong><\/em><\/p>\n<p><em><strong>Le message de l&rsquo;Eglise Gallicane en ces jours sombres est de rappeler les valeurs de fraternit\u00e9 et d&rsquo;amour v\u00e9hicul\u00e9es par toutes les religions. Rappeler aussi que la libert\u00e9 de vivre, de croire, de r\u00e9aliser sa vie sont des valeurs fondamentales de nos soci\u00e9t\u00e9s.<\/strong><\/em><\/p>\n<p><em><strong>Le message de l&rsquo;Eglise Gallicane est de dire et de redire que jamais les textes sacr\u00e9s n&rsquo;appellent au meurtre, que s&rsquo;ils utilisent des images de combat, parfois de guerre, c&rsquo;est uniquement pour symboliser le combat int\u00e9rieur que chaque \u00eatre humain doit conduire en lui m\u00eame pour se grandir et se rapprocher de Dieu.<\/strong><\/em><\/p>\n<p><em><strong><em>L<\/em>e message de l&rsquo;Eglise Gallicane est de rappeler que dans l&rsquo;histoire de notre pays, il y a d\u00e9j\u00e0 eu de tels agissements o\u00f9 l&rsquo;humain a \u00e9t\u00e9 ni\u00e9 et o\u00f9 la barbarie a sembl\u00e9 prendre le dessus. Comme dans ces ann\u00e9es 40, chaque citoyen doit agir inlassablement pour la dignit\u00e9 humaine et chaque chr\u00e9tien doit se laisser guider inlassablement par la dimension<\/strong><\/em><br \/>\n<em><strong> de l&rsquo;amour pour b\u00e2tir un monde meilleur.<\/strong><\/em><\/p>\n<p><em><strong>Devant de tels actes ne baissons pas les bras, ne nous laissons pas envahir par la haine.<\/strong><\/em><\/p>\n<p><em><strong>Le chemin est long et difficile aujourd&rsquo;hui mais ne renon\u00e7ons pas \u00e0 notre Foi et \u00e0 nos valeurs. Portons nos regards sur ce qu&rsquo;il y a de meilleur en l&rsquo;homme et auquel nous ne devons jamais renoncer.<\/strong><\/em><\/p>\n<p><em><strong>Dans ces moment si difficiles, demandons \u00e0 Dieu de garder en nos coeurs la lumi\u00e8re de son Esprit qui nous guide dans nos vies et dans nos choix.<\/strong><\/em><br \/>\n<em><strong> Cette lumi\u00e8re de l&rsquo;Esprit qui \u00e9loigne aussi toutes peurs et toutes t\u00e9n\u00e8bres.<\/strong><\/em><\/p>\n<p><em><strong>Plus que jamais, que la pri\u00e8re nous apporte r\u00e9confort et apaisement.\u00a0\u00bb<\/strong><\/em><\/p>\n<p><em>P\u00e8re Robert<\/em><\/p>\n","protected":false},"excerpt":{"rendered":"<p>\u00ab\u00a0La trag\u00e9die de Paris Vendredi et la barbarie qui s&rsquo;est d\u00e9roul\u00e9e tout au long de cette soir\u00e9e ne doivent pas nous r\u00e9duire au silence mais c&rsquo;est avec beaucoup de peine que je prends la parole aujourd&rsquo;hui. Cette trag\u00e9die est au &hellip; <a href=\"https:\/\/gallican-montbrison.fr\/wp\/?p=4219\">Continuer la lecture <span class=\"meta-nav\">&rarr;<\/span><\/a><\/p>\n","protected":false},"author":3,"featured_media":0,"comment_status":"closed","ping_status":"open","sticky":false,"template":"","format":"standard","meta":{"footnotes":""},"categories":[5],"tags":[],"class_list":["post-4219","post","type-post","status-publish","format-standard","hentry","category-vie-de-la-chapelle"],"yoast_head":"<!-- This site is optimized with the Yoast SEO plugin v25.6 - https:\/\/yoast.com\/wordpress\/plugins\/seo\/ -->\n<title>HOMMAGE AUX VICTIMES des Attentats du 13 Novembre - Chapelle Saint Michel Archange Montbrison<\/title>\n<meta name=\"robots\" content=\"index, follow, max-snippet:-1, max-image-preview:large, max-video-preview:-1\" \/>\n<link rel=\"canonical\" href=\"https:\/\/gallican-montbrison.fr\/wp\/?p=4219\" \/>\n<meta property=\"og:locale\" content=\"fr_FR\" \/>\n<meta property=\"og:type\" content=\"article\" \/>\n<meta property=\"og:title\" content=\"HOMMAGE AUX VICTIMES des Attentats du 13 Novembre - Chapelle Saint Michel Archange Montbrison\" \/>\n<meta property=\"og:description\" content=\"\u00ab\u00a0La trag\u00e9die de Paris Vendredi et la barbarie qui s&rsquo;est d\u00e9roul\u00e9e tout au long de cette soir\u00e9e ne doivent pas nous r\u00e9duire au silence mais c&rsquo;est avec beaucoup de peine que je prends la parole aujourd&rsquo;hui. Cette trag\u00e9die est au &hellip; Continuer la lecture &rarr;\" \/>\n<meta property=\"og:url\" content=\"https:\/\/gallican-montbrison.fr\/wp\/?p=4219\" \/>\n<meta property=\"og:site_name\" content=\"Chapelle Saint Michel Archange Montbrison\" \/>\n<meta property=\"article:publisher\" content=\"https:\/\/www.facebook.com\/people\/Eglise-Gallicane-Chapelle-Saint-Michel-Archange\/100064564306693\/\" \/>\n<meta property=\"article:published_time\" content=\"2015-11-30T16:19:54+00:00\" \/>\n<meta property=\"article:modified_time\" content=\"2015-11-30T16:21:03+00:00\" \/>\n<meta property=\"og:image\" content=\"http:\/\/gallican-montbrison.fr\/wp\/wp-content\/uploads\/2015\/11\/bandeau.jpg\" \/>\n<meta name=\"author\" content=\"Colette\" \/>\n<meta name=\"twitter:card\" content=\"summary_large_image\" \/>\n<meta name=\"twitter:label1\" content=\"\u00c9crit par\" \/>\n\t<meta name=\"twitter:data1\" content=\"Colette\" \/>\n\t<meta name=\"twitter:label2\" content=\"Dur\u00e9e de lecture estim\u00e9e\" \/>\n\t<meta name=\"twitter:data2\" content=\"2 minutes\" \/>\n<script type=\"application\/ld+json\" class=\"yoast-schema-graph\">{\"@context\":\"https:\/\/schema.org\",\"@graph\":[{\"@type\":\"WebPage\",\"@id\":\"https:\/\/gallican-montbrison.fr\/wp\/?p=4219\",\"url\":\"https:\/\/gallican-montbrison.fr\/wp\/?p=4219\",\"name\":\"HOMMAGE AUX VICTIMES des Attentats du 13 Novembre - Chapelle Saint Michel Archange Montbrison\",\"isPartOf\":{\"@id\":\"https:\/\/gallican-montbrison.fr\/wp\/#website\"},\"primaryImageOfPage\":{\"@id\":\"https:\/\/gallican-montbrison.fr\/wp\/?p=4219#primaryimage\"},\"image\":{\"@id\":\"https:\/\/gallican-montbrison.fr\/wp\/?p=4219#primaryimage\"},\"thumbnailUrl\":\"http:\/\/gallican-montbrison.fr\/wp\/wp-content\/uploads\/2015\/11\/bandeau.jpg\",\"datePublished\":\"2015-11-30T16:19:54+00:00\",\"dateModified\":\"2015-11-30T16:21:03+00:00\",\"author\":{\"@id\":\"https:\/\/gallican-montbrison.fr\/wp\/#\/schema\/person\/fc5571a40f7c79de2fb1b0cf72c089a4\"},\"breadcrumb\":{\"@id\":\"https:\/\/gallican-montbrison.fr\/wp\/?p=4219#breadcrumb\"},\"inLanguage\":\"fr-FR\",\"potentialAction\":[{\"@type\":\"ReadAction\",\"target\":[\"https:\/\/gallican-montbrison.fr\/wp\/?p=4219\"]}]},{\"@type\":\"ImageObject\",\"inLanguage\":\"fr-FR\",\"@id\":\"https:\/\/gallican-montbrison.fr\/wp\/?p=4219#primaryimage\",\"url\":\"http:\/\/gallican-montbrison.fr\/wp\/wp-content\/uploads\/2015\/11\/bandeau.jpg\",\"contentUrl\":\"http:\/\/gallican-montbrison.fr\/wp\/wp-content\/uploads\/2015\/11\/bandeau.jpg\"},{\"@type\":\"BreadcrumbList\",\"@id\":\"https:\/\/gallican-montbrison.fr\/wp\/?p=4219#breadcrumb\",\"itemListElement\":[{\"@type\":\"ListItem\",\"position\":1,\"name\":\"Accueil\",\"item\":\"https:\/\/gallican-montbrison.fr\/wp\"},{\"@type\":\"ListItem\",\"position\":2,\"name\":\"HOMMAGE AUX VICTIMES des Attentats du 13 Novembre\"}]},{\"@type\":\"WebSite\",\"@id\":\"https:\/\/gallican-montbrison.fr\/wp\/#website\",\"url\":\"https:\/\/gallican-montbrison.fr\/wp\/\",\"name\":\"Chapelle Saint Michel Archange Montbrison\",\"description\":\"Eglise Gallicane, Tradition Apostolique de Gazinet\",\"potentialAction\":[{\"@type\":\"SearchAction\",\"target\":{\"@type\":\"EntryPoint\",\"urlTemplate\":\"https:\/\/gallican-montbrison.fr\/wp\/?s={search_term_string}\"},\"query-input\":{\"@type\":\"PropertyValueSpecification\",\"valueRequired\":true,\"valueName\":\"search_term_string\"}}],\"inLanguage\":\"fr-FR\"},{\"@type\":\"Person\",\"@id\":\"https:\/\/gallican-montbrison.fr\/wp\/#\/schema\/person\/fc5571a40f7c79de2fb1b0cf72c089a4\",\"name\":\"Colette\",\"url\":\"https:\/\/gallican-montbrison.fr\/wp\/?author=3\"}]}<\/script>\n<!-- \/ Yoast SEO plugin. -->","yoast_head_json":{"title":"HOMMAGE AUX VICTIMES des Attentats du 13 Novembre - Chapelle Saint Michel Archange Montbrison","robots":{"index":"index","follow":"follow","max-snippet":"max-snippet:-1","max-image-preview":"max-image-preview:large","max-video-preview":"max-video-preview:-1"},"canonical":"https:\/\/gallican-montbrison.fr\/wp\/?p=4219","og_locale":"fr_FR","og_type":"article","og_title":"HOMMAGE AUX VICTIMES des Attentats du 13 Novembre - Chapelle Saint Michel Archange Montbrison","og_description":"\u00ab\u00a0La trag\u00e9die de Paris Vendredi et la barbarie qui s&rsquo;est d\u00e9roul\u00e9e tout au long de cette soir\u00e9e ne doivent pas nous r\u00e9duire au silence mais c&rsquo;est avec beaucoup de peine que je prends la parole aujourd&rsquo;hui. Cette trag\u00e9die est au &hellip; Continuer la lecture &rarr;","og_url":"https:\/\/gallican-montbrison.fr\/wp\/?p=4219","og_site_name":"Chapelle Saint Michel Archange Montbrison","article_publisher":"https:\/\/www.facebook.com\/people\/Eglise-Gallicane-Chapelle-Saint-Michel-Archange\/100064564306693\/","article_published_time":"2015-11-30T16:19:54+00:00","article_modified_time":"2015-11-30T16:21:03+00:00","og_image":[{"url":"http:\/\/gallican-montbrison.fr\/wp\/wp-content\/uploads\/2015\/11\/bandeau.jpg","type":"","width":"","height":""}],"author":"Colette","twitter_card":"summary_large_image","twitter_misc":{"\u00c9crit par":"Colette","Dur\u00e9e de lecture estim\u00e9e":"2 minutes"},"schema":{"@context":"https:\/\/schema.org","@graph":[{"@type":"WebPage","@id":"https:\/\/gallican-montbrison.fr\/wp\/?p=4219","url":"https:\/\/gallican-montbrison.fr\/wp\/?p=4219","name":"HOMMAGE AUX VICTIMES des Attentats du 13 Novembre - Chapelle Saint Michel Archange Montbrison","isPartOf":{"@id":"https:\/\/gallican-montbrison.fr\/wp\/#website"},"primaryImageOfPage":{"@id":"https:\/\/gallican-montbrison.fr\/wp\/?p=4219#primaryimage"},"image":{"@id":"https:\/\/gallican-montbrison.fr\/wp\/?p=4219#primaryimage"},"thumbnailUrl":"http:\/\/gallican-montbrison.fr\/wp\/wp-content\/uploads\/2015\/11\/bandeau.jpg","datePublished":"2015-11-30T16:19:54+00:00","dateModified":"2015-11-30T16:21:03+00:00","author":{"@id":"https:\/\/gallican-montbrison.fr\/wp\/#\/schema\/person\/fc5571a40f7c79de2fb1b0cf72c089a4"},"breadcrumb":{"@id":"https:\/\/gallican-montbrison.fr\/wp\/?p=4219#breadcrumb"},"inLanguage":"fr-FR","potentialAction":[{"@type":"ReadAction","target":["https:\/\/gallican-montbrison.fr\/wp\/?p=4219"]}]},{"@type":"ImageObject","inLanguage":"fr-FR","@id":"https:\/\/gallican-montbrison.fr\/wp\/?p=4219#primaryimage","url":"http:\/\/gallican-montbrison.fr\/wp\/wp-content\/uploads\/2015\/11\/bandeau.jpg","contentUrl":"http:\/\/gallican-montbrison.fr\/wp\/wp-content\/uploads\/2015\/11\/bandeau.jpg"},{"@type":"BreadcrumbList","@id":"https:\/\/gallican-montbrison.fr\/wp\/?p=4219#breadcrumb","itemListElement":[{"@type":"ListItem","position":1,"name":"Accueil","item":"https:\/\/gallican-montbrison.fr\/wp"},{"@type":"ListItem","position":2,"name":"HOMMAGE AUX VICTIMES des Attentats du 13 Novembre"}]},{"@type":"WebSite","@id":"https:\/\/gallican-montbrison.fr\/wp\/#website","url":"https:\/\/gallican-montbrison.fr\/wp\/","name":"Chapelle Saint Michel Archange Montbrison","description":"Eglise Gallicane, Tradition Apostolique de Gazinet","potentialAction":[{"@type":"SearchAction","target":{"@type":"EntryPoint","urlTemplate":"https:\/\/gallican-montbrison.fr\/wp\/?s={search_term_string}"},"query-input":{"@type":"PropertyValueSpecification","valueRequired":true,"valueName":"search_term_string"}}],"inLanguage":"fr-FR"},{"@type":"Person","@id":"https:\/\/gallican-montbrison.fr\/wp\/#\/schema\/person\/fc5571a40f7c79de2fb1b0cf72c089a4","name":"Colette","url":"https:\/\/gallican-montbrison.fr\/wp\/?author=3"}]}},"_links":{"self":[{"href":"https:\/\/gallican-montbrison.fr\/wp\/index.php?rest_route=\/wp\/v2\/posts\/4219"}],"collection":[{"href":"https:\/\/gallican-montbrison.fr\/wp\/index.php?rest_route=\/wp\/v2\/posts"}],"about":[{"href":"https:\/\/gallican-montbrison.fr\/wp\/index.php?rest_route=\/wp\/v2\/types\/post"}],"author":[{"embeddable":true,"href":"https:\/\/gallican-montbrison.fr\/wp\/index.php?rest_route=\/wp\/v2\/users\/3"}],"replies":[{"embeddable":true,"href":"https:\/\/gallican-montbrison.fr\/wp\/index.php?rest_route=%2Fwp%2Fv2%2Fcomments&post=4219"}],"version-history":[{"count":9,"href":"https:\/\/gallican-montbrison.fr\/wp\/index.php?rest_route=\/wp\/v2\/posts\/4219\/revisions"}],"predecessor-version":[{"id":4229,"href":"https:\/\/gallican-montbrison.fr\/wp\/index.php?rest_route=\/wp\/v2\/posts\/4219\/revisions\/4229"}],"wp:attachment":[{"href":"https:\/\/gallican-montbrison.fr\/wp\/index.php?rest_route=%2Fwp%2Fv2%2Fmedia&parent=4219"}],"wp:term":[{"taxonomy":"category","embeddable":true,"href":"https:\/\/gallican-montbrison.fr\/wp\/index.php?rest_route=%2Fwp%2Fv2%2Fcategories&post=4219"},{"taxonomy":"post_tag","embeddable":true,"href":"https:\/\/gallican-montbrison.fr\/wp\/index.php?rest_route=%2Fwp%2Fv2%2Ftags&post=4219"}],"curies":[{"name":"wp","href":"https:\/\/api.w.org\/{rel}","templated":true}]}}