{"id":4516,"date":"2016-04-14T13:33:24","date_gmt":"2016-04-14T11:33:24","guid":{"rendered":"http:\/\/gallican-montbrison.fr\/wp\/?p=4516"},"modified":"2016-04-20T13:44:04","modified_gmt":"2016-04-20T11:44:04","slug":"office-du-19-avril","status":"publish","type":"post","link":"https:\/\/gallican-montbrison.fr\/wp\/?p=4516","title":{"rendered":"Office du 19 Avril &#8211; 3\u00e8 Dimanche de P\u00e2ques"},"content":{"rendered":"<p><a href=\"http:\/\/gallican-montbrison.fr\/wp\/wp-content\/uploads\/2014\/05\/foi.jpg\" rel=\"attachment wp-att-3378\"><img loading=\"lazy\" decoding=\"async\" class=\"alignleft size-thumbnail wp-image-3378\" src=\"http:\/\/gallican-montbrison.fr\/wp\/wp-content\/uploads\/2014\/05\/foi-150x150.jpg\" alt=\"foi\" width=\"150\" height=\"150\" \/><\/a><\/p>\n<p><strong><span style=\"color: #ff6600;\">Ecouter l&rsquo;hom\u00e9lie : \u00ab\u00a0encore un peu de temps et vous ne me verrez plus, encore un peu de temps et vous me reverrez&#8230;\u00a0\u00bb<\/span><\/strong><\/p>\n<!--[if lt IE 9]><script>document.createElement('audio');<\/script><![endif]-->\n<audio class=\"wp-audio-shortcode\" id=\"audio-4516-1\" preload=\"none\" style=\"width: 100%;\" controls=\"controls\"><source type=\"audio\/mpeg\" src=\"http:\/\/gallican-montbrison.fr\/wp\/wp-content\/uploads\/2016\/04\/11-Home\u0301lie-3eme-dim-apre\u0300s-Pa\u0302ques-.mp3?_=1\" \/><a href=\"http:\/\/gallican-montbrison.fr\/wp\/wp-content\/uploads\/2016\/04\/11-Home\u0301lie-3eme-dim-apre\u0300s-Pa\u0302ques-.mp3\">http:\/\/gallican-montbrison.fr\/wp\/wp-content\/uploads\/2016\/04\/11-Home\u0301lie-3eme-dim-apre\u0300s-Pa\u0302ques-.mp3<\/a><\/audio>\n<p><strong><span style=\"color: #993366;\">Ep\u00eetre: \u00a01 Pierre 2,11-19<\/span><\/strong><\/p>\n<p><span style=\"color: #993366;\">Je vous le demande, mes chers amis, vous qui \u00eates \u00e9trangers et exil\u00e9s sur la terre\u00a0: gardez-vous des passions humaines qui font la guerre \u00e0 votre \u00eatre.\u00a0Ayez une bonne conduite parmi les pa\u00efens\u00a0; ainsi, m\u00eame s\u2019ils m\u00e9disent de vous en vous traitant de malfaiteurs, ils seront oblig\u00e9s de reconna\u00eetre vos bonnes actions et de louer Dieu le jour o\u00f9 il viendra.<\/span><\/p>\n<p><span style=\"color: #993366;\">Soyez soumis, \u00e0 cause du Seigneur, \u00e0 toute autorit\u00e9 humaine\u00a0: \u00e0 l\u2019empereur, qui a le pouvoir supr\u00eame,\u00a0et aux gouverneurs, envoy\u00e9s par lui pour punir les malfaiteurs et f\u00e9liciter ceux qui font le bien.\u00a0En effet, ce que Dieu veut, c\u2019est que vous pratiquiez le bien pour r\u00e9duire au silence les hommes ignorants et d\u00e9raisonnables.\u00a0Conduisez-vous comme des gens libres\u00a0; cependant, n\u2019utilisez pas votre libert\u00e9 comme un voile pour couvrir le mal, mais agissez en serviteurs de Dieu.\u00a0Respectez tous les \u00eatres humains, aimez vos fr\u00e8res en la foi, adorez Dieu, respectez l\u2019empereur.<\/span><\/p>\n<p><span style=\"color: #993366;\">Serviteurs, soyez soumis \u00e0 vos ma\u00eetres avec un entier respect, non seulement \u00e0 ceux qui sont bons et bien dispos\u00e9s, mais aussi \u00e0 ceux qui sont p\u00e9nibles.\u00a0En effet, c\u2019est un bien de supporter, par ob\u00e9issance \u00e0 Dieu, les peines que l\u2019on souffre injustement.<\/span><\/p>\n<div><span style=\"color: #993366;\">\u00a0<\/span><\/div>\n<p><strong><span style=\"color: #993366;\">Evangile selon St Jean 16,16-22<\/span><\/strong><\/p>\n<p><span style=\"color: #993366;\">\u00ab\u00a0D\u2019ici peu vous ne me verrez plus, puis peu de temps apr\u00e8s vous me reverrez.\u00a0\u00bb\u00a0\u00a0Quelques-uns de ses disciples se dirent alors entre eux\u00a0: \u00ab\u00a0Qu\u2019est-ce que cela signifie\u00a0? Il nous d\u00e9clare\u00a0: \u00abD\u2019ici peu vous ne me verrez plus, puis peu de temps apr\u00e8s vous me reverrez\u00bb, et aussi\u00a0: \u00abC\u2019est parce que je m\u2019en vais aupr\u00e8s du P\u00e8re\u00bb.\u00a0Que signifie ce \u00abpeu de temps\u00bb dont il parle\u00a0? Nous ne comprenons pas ce qu\u2019il veut dire.\u00a0\u00bb\u00a0J\u00e9sus se rendit compte qu\u2019ils d\u00e9siraient l\u2019interroger. Il leur dit donc\u00a0: \u00ab\u00a0Je vous ai d\u00e9clar\u00e9\u00a0: \u00abD\u2019ici peu vous ne me verrez plus, puis peu de temps apr\u00e8s vous me reverrez.\u00bb Est-ce \u00e0 ce sujet que vous vous posez des questions entre vous\u00a0?<\/span><\/p>\n<p><span style=\"color: #993366;\">Oui, je vous le d\u00e9clare, c\u2019est la v\u00e9rit\u00e9\u00a0: vous pleurerez et vous vous lamenterez, tandis que le monde se r\u00e9jouira\u00a0; vous serez dans la peine, mais votre peine se changera en joie.\u00a0\u00a0Quand une femme va mettre un enfant au monde, elle est en peine parce que le moment de souffrir est arriv\u00e9 pour elle\u00a0; mais quand le b\u00e9b\u00e9 est n\u00e9, elle oublie ses souffrances tant elle a de joie qu\u2019un \u00eatre humain soit venu au monde.\u00a0De m\u00eame, vous \u00eates dans la peine, vous aussi, maintenant\u00a0; mais je vous reverrai, alors votre coeur se r\u00e9jouira, et votre joie, personne ne peut vous l\u2019enlever.<\/span><\/p>\n<p>&nbsp;<\/p>\n<p>&nbsp;<\/p>\n","protected":false},"excerpt":{"rendered":"<p>Ecouter l&rsquo;hom\u00e9lie : \u00ab\u00a0encore un peu de temps et vous ne me verrez plus, encore un peu de temps et vous me reverrez&#8230;\u00a0\u00bb Ep\u00eetre: \u00a01 Pierre 2,11-19 Je vous le demande, mes chers amis, vous qui \u00eates \u00e9trangers et exil\u00e9s &hellip; <a href=\"https:\/\/gallican-montbrison.fr\/wp\/?p=4516\">Continuer la lecture <span class=\"meta-nav\">&rarr;<\/span><\/a><\/p>\n","protected":false},"author":3,"featured_media":0,"comment_status":"closed","ping_status":"open","sticky":false,"template":"","format":"standard","meta":{"footnotes":""},"categories":[4],"tags":[100,88,27,26,181,182,70,138,98,52,140,87,187,6,17,180,44],"class_list":["post-4516","post","type-post","status-publish","format-standard","hentry","category-homelies","tag-bapteme","tag-benediction","tag-celebration","tag-chapelle","tag-divorce","tag-divorces","tag-eglise","tag-eglise-gallicane","tag-eucharistie","tag-evangile","tag-gallicane","tag-mariage","tag-mariage-divorces","tag-messe","tag-oecumenisme-2","tag-remariage","tag-seigneur"],"yoast_head":"<!-- This site is optimized with the Yoast SEO plugin v25.6 - https:\/\/yoast.com\/wordpress\/plugins\/seo\/ -->\n<title>Office du 19 Avril - 3\u00e8 Dimanche de P\u00e2ques - Chapelle Saint Michel Archange Montbrison<\/title>\n<meta name=\"robots\" content=\"index, follow, max-snippet:-1, max-image-preview:large, max-video-preview:-1\" \/>\n<link rel=\"canonical\" href=\"https:\/\/gallican-montbrison.fr\/wp\/?p=4516\" \/>\n<meta property=\"og:locale\" content=\"fr_FR\" \/>\n<meta property=\"og:type\" content=\"article\" \/>\n<meta property=\"og:title\" content=\"Office du 19 Avril - 3\u00e8 Dimanche de P\u00e2ques - Chapelle Saint Michel Archange Montbrison\" \/>\n<meta property=\"og:description\" content=\"Ecouter l&rsquo;hom\u00e9lie : \u00ab\u00a0encore un peu de temps et vous ne me verrez plus, encore un peu de temps et vous me reverrez&#8230;\u00a0\u00bb Ep\u00eetre: \u00a01 Pierre 2,11-19 Je vous le demande, mes chers amis, vous qui \u00eates \u00e9trangers et exil\u00e9s &hellip; Continuer la lecture &rarr;\" \/>\n<meta property=\"og:url\" content=\"https:\/\/gallican-montbrison.fr\/wp\/?p=4516\" \/>\n<meta property=\"og:site_name\" content=\"Chapelle Saint Michel Archange Montbrison\" \/>\n<meta property=\"article:publisher\" content=\"https:\/\/www.facebook.com\/people\/Eglise-Gallicane-Chapelle-Saint-Michel-Archange\/100064564306693\/\" \/>\n<meta property=\"article:published_time\" content=\"2016-04-14T11:33:24+00:00\" \/>\n<meta property=\"article:modified_time\" content=\"2016-04-20T11:44:04+00:00\" \/>\n<meta property=\"og:image\" content=\"http:\/\/gallican-montbrison.fr\/wp\/wp-content\/uploads\/2014\/05\/foi-150x150.jpg\" \/>\n<meta name=\"author\" content=\"Colette\" \/>\n<meta name=\"twitter:card\" content=\"summary_large_image\" \/>\n<meta name=\"twitter:label1\" content=\"\u00c9crit par\" \/>\n\t<meta name=\"twitter:data1\" content=\"Colette\" \/>\n\t<meta name=\"twitter:label2\" content=\"Dur\u00e9e de lecture estim\u00e9e\" \/>\n\t<meta name=\"twitter:data2\" content=\"3 minutes\" \/>\n<script type=\"application\/ld+json\" class=\"yoast-schema-graph\">{\"@context\":\"https:\/\/schema.org\",\"@graph\":[{\"@type\":\"WebPage\",\"@id\":\"https:\/\/gallican-montbrison.fr\/wp\/?p=4516\",\"url\":\"https:\/\/gallican-montbrison.fr\/wp\/?p=4516\",\"name\":\"Office du 19 Avril - 3\u00e8 Dimanche de P\u00e2ques - Chapelle Saint Michel Archange Montbrison\",\"isPartOf\":{\"@id\":\"https:\/\/gallican-montbrison.fr\/wp\/#website\"},\"primaryImageOfPage\":{\"@id\":\"https:\/\/gallican-montbrison.fr\/wp\/?p=4516#primaryimage\"},\"image\":{\"@id\":\"https:\/\/gallican-montbrison.fr\/wp\/?p=4516#primaryimage\"},\"thumbnailUrl\":\"http:\/\/gallican-montbrison.fr\/wp\/wp-content\/uploads\/2014\/05\/foi-150x150.jpg\",\"datePublished\":\"2016-04-14T11:33:24+00:00\",\"dateModified\":\"2016-04-20T11:44:04+00:00\",\"author\":{\"@id\":\"https:\/\/gallican-montbrison.fr\/wp\/#\/schema\/person\/fc5571a40f7c79de2fb1b0cf72c089a4\"},\"breadcrumb\":{\"@id\":\"https:\/\/gallican-montbrison.fr\/wp\/?p=4516#breadcrumb\"},\"inLanguage\":\"fr-FR\",\"potentialAction\":[{\"@type\":\"ReadAction\",\"target\":[\"https:\/\/gallican-montbrison.fr\/wp\/?p=4516\"]}]},{\"@type\":\"ImageObject\",\"inLanguage\":\"fr-FR\",\"@id\":\"https:\/\/gallican-montbrison.fr\/wp\/?p=4516#primaryimage\",\"url\":\"https:\/\/gallican-montbrison.fr\/wp\/wp-content\/uploads\/2014\/05\/foi.jpg\",\"contentUrl\":\"https:\/\/gallican-montbrison.fr\/wp\/wp-content\/uploads\/2014\/05\/foi.jpg\",\"width\":579,\"height\":435},{\"@type\":\"BreadcrumbList\",\"@id\":\"https:\/\/gallican-montbrison.fr\/wp\/?p=4516#breadcrumb\",\"itemListElement\":[{\"@type\":\"ListItem\",\"position\":1,\"name\":\"Accueil\",\"item\":\"https:\/\/gallican-montbrison.fr\/wp\"},{\"@type\":\"ListItem\",\"position\":2,\"name\":\"Office du 19 Avril &#8211; 3\u00e8 Dimanche de P\u00e2ques\"}]},{\"@type\":\"WebSite\",\"@id\":\"https:\/\/gallican-montbrison.fr\/wp\/#website\",\"url\":\"https:\/\/gallican-montbrison.fr\/wp\/\",\"name\":\"Chapelle Saint Michel Archange Montbrison\",\"description\":\"Eglise Gallicane, Tradition Apostolique de Gazinet\",\"potentialAction\":[{\"@type\":\"SearchAction\",\"target\":{\"@type\":\"EntryPoint\",\"urlTemplate\":\"https:\/\/gallican-montbrison.fr\/wp\/?s={search_term_string}\"},\"query-input\":{\"@type\":\"PropertyValueSpecification\",\"valueRequired\":true,\"valueName\":\"search_term_string\"}}],\"inLanguage\":\"fr-FR\"},{\"@type\":\"Person\",\"@id\":\"https:\/\/gallican-montbrison.fr\/wp\/#\/schema\/person\/fc5571a40f7c79de2fb1b0cf72c089a4\",\"name\":\"Colette\",\"url\":\"https:\/\/gallican-montbrison.fr\/wp\/?author=3\"}]}<\/script>\n<!-- \/ Yoast SEO plugin. -->","yoast_head_json":{"title":"Office du 19 Avril - 3\u00e8 Dimanche de P\u00e2ques - Chapelle Saint Michel Archange Montbrison","robots":{"index":"index","follow":"follow","max-snippet":"max-snippet:-1","max-image-preview":"max-image-preview:large","max-video-preview":"max-video-preview:-1"},"canonical":"https:\/\/gallican-montbrison.fr\/wp\/?p=4516","og_locale":"fr_FR","og_type":"article","og_title":"Office du 19 Avril - 3\u00e8 Dimanche de P\u00e2ques - Chapelle Saint Michel Archange Montbrison","og_description":"Ecouter l&rsquo;hom\u00e9lie : \u00ab\u00a0encore un peu de temps et vous ne me verrez plus, encore un peu de temps et vous me reverrez&#8230;\u00a0\u00bb Ep\u00eetre: \u00a01 Pierre 2,11-19 Je vous le demande, mes chers amis, vous qui \u00eates \u00e9trangers et exil\u00e9s &hellip; Continuer la lecture &rarr;","og_url":"https:\/\/gallican-montbrison.fr\/wp\/?p=4516","og_site_name":"Chapelle Saint Michel Archange Montbrison","article_publisher":"https:\/\/www.facebook.com\/people\/Eglise-Gallicane-Chapelle-Saint-Michel-Archange\/100064564306693\/","article_published_time":"2016-04-14T11:33:24+00:00","article_modified_time":"2016-04-20T11:44:04+00:00","og_image":[{"url":"http:\/\/gallican-montbrison.fr\/wp\/wp-content\/uploads\/2014\/05\/foi-150x150.jpg","type":"","width":"","height":""}],"author":"Colette","twitter_card":"summary_large_image","twitter_misc":{"\u00c9crit par":"Colette","Dur\u00e9e de lecture estim\u00e9e":"3 minutes"},"schema":{"@context":"https:\/\/schema.org","@graph":[{"@type":"WebPage","@id":"https:\/\/gallican-montbrison.fr\/wp\/?p=4516","url":"https:\/\/gallican-montbrison.fr\/wp\/?p=4516","name":"Office du 19 Avril - 3\u00e8 Dimanche de P\u00e2ques - Chapelle Saint Michel Archange Montbrison","isPartOf":{"@id":"https:\/\/gallican-montbrison.fr\/wp\/#website"},"primaryImageOfPage":{"@id":"https:\/\/gallican-montbrison.fr\/wp\/?p=4516#primaryimage"},"image":{"@id":"https:\/\/gallican-montbrison.fr\/wp\/?p=4516#primaryimage"},"thumbnailUrl":"http:\/\/gallican-montbrison.fr\/wp\/wp-content\/uploads\/2014\/05\/foi-150x150.jpg","datePublished":"2016-04-14T11:33:24+00:00","dateModified":"2016-04-20T11:44:04+00:00","author":{"@id":"https:\/\/gallican-montbrison.fr\/wp\/#\/schema\/person\/fc5571a40f7c79de2fb1b0cf72c089a4"},"breadcrumb":{"@id":"https:\/\/gallican-montbrison.fr\/wp\/?p=4516#breadcrumb"},"inLanguage":"fr-FR","potentialAction":[{"@type":"ReadAction","target":["https:\/\/gallican-montbrison.fr\/wp\/?p=4516"]}]},{"@type":"ImageObject","inLanguage":"fr-FR","@id":"https:\/\/gallican-montbrison.fr\/wp\/?p=4516#primaryimage","url":"https:\/\/gallican-montbrison.fr\/wp\/wp-content\/uploads\/2014\/05\/foi.jpg","contentUrl":"https:\/\/gallican-montbrison.fr\/wp\/wp-content\/uploads\/2014\/05\/foi.jpg","width":579,"height":435},{"@type":"BreadcrumbList","@id":"https:\/\/gallican-montbrison.fr\/wp\/?p=4516#breadcrumb","itemListElement":[{"@type":"ListItem","position":1,"name":"Accueil","item":"https:\/\/gallican-montbrison.fr\/wp"},{"@type":"ListItem","position":2,"name":"Office du 19 Avril &#8211; 3\u00e8 Dimanche de P\u00e2ques"}]},{"@type":"WebSite","@id":"https:\/\/gallican-montbrison.fr\/wp\/#website","url":"https:\/\/gallican-montbrison.fr\/wp\/","name":"Chapelle Saint Michel Archange Montbrison","description":"Eglise Gallicane, Tradition Apostolique de Gazinet","potentialAction":[{"@type":"SearchAction","target":{"@type":"EntryPoint","urlTemplate":"https:\/\/gallican-montbrison.fr\/wp\/?s={search_term_string}"},"query-input":{"@type":"PropertyValueSpecification","valueRequired":true,"valueName":"search_term_string"}}],"inLanguage":"fr-FR"},{"@type":"Person","@id":"https:\/\/gallican-montbrison.fr\/wp\/#\/schema\/person\/fc5571a40f7c79de2fb1b0cf72c089a4","name":"Colette","url":"https:\/\/gallican-montbrison.fr\/wp\/?author=3"}]}},"_links":{"self":[{"href":"https:\/\/gallican-montbrison.fr\/wp\/index.php?rest_route=\/wp\/v2\/posts\/4516"}],"collection":[{"href":"https:\/\/gallican-montbrison.fr\/wp\/index.php?rest_route=\/wp\/v2\/posts"}],"about":[{"href":"https:\/\/gallican-montbrison.fr\/wp\/index.php?rest_route=\/wp\/v2\/types\/post"}],"author":[{"embeddable":true,"href":"https:\/\/gallican-montbrison.fr\/wp\/index.php?rest_route=\/wp\/v2\/users\/3"}],"replies":[{"embeddable":true,"href":"https:\/\/gallican-montbrison.fr\/wp\/index.php?rest_route=%2Fwp%2Fv2%2Fcomments&post=4516"}],"version-history":[{"count":6,"href":"https:\/\/gallican-montbrison.fr\/wp\/index.php?rest_route=\/wp\/v2\/posts\/4516\/revisions"}],"predecessor-version":[{"id":4523,"href":"https:\/\/gallican-montbrison.fr\/wp\/index.php?rest_route=\/wp\/v2\/posts\/4516\/revisions\/4523"}],"wp:attachment":[{"href":"https:\/\/gallican-montbrison.fr\/wp\/index.php?rest_route=%2Fwp%2Fv2%2Fmedia&parent=4516"}],"wp:term":[{"taxonomy":"category","embeddable":true,"href":"https:\/\/gallican-montbrison.fr\/wp\/index.php?rest_route=%2Fwp%2Fv2%2Fcategories&post=4516"},{"taxonomy":"post_tag","embeddable":true,"href":"https:\/\/gallican-montbrison.fr\/wp\/index.php?rest_route=%2Fwp%2Fv2%2Ftags&post=4516"}],"curies":[{"name":"wp","href":"https:\/\/api.w.org\/{rel}","templated":true}]}}