{"id":4581,"date":"2016-06-13T15:40:52","date_gmt":"2016-06-13T13:40:52","guid":{"rendered":"http:\/\/gallican-montbrison.fr\/wp\/?p=4581"},"modified":"2016-06-13T15:58:16","modified_gmt":"2016-06-13T13:58:16","slug":"4eme-dimanche-apres-pentecote","status":"publish","type":"post","link":"https:\/\/gallican-montbrison.fr\/wp\/?p=4581","title":{"rendered":"4eme Dimanche apr\u00e8s Pentec\u00f4te"},"content":{"rendered":"<p><strong><span style=\"color: #ff6600;\">Ecouter l&rsquo;Hom\u00e9lie:\u00a0 4eme Dimanche apr\u00e8s Pentec\u00f4te<\/span><\/strong><\/p>\n<!--[if lt IE 9]><script>document.createElement('audio');<\/script><![endif]-->\n<audio class=\"wp-audio-shortcode\" id=\"audio-4581-1\" preload=\"none\" style=\"width: 100%;\" controls=\"controls\"><source type=\"audio\/mpeg\" src=\"http:\/\/gallican-montbrison.fr\/wp\/wp-content\/uploads\/2016\/06\/15-Home\u0301lie-4eme-dim-ap-Penteco\u0302te-2016-.mp3?_=1\" \/><a href=\"http:\/\/gallican-montbrison.fr\/wp\/wp-content\/uploads\/2016\/06\/15-Home\u0301lie-4eme-dim-ap-Penteco\u0302te-2016-.mp3\">http:\/\/gallican-montbrison.fr\/wp\/wp-content\/uploads\/2016\/06\/15-Home\u0301lie-4eme-dim-ap-Penteco\u0302te-2016-.mp3<\/a><\/audio>\n<p><a href=\"http:\/\/gallican-montbrison.fr\/wp\/wp-content\/uploads\/2016\/06\/peche.jpg\"><img loading=\"lazy\" decoding=\"async\" class=\"alignleft size-medium wp-image-4585\" src=\"http:\/\/gallican-montbrison.fr\/wp\/wp-content\/uploads\/2016\/06\/peche-247x300.jpg\" alt=\"peche\" width=\"247\" height=\"300\" srcset=\"https:\/\/gallican-montbrison.fr\/wp\/wp-content\/uploads\/2016\/06\/peche-247x300.jpg 247w, https:\/\/gallican-montbrison.fr\/wp\/wp-content\/uploads\/2016\/06\/peche.jpg 342w\" sizes=\"(max-width: 247px) 100vw, 247px\" \/><\/a><strong><span style=\"color: #800080;\">Ep\u00eetre de St Paul aux Romains 8,18-23<\/span><\/strong><\/p>\n<p><span style=\"color: #800080;\">J&rsquo;estime que nos souffrances du temps pr\u00e9sent ne sont pas comparables \u00e0 la gloire que Dieu nous r\u00e9v\u00e9lera. La cr\u00e9ation enti\u00e8re attend avec impatience le moment o\u00f9 Dieu r\u00e9v\u00e9lera ses enfants. Car la cr\u00e9ation est tomb\u00e9e sous le pouvoir de forces qui ne m\u00e8nent \u00e0 rien, non parce qu&rsquo;elle l&rsquo;a voulu elle-m\u00eame, mais parce que Dieu l&rsquo;y a mise. Il y a toutefois une esp\u00e9rance\u00a0: c&rsquo;est que la cr\u00e9ation elle-m\u00eame sera lib\u00e9r\u00e9e un jour du pouvoir destructeur qui la tient en esclavage et qu&rsquo;elle aura part \u00e0 la glorieuse libert\u00e9 des enfants de Dieu. Nous savons, en effet, que maintenant encore la cr\u00e9ation enti\u00e8re g\u00e9mit et souffre comme une femme qui accouche. Mais pas seulement la cr\u00e9ation\u00a0: nous qui avons d\u00e9j\u00e0 l&rsquo;Esprit Saint comme premi\u00e8re part des dons de Dieu, nous g\u00e9missons aussi int\u00e9rieurement en attendant que Dieu fasse de nous ses enfants et nous accorde une d\u00e9livrance totale.<\/span><\/p>\n<p><strong><span style=\"color: #800080;\">Evangile: Saint Luc 5,1-11<\/span><\/strong><\/p>\n<p><span style=\"color: #800080;\">Un jour, J\u00e9sus se tenait au bord du lac de G\u00e9n\u00e9sareth et la foule se pressait autour de lui pour \u00e9couter la parole de Dieu. Il vit deux barques pr\u00e8s de la rive\u00a0: les p\u00eacheurs en \u00e9taient descendus et lavaient leurs filets. J\u00e9sus monta dans l&rsquo;une des barques, qui appartenait \u00e0 Simon, et pria celui-ci de s&rsquo;\u00e9loigner un peu du bord. J\u00e9sus s&rsquo;assit dans la barque et se mit \u00e0 donner son enseignement \u00e0 la foule.<\/span><\/p>\n<p><span style=\"color: #800080;\"> Quand il eut fini de parler, il dit \u00e0 Simon\u00a0: \u00ab\u00a0Avance plus loin, l\u00e0 o\u00f9 l&rsquo;eau est profonde, puis, toi et tes compagnons, jetez vos filets pour p\u00eacher.\u00a0\u00bb Simon lui r\u00e9pondit\u00a0: \u00ab\u00a0Ma\u00eetre, nous avons pein\u00e9 toute la nuit sans rien prendre. Mais puisque tu me dis de le faire, je jetterai les filets.\u00a0\u00bb Ils les jet\u00e8rent donc et prirent une si grande quantit\u00e9 de poissons que leurs filets commen\u00e7aient \u00e0 se d\u00e9chirer<sup>. <\/sup>Ils firent alors signe \u00e0 leurs compagnons qui \u00e9taient dans l&rsquo;autre barque de venir les aider. Ceux-ci vinrent et, ensemble, ils remplirent les deux barques de tant de poissons qu&rsquo;elles enfon\u00e7aient dans l&rsquo;eau. Quand Simon Pierre vit cela, il se mit \u00e0 genoux devant J\u00e9sus et dit\u00a0: \u00ab\u00a0\u00c9loigne-toi de moi, Seigneur, car je suis un homme p\u00e9cheur\u00a0!\u00a0\u00bb Simon, comme tous ceux qui \u00e9taient avec lui, \u00e9tait en effet saisi de crainte, \u00e0 cause de la grande quantit\u00e9 de poissons qu&rsquo;ils avaient pris. Il en \u00e9tait de m\u00eame des compagnons de Simon, Jacques et Jean, les fils de Z\u00e9b\u00e9d\u00e9e. Mais J\u00e9sus dit \u00e0 Simon\u00a0: \u00ab\u00a0N&rsquo;aie pas peur\u00a0; d\u00e9sormais, ce sont des hommes que tu prendras.\u00a0\u00bb Ils ramen\u00e8rent alors leurs barques \u00e0 terre et laiss\u00e8rent tout pour suivre J\u00e9sus.<\/span><\/p>\n","protected":false},"excerpt":{"rendered":"<p>Ecouter l&rsquo;Hom\u00e9lie:\u00a0 4eme Dimanche apr\u00e8s Pentec\u00f4te Ep\u00eetre de St Paul aux Romains 8,18-23 J&rsquo;estime que nos souffrances du temps pr\u00e9sent ne sont pas comparables \u00e0 la gloire que Dieu nous r\u00e9v\u00e9lera. La cr\u00e9ation enti\u00e8re attend avec impatience le moment o\u00f9 &hellip; <a href=\"https:\/\/gallican-montbrison.fr\/wp\/?p=4581\">Continuer la lecture <span class=\"meta-nav\">&rarr;<\/span><\/a><\/p>\n","protected":false},"author":3,"featured_media":0,"comment_status":"closed","ping_status":"open","sticky":false,"template":"","format":"standard","meta":{"footnotes":""},"categories":[4],"tags":[100,88,27,26,181,182,70,138,98,52,140,87,187,6,50,17,180,44],"class_list":["post-4581","post","type-post","status-publish","format-standard","hentry","category-homelies","tag-bapteme","tag-benediction","tag-celebration","tag-chapelle","tag-divorce","tag-divorces","tag-eglise","tag-eglise-gallicane","tag-eucharistie","tag-evangile","tag-gallicane","tag-mariage","tag-mariage-divorces","tag-messe","tag-montbrison","tag-oecumenisme-2","tag-remariage","tag-seigneur"],"yoast_head":"<!-- This site is optimized with the Yoast SEO plugin v25.6 - https:\/\/yoast.com\/wordpress\/plugins\/seo\/ -->\n<title>4eme Dimanche apr\u00e8s Pentec\u00f4te - Chapelle Saint Michel Archange Montbrison<\/title>\n<meta name=\"robots\" content=\"index, follow, max-snippet:-1, max-image-preview:large, max-video-preview:-1\" \/>\n<link rel=\"canonical\" href=\"https:\/\/gallican-montbrison.fr\/wp\/?p=4581\" \/>\n<meta property=\"og:locale\" content=\"fr_FR\" \/>\n<meta property=\"og:type\" content=\"article\" \/>\n<meta property=\"og:title\" content=\"4eme Dimanche apr\u00e8s Pentec\u00f4te - Chapelle Saint Michel Archange Montbrison\" \/>\n<meta property=\"og:description\" content=\"Ecouter l&rsquo;Hom\u00e9lie:\u00a0 4eme Dimanche apr\u00e8s Pentec\u00f4te Ep\u00eetre de St Paul aux Romains 8,18-23 J&rsquo;estime que nos souffrances du temps pr\u00e9sent ne sont pas comparables \u00e0 la gloire que Dieu nous r\u00e9v\u00e9lera. La cr\u00e9ation enti\u00e8re attend avec impatience le moment o\u00f9 &hellip; Continuer la lecture &rarr;\" \/>\n<meta property=\"og:url\" content=\"https:\/\/gallican-montbrison.fr\/wp\/?p=4581\" \/>\n<meta property=\"og:site_name\" content=\"Chapelle Saint Michel Archange Montbrison\" \/>\n<meta property=\"article:publisher\" content=\"https:\/\/www.facebook.com\/people\/Eglise-Gallicane-Chapelle-Saint-Michel-Archange\/100064564306693\/\" \/>\n<meta property=\"article:published_time\" content=\"2016-06-13T13:40:52+00:00\" \/>\n<meta property=\"article:modified_time\" content=\"2016-06-13T13:58:16+00:00\" \/>\n<meta property=\"og:image\" content=\"http:\/\/gallican-montbrison.fr\/wp\/wp-content\/uploads\/2016\/06\/peche-247x300.jpg\" \/>\n<meta name=\"author\" content=\"Colette\" \/>\n<meta name=\"twitter:card\" content=\"summary_large_image\" \/>\n<meta name=\"twitter:label1\" content=\"\u00c9crit par\" \/>\n\t<meta name=\"twitter:data1\" content=\"Colette\" \/>\n\t<meta name=\"twitter:label2\" content=\"Dur\u00e9e de lecture estim\u00e9e\" \/>\n\t<meta name=\"twitter:data2\" content=\"2 minutes\" \/>\n<script type=\"application\/ld+json\" class=\"yoast-schema-graph\">{\"@context\":\"https:\/\/schema.org\",\"@graph\":[{\"@type\":\"WebPage\",\"@id\":\"https:\/\/gallican-montbrison.fr\/wp\/?p=4581\",\"url\":\"https:\/\/gallican-montbrison.fr\/wp\/?p=4581\",\"name\":\"4eme Dimanche apr\u00e8s Pentec\u00f4te - Chapelle Saint Michel Archange Montbrison\",\"isPartOf\":{\"@id\":\"https:\/\/gallican-montbrison.fr\/wp\/#website\"},\"primaryImageOfPage\":{\"@id\":\"https:\/\/gallican-montbrison.fr\/wp\/?p=4581#primaryimage\"},\"image\":{\"@id\":\"https:\/\/gallican-montbrison.fr\/wp\/?p=4581#primaryimage\"},\"thumbnailUrl\":\"http:\/\/gallican-montbrison.fr\/wp\/wp-content\/uploads\/2016\/06\/peche-247x300.jpg\",\"datePublished\":\"2016-06-13T13:40:52+00:00\",\"dateModified\":\"2016-06-13T13:58:16+00:00\",\"author\":{\"@id\":\"https:\/\/gallican-montbrison.fr\/wp\/#\/schema\/person\/fc5571a40f7c79de2fb1b0cf72c089a4\"},\"breadcrumb\":{\"@id\":\"https:\/\/gallican-montbrison.fr\/wp\/?p=4581#breadcrumb\"},\"inLanguage\":\"fr-FR\",\"potentialAction\":[{\"@type\":\"ReadAction\",\"target\":[\"https:\/\/gallican-montbrison.fr\/wp\/?p=4581\"]}]},{\"@type\":\"ImageObject\",\"inLanguage\":\"fr-FR\",\"@id\":\"https:\/\/gallican-montbrison.fr\/wp\/?p=4581#primaryimage\",\"url\":\"https:\/\/gallican-montbrison.fr\/wp\/wp-content\/uploads\/2016\/06\/peche.jpg\",\"contentUrl\":\"https:\/\/gallican-montbrison.fr\/wp\/wp-content\/uploads\/2016\/06\/peche.jpg\",\"width\":342,\"height\":415},{\"@type\":\"BreadcrumbList\",\"@id\":\"https:\/\/gallican-montbrison.fr\/wp\/?p=4581#breadcrumb\",\"itemListElement\":[{\"@type\":\"ListItem\",\"position\":1,\"name\":\"Accueil\",\"item\":\"https:\/\/gallican-montbrison.fr\/wp\"},{\"@type\":\"ListItem\",\"position\":2,\"name\":\"4eme Dimanche apr\u00e8s Pentec\u00f4te\"}]},{\"@type\":\"WebSite\",\"@id\":\"https:\/\/gallican-montbrison.fr\/wp\/#website\",\"url\":\"https:\/\/gallican-montbrison.fr\/wp\/\",\"name\":\"Chapelle Saint Michel Archange Montbrison\",\"description\":\"Eglise Gallicane, Tradition Apostolique de Gazinet\",\"potentialAction\":[{\"@type\":\"SearchAction\",\"target\":{\"@type\":\"EntryPoint\",\"urlTemplate\":\"https:\/\/gallican-montbrison.fr\/wp\/?s={search_term_string}\"},\"query-input\":{\"@type\":\"PropertyValueSpecification\",\"valueRequired\":true,\"valueName\":\"search_term_string\"}}],\"inLanguage\":\"fr-FR\"},{\"@type\":\"Person\",\"@id\":\"https:\/\/gallican-montbrison.fr\/wp\/#\/schema\/person\/fc5571a40f7c79de2fb1b0cf72c089a4\",\"name\":\"Colette\",\"url\":\"https:\/\/gallican-montbrison.fr\/wp\/?author=3\"}]}<\/script>\n<!-- \/ Yoast SEO plugin. -->","yoast_head_json":{"title":"4eme Dimanche apr\u00e8s Pentec\u00f4te - Chapelle Saint Michel Archange Montbrison","robots":{"index":"index","follow":"follow","max-snippet":"max-snippet:-1","max-image-preview":"max-image-preview:large","max-video-preview":"max-video-preview:-1"},"canonical":"https:\/\/gallican-montbrison.fr\/wp\/?p=4581","og_locale":"fr_FR","og_type":"article","og_title":"4eme Dimanche apr\u00e8s Pentec\u00f4te - Chapelle Saint Michel Archange Montbrison","og_description":"Ecouter l&rsquo;Hom\u00e9lie:\u00a0 4eme Dimanche apr\u00e8s Pentec\u00f4te Ep\u00eetre de St Paul aux Romains 8,18-23 J&rsquo;estime que nos souffrances du temps pr\u00e9sent ne sont pas comparables \u00e0 la gloire que Dieu nous r\u00e9v\u00e9lera. La cr\u00e9ation enti\u00e8re attend avec impatience le moment o\u00f9 &hellip; Continuer la lecture &rarr;","og_url":"https:\/\/gallican-montbrison.fr\/wp\/?p=4581","og_site_name":"Chapelle Saint Michel Archange Montbrison","article_publisher":"https:\/\/www.facebook.com\/people\/Eglise-Gallicane-Chapelle-Saint-Michel-Archange\/100064564306693\/","article_published_time":"2016-06-13T13:40:52+00:00","article_modified_time":"2016-06-13T13:58:16+00:00","og_image":[{"url":"http:\/\/gallican-montbrison.fr\/wp\/wp-content\/uploads\/2016\/06\/peche-247x300.jpg","type":"","width":"","height":""}],"author":"Colette","twitter_card":"summary_large_image","twitter_misc":{"\u00c9crit par":"Colette","Dur\u00e9e de lecture estim\u00e9e":"2 minutes"},"schema":{"@context":"https:\/\/schema.org","@graph":[{"@type":"WebPage","@id":"https:\/\/gallican-montbrison.fr\/wp\/?p=4581","url":"https:\/\/gallican-montbrison.fr\/wp\/?p=4581","name":"4eme Dimanche apr\u00e8s Pentec\u00f4te - Chapelle Saint Michel Archange Montbrison","isPartOf":{"@id":"https:\/\/gallican-montbrison.fr\/wp\/#website"},"primaryImageOfPage":{"@id":"https:\/\/gallican-montbrison.fr\/wp\/?p=4581#primaryimage"},"image":{"@id":"https:\/\/gallican-montbrison.fr\/wp\/?p=4581#primaryimage"},"thumbnailUrl":"http:\/\/gallican-montbrison.fr\/wp\/wp-content\/uploads\/2016\/06\/peche-247x300.jpg","datePublished":"2016-06-13T13:40:52+00:00","dateModified":"2016-06-13T13:58:16+00:00","author":{"@id":"https:\/\/gallican-montbrison.fr\/wp\/#\/schema\/person\/fc5571a40f7c79de2fb1b0cf72c089a4"},"breadcrumb":{"@id":"https:\/\/gallican-montbrison.fr\/wp\/?p=4581#breadcrumb"},"inLanguage":"fr-FR","potentialAction":[{"@type":"ReadAction","target":["https:\/\/gallican-montbrison.fr\/wp\/?p=4581"]}]},{"@type":"ImageObject","inLanguage":"fr-FR","@id":"https:\/\/gallican-montbrison.fr\/wp\/?p=4581#primaryimage","url":"https:\/\/gallican-montbrison.fr\/wp\/wp-content\/uploads\/2016\/06\/peche.jpg","contentUrl":"https:\/\/gallican-montbrison.fr\/wp\/wp-content\/uploads\/2016\/06\/peche.jpg","width":342,"height":415},{"@type":"BreadcrumbList","@id":"https:\/\/gallican-montbrison.fr\/wp\/?p=4581#breadcrumb","itemListElement":[{"@type":"ListItem","position":1,"name":"Accueil","item":"https:\/\/gallican-montbrison.fr\/wp"},{"@type":"ListItem","position":2,"name":"4eme Dimanche apr\u00e8s Pentec\u00f4te"}]},{"@type":"WebSite","@id":"https:\/\/gallican-montbrison.fr\/wp\/#website","url":"https:\/\/gallican-montbrison.fr\/wp\/","name":"Chapelle Saint Michel Archange Montbrison","description":"Eglise Gallicane, Tradition Apostolique de Gazinet","potentialAction":[{"@type":"SearchAction","target":{"@type":"EntryPoint","urlTemplate":"https:\/\/gallican-montbrison.fr\/wp\/?s={search_term_string}"},"query-input":{"@type":"PropertyValueSpecification","valueRequired":true,"valueName":"search_term_string"}}],"inLanguage":"fr-FR"},{"@type":"Person","@id":"https:\/\/gallican-montbrison.fr\/wp\/#\/schema\/person\/fc5571a40f7c79de2fb1b0cf72c089a4","name":"Colette","url":"https:\/\/gallican-montbrison.fr\/wp\/?author=3"}]}},"_links":{"self":[{"href":"https:\/\/gallican-montbrison.fr\/wp\/index.php?rest_route=\/wp\/v2\/posts\/4581"}],"collection":[{"href":"https:\/\/gallican-montbrison.fr\/wp\/index.php?rest_route=\/wp\/v2\/posts"}],"about":[{"href":"https:\/\/gallican-montbrison.fr\/wp\/index.php?rest_route=\/wp\/v2\/types\/post"}],"author":[{"embeddable":true,"href":"https:\/\/gallican-montbrison.fr\/wp\/index.php?rest_route=\/wp\/v2\/users\/3"}],"replies":[{"embeddable":true,"href":"https:\/\/gallican-montbrison.fr\/wp\/index.php?rest_route=%2Fwp%2Fv2%2Fcomments&post=4581"}],"version-history":[{"count":7,"href":"https:\/\/gallican-montbrison.fr\/wp\/index.php?rest_route=\/wp\/v2\/posts\/4581\/revisions"}],"predecessor-version":[{"id":4590,"href":"https:\/\/gallican-montbrison.fr\/wp\/index.php?rest_route=\/wp\/v2\/posts\/4581\/revisions\/4590"}],"wp:attachment":[{"href":"https:\/\/gallican-montbrison.fr\/wp\/index.php?rest_route=%2Fwp%2Fv2%2Fmedia&parent=4581"}],"wp:term":[{"taxonomy":"category","embeddable":true,"href":"https:\/\/gallican-montbrison.fr\/wp\/index.php?rest_route=%2Fwp%2Fv2%2Fcategories&post=4581"},{"taxonomy":"post_tag","embeddable":true,"href":"https:\/\/gallican-montbrison.fr\/wp\/index.php?rest_route=%2Fwp%2Fv2%2Ftags&post=4581"}],"curies":[{"name":"wp","href":"https:\/\/api.w.org\/{rel}","templated":true}]}}