{"id":4727,"date":"2016-09-20T18:51:45","date_gmt":"2016-09-20T16:51:45","guid":{"rendered":"http:\/\/gallican-montbrison.fr\/wp\/?p=4727"},"modified":"2016-09-20T19:10:21","modified_gmt":"2016-09-20T17:10:21","slug":"aie-confiance-leve-toi-et-marche","status":"publish","type":"post","link":"https:\/\/gallican-montbrison.fr\/wp\/?p=4727","title":{"rendered":"Aie confiance &#8230; \u00ab\u00a0l\u00e8ve toi et marche\u00a0\u00bb"},"content":{"rendered":"<p><strong><span style=\"color: #ff6600;\"><a href=\"http:\/\/gallican-montbrison.fr\/wp\/wp-content\/uploads\/2016\/09\/leve-toi-et-marche.jpg\"><img loading=\"lazy\" decoding=\"async\" class=\"size-thumbnail wp-image-4732 alignleft\" src=\"http:\/\/gallican-montbrison.fr\/wp\/wp-content\/uploads\/2016\/09\/leve-toi-et-marche-150x150.jpg\" alt=\"leve-toi-et-marche\" width=\"150\" height=\"150\" \/><\/a><\/span><\/strong><\/p>\n<p>&nbsp;<\/p>\n<p><strong><span style=\"color: #ff6600;\">Ecouter l&rsquo;hom\u00e9lie 18\u00e8 Dimanche apr\u00e8s Pentec\u00f4te:<\/span><\/strong><\/p>\n<!--[if lt IE 9]><script>document.createElement('audio');<\/script><![endif]-->\n<audio class=\"wp-audio-shortcode\" id=\"audio-4727-1\" preload=\"none\" style=\"width: 100%;\" controls=\"controls\"><source type=\"audio\/mpeg\" src=\"http:\/\/gallican-montbrison.fr\/wp\/wp-content\/uploads\/2016\/09\/21-Home\u0301lie-18-eme-dim-ap-Penteco\u0302te-2016.mp3?_=1\" \/><a href=\"http:\/\/gallican-montbrison.fr\/wp\/wp-content\/uploads\/2016\/09\/21-Home\u0301lie-18-eme-dim-ap-Penteco\u0302te-2016.mp3\">http:\/\/gallican-montbrison.fr\/wp\/wp-content\/uploads\/2016\/09\/21-Home\u0301lie-18-eme-dim-ap-Penteco\u0302te-2016.mp3<\/a><\/audio>\n<p>&nbsp;<\/p>\n<p><strong><span style=\"color: #800080;\">Ep\u00eetre St Paul aux Corinthiens 1 Co. 1, 4-8<\/span><\/strong><\/p>\n<p><span style=\"color: #800080;\">Je remercie sans cesse mon Dieu \u00e0 votre sujet pour la gr\u00e2ce qu&rsquo;il vous a accord\u00e9e par J\u00e9sus-Christ. En effet, dans l&rsquo;union avec le Christ, vous avez \u00e9t\u00e9 enrichis de tous les dons, en particulier tous ceux de la parole et de la connaissance. Le t\u00e9moignage rendu au Christ a \u00e9t\u00e9 si fermement \u00e9tabli parmi vous qu&rsquo;il ne vous manque aucun don de Dieu, \u00e0 vous qui attendez le moment o\u00f9 notre Seigneur J\u00e9sus-Christ appara\u00eetra. C&rsquo;est lui qui vous maintiendra fermes jusqu&rsquo;au bout pour qu&rsquo;on ne puisse vous accuser d&rsquo;aucune faute au jour de sa venue.<\/span><\/p>\n<p><strong><span style=\"color: #800080;\">Evangile de St Matthieu chapitre 9, 1-8<\/span><\/strong><\/p>\n<p><span style=\"color: #800080;\">J\u00e9sus monta dans la barque, refit la travers\u00e9e du lac et se rendit dans sa ville<sup>. <\/sup>Quelques personnes lui amen\u00e8rent un paralys\u00e9 couch\u00e9 sur une civi\u00e8re. Quand J\u00e9sus vit leur foi, il dit au paralys\u00e9\u00a0: \u00ab\u00a0Courage, mon fils\u00a0! Tes p\u00e9ch\u00e9s sont pardonn\u00e9s\u00a0!\u00a0\u00bb\u00a0 Alors quelques ma\u00eetres de la loi se dirent en eux-m\u00eames\u00a0: \u00ab\u00a0Cet homme fait insulte \u00e0 Dieu!\u00a0\u00bb J\u00e9sus discerna ce qu&rsquo;ils pensaient et dit\u00a0: \u00ab\u00a0Pourquoi avez-vous ces mauvaises pens\u00e9es\u00a0?\u00a0 Est-il plus facile de dire\u00a0: \u00abTes p\u00e9ch\u00e9s sont pardonn\u00e9s\u00bb, ou de dire\u00a0: \u00abL\u00e8ve-toi et marche\u00bb\u00a0? Mais je veux que vous le sachiez\u00a0: le Fils de l&rsquo;homme a le pouvoir sur la terre de pardonner les p\u00e9ch\u00e9s.\u00a0\u00bb Il dit alors au paralys\u00e9\u00a0: \u00ab\u00a0L\u00e8ve-toi, prends ta civi\u00e8re et rentre chez toi\u00a0!\u00a0\u00bb L&rsquo;homme se leva et s&rsquo;en alla chez lui. Quand la foule vit cela, elle fut remplie de crainte et loua Dieu d&rsquo;avoir donn\u00e9 un tel pouvoir aux hommes.<\/span><\/p>\n<p>&nbsp;<\/p>\n","protected":false},"excerpt":{"rendered":"<p>&nbsp; Ecouter l&rsquo;hom\u00e9lie 18\u00e8 Dimanche apr\u00e8s Pentec\u00f4te: &nbsp; Ep\u00eetre St Paul aux Corinthiens 1 Co. 1, 4-8 Je remercie sans cesse mon Dieu \u00e0 votre sujet pour la gr\u00e2ce qu&rsquo;il vous a accord\u00e9e par J\u00e9sus-Christ. En effet, dans l&rsquo;union avec &hellip; <a href=\"https:\/\/gallican-montbrison.fr\/wp\/?p=4727\">Continuer la lecture <span class=\"meta-nav\">&rarr;<\/span><\/a><\/p>\n","protected":false},"author":3,"featured_media":0,"comment_status":"closed","ping_status":"open","sticky":false,"template":"","format":"standard","meta":{"footnotes":""},"categories":[4],"tags":[100,88,47,27,89,26,46,97,181,182,70,138,52,140,185,87,187,6,50,17,128,41,180,44],"class_list":["post-4727","post","type-post","status-publish","format-standard","hentry","category-homelies","tag-bapteme","tag-benediction","tag-catholique","tag-celebration","tag-ceremonie","tag-chapelle","tag-christ","tag-communion","tag-divorce","tag-divorces","tag-eglise","tag-eglise-gallicane","tag-evangile","tag-gallicane","tag-homelie","tag-mariage","tag-mariage-divorces","tag-messe","tag-montbrison","tag-oecumenisme-2","tag-paroisse","tag-religion","tag-remariage","tag-seigneur"],"yoast_head":"<!-- This site is optimized with the Yoast SEO plugin v25.6 - https:\/\/yoast.com\/wordpress\/plugins\/seo\/ -->\n<title>Aie confiance ... &quot;l\u00e8ve toi et marche&quot; - Chapelle Saint Michel Archange Montbrison<\/title>\n<meta name=\"robots\" content=\"index, follow, max-snippet:-1, max-image-preview:large, max-video-preview:-1\" \/>\n<link rel=\"canonical\" href=\"https:\/\/gallican-montbrison.fr\/wp\/?p=4727\" \/>\n<meta property=\"og:locale\" content=\"fr_FR\" \/>\n<meta property=\"og:type\" content=\"article\" \/>\n<meta property=\"og:title\" content=\"Aie confiance ... &quot;l\u00e8ve toi et marche&quot; - Chapelle Saint Michel Archange Montbrison\" \/>\n<meta property=\"og:description\" content=\"&nbsp; Ecouter l&rsquo;hom\u00e9lie 18\u00e8 Dimanche apr\u00e8s Pentec\u00f4te: &nbsp; Ep\u00eetre St Paul aux Corinthiens 1 Co. 1, 4-8 Je remercie sans cesse mon Dieu \u00e0 votre sujet pour la gr\u00e2ce qu&rsquo;il vous a accord\u00e9e par J\u00e9sus-Christ. En effet, dans l&rsquo;union avec &hellip; Continuer la lecture &rarr;\" \/>\n<meta property=\"og:url\" content=\"https:\/\/gallican-montbrison.fr\/wp\/?p=4727\" \/>\n<meta property=\"og:site_name\" content=\"Chapelle Saint Michel Archange Montbrison\" \/>\n<meta property=\"article:publisher\" content=\"https:\/\/www.facebook.com\/people\/Eglise-Gallicane-Chapelle-Saint-Michel-Archange\/100064564306693\/\" \/>\n<meta property=\"article:published_time\" content=\"2016-09-20T16:51:45+00:00\" \/>\n<meta property=\"article:modified_time\" content=\"2016-09-20T17:10:21+00:00\" \/>\n<meta property=\"og:image\" content=\"http:\/\/gallican-montbrison.fr\/wp\/wp-content\/uploads\/2016\/09\/leve-toi-et-marche-150x150.jpg\" \/>\n<meta name=\"author\" content=\"Colette\" \/>\n<meta name=\"twitter:card\" content=\"summary_large_image\" \/>\n<meta name=\"twitter:label1\" content=\"\u00c9crit par\" \/>\n\t<meta name=\"twitter:data1\" content=\"Colette\" \/>\n\t<meta name=\"twitter:label2\" content=\"Dur\u00e9e de lecture estim\u00e9e\" \/>\n\t<meta name=\"twitter:data2\" content=\"2 minutes\" \/>\n<script type=\"application\/ld+json\" class=\"yoast-schema-graph\">{\"@context\":\"https:\/\/schema.org\",\"@graph\":[{\"@type\":\"WebPage\",\"@id\":\"https:\/\/gallican-montbrison.fr\/wp\/?p=4727\",\"url\":\"https:\/\/gallican-montbrison.fr\/wp\/?p=4727\",\"name\":\"Aie confiance ... \\\"l\u00e8ve toi et marche\\\" - Chapelle Saint Michel Archange Montbrison\",\"isPartOf\":{\"@id\":\"https:\/\/gallican-montbrison.fr\/wp\/#website\"},\"primaryImageOfPage\":{\"@id\":\"https:\/\/gallican-montbrison.fr\/wp\/?p=4727#primaryimage\"},\"image\":{\"@id\":\"https:\/\/gallican-montbrison.fr\/wp\/?p=4727#primaryimage\"},\"thumbnailUrl\":\"http:\/\/gallican-montbrison.fr\/wp\/wp-content\/uploads\/2016\/09\/leve-toi-et-marche-150x150.jpg\",\"datePublished\":\"2016-09-20T16:51:45+00:00\",\"dateModified\":\"2016-09-20T17:10:21+00:00\",\"author\":{\"@id\":\"https:\/\/gallican-montbrison.fr\/wp\/#\/schema\/person\/fc5571a40f7c79de2fb1b0cf72c089a4\"},\"breadcrumb\":{\"@id\":\"https:\/\/gallican-montbrison.fr\/wp\/?p=4727#breadcrumb\"},\"inLanguage\":\"fr-FR\",\"potentialAction\":[{\"@type\":\"ReadAction\",\"target\":[\"https:\/\/gallican-montbrison.fr\/wp\/?p=4727\"]}]},{\"@type\":\"ImageObject\",\"inLanguage\":\"fr-FR\",\"@id\":\"https:\/\/gallican-montbrison.fr\/wp\/?p=4727#primaryimage\",\"url\":\"https:\/\/gallican-montbrison.fr\/wp\/wp-content\/uploads\/2016\/09\/leve-toi-et-marche.jpg\",\"contentUrl\":\"https:\/\/gallican-montbrison.fr\/wp\/wp-content\/uploads\/2016\/09\/leve-toi-et-marche.jpg\",\"width\":394,\"height\":348},{\"@type\":\"BreadcrumbList\",\"@id\":\"https:\/\/gallican-montbrison.fr\/wp\/?p=4727#breadcrumb\",\"itemListElement\":[{\"@type\":\"ListItem\",\"position\":1,\"name\":\"Accueil\",\"item\":\"https:\/\/gallican-montbrison.fr\/wp\"},{\"@type\":\"ListItem\",\"position\":2,\"name\":\"Aie confiance &#8230; \u00ab\u00a0l\u00e8ve toi et marche\u00a0\u00bb\"}]},{\"@type\":\"WebSite\",\"@id\":\"https:\/\/gallican-montbrison.fr\/wp\/#website\",\"url\":\"https:\/\/gallican-montbrison.fr\/wp\/\",\"name\":\"Chapelle Saint Michel Archange Montbrison\",\"description\":\"Eglise Gallicane, Tradition Apostolique de Gazinet\",\"potentialAction\":[{\"@type\":\"SearchAction\",\"target\":{\"@type\":\"EntryPoint\",\"urlTemplate\":\"https:\/\/gallican-montbrison.fr\/wp\/?s={search_term_string}\"},\"query-input\":{\"@type\":\"PropertyValueSpecification\",\"valueRequired\":true,\"valueName\":\"search_term_string\"}}],\"inLanguage\":\"fr-FR\"},{\"@type\":\"Person\",\"@id\":\"https:\/\/gallican-montbrison.fr\/wp\/#\/schema\/person\/fc5571a40f7c79de2fb1b0cf72c089a4\",\"name\":\"Colette\",\"url\":\"https:\/\/gallican-montbrison.fr\/wp\/?author=3\"}]}<\/script>\n<!-- \/ Yoast SEO plugin. -->","yoast_head_json":{"title":"Aie confiance ... \"l\u00e8ve toi et marche\" - Chapelle Saint Michel Archange Montbrison","robots":{"index":"index","follow":"follow","max-snippet":"max-snippet:-1","max-image-preview":"max-image-preview:large","max-video-preview":"max-video-preview:-1"},"canonical":"https:\/\/gallican-montbrison.fr\/wp\/?p=4727","og_locale":"fr_FR","og_type":"article","og_title":"Aie confiance ... \"l\u00e8ve toi et marche\" - Chapelle Saint Michel Archange Montbrison","og_description":"&nbsp; Ecouter l&rsquo;hom\u00e9lie 18\u00e8 Dimanche apr\u00e8s Pentec\u00f4te: &nbsp; Ep\u00eetre St Paul aux Corinthiens 1 Co. 1, 4-8 Je remercie sans cesse mon Dieu \u00e0 votre sujet pour la gr\u00e2ce qu&rsquo;il vous a accord\u00e9e par J\u00e9sus-Christ. En effet, dans l&rsquo;union avec &hellip; Continuer la lecture &rarr;","og_url":"https:\/\/gallican-montbrison.fr\/wp\/?p=4727","og_site_name":"Chapelle Saint Michel Archange Montbrison","article_publisher":"https:\/\/www.facebook.com\/people\/Eglise-Gallicane-Chapelle-Saint-Michel-Archange\/100064564306693\/","article_published_time":"2016-09-20T16:51:45+00:00","article_modified_time":"2016-09-20T17:10:21+00:00","og_image":[{"url":"http:\/\/gallican-montbrison.fr\/wp\/wp-content\/uploads\/2016\/09\/leve-toi-et-marche-150x150.jpg","type":"","width":"","height":""}],"author":"Colette","twitter_card":"summary_large_image","twitter_misc":{"\u00c9crit par":"Colette","Dur\u00e9e de lecture estim\u00e9e":"2 minutes"},"schema":{"@context":"https:\/\/schema.org","@graph":[{"@type":"WebPage","@id":"https:\/\/gallican-montbrison.fr\/wp\/?p=4727","url":"https:\/\/gallican-montbrison.fr\/wp\/?p=4727","name":"Aie confiance ... \"l\u00e8ve toi et marche\" - Chapelle Saint Michel Archange Montbrison","isPartOf":{"@id":"https:\/\/gallican-montbrison.fr\/wp\/#website"},"primaryImageOfPage":{"@id":"https:\/\/gallican-montbrison.fr\/wp\/?p=4727#primaryimage"},"image":{"@id":"https:\/\/gallican-montbrison.fr\/wp\/?p=4727#primaryimage"},"thumbnailUrl":"http:\/\/gallican-montbrison.fr\/wp\/wp-content\/uploads\/2016\/09\/leve-toi-et-marche-150x150.jpg","datePublished":"2016-09-20T16:51:45+00:00","dateModified":"2016-09-20T17:10:21+00:00","author":{"@id":"https:\/\/gallican-montbrison.fr\/wp\/#\/schema\/person\/fc5571a40f7c79de2fb1b0cf72c089a4"},"breadcrumb":{"@id":"https:\/\/gallican-montbrison.fr\/wp\/?p=4727#breadcrumb"},"inLanguage":"fr-FR","potentialAction":[{"@type":"ReadAction","target":["https:\/\/gallican-montbrison.fr\/wp\/?p=4727"]}]},{"@type":"ImageObject","inLanguage":"fr-FR","@id":"https:\/\/gallican-montbrison.fr\/wp\/?p=4727#primaryimage","url":"https:\/\/gallican-montbrison.fr\/wp\/wp-content\/uploads\/2016\/09\/leve-toi-et-marche.jpg","contentUrl":"https:\/\/gallican-montbrison.fr\/wp\/wp-content\/uploads\/2016\/09\/leve-toi-et-marche.jpg","width":394,"height":348},{"@type":"BreadcrumbList","@id":"https:\/\/gallican-montbrison.fr\/wp\/?p=4727#breadcrumb","itemListElement":[{"@type":"ListItem","position":1,"name":"Accueil","item":"https:\/\/gallican-montbrison.fr\/wp"},{"@type":"ListItem","position":2,"name":"Aie confiance &#8230; \u00ab\u00a0l\u00e8ve toi et marche\u00a0\u00bb"}]},{"@type":"WebSite","@id":"https:\/\/gallican-montbrison.fr\/wp\/#website","url":"https:\/\/gallican-montbrison.fr\/wp\/","name":"Chapelle Saint Michel Archange Montbrison","description":"Eglise Gallicane, Tradition Apostolique de Gazinet","potentialAction":[{"@type":"SearchAction","target":{"@type":"EntryPoint","urlTemplate":"https:\/\/gallican-montbrison.fr\/wp\/?s={search_term_string}"},"query-input":{"@type":"PropertyValueSpecification","valueRequired":true,"valueName":"search_term_string"}}],"inLanguage":"fr-FR"},{"@type":"Person","@id":"https:\/\/gallican-montbrison.fr\/wp\/#\/schema\/person\/fc5571a40f7c79de2fb1b0cf72c089a4","name":"Colette","url":"https:\/\/gallican-montbrison.fr\/wp\/?author=3"}]}},"_links":{"self":[{"href":"https:\/\/gallican-montbrison.fr\/wp\/index.php?rest_route=\/wp\/v2\/posts\/4727"}],"collection":[{"href":"https:\/\/gallican-montbrison.fr\/wp\/index.php?rest_route=\/wp\/v2\/posts"}],"about":[{"href":"https:\/\/gallican-montbrison.fr\/wp\/index.php?rest_route=\/wp\/v2\/types\/post"}],"author":[{"embeddable":true,"href":"https:\/\/gallican-montbrison.fr\/wp\/index.php?rest_route=\/wp\/v2\/users\/3"}],"replies":[{"embeddable":true,"href":"https:\/\/gallican-montbrison.fr\/wp\/index.php?rest_route=%2Fwp%2Fv2%2Fcomments&post=4727"}],"version-history":[{"count":4,"href":"https:\/\/gallican-montbrison.fr\/wp\/index.php?rest_route=\/wp\/v2\/posts\/4727\/revisions"}],"predecessor-version":[{"id":4733,"href":"https:\/\/gallican-montbrison.fr\/wp\/index.php?rest_route=\/wp\/v2\/posts\/4727\/revisions\/4733"}],"wp:attachment":[{"href":"https:\/\/gallican-montbrison.fr\/wp\/index.php?rest_route=%2Fwp%2Fv2%2Fmedia&parent=4727"}],"wp:term":[{"taxonomy":"category","embeddable":true,"href":"https:\/\/gallican-montbrison.fr\/wp\/index.php?rest_route=%2Fwp%2Fv2%2Fcategories&post=4727"},{"taxonomy":"post_tag","embeddable":true,"href":"https:\/\/gallican-montbrison.fr\/wp\/index.php?rest_route=%2Fwp%2Fv2%2Ftags&post=4727"}],"curies":[{"name":"wp","href":"https:\/\/api.w.org\/{rel}","templated":true}]}}