{"id":4861,"date":"2016-11-29T09:25:05","date_gmt":"2016-11-29T08:25:05","guid":{"rendered":"http:\/\/gallican-montbrison.fr\/wp\/?p=4861"},"modified":"2016-11-29T09:34:16","modified_gmt":"2016-11-29T08:34:16","slug":"1er-dimanche-de-lavent-voyez-le-figuier-2","status":"publish","type":"post","link":"https:\/\/gallican-montbrison.fr\/wp\/?p=4861","title":{"rendered":"1er Dimanche de l&rsquo;Avent: \u00ab\u00a0Mes Paroles, elles, ne passeront pas\u00a0\u00bb"},"content":{"rendered":"<p><strong><span style=\"color: #ff6600;\">Ecouter l&rsquo;hom\u00e9lie du 1er Dimanche de l&rsquo;Avent:<\/span><\/strong><\/p>\n<!--[if lt IE 9]><script>document.createElement('audio');<\/script><![endif]-->\n<audio class=\"wp-audio-shortcode\" id=\"audio-4861-1\" preload=\"none\" style=\"width: 100%;\" controls=\"controls\"><source type=\"audio\/mpeg\" src=\"http:\/\/gallican-montbrison.fr\/wp\/wp-content\/uploads\/2016\/11\/1-Home\u0301lie-1er-dim-Avent-2016-.mp3?_=1\" \/><a href=\"http:\/\/gallican-montbrison.fr\/wp\/wp-content\/uploads\/2016\/11\/1-Home\u0301lie-1er-dim-Avent-2016-.mp3\">http:\/\/gallican-montbrison.fr\/wp\/wp-content\/uploads\/2016\/11\/1-Home\u0301lie-1er-dim-Avent-2016-.mp3<\/a><\/audio>\n<p><strong><span style=\"color: #800080;\"><a href=\"http:\/\/gallican-montbrison.fr\/wp\/wp-content\/uploads\/2016\/11\/signe-croix.jpg\"><img loading=\"lazy\" decoding=\"async\" class=\"alignleft size-full wp-image-4864\" src=\"http:\/\/gallican-montbrison.fr\/wp\/wp-content\/uploads\/2016\/11\/signe-croix.jpg\" alt=\"signe-croix\" width=\"213\" height=\"266\" \/><\/a>Epitre : St Paul aux Romains 13,11-14<\/span><\/strong><\/p>\n<p><span style=\"color: #800080;\">Prenez cela d\u2019autant plus au s\u00e9rieux que vous savez en quel temps nous sommes\u00a0: le moment est venu de vous r\u00e9veiller de votre sommeil.\u00a0En effet, le salut est plus pr\u00e8s de nous maintenant qu\u2019au moment o\u00f9 nous avons commenc\u00e9 \u00e0 croire.\u00a0La nuit est avanc\u00e9e, le jour approche. Rejetons donc les actions qui se font dans l\u2019obscurit\u00e9 et prenons sur nous les armes qu\u2019on utilise en pleine lumi\u00e8re.\u00a0Conduisons-nous honn\u00eatement, comme il convient \u00e0 la lumi\u00e8re du jour. Gardons-nous des orgies et de l\u2019ivrognerie, de l\u2019immoralit\u00e9 et des vices, des querelles et de la jalousie.\u00a0Rev\u00eatez-vous de tout ce que nous offre J\u00e9sus-Christ le Seigneur et ne vous laissez plus entra\u00eener par votre propre nature pour en satisfaire les d\u00e9sirs.<\/span><\/p>\n<p><strong><span style=\"color: #800080;\">Evangile : St Luc 21,25-33<\/span><\/strong><\/p>\n<p><span style=\"color: #800080;\">\u00ab\u00a0Il y aura des signes dans le soleil, dans la lune et dans les \u00e9toiles. Sur la terre, les nations seront dans l\u2019angoisse, rendues inqui\u00e8tes par le bruit violent de la mer et des vagues.\u00a0Des hommes mourront de frayeur en pensant \u00e0 ce qui devra survenir sur toute la terre, car les puissances des cieux seront \u00e9branl\u00e9es.\u00a0Alors on verra le Fils de l\u2019homme arriver sur un nuage, avec beaucoup de puissance et de gloire.\u00a0Quand ces \u00e9v\u00e9nements commenceront \u00e0 se produire, redressez-vous et relevez la t\u00eate, car votre d\u00e9livrance sera proche.\u00a0\u00bb<\/span><\/p>\n<p><span style=\"color: #800080;\">Puis J\u00e9sus leur dit cette parabole\u00a0: \u00ab\u00a0Regardez le figuier et tous les autres arbres\u00a0:\u00a0quand vous voyez leurs feuilles commencer \u00e0 pousser, vous savez que la bonne saison est proche.\u00a0De m\u00eame, quand vous verrez ces \u00e9v\u00e9nements arriver, sachez que le Royaume de Dieu est proche.\u00a0Je vous le d\u00e9clare, c\u2019est la v\u00e9rit\u00e9\u00a0: les gens d\u2019aujourd\u2019hui n\u2019auront pas tous disparu avant que tout cela arrive.\u00a0Le ciel et la terre dispara\u00eetront, tandis que mes paroles ne dispara\u00eetront jamais.\u00a0\u00bb<\/span><\/p>\n","protected":false},"excerpt":{"rendered":"<p>Ecouter l&rsquo;hom\u00e9lie du 1er Dimanche de l&rsquo;Avent: Epitre : St Paul aux Romains 13,11-14 Prenez cela d\u2019autant plus au s\u00e9rieux que vous savez en quel temps nous sommes\u00a0: le moment est venu de vous r\u00e9veiller de votre sommeil.\u00a0En effet, le &hellip; <a href=\"https:\/\/gallican-montbrison.fr\/wp\/?p=4861\">Continuer la lecture <span class=\"meta-nav\">&rarr;<\/span><\/a><\/p>\n","protected":false},"author":3,"featured_media":0,"comment_status":"closed","ping_status":"open","sticky":false,"template":"","format":"standard","meta":{"footnotes":""},"categories":[4],"tags":[100,88,27,181,182,70,138,98,52,140,87,187,17,180],"class_list":["post-4861","post","type-post","status-publish","format-standard","hentry","category-homelies","tag-bapteme","tag-benediction","tag-celebration","tag-divorce","tag-divorces","tag-eglise","tag-eglise-gallicane","tag-eucharistie","tag-evangile","tag-gallicane","tag-mariage","tag-mariage-divorces","tag-oecumenisme-2","tag-remariage"],"yoast_head":"<!-- This site is optimized with the Yoast SEO plugin v25.6 - https:\/\/yoast.com\/wordpress\/plugins\/seo\/ -->\n<title>1er Dimanche de l&#039;Avent: &quot;Mes Paroles, elles, ne passeront pas&quot; - Chapelle Saint Michel Archange Montbrison<\/title>\n<meta name=\"robots\" content=\"index, follow, max-snippet:-1, max-image-preview:large, max-video-preview:-1\" \/>\n<link rel=\"canonical\" href=\"https:\/\/gallican-montbrison.fr\/wp\/?p=4861\" \/>\n<meta property=\"og:locale\" content=\"fr_FR\" \/>\n<meta property=\"og:type\" content=\"article\" \/>\n<meta property=\"og:title\" content=\"1er Dimanche de l&#039;Avent: &quot;Mes Paroles, elles, ne passeront pas&quot; - Chapelle Saint Michel Archange Montbrison\" \/>\n<meta property=\"og:description\" content=\"Ecouter l&rsquo;hom\u00e9lie du 1er Dimanche de l&rsquo;Avent: Epitre : St Paul aux Romains 13,11-14 Prenez cela d\u2019autant plus au s\u00e9rieux que vous savez en quel temps nous sommes\u00a0: le moment est venu de vous r\u00e9veiller de votre sommeil.\u00a0En effet, le &hellip; Continuer la lecture &rarr;\" \/>\n<meta property=\"og:url\" content=\"https:\/\/gallican-montbrison.fr\/wp\/?p=4861\" \/>\n<meta property=\"og:site_name\" content=\"Chapelle Saint Michel Archange Montbrison\" \/>\n<meta property=\"article:publisher\" content=\"https:\/\/www.facebook.com\/people\/Eglise-Gallicane-Chapelle-Saint-Michel-Archange\/100064564306693\/\" \/>\n<meta property=\"article:published_time\" content=\"2016-11-29T08:25:05+00:00\" \/>\n<meta property=\"article:modified_time\" content=\"2016-11-29T08:34:16+00:00\" \/>\n<meta property=\"og:image\" content=\"http:\/\/gallican-montbrison.fr\/wp\/wp-content\/uploads\/2016\/11\/signe-croix.jpg\" \/>\n<meta name=\"author\" content=\"Colette\" \/>\n<meta name=\"twitter:card\" content=\"summary_large_image\" \/>\n<meta name=\"twitter:label1\" content=\"\u00c9crit par\" \/>\n\t<meta name=\"twitter:data1\" content=\"Colette\" \/>\n\t<meta name=\"twitter:label2\" content=\"Dur\u00e9e de lecture estim\u00e9e\" \/>\n\t<meta name=\"twitter:data2\" content=\"2 minutes\" \/>\n<script type=\"application\/ld+json\" class=\"yoast-schema-graph\">{\"@context\":\"https:\/\/schema.org\",\"@graph\":[{\"@type\":\"WebPage\",\"@id\":\"https:\/\/gallican-montbrison.fr\/wp\/?p=4861\",\"url\":\"https:\/\/gallican-montbrison.fr\/wp\/?p=4861\",\"name\":\"1er Dimanche de l'Avent: \\\"Mes Paroles, elles, ne passeront pas\\\" - Chapelle Saint Michel Archange Montbrison\",\"isPartOf\":{\"@id\":\"https:\/\/gallican-montbrison.fr\/wp\/#website\"},\"primaryImageOfPage\":{\"@id\":\"https:\/\/gallican-montbrison.fr\/wp\/?p=4861#primaryimage\"},\"image\":{\"@id\":\"https:\/\/gallican-montbrison.fr\/wp\/?p=4861#primaryimage\"},\"thumbnailUrl\":\"http:\/\/gallican-montbrison.fr\/wp\/wp-content\/uploads\/2016\/11\/signe-croix.jpg\",\"datePublished\":\"2016-11-29T08:25:05+00:00\",\"dateModified\":\"2016-11-29T08:34:16+00:00\",\"author\":{\"@id\":\"https:\/\/gallican-montbrison.fr\/wp\/#\/schema\/person\/fc5571a40f7c79de2fb1b0cf72c089a4\"},\"breadcrumb\":{\"@id\":\"https:\/\/gallican-montbrison.fr\/wp\/?p=4861#breadcrumb\"},\"inLanguage\":\"fr-FR\",\"potentialAction\":[{\"@type\":\"ReadAction\",\"target\":[\"https:\/\/gallican-montbrison.fr\/wp\/?p=4861\"]}]},{\"@type\":\"ImageObject\",\"inLanguage\":\"fr-FR\",\"@id\":\"https:\/\/gallican-montbrison.fr\/wp\/?p=4861#primaryimage\",\"url\":\"http:\/\/gallican-montbrison.fr\/wp\/wp-content\/uploads\/2016\/11\/signe-croix.jpg\",\"contentUrl\":\"http:\/\/gallican-montbrison.fr\/wp\/wp-content\/uploads\/2016\/11\/signe-croix.jpg\"},{\"@type\":\"BreadcrumbList\",\"@id\":\"https:\/\/gallican-montbrison.fr\/wp\/?p=4861#breadcrumb\",\"itemListElement\":[{\"@type\":\"ListItem\",\"position\":1,\"name\":\"Accueil\",\"item\":\"https:\/\/gallican-montbrison.fr\/wp\"},{\"@type\":\"ListItem\",\"position\":2,\"name\":\"1er Dimanche de l&rsquo;Avent: \u00ab\u00a0Mes Paroles, elles, ne passeront pas\u00a0\u00bb\"}]},{\"@type\":\"WebSite\",\"@id\":\"https:\/\/gallican-montbrison.fr\/wp\/#website\",\"url\":\"https:\/\/gallican-montbrison.fr\/wp\/\",\"name\":\"Chapelle Saint Michel Archange Montbrison\",\"description\":\"Eglise Gallicane, Tradition Apostolique de Gazinet\",\"potentialAction\":[{\"@type\":\"SearchAction\",\"target\":{\"@type\":\"EntryPoint\",\"urlTemplate\":\"https:\/\/gallican-montbrison.fr\/wp\/?s={search_term_string}\"},\"query-input\":{\"@type\":\"PropertyValueSpecification\",\"valueRequired\":true,\"valueName\":\"search_term_string\"}}],\"inLanguage\":\"fr-FR\"},{\"@type\":\"Person\",\"@id\":\"https:\/\/gallican-montbrison.fr\/wp\/#\/schema\/person\/fc5571a40f7c79de2fb1b0cf72c089a4\",\"name\":\"Colette\",\"url\":\"https:\/\/gallican-montbrison.fr\/wp\/?author=3\"}]}<\/script>\n<!-- \/ Yoast SEO plugin. -->","yoast_head_json":{"title":"1er Dimanche de l'Avent: \"Mes Paroles, elles, ne passeront pas\" - Chapelle Saint Michel Archange Montbrison","robots":{"index":"index","follow":"follow","max-snippet":"max-snippet:-1","max-image-preview":"max-image-preview:large","max-video-preview":"max-video-preview:-1"},"canonical":"https:\/\/gallican-montbrison.fr\/wp\/?p=4861","og_locale":"fr_FR","og_type":"article","og_title":"1er Dimanche de l'Avent: \"Mes Paroles, elles, ne passeront pas\" - Chapelle Saint Michel Archange Montbrison","og_description":"Ecouter l&rsquo;hom\u00e9lie du 1er Dimanche de l&rsquo;Avent: Epitre : St Paul aux Romains 13,11-14 Prenez cela d\u2019autant plus au s\u00e9rieux que vous savez en quel temps nous sommes\u00a0: le moment est venu de vous r\u00e9veiller de votre sommeil.\u00a0En effet, le &hellip; Continuer la lecture &rarr;","og_url":"https:\/\/gallican-montbrison.fr\/wp\/?p=4861","og_site_name":"Chapelle Saint Michel Archange Montbrison","article_publisher":"https:\/\/www.facebook.com\/people\/Eglise-Gallicane-Chapelle-Saint-Michel-Archange\/100064564306693\/","article_published_time":"2016-11-29T08:25:05+00:00","article_modified_time":"2016-11-29T08:34:16+00:00","og_image":[{"url":"http:\/\/gallican-montbrison.fr\/wp\/wp-content\/uploads\/2016\/11\/signe-croix.jpg","type":"","width":"","height":""}],"author":"Colette","twitter_card":"summary_large_image","twitter_misc":{"\u00c9crit par":"Colette","Dur\u00e9e de lecture estim\u00e9e":"2 minutes"},"schema":{"@context":"https:\/\/schema.org","@graph":[{"@type":"WebPage","@id":"https:\/\/gallican-montbrison.fr\/wp\/?p=4861","url":"https:\/\/gallican-montbrison.fr\/wp\/?p=4861","name":"1er Dimanche de l'Avent: \"Mes Paroles, elles, ne passeront pas\" - Chapelle Saint Michel Archange Montbrison","isPartOf":{"@id":"https:\/\/gallican-montbrison.fr\/wp\/#website"},"primaryImageOfPage":{"@id":"https:\/\/gallican-montbrison.fr\/wp\/?p=4861#primaryimage"},"image":{"@id":"https:\/\/gallican-montbrison.fr\/wp\/?p=4861#primaryimage"},"thumbnailUrl":"http:\/\/gallican-montbrison.fr\/wp\/wp-content\/uploads\/2016\/11\/signe-croix.jpg","datePublished":"2016-11-29T08:25:05+00:00","dateModified":"2016-11-29T08:34:16+00:00","author":{"@id":"https:\/\/gallican-montbrison.fr\/wp\/#\/schema\/person\/fc5571a40f7c79de2fb1b0cf72c089a4"},"breadcrumb":{"@id":"https:\/\/gallican-montbrison.fr\/wp\/?p=4861#breadcrumb"},"inLanguage":"fr-FR","potentialAction":[{"@type":"ReadAction","target":["https:\/\/gallican-montbrison.fr\/wp\/?p=4861"]}]},{"@type":"ImageObject","inLanguage":"fr-FR","@id":"https:\/\/gallican-montbrison.fr\/wp\/?p=4861#primaryimage","url":"http:\/\/gallican-montbrison.fr\/wp\/wp-content\/uploads\/2016\/11\/signe-croix.jpg","contentUrl":"http:\/\/gallican-montbrison.fr\/wp\/wp-content\/uploads\/2016\/11\/signe-croix.jpg"},{"@type":"BreadcrumbList","@id":"https:\/\/gallican-montbrison.fr\/wp\/?p=4861#breadcrumb","itemListElement":[{"@type":"ListItem","position":1,"name":"Accueil","item":"https:\/\/gallican-montbrison.fr\/wp"},{"@type":"ListItem","position":2,"name":"1er Dimanche de l&rsquo;Avent: \u00ab\u00a0Mes Paroles, elles, ne passeront pas\u00a0\u00bb"}]},{"@type":"WebSite","@id":"https:\/\/gallican-montbrison.fr\/wp\/#website","url":"https:\/\/gallican-montbrison.fr\/wp\/","name":"Chapelle Saint Michel Archange Montbrison","description":"Eglise Gallicane, Tradition Apostolique de Gazinet","potentialAction":[{"@type":"SearchAction","target":{"@type":"EntryPoint","urlTemplate":"https:\/\/gallican-montbrison.fr\/wp\/?s={search_term_string}"},"query-input":{"@type":"PropertyValueSpecification","valueRequired":true,"valueName":"search_term_string"}}],"inLanguage":"fr-FR"},{"@type":"Person","@id":"https:\/\/gallican-montbrison.fr\/wp\/#\/schema\/person\/fc5571a40f7c79de2fb1b0cf72c089a4","name":"Colette","url":"https:\/\/gallican-montbrison.fr\/wp\/?author=3"}]}},"_links":{"self":[{"href":"https:\/\/gallican-montbrison.fr\/wp\/index.php?rest_route=\/wp\/v2\/posts\/4861"}],"collection":[{"href":"https:\/\/gallican-montbrison.fr\/wp\/index.php?rest_route=\/wp\/v2\/posts"}],"about":[{"href":"https:\/\/gallican-montbrison.fr\/wp\/index.php?rest_route=\/wp\/v2\/types\/post"}],"author":[{"embeddable":true,"href":"https:\/\/gallican-montbrison.fr\/wp\/index.php?rest_route=\/wp\/v2\/users\/3"}],"replies":[{"embeddable":true,"href":"https:\/\/gallican-montbrison.fr\/wp\/index.php?rest_route=%2Fwp%2Fv2%2Fcomments&post=4861"}],"version-history":[{"count":3,"href":"https:\/\/gallican-montbrison.fr\/wp\/index.php?rest_route=\/wp\/v2\/posts\/4861\/revisions"}],"predecessor-version":[{"id":4866,"href":"https:\/\/gallican-montbrison.fr\/wp\/index.php?rest_route=\/wp\/v2\/posts\/4861\/revisions\/4866"}],"wp:attachment":[{"href":"https:\/\/gallican-montbrison.fr\/wp\/index.php?rest_route=%2Fwp%2Fv2%2Fmedia&parent=4861"}],"wp:term":[{"taxonomy":"category","embeddable":true,"href":"https:\/\/gallican-montbrison.fr\/wp\/index.php?rest_route=%2Fwp%2Fv2%2Fcategories&post=4861"},{"taxonomy":"post_tag","embeddable":true,"href":"https:\/\/gallican-montbrison.fr\/wp\/index.php?rest_route=%2Fwp%2Fv2%2Ftags&post=4861"}],"curies":[{"name":"wp","href":"https:\/\/api.w.org\/{rel}","templated":true}]}}