{"id":4970,"date":"2017-02-06T14:04:47","date_gmt":"2017-02-06T13:04:47","guid":{"rendered":"http:\/\/gallican-montbrison.fr\/wp\/?p=4970"},"modified":"2018-01-11T15:39:53","modified_gmt":"2018-01-11T14:39:53","slug":"journee-mondiale-de-prieres-2017","status":"publish","type":"post","link":"https:\/\/gallican-montbrison.fr\/wp\/?p=4970","title":{"rendered":"Journ\u00e9e Mondiale de Pri\u00e8res 2017"},"content":{"rendered":"<p class=\"bodytext\"><a href=\"http:\/\/gallican-montbrison.fr\/wp\/wp-content\/uploads\/2017\/02\/0cfc573acd.jpg\"><img loading=\"lazy\" decoding=\"async\" class=\"size-full wp-image-4972 alignleft\" src=\"http:\/\/gallican-montbrison.fr\/wp\/wp-content\/uploads\/2017\/02\/0cfc573acd.jpg\" alt=\"\" width=\"280\" height=\"350\" \/><\/a>Des chr\u00e9tiennes des Philippines nous donnent rendez-vous<\/p>\n<p class=\"bodytext\" style=\"text-align: center;\"><em><strong><span style=\"color: #ff6600;\">le vendredi 3 mars 2017<\/span><\/strong><\/em><\/p>\n<p class=\"bodytext\" style=\"text-align: center;\"><strong><em><span style=\"color: #ff6600;\">\u00e0 l&rsquo;Eglise de Moingt \u00e0 18h15<br \/>\n<\/span><\/em><\/strong><\/p>\n<p class=\"bodytext\">pour c\u00e9l\u00e9brer la Journ\u00e9e Mondiale de Pri\u00e8re.<\/p>\n<p class=\"bodytext\">Allons-nous prendre le temps pour aller \u00e0 leur rencontre dans la pri\u00e8re, d\u00e9couvrir leur pays avec toutes ses ressources, \u00e9couter ce qui fait leur vie de tous les jours avec peines et joies, inqui\u00e9tudes et qui\u00e9tudes, doutes et certitudes dans la foi, face \u00e0 la pauvret\u00e9, la richesse et l&rsquo;injustice qui les entourent\u00a0 ?<\/p>\n<p class=\"bodytext\" style=\"text-align: center;\"><em><strong><span style=\"color: #ff6600;\">\u00ab\u00a0Me trouves-tu injuste ?\u00a0\u00bb \u00a0 &#8211; \u00a0\u00a0 Th\u00e8me de la c\u00e9l\u00e9bration oecum\u00e9nique<\/span><\/strong><\/em><\/p>\n<p class=\"bodytext\" style=\"text-align: center;\"><a href=\"http:\/\/gallican-montbrison.fr\/wp\/wp-content\/uploads\/2017\/02\/JMP-1.jpeg\"><img loading=\"lazy\" decoding=\"async\" class=\"aligncenter size-thumbnail wp-image-4976\" src=\"http:\/\/gallican-montbrison.fr\/wp\/wp-content\/uploads\/2017\/02\/JMP-1-150x150.jpeg\" alt=\"\" width=\"150\" height=\"150\" \/><\/a><\/p>\n","protected":false},"excerpt":{"rendered":"<p>Des chr\u00e9tiennes des Philippines nous donnent rendez-vous le vendredi 3 mars 2017 \u00e0 l&rsquo;Eglise de Moingt \u00e0 18h15 pour c\u00e9l\u00e9brer la Journ\u00e9e Mondiale de Pri\u00e8re. Allons-nous prendre le temps pour aller \u00e0 leur rencontre dans la pri\u00e8re, d\u00e9couvrir leur pays &hellip; <a href=\"https:\/\/gallican-montbrison.fr\/wp\/?p=4970\">Continuer la lecture <span class=\"meta-nav\">&rarr;<\/span><\/a><\/p>\n","protected":false},"author":3,"featured_media":0,"comment_status":"closed","ping_status":"open","sticky":false,"template":"","format":"standard","meta":{"footnotes":""},"categories":[3,5],"tags":[100,88,36,38,27,138,52,50,17,44],"class_list":["post-4970","post","type-post","status-publish","format-standard","hentry","category-oecumenisme","category-vie-de-la-chapelle","tag-bapteme","tag-benediction","tag-bible","tag-biblique","tag-celebration","tag-eglise-gallicane","tag-evangile","tag-montbrison","tag-oecumenisme-2","tag-seigneur"],"yoast_head":"<!-- This site is optimized with the Yoast SEO plugin v25.6 - https:\/\/yoast.com\/wordpress\/plugins\/seo\/ -->\n<title>Journ\u00e9e Mondiale de Pri\u00e8res 2017 - Chapelle Saint Michel Archange Montbrison<\/title>\n<meta name=\"robots\" content=\"index, follow, max-snippet:-1, max-image-preview:large, max-video-preview:-1\" \/>\n<link rel=\"canonical\" href=\"https:\/\/gallican-montbrison.fr\/wp\/?p=4970\" \/>\n<meta property=\"og:locale\" content=\"fr_FR\" \/>\n<meta property=\"og:type\" content=\"article\" \/>\n<meta property=\"og:title\" content=\"Journ\u00e9e Mondiale de Pri\u00e8res 2017 - Chapelle Saint Michel Archange Montbrison\" \/>\n<meta property=\"og:description\" content=\"Des chr\u00e9tiennes des Philippines nous donnent rendez-vous le vendredi 3 mars 2017 \u00e0 l&rsquo;Eglise de Moingt \u00e0 18h15 pour c\u00e9l\u00e9brer la Journ\u00e9e Mondiale de Pri\u00e8re. Allons-nous prendre le temps pour aller \u00e0 leur rencontre dans la pri\u00e8re, d\u00e9couvrir leur pays &hellip; Continuer la lecture &rarr;\" \/>\n<meta property=\"og:url\" content=\"https:\/\/gallican-montbrison.fr\/wp\/?p=4970\" \/>\n<meta property=\"og:site_name\" content=\"Chapelle Saint Michel Archange Montbrison\" \/>\n<meta property=\"article:publisher\" content=\"https:\/\/www.facebook.com\/people\/Eglise-Gallicane-Chapelle-Saint-Michel-Archange\/100064564306693\/\" \/>\n<meta property=\"article:published_time\" content=\"2017-02-06T13:04:47+00:00\" \/>\n<meta property=\"article:modified_time\" content=\"2018-01-11T14:39:53+00:00\" \/>\n<meta property=\"og:image\" content=\"http:\/\/gallican-montbrison.fr\/wp\/wp-content\/uploads\/2017\/02\/0cfc573acd.jpg\" \/>\n<meta name=\"author\" content=\"Colette\" \/>\n<meta name=\"twitter:card\" content=\"summary_large_image\" \/>\n<meta name=\"twitter:label1\" content=\"\u00c9crit par\" \/>\n\t<meta name=\"twitter:data1\" content=\"Colette\" \/>\n<script type=\"application\/ld+json\" class=\"yoast-schema-graph\">{\"@context\":\"https:\/\/schema.org\",\"@graph\":[{\"@type\":\"WebPage\",\"@id\":\"https:\/\/gallican-montbrison.fr\/wp\/?p=4970\",\"url\":\"https:\/\/gallican-montbrison.fr\/wp\/?p=4970\",\"name\":\"Journ\u00e9e Mondiale de Pri\u00e8res 2017 - Chapelle Saint Michel Archange Montbrison\",\"isPartOf\":{\"@id\":\"https:\/\/gallican-montbrison.fr\/wp\/#website\"},\"primaryImageOfPage\":{\"@id\":\"https:\/\/gallican-montbrison.fr\/wp\/?p=4970#primaryimage\"},\"image\":{\"@id\":\"https:\/\/gallican-montbrison.fr\/wp\/?p=4970#primaryimage\"},\"thumbnailUrl\":\"http:\/\/gallican-montbrison.fr\/wp\/wp-content\/uploads\/2017\/02\/0cfc573acd.jpg\",\"datePublished\":\"2017-02-06T13:04:47+00:00\",\"dateModified\":\"2018-01-11T14:39:53+00:00\",\"author\":{\"@id\":\"https:\/\/gallican-montbrison.fr\/wp\/#\/schema\/person\/fc5571a40f7c79de2fb1b0cf72c089a4\"},\"breadcrumb\":{\"@id\":\"https:\/\/gallican-montbrison.fr\/wp\/?p=4970#breadcrumb\"},\"inLanguage\":\"fr-FR\",\"potentialAction\":[{\"@type\":\"ReadAction\",\"target\":[\"https:\/\/gallican-montbrison.fr\/wp\/?p=4970\"]}]},{\"@type\":\"ImageObject\",\"inLanguage\":\"fr-FR\",\"@id\":\"https:\/\/gallican-montbrison.fr\/wp\/?p=4970#primaryimage\",\"url\":\"http:\/\/gallican-montbrison.fr\/wp\/wp-content\/uploads\/2017\/02\/0cfc573acd.jpg\",\"contentUrl\":\"http:\/\/gallican-montbrison.fr\/wp\/wp-content\/uploads\/2017\/02\/0cfc573acd.jpg\"},{\"@type\":\"BreadcrumbList\",\"@id\":\"https:\/\/gallican-montbrison.fr\/wp\/?p=4970#breadcrumb\",\"itemListElement\":[{\"@type\":\"ListItem\",\"position\":1,\"name\":\"Accueil\",\"item\":\"https:\/\/gallican-montbrison.fr\/wp\"},{\"@type\":\"ListItem\",\"position\":2,\"name\":\"Journ\u00e9e Mondiale de Pri\u00e8res 2017\"}]},{\"@type\":\"WebSite\",\"@id\":\"https:\/\/gallican-montbrison.fr\/wp\/#website\",\"url\":\"https:\/\/gallican-montbrison.fr\/wp\/\",\"name\":\"Chapelle Saint Michel Archange Montbrison\",\"description\":\"Eglise Gallicane, Tradition Apostolique de Gazinet\",\"potentialAction\":[{\"@type\":\"SearchAction\",\"target\":{\"@type\":\"EntryPoint\",\"urlTemplate\":\"https:\/\/gallican-montbrison.fr\/wp\/?s={search_term_string}\"},\"query-input\":{\"@type\":\"PropertyValueSpecification\",\"valueRequired\":true,\"valueName\":\"search_term_string\"}}],\"inLanguage\":\"fr-FR\"},{\"@type\":\"Person\",\"@id\":\"https:\/\/gallican-montbrison.fr\/wp\/#\/schema\/person\/fc5571a40f7c79de2fb1b0cf72c089a4\",\"name\":\"Colette\",\"url\":\"https:\/\/gallican-montbrison.fr\/wp\/?author=3\"}]}<\/script>\n<!-- \/ Yoast SEO plugin. -->","yoast_head_json":{"title":"Journ\u00e9e Mondiale de Pri\u00e8res 2017 - Chapelle Saint Michel Archange Montbrison","robots":{"index":"index","follow":"follow","max-snippet":"max-snippet:-1","max-image-preview":"max-image-preview:large","max-video-preview":"max-video-preview:-1"},"canonical":"https:\/\/gallican-montbrison.fr\/wp\/?p=4970","og_locale":"fr_FR","og_type":"article","og_title":"Journ\u00e9e Mondiale de Pri\u00e8res 2017 - Chapelle Saint Michel Archange Montbrison","og_description":"Des chr\u00e9tiennes des Philippines nous donnent rendez-vous le vendredi 3 mars 2017 \u00e0 l&rsquo;Eglise de Moingt \u00e0 18h15 pour c\u00e9l\u00e9brer la Journ\u00e9e Mondiale de Pri\u00e8re. Allons-nous prendre le temps pour aller \u00e0 leur rencontre dans la pri\u00e8re, d\u00e9couvrir leur pays &hellip; Continuer la lecture &rarr;","og_url":"https:\/\/gallican-montbrison.fr\/wp\/?p=4970","og_site_name":"Chapelle Saint Michel Archange Montbrison","article_publisher":"https:\/\/www.facebook.com\/people\/Eglise-Gallicane-Chapelle-Saint-Michel-Archange\/100064564306693\/","article_published_time":"2017-02-06T13:04:47+00:00","article_modified_time":"2018-01-11T14:39:53+00:00","og_image":[{"url":"http:\/\/gallican-montbrison.fr\/wp\/wp-content\/uploads\/2017\/02\/0cfc573acd.jpg","type":"","width":"","height":""}],"author":"Colette","twitter_card":"summary_large_image","twitter_misc":{"\u00c9crit par":"Colette"},"schema":{"@context":"https:\/\/schema.org","@graph":[{"@type":"WebPage","@id":"https:\/\/gallican-montbrison.fr\/wp\/?p=4970","url":"https:\/\/gallican-montbrison.fr\/wp\/?p=4970","name":"Journ\u00e9e Mondiale de Pri\u00e8res 2017 - Chapelle Saint Michel Archange Montbrison","isPartOf":{"@id":"https:\/\/gallican-montbrison.fr\/wp\/#website"},"primaryImageOfPage":{"@id":"https:\/\/gallican-montbrison.fr\/wp\/?p=4970#primaryimage"},"image":{"@id":"https:\/\/gallican-montbrison.fr\/wp\/?p=4970#primaryimage"},"thumbnailUrl":"http:\/\/gallican-montbrison.fr\/wp\/wp-content\/uploads\/2017\/02\/0cfc573acd.jpg","datePublished":"2017-02-06T13:04:47+00:00","dateModified":"2018-01-11T14:39:53+00:00","author":{"@id":"https:\/\/gallican-montbrison.fr\/wp\/#\/schema\/person\/fc5571a40f7c79de2fb1b0cf72c089a4"},"breadcrumb":{"@id":"https:\/\/gallican-montbrison.fr\/wp\/?p=4970#breadcrumb"},"inLanguage":"fr-FR","potentialAction":[{"@type":"ReadAction","target":["https:\/\/gallican-montbrison.fr\/wp\/?p=4970"]}]},{"@type":"ImageObject","inLanguage":"fr-FR","@id":"https:\/\/gallican-montbrison.fr\/wp\/?p=4970#primaryimage","url":"http:\/\/gallican-montbrison.fr\/wp\/wp-content\/uploads\/2017\/02\/0cfc573acd.jpg","contentUrl":"http:\/\/gallican-montbrison.fr\/wp\/wp-content\/uploads\/2017\/02\/0cfc573acd.jpg"},{"@type":"BreadcrumbList","@id":"https:\/\/gallican-montbrison.fr\/wp\/?p=4970#breadcrumb","itemListElement":[{"@type":"ListItem","position":1,"name":"Accueil","item":"https:\/\/gallican-montbrison.fr\/wp"},{"@type":"ListItem","position":2,"name":"Journ\u00e9e Mondiale de Pri\u00e8res 2017"}]},{"@type":"WebSite","@id":"https:\/\/gallican-montbrison.fr\/wp\/#website","url":"https:\/\/gallican-montbrison.fr\/wp\/","name":"Chapelle Saint Michel Archange Montbrison","description":"Eglise Gallicane, Tradition Apostolique de Gazinet","potentialAction":[{"@type":"SearchAction","target":{"@type":"EntryPoint","urlTemplate":"https:\/\/gallican-montbrison.fr\/wp\/?s={search_term_string}"},"query-input":{"@type":"PropertyValueSpecification","valueRequired":true,"valueName":"search_term_string"}}],"inLanguage":"fr-FR"},{"@type":"Person","@id":"https:\/\/gallican-montbrison.fr\/wp\/#\/schema\/person\/fc5571a40f7c79de2fb1b0cf72c089a4","name":"Colette","url":"https:\/\/gallican-montbrison.fr\/wp\/?author=3"}]}},"_links":{"self":[{"href":"https:\/\/gallican-montbrison.fr\/wp\/index.php?rest_route=\/wp\/v2\/posts\/4970"}],"collection":[{"href":"https:\/\/gallican-montbrison.fr\/wp\/index.php?rest_route=\/wp\/v2\/posts"}],"about":[{"href":"https:\/\/gallican-montbrison.fr\/wp\/index.php?rest_route=\/wp\/v2\/types\/post"}],"author":[{"embeddable":true,"href":"https:\/\/gallican-montbrison.fr\/wp\/index.php?rest_route=\/wp\/v2\/users\/3"}],"replies":[{"embeddable":true,"href":"https:\/\/gallican-montbrison.fr\/wp\/index.php?rest_route=%2Fwp%2Fv2%2Fcomments&post=4970"}],"version-history":[{"count":5,"href":"https:\/\/gallican-montbrison.fr\/wp\/index.php?rest_route=\/wp\/v2\/posts\/4970\/revisions"}],"predecessor-version":[{"id":4978,"href":"https:\/\/gallican-montbrison.fr\/wp\/index.php?rest_route=\/wp\/v2\/posts\/4970\/revisions\/4978"}],"wp:attachment":[{"href":"https:\/\/gallican-montbrison.fr\/wp\/index.php?rest_route=%2Fwp%2Fv2%2Fmedia&parent=4970"}],"wp:term":[{"taxonomy":"category","embeddable":true,"href":"https:\/\/gallican-montbrison.fr\/wp\/index.php?rest_route=%2Fwp%2Fv2%2Fcategories&post=4970"},{"taxonomy":"post_tag","embeddable":true,"href":"https:\/\/gallican-montbrison.fr\/wp\/index.php?rest_route=%2Fwp%2Fv2%2Ftags&post=4970"}],"curies":[{"name":"wp","href":"https:\/\/api.w.org\/{rel}","templated":true}]}}