{"id":5048,"date":"2017-03-30T17:13:29","date_gmt":"2017-03-30T15:13:29","guid":{"rendered":"http:\/\/gallican-montbrison.fr\/wp\/?p=5048"},"modified":"2017-03-30T17:32:00","modified_gmt":"2017-03-30T15:32:00","slug":"3-eme-dimanche-de-careme","status":"publish","type":"post","link":"https:\/\/gallican-montbrison.fr\/wp\/?p=5048","title":{"rendered":"3 \u00e8me Dimanche de car\u00eame"},"content":{"rendered":"<p><strong><span style=\"color: #ff6600;\">Ecouter l&rsquo;hom\u00e9lie:<\/span><\/strong><\/p>\n<!--[if lt IE 9]><script>document.createElement('audio');<\/script><![endif]-->\n<audio class=\"wp-audio-shortcode\" id=\"audio-5048-1\" preload=\"none\" style=\"width: 100%;\" controls=\"controls\"><source type=\"audio\/mpeg\" src=\"http:\/\/gallican-montbrison.fr\/wp\/wp-content\/uploads\/2017\/03\/8-Home\u0301lie-3e-dim-careme-2017-.mp3?_=1\" \/><a href=\"http:\/\/gallican-montbrison.fr\/wp\/wp-content\/uploads\/2017\/03\/8-Home\u0301lie-3e-dim-careme-2017-.mp3\">http:\/\/gallican-montbrison.fr\/wp\/wp-content\/uploads\/2017\/03\/8-Home\u0301lie-3e-dim-careme-2017-.mp3<\/a><\/audio>\n<p><strong><span style=\"color: #800080;\"><a href=\"http:\/\/gallican-montbrison.fr\/wp\/wp-content\/uploads\/2014\/04\/Unknown.jpeg\"><img loading=\"lazy\" decoding=\"async\" class=\"alignleft wp-image-3303 size-full\" src=\"http:\/\/gallican-montbrison.fr\/wp\/wp-content\/uploads\/2014\/04\/Unknown.jpeg\" alt=\"\" width=\"216\" height=\"233\" \/><\/a>Ep\u00eetre : St Paul aux Eph\u00e9siens \u00a05, 1-9<\/span><\/strong><\/p>\n<p><span style=\"color: #800080;\">Puisque vous \u00eates les enfants que Dieu aime, efforcez-vous d\u2019\u00eatre comme lui.\u00a0Que votre fa\u00e7on de vivre soit inspir\u00e9e par l\u2019amour, \u00e0 l\u2019exemple du Christ qui nous a aim\u00e9s et a donn\u00e9 sa vie pour nous, comme une offrande et un sacrifice dont l\u2019agr\u00e9able odeur pla\u00eet \u00e0 Dieu.<\/span><\/p>\n<p><span style=\"color: #800080;\">Vous appartenez au peuple de Dieu, par cons\u00e9quent il ne convient pas qu\u2019une forme quelconque d\u2019immoralit\u00e9, d\u2019impuret\u00e9 ou d\u2019envie soit m\u00eame mentionn\u00e9e parmi vous.\u00a0Il n\u2019est pas convenable non plus que vous prononciez des paroles grossi\u00e8res, stupides ou sales. Adressez plut\u00f4t des pri\u00e8res de reconnaissance \u00e0 Dieu. Sachez-le bien\u00a0: aucun \u00eatre immoral, impur ou avare n\u2019aura jamais part au Royaume du Christ et de Dieu.<\/span><\/p>\n<p><span style=\"color: #800080;\">Que personne ne vous \u00e9gare par des raisonnements trompeurs\u00a0: ce sont de telles fautes qui attirent la col\u00e8re de Dieu sur ceux qui s\u2019opposent \u00e0 lui.\u00a0N\u2019ayez donc rien de commun avec ces gens-l\u00e0.\u00a0Vous \u00e9tiez autrefois dans l\u2019obscurit\u00e9\u00a0; mais maintenant, par votre union avec le Seigneur, vous \u00eates dans la lumi\u00e8re. Par cons\u00e9quent, conduisez-vous donc en fils de lumi\u00e8re,\u00a0car la lumi\u00e8re\u00a0produit toute sorte de bont\u00e9, de droiture et de v\u00e9rit\u00e9.<\/span><\/p>\n<p><strong><span style=\"color: #800080;\">Evangile : St Luc 11, 14-28<\/span><\/strong><\/p>\n<p><span style=\"color: #800080;\">J\u00e9sus \u00e9tait en train de chasser un esprit mauvais qui rendait un homme muet. Quand l\u2019esprit mauvais sortit, le muet se mit \u00e0 parler et, dans la foule, les gens furent remplis d\u2019\u00e9tonnement.\u00a0Cependant, quelques-uns dirent\u00a0: \u00ab\u00a0C\u2019est B\u00e9lz\u00e9buth, le chef des esprits mauvais, qui lui donne le pouvoir de chasser ces esprits\u00a0!\u00a0\u00bb\u00a0D\u2019autres voulaient lui tendre un pi\u00e8ge\u00a0: ils lui demand\u00e8rent de montrer par un signe miraculeux qu\u2019il venait de Dieu.\u00a0\u00a0Mais J\u00e9sus connaissait leurs pens\u00e9es\u00a0; il leur dit alors\u00a0: \u00ab\u00a0Tout royaume dont les habitants luttent les uns contre les autres finit par \u00eatre d\u00e9truit, ses maisons s\u2019\u00e9croulent les unes sur les autres.\u00a0Si donc Satan est en lutte contre lui-m\u00eame, comment son royaume pourra-t-il se maintenir\u00a0? Vous dites, en effet, que je chasse les esprits mauvais parce que B\u00e9lz\u00e9buth\u00a0m\u2019en donne le pouvoir. Si je les chasse de cette fa\u00e7on, qui donne \u00e0 vos partisans le pouvoir de les chasser\u00a0? Vos partisans eux-m\u00eames d\u00e9montrent que vous avez tort\u00a0!\u00a0\u00a0En r\u00e9alit\u00e9, c\u2019est avec la puissance de Dieu\u00a0que je chasse les esprits mauvais, ce qui signifie que le Royaume de Dieu est d\u00e9j\u00e0 venu jusqu\u2019\u00e0 vous.<\/span><\/p>\n<p><span style=\"color: #800080;\">\u00ab\u00a0Quand un homme fort et bien arm\u00e9 garde sa maison, tous ses biens sont en s\u00fbret\u00e9.\u00a0\u00a0Mais si un homme plus fort que lui arrive et s\u2019en rend vainqueur, il lui enl\u00e8ve les armes dans lesquelles il mettait sa confiance et il distribue tout ce qu\u2019il lui a pris.<\/span><\/p>\n<p><span style=\"color: #800080;\">\u00ab\u00a0Celui qui n\u2019est pas avec moi est contre moi\u00a0; et celui qui ne m\u2019aide pas \u00e0 rassembler disperse.\u00a0\u00bb<\/span><\/p>\n<p><span style=\"color: #800080;\">\u00ab\u00a0Lorsqu\u2019un esprit mauvais est sorti d\u2019un homme, il va et vient dans des espaces d\u00e9serts en cherchant un lieu o\u00f9 s\u2019\u00e9tablir. S\u2019il n\u2019en trouve pas, il se dit alors\u00a0: \u00abJe vais retourner dans ma maison, celle que j\u2019ai quitt\u00e9e.\u00bb\u00a0Il y retourne et la trouve balay\u00e9e, bien arrang\u00e9e.\u00a0\u00a0Alors il s\u2019en va prendre sept autres esprits encore plus malfaisants que lui\u00a0; ils reviennent ensemble dans la maison et s\u2019y installent. Finalement, l\u2019\u00e9tat de cet homme est donc pire qu\u2019au d\u00e9but.\u00a0\u00bb<\/span><\/p>\n<p><span style=\"color: #800080;\">J\u00e9sus venait de parler ainsi, quand une femme s\u2019adressa \u00e0 lui du milieu de la foule\u00a0: \u00ab\u00a0Heureuse est la femme qui t\u2019a port\u00e9 en elle et qui t\u2019a allait\u00e9\u00a0!\u00a0\u00bb.\u00a0Mais J\u00e9sus r\u00e9pondit\u00a0: \u00ab\u00a0Heureux plut\u00f4t ceux qui \u00e9coutent la parole de Dieu et la mettent en pratique\u00a0!\u00a0\u00bb<\/span><\/p>\n","protected":false},"excerpt":{"rendered":"<p>Ecouter l&rsquo;hom\u00e9lie: Ep\u00eetre : St Paul aux Eph\u00e9siens \u00a05, 1-9 Puisque vous \u00eates les enfants que Dieu aime, efforcez-vous d\u2019\u00eatre comme lui.\u00a0Que votre fa\u00e7on de vivre soit inspir\u00e9e par l\u2019amour, \u00e0 l\u2019exemple du Christ qui nous a aim\u00e9s et a &hellip; <a href=\"https:\/\/gallican-montbrison.fr\/wp\/?p=5048\">Continuer la lecture <span class=\"meta-nav\">&rarr;<\/span><\/a><\/p>\n","protected":false},"author":3,"featured_media":0,"comment_status":"closed","ping_status":"open","sticky":false,"template":"","format":"standard","meta":{"footnotes":""},"categories":[4],"tags":[100,88,127,47,27,26,46,97,181,182,70,138,98,52,23,140,185,87,187,6,50,17,28,41,180],"class_list":["post-5048","post","type-post","status-publish","format-standard","hentry","category-homelies","tag-bapteme","tag-benediction","tag-careme","tag-catholique","tag-celebration","tag-chapelle","tag-christ","tag-communion","tag-divorce","tag-divorces","tag-eglise","tag-eglise-gallicane","tag-eucharistie","tag-evangile","tag-foi","tag-gallicane","tag-homelie","tag-mariage","tag-mariage-divorces","tag-messe","tag-montbrison","tag-oecumenisme-2","tag-partage","tag-religion","tag-remariage"],"yoast_head":"<!-- This site is optimized with the Yoast SEO plugin v25.6 - https:\/\/yoast.com\/wordpress\/plugins\/seo\/ -->\n<title>3 \u00e8me Dimanche de car\u00eame - Chapelle Saint Michel Archange Montbrison<\/title>\n<meta name=\"robots\" content=\"index, follow, max-snippet:-1, max-image-preview:large, max-video-preview:-1\" \/>\n<link rel=\"canonical\" href=\"https:\/\/gallican-montbrison.fr\/wp\/?p=5048\" \/>\n<meta property=\"og:locale\" content=\"fr_FR\" \/>\n<meta property=\"og:type\" content=\"article\" \/>\n<meta property=\"og:title\" content=\"3 \u00e8me Dimanche de car\u00eame - Chapelle Saint Michel Archange Montbrison\" \/>\n<meta property=\"og:description\" content=\"Ecouter l&rsquo;hom\u00e9lie: Ep\u00eetre : St Paul aux Eph\u00e9siens \u00a05, 1-9 Puisque vous \u00eates les enfants que Dieu aime, efforcez-vous d\u2019\u00eatre comme lui.\u00a0Que votre fa\u00e7on de vivre soit inspir\u00e9e par l\u2019amour, \u00e0 l\u2019exemple du Christ qui nous a aim\u00e9s et a &hellip; Continuer la lecture &rarr;\" \/>\n<meta property=\"og:url\" content=\"https:\/\/gallican-montbrison.fr\/wp\/?p=5048\" \/>\n<meta property=\"og:site_name\" content=\"Chapelle Saint Michel Archange Montbrison\" \/>\n<meta property=\"article:publisher\" content=\"https:\/\/www.facebook.com\/people\/Eglise-Gallicane-Chapelle-Saint-Michel-Archange\/100064564306693\/\" \/>\n<meta property=\"article:published_time\" content=\"2017-03-30T15:13:29+00:00\" \/>\n<meta property=\"article:modified_time\" content=\"2017-03-30T15:32:00+00:00\" \/>\n<meta property=\"og:image\" content=\"http:\/\/gallican-montbrison.fr\/wp\/wp-content\/uploads\/2014\/04\/Unknown.jpeg\" \/>\n<meta name=\"author\" content=\"Colette\" \/>\n<meta name=\"twitter:card\" content=\"summary_large_image\" \/>\n<meta name=\"twitter:label1\" content=\"\u00c9crit par\" \/>\n\t<meta name=\"twitter:data1\" content=\"Colette\" \/>\n\t<meta name=\"twitter:label2\" content=\"Dur\u00e9e de lecture estim\u00e9e\" \/>\n\t<meta name=\"twitter:data2\" content=\"3 minutes\" \/>\n<script type=\"application\/ld+json\" class=\"yoast-schema-graph\">{\"@context\":\"https:\/\/schema.org\",\"@graph\":[{\"@type\":\"WebPage\",\"@id\":\"https:\/\/gallican-montbrison.fr\/wp\/?p=5048\",\"url\":\"https:\/\/gallican-montbrison.fr\/wp\/?p=5048\",\"name\":\"3 \u00e8me Dimanche de car\u00eame - Chapelle Saint Michel Archange Montbrison\",\"isPartOf\":{\"@id\":\"https:\/\/gallican-montbrison.fr\/wp\/#website\"},\"primaryImageOfPage\":{\"@id\":\"https:\/\/gallican-montbrison.fr\/wp\/?p=5048#primaryimage\"},\"image\":{\"@id\":\"https:\/\/gallican-montbrison.fr\/wp\/?p=5048#primaryimage\"},\"thumbnailUrl\":\"http:\/\/gallican-montbrison.fr\/wp\/wp-content\/uploads\/2014\/04\/Unknown.jpeg\",\"datePublished\":\"2017-03-30T15:13:29+00:00\",\"dateModified\":\"2017-03-30T15:32:00+00:00\",\"author\":{\"@id\":\"https:\/\/gallican-montbrison.fr\/wp\/#\/schema\/person\/fc5571a40f7c79de2fb1b0cf72c089a4\"},\"breadcrumb\":{\"@id\":\"https:\/\/gallican-montbrison.fr\/wp\/?p=5048#breadcrumb\"},\"inLanguage\":\"fr-FR\",\"potentialAction\":[{\"@type\":\"ReadAction\",\"target\":[\"https:\/\/gallican-montbrison.fr\/wp\/?p=5048\"]}]},{\"@type\":\"ImageObject\",\"inLanguage\":\"fr-FR\",\"@id\":\"https:\/\/gallican-montbrison.fr\/wp\/?p=5048#primaryimage\",\"url\":\"http:\/\/gallican-montbrison.fr\/wp\/wp-content\/uploads\/2014\/04\/Unknown.jpeg\",\"contentUrl\":\"http:\/\/gallican-montbrison.fr\/wp\/wp-content\/uploads\/2014\/04\/Unknown.jpeg\"},{\"@type\":\"BreadcrumbList\",\"@id\":\"https:\/\/gallican-montbrison.fr\/wp\/?p=5048#breadcrumb\",\"itemListElement\":[{\"@type\":\"ListItem\",\"position\":1,\"name\":\"Accueil\",\"item\":\"https:\/\/gallican-montbrison.fr\/wp\"},{\"@type\":\"ListItem\",\"position\":2,\"name\":\"3 \u00e8me Dimanche de car\u00eame\"}]},{\"@type\":\"WebSite\",\"@id\":\"https:\/\/gallican-montbrison.fr\/wp\/#website\",\"url\":\"https:\/\/gallican-montbrison.fr\/wp\/\",\"name\":\"Chapelle Saint Michel Archange Montbrison\",\"description\":\"Eglise Gallicane, Tradition Apostolique de Gazinet\",\"potentialAction\":[{\"@type\":\"SearchAction\",\"target\":{\"@type\":\"EntryPoint\",\"urlTemplate\":\"https:\/\/gallican-montbrison.fr\/wp\/?s={search_term_string}\"},\"query-input\":{\"@type\":\"PropertyValueSpecification\",\"valueRequired\":true,\"valueName\":\"search_term_string\"}}],\"inLanguage\":\"fr-FR\"},{\"@type\":\"Person\",\"@id\":\"https:\/\/gallican-montbrison.fr\/wp\/#\/schema\/person\/fc5571a40f7c79de2fb1b0cf72c089a4\",\"name\":\"Colette\",\"url\":\"https:\/\/gallican-montbrison.fr\/wp\/?author=3\"}]}<\/script>\n<!-- \/ Yoast SEO plugin. -->","yoast_head_json":{"title":"3 \u00e8me Dimanche de car\u00eame - Chapelle Saint Michel Archange Montbrison","robots":{"index":"index","follow":"follow","max-snippet":"max-snippet:-1","max-image-preview":"max-image-preview:large","max-video-preview":"max-video-preview:-1"},"canonical":"https:\/\/gallican-montbrison.fr\/wp\/?p=5048","og_locale":"fr_FR","og_type":"article","og_title":"3 \u00e8me Dimanche de car\u00eame - Chapelle Saint Michel Archange Montbrison","og_description":"Ecouter l&rsquo;hom\u00e9lie: Ep\u00eetre : St Paul aux Eph\u00e9siens \u00a05, 1-9 Puisque vous \u00eates les enfants que Dieu aime, efforcez-vous d\u2019\u00eatre comme lui.\u00a0Que votre fa\u00e7on de vivre soit inspir\u00e9e par l\u2019amour, \u00e0 l\u2019exemple du Christ qui nous a aim\u00e9s et a &hellip; Continuer la lecture &rarr;","og_url":"https:\/\/gallican-montbrison.fr\/wp\/?p=5048","og_site_name":"Chapelle Saint Michel Archange Montbrison","article_publisher":"https:\/\/www.facebook.com\/people\/Eglise-Gallicane-Chapelle-Saint-Michel-Archange\/100064564306693\/","article_published_time":"2017-03-30T15:13:29+00:00","article_modified_time":"2017-03-30T15:32:00+00:00","og_image":[{"url":"http:\/\/gallican-montbrison.fr\/wp\/wp-content\/uploads\/2014\/04\/Unknown.jpeg","type":"","width":"","height":""}],"author":"Colette","twitter_card":"summary_large_image","twitter_misc":{"\u00c9crit par":"Colette","Dur\u00e9e de lecture estim\u00e9e":"3 minutes"},"schema":{"@context":"https:\/\/schema.org","@graph":[{"@type":"WebPage","@id":"https:\/\/gallican-montbrison.fr\/wp\/?p=5048","url":"https:\/\/gallican-montbrison.fr\/wp\/?p=5048","name":"3 \u00e8me Dimanche de car\u00eame - Chapelle Saint Michel Archange Montbrison","isPartOf":{"@id":"https:\/\/gallican-montbrison.fr\/wp\/#website"},"primaryImageOfPage":{"@id":"https:\/\/gallican-montbrison.fr\/wp\/?p=5048#primaryimage"},"image":{"@id":"https:\/\/gallican-montbrison.fr\/wp\/?p=5048#primaryimage"},"thumbnailUrl":"http:\/\/gallican-montbrison.fr\/wp\/wp-content\/uploads\/2014\/04\/Unknown.jpeg","datePublished":"2017-03-30T15:13:29+00:00","dateModified":"2017-03-30T15:32:00+00:00","author":{"@id":"https:\/\/gallican-montbrison.fr\/wp\/#\/schema\/person\/fc5571a40f7c79de2fb1b0cf72c089a4"},"breadcrumb":{"@id":"https:\/\/gallican-montbrison.fr\/wp\/?p=5048#breadcrumb"},"inLanguage":"fr-FR","potentialAction":[{"@type":"ReadAction","target":["https:\/\/gallican-montbrison.fr\/wp\/?p=5048"]}]},{"@type":"ImageObject","inLanguage":"fr-FR","@id":"https:\/\/gallican-montbrison.fr\/wp\/?p=5048#primaryimage","url":"http:\/\/gallican-montbrison.fr\/wp\/wp-content\/uploads\/2014\/04\/Unknown.jpeg","contentUrl":"http:\/\/gallican-montbrison.fr\/wp\/wp-content\/uploads\/2014\/04\/Unknown.jpeg"},{"@type":"BreadcrumbList","@id":"https:\/\/gallican-montbrison.fr\/wp\/?p=5048#breadcrumb","itemListElement":[{"@type":"ListItem","position":1,"name":"Accueil","item":"https:\/\/gallican-montbrison.fr\/wp"},{"@type":"ListItem","position":2,"name":"3 \u00e8me Dimanche de car\u00eame"}]},{"@type":"WebSite","@id":"https:\/\/gallican-montbrison.fr\/wp\/#website","url":"https:\/\/gallican-montbrison.fr\/wp\/","name":"Chapelle Saint Michel Archange Montbrison","description":"Eglise Gallicane, Tradition Apostolique de Gazinet","potentialAction":[{"@type":"SearchAction","target":{"@type":"EntryPoint","urlTemplate":"https:\/\/gallican-montbrison.fr\/wp\/?s={search_term_string}"},"query-input":{"@type":"PropertyValueSpecification","valueRequired":true,"valueName":"search_term_string"}}],"inLanguage":"fr-FR"},{"@type":"Person","@id":"https:\/\/gallican-montbrison.fr\/wp\/#\/schema\/person\/fc5571a40f7c79de2fb1b0cf72c089a4","name":"Colette","url":"https:\/\/gallican-montbrison.fr\/wp\/?author=3"}]}},"_links":{"self":[{"href":"https:\/\/gallican-montbrison.fr\/wp\/index.php?rest_route=\/wp\/v2\/posts\/5048"}],"collection":[{"href":"https:\/\/gallican-montbrison.fr\/wp\/index.php?rest_route=\/wp\/v2\/posts"}],"about":[{"href":"https:\/\/gallican-montbrison.fr\/wp\/index.php?rest_route=\/wp\/v2\/types\/post"}],"author":[{"embeddable":true,"href":"https:\/\/gallican-montbrison.fr\/wp\/index.php?rest_route=\/wp\/v2\/users\/3"}],"replies":[{"embeddable":true,"href":"https:\/\/gallican-montbrison.fr\/wp\/index.php?rest_route=%2Fwp%2Fv2%2Fcomments&post=5048"}],"version-history":[{"count":5,"href":"https:\/\/gallican-montbrison.fr\/wp\/index.php?rest_route=\/wp\/v2\/posts\/5048\/revisions"}],"predecessor-version":[{"id":5058,"href":"https:\/\/gallican-montbrison.fr\/wp\/index.php?rest_route=\/wp\/v2\/posts\/5048\/revisions\/5058"}],"wp:attachment":[{"href":"https:\/\/gallican-montbrison.fr\/wp\/index.php?rest_route=%2Fwp%2Fv2%2Fmedia&parent=5048"}],"wp:term":[{"taxonomy":"category","embeddable":true,"href":"https:\/\/gallican-montbrison.fr\/wp\/index.php?rest_route=%2Fwp%2Fv2%2Fcategories&post=5048"},{"taxonomy":"post_tag","embeddable":true,"href":"https:\/\/gallican-montbrison.fr\/wp\/index.php?rest_route=%2Fwp%2Fv2%2Ftags&post=5048"}],"curies":[{"name":"wp","href":"https:\/\/api.w.org\/{rel}","templated":true}]}}