{"id":5059,"date":"2017-03-06T18:17:00","date_gmt":"2017-03-06T17:17:00","guid":{"rendered":"http:\/\/gallican-montbrison.fr\/wp\/?p=5059"},"modified":"2018-01-11T15:38:13","modified_gmt":"2018-01-11T14:38:13","slug":"paques-et-nous","status":"publish","type":"post","link":"https:\/\/gallican-montbrison.fr\/wp\/?p=5059","title":{"rendered":"P\u00e2ques &#8230;  qu&rsquo;en faisons-nous?"},"content":{"rendered":"<p>Christ est pass\u00e9<br \/>\nde la mort \u00e0 la vie<br \/>\nComme les premiers chr\u00e9tiens<br \/>\npassons nous aussi<br \/>\nde l&rsquo;obscurit\u00e9 \u00e0 la lumi\u00e8re,<br \/>\nde la peur \u00e0 la confiance<br \/>\ndu doute \u00e0 l&rsquo;esp\u00e9rance<\/p>\n<p>Le temps de car\u00eame, qui nous conduit \u00e0 la f\u00eate de P\u00e2ques, nous incite \u00e0 prendre un peu de temps sur nos occupations de tous les jours, pour r\u00e9fl\u00e9chir \u00e0 notre Foi, \u00e0 notrcheminement dans la vie et \u00e0 chercher au fond de notre coeur quel est notre v\u00e9ritable attachement \u00e0 Dieu.<br \/>\nEst-ce un attachement de convention ou bien est-ce un attachement sinc\u00e8re, reconnaissant et enthousiaste dans une Foi vivante et authentique qui nous fera dire au matin de P\u00e2ques<\/p>\n<p>\u00ab\u00a0Oui, Christ est ressuscit\u00e9\u00a0\u00bb<\/p>\n<p>Alors nous pourrons faire n\u00f4tres les paroles du Christ aux personnes qui se confient \u00e0 Lui:<br \/>\n\u00ab\u00a0Rel\u00e8ve toi et va, ta Foi t&rsquo;a sauv\u00e9\u00a0\u00bb\u00a0\u00a0 (St Luc 7,50 &#8211; St Marc 10,52)<\/p>\n<p>C&rsquo;est par notre Foi, notre pri\u00e8re, notre pr\u00e9sence aux autres et par la gr\u00e2ce de Dieu que nous d\u00e9couvrons sur notre chemin de vie l&rsquo;extraordinaire que Dieu met dans nos coeurs et la gu\u00e9rison qu&rsquo;il nous propose.<br \/>\nIl nous gu\u00e9rit de nos manquements et nous ram\u00e8ne \u00e0 Lui. Sans cesse il nous attend, nous esp\u00e8re et nous accompagne&#8230; la plus belle preuve de son amour pour chacun de nous, il nous l&rsquo;a montr\u00e9e en nous donnant son Fils.<\/p>\n<p>\u00ab Celui-ci est mon Fils bien-aim\u00e9, en Lui j&rsquo;ai mis tout mon amour. \u00c9coutez-le! \u00bb (St Matthieu 17,5))<br \/>\nDame Colette +<\/p>\n","protected":false},"excerpt":{"rendered":"<p>Christ est pass\u00e9 de la mort \u00e0 la vie Comme les premiers chr\u00e9tiens passons nous aussi de l&rsquo;obscurit\u00e9 \u00e0 la lumi\u00e8re, de la peur \u00e0 la confiance du doute \u00e0 l&rsquo;esp\u00e9rance Le temps de car\u00eame, qui nous conduit \u00e0 la &hellip; <a href=\"https:\/\/gallican-montbrison.fr\/wp\/?p=5059\">Continuer la lecture <span class=\"meta-nav\">&rarr;<\/span><\/a><\/p>\n","protected":false},"author":3,"featured_media":0,"comment_status":"closed","ping_status":"open","sticky":false,"template":"","format":"standard","meta":{"footnotes":""},"categories":[11],"tags":[],"class_list":["post-5059","post","type-post","status-publish","format-standard","hentry","category-articles-et-conferences"],"yoast_head":"<!-- This site is optimized with the Yoast SEO plugin v25.6 - https:\/\/yoast.com\/wordpress\/plugins\/seo\/ -->\n<title>P\u00e2ques ... qu&#039;en faisons-nous? - Chapelle Saint Michel Archange Montbrison<\/title>\n<meta name=\"robots\" content=\"index, follow, max-snippet:-1, max-image-preview:large, max-video-preview:-1\" \/>\n<link rel=\"canonical\" href=\"https:\/\/gallican-montbrison.fr\/wp\/?p=5059\" \/>\n<meta property=\"og:locale\" content=\"fr_FR\" \/>\n<meta property=\"og:type\" content=\"article\" \/>\n<meta property=\"og:title\" content=\"P\u00e2ques ... qu&#039;en faisons-nous? - Chapelle Saint Michel Archange Montbrison\" \/>\n<meta property=\"og:description\" content=\"Christ est pass\u00e9 de la mort \u00e0 la vie Comme les premiers chr\u00e9tiens passons nous aussi de l&rsquo;obscurit\u00e9 \u00e0 la lumi\u00e8re, de la peur \u00e0 la confiance du doute \u00e0 l&rsquo;esp\u00e9rance Le temps de car\u00eame, qui nous conduit \u00e0 la &hellip; Continuer la lecture &rarr;\" \/>\n<meta property=\"og:url\" content=\"https:\/\/gallican-montbrison.fr\/wp\/?p=5059\" \/>\n<meta property=\"og:site_name\" content=\"Chapelle Saint Michel Archange Montbrison\" \/>\n<meta property=\"article:publisher\" content=\"https:\/\/www.facebook.com\/people\/Eglise-Gallicane-Chapelle-Saint-Michel-Archange\/100064564306693\/\" \/>\n<meta property=\"article:published_time\" content=\"2017-03-06T17:17:00+00:00\" \/>\n<meta property=\"article:modified_time\" content=\"2018-01-11T14:38:13+00:00\" \/>\n<meta name=\"author\" content=\"Colette\" \/>\n<meta name=\"twitter:card\" content=\"summary_large_image\" \/>\n<meta name=\"twitter:label1\" content=\"\u00c9crit par\" \/>\n\t<meta name=\"twitter:data1\" content=\"Colette\" \/>\n\t<meta name=\"twitter:label2\" content=\"Dur\u00e9e de lecture estim\u00e9e\" \/>\n\t<meta name=\"twitter:data2\" content=\"1 minute\" \/>\n<script type=\"application\/ld+json\" class=\"yoast-schema-graph\">{\"@context\":\"https:\/\/schema.org\",\"@graph\":[{\"@type\":\"WebPage\",\"@id\":\"https:\/\/gallican-montbrison.fr\/wp\/?p=5059\",\"url\":\"https:\/\/gallican-montbrison.fr\/wp\/?p=5059\",\"name\":\"P\u00e2ques ... qu'en faisons-nous? - Chapelle Saint Michel Archange Montbrison\",\"isPartOf\":{\"@id\":\"https:\/\/gallican-montbrison.fr\/wp\/#website\"},\"datePublished\":\"2017-03-06T17:17:00+00:00\",\"dateModified\":\"2018-01-11T14:38:13+00:00\",\"author\":{\"@id\":\"https:\/\/gallican-montbrison.fr\/wp\/#\/schema\/person\/fc5571a40f7c79de2fb1b0cf72c089a4\"},\"breadcrumb\":{\"@id\":\"https:\/\/gallican-montbrison.fr\/wp\/?p=5059#breadcrumb\"},\"inLanguage\":\"fr-FR\",\"potentialAction\":[{\"@type\":\"ReadAction\",\"target\":[\"https:\/\/gallican-montbrison.fr\/wp\/?p=5059\"]}]},{\"@type\":\"BreadcrumbList\",\"@id\":\"https:\/\/gallican-montbrison.fr\/wp\/?p=5059#breadcrumb\",\"itemListElement\":[{\"@type\":\"ListItem\",\"position\":1,\"name\":\"Accueil\",\"item\":\"https:\/\/gallican-montbrison.fr\/wp\"},{\"@type\":\"ListItem\",\"position\":2,\"name\":\"P\u00e2ques &#8230; qu&rsquo;en faisons-nous?\"}]},{\"@type\":\"WebSite\",\"@id\":\"https:\/\/gallican-montbrison.fr\/wp\/#website\",\"url\":\"https:\/\/gallican-montbrison.fr\/wp\/\",\"name\":\"Chapelle Saint Michel Archange Montbrison\",\"description\":\"Eglise Gallicane, Tradition Apostolique de Gazinet\",\"potentialAction\":[{\"@type\":\"SearchAction\",\"target\":{\"@type\":\"EntryPoint\",\"urlTemplate\":\"https:\/\/gallican-montbrison.fr\/wp\/?s={search_term_string}\"},\"query-input\":{\"@type\":\"PropertyValueSpecification\",\"valueRequired\":true,\"valueName\":\"search_term_string\"}}],\"inLanguage\":\"fr-FR\"},{\"@type\":\"Person\",\"@id\":\"https:\/\/gallican-montbrison.fr\/wp\/#\/schema\/person\/fc5571a40f7c79de2fb1b0cf72c089a4\",\"name\":\"Colette\",\"url\":\"https:\/\/gallican-montbrison.fr\/wp\/?author=3\"}]}<\/script>\n<!-- \/ Yoast SEO plugin. -->","yoast_head_json":{"title":"P\u00e2ques ... qu'en faisons-nous? - Chapelle Saint Michel Archange Montbrison","robots":{"index":"index","follow":"follow","max-snippet":"max-snippet:-1","max-image-preview":"max-image-preview:large","max-video-preview":"max-video-preview:-1"},"canonical":"https:\/\/gallican-montbrison.fr\/wp\/?p=5059","og_locale":"fr_FR","og_type":"article","og_title":"P\u00e2ques ... qu'en faisons-nous? - Chapelle Saint Michel Archange Montbrison","og_description":"Christ est pass\u00e9 de la mort \u00e0 la vie Comme les premiers chr\u00e9tiens passons nous aussi de l&rsquo;obscurit\u00e9 \u00e0 la lumi\u00e8re, de la peur \u00e0 la confiance du doute \u00e0 l&rsquo;esp\u00e9rance Le temps de car\u00eame, qui nous conduit \u00e0 la &hellip; Continuer la lecture &rarr;","og_url":"https:\/\/gallican-montbrison.fr\/wp\/?p=5059","og_site_name":"Chapelle Saint Michel Archange Montbrison","article_publisher":"https:\/\/www.facebook.com\/people\/Eglise-Gallicane-Chapelle-Saint-Michel-Archange\/100064564306693\/","article_published_time":"2017-03-06T17:17:00+00:00","article_modified_time":"2018-01-11T14:38:13+00:00","author":"Colette","twitter_card":"summary_large_image","twitter_misc":{"\u00c9crit par":"Colette","Dur\u00e9e de lecture estim\u00e9e":"1 minute"},"schema":{"@context":"https:\/\/schema.org","@graph":[{"@type":"WebPage","@id":"https:\/\/gallican-montbrison.fr\/wp\/?p=5059","url":"https:\/\/gallican-montbrison.fr\/wp\/?p=5059","name":"P\u00e2ques ... qu'en faisons-nous? - Chapelle Saint Michel Archange Montbrison","isPartOf":{"@id":"https:\/\/gallican-montbrison.fr\/wp\/#website"},"datePublished":"2017-03-06T17:17:00+00:00","dateModified":"2018-01-11T14:38:13+00:00","author":{"@id":"https:\/\/gallican-montbrison.fr\/wp\/#\/schema\/person\/fc5571a40f7c79de2fb1b0cf72c089a4"},"breadcrumb":{"@id":"https:\/\/gallican-montbrison.fr\/wp\/?p=5059#breadcrumb"},"inLanguage":"fr-FR","potentialAction":[{"@type":"ReadAction","target":["https:\/\/gallican-montbrison.fr\/wp\/?p=5059"]}]},{"@type":"BreadcrumbList","@id":"https:\/\/gallican-montbrison.fr\/wp\/?p=5059#breadcrumb","itemListElement":[{"@type":"ListItem","position":1,"name":"Accueil","item":"https:\/\/gallican-montbrison.fr\/wp"},{"@type":"ListItem","position":2,"name":"P\u00e2ques &#8230; qu&rsquo;en faisons-nous?"}]},{"@type":"WebSite","@id":"https:\/\/gallican-montbrison.fr\/wp\/#website","url":"https:\/\/gallican-montbrison.fr\/wp\/","name":"Chapelle Saint Michel Archange Montbrison","description":"Eglise Gallicane, Tradition Apostolique de Gazinet","potentialAction":[{"@type":"SearchAction","target":{"@type":"EntryPoint","urlTemplate":"https:\/\/gallican-montbrison.fr\/wp\/?s={search_term_string}"},"query-input":{"@type":"PropertyValueSpecification","valueRequired":true,"valueName":"search_term_string"}}],"inLanguage":"fr-FR"},{"@type":"Person","@id":"https:\/\/gallican-montbrison.fr\/wp\/#\/schema\/person\/fc5571a40f7c79de2fb1b0cf72c089a4","name":"Colette","url":"https:\/\/gallican-montbrison.fr\/wp\/?author=3"}]}},"_links":{"self":[{"href":"https:\/\/gallican-montbrison.fr\/wp\/index.php?rest_route=\/wp\/v2\/posts\/5059"}],"collection":[{"href":"https:\/\/gallican-montbrison.fr\/wp\/index.php?rest_route=\/wp\/v2\/posts"}],"about":[{"href":"https:\/\/gallican-montbrison.fr\/wp\/index.php?rest_route=\/wp\/v2\/types\/post"}],"author":[{"embeddable":true,"href":"https:\/\/gallican-montbrison.fr\/wp\/index.php?rest_route=\/wp\/v2\/users\/3"}],"replies":[{"embeddable":true,"href":"https:\/\/gallican-montbrison.fr\/wp\/index.php?rest_route=%2Fwp%2Fv2%2Fcomments&post=5059"}],"version-history":[{"count":4,"href":"https:\/\/gallican-montbrison.fr\/wp\/index.php?rest_route=\/wp\/v2\/posts\/5059\/revisions"}],"predecessor-version":[{"id":5067,"href":"https:\/\/gallican-montbrison.fr\/wp\/index.php?rest_route=\/wp\/v2\/posts\/5059\/revisions\/5067"}],"wp:attachment":[{"href":"https:\/\/gallican-montbrison.fr\/wp\/index.php?rest_route=%2Fwp%2Fv2%2Fmedia&parent=5059"}],"wp:term":[{"taxonomy":"category","embeddable":true,"href":"https:\/\/gallican-montbrison.fr\/wp\/index.php?rest_route=%2Fwp%2Fv2%2Fcategories&post=5059"},{"taxonomy":"post_tag","embeddable":true,"href":"https:\/\/gallican-montbrison.fr\/wp\/index.php?rest_route=%2Fwp%2Fv2%2Ftags&post=5059"}],"curies":[{"name":"wp","href":"https:\/\/api.w.org\/{rel}","templated":true}]}}