{"id":5182,"date":"2017-04-21T19:49:56","date_gmt":"2017-04-21T17:49:56","guid":{"rendered":"http:\/\/gallican-montbrison.fr\/wp\/?p=5182"},"modified":"2017-06-21T20:01:16","modified_gmt":"2017-06-21T18:01:16","slug":"prier-ensemble","status":"publish","type":"post","link":"https:\/\/gallican-montbrison.fr\/wp\/?p=5182","title":{"rendered":"Prier ensemble"},"content":{"rendered":"<p>\u00ab\u00a0Prier Ensemble\u00a0\u00bb<\/p>\n<p>Puisqu&rsquo;il est Notre P\u00e8re \u00e0 tous alors nous sommes fr\u00e8res et s\u0153urs en Christ<br \/>\nNous avons le m\u00eame Dieu et nous sommes en chemin pour une m\u00eame \u00e9ternit\u00e9.<\/p>\n<p>Devant toutes ces certitudes, il est impossible de ne pas voir l&rsquo;Eglise comme Une, Sainte et Universelle. C&rsquo;est d&rsquo;ailleurs comme cela que \u00ab\u00a0Le Credo\u00a0\u00bb pr\u00e9sente l&rsquo;Eglise de Dieu.<\/p>\n<p>\u00ab\u00a0L\u00e0 o\u00f9 deux ou trois sont assembl\u00e9s en mon nom, je suis l\u00e0 au milieu d&rsquo;eux\u00a0\u00bb dit le Seigneur (Mt 18,20)<\/p>\n<p>Les moments de pri\u00e8res partag\u00e9es sont pour chacun et chacune une avanc\u00e9e vers la culture de la rencontre et non vers une culture de division. Nous regardons ce qui nous unit au lieu de ce qui nous \u00a0\u00a0 \u00a0divise et nous nous appuyons sur les relations tiss\u00e9es entre chr\u00e9tiens de diff\u00e9rentes confessions pour nous nourrir chacun dans nos communaut\u00e9s de la richesse de nos \u00e9changes.<\/p>\n<p>Ouvrir son c\u0153ur \u00e0 la diff\u00e9rence est un vrai Bonheur!<\/p>\n<p>Ne donnons pas prise \u00e0 ceux qui veulent nous diviser, nous faire dispara\u00eetre &#8230; car ils se pensent sup\u00e9rieurs et seuls d\u00e9tenteurs de la vraie Foi &#8230; comme si Dieu pouvait \u00eatre enferm\u00e9 !!<\/p>\n<p>l&rsquo;Esprit souffle o\u00f9 il veut.\u00a0 (Jean 3,8)<\/p>\n<p>Nous, nous sommes grandis de nos partages entre chr\u00e9tiens de diff\u00e9rentes confessions et nous cultivons \u00a0\u00bb la Sainte libert\u00e9 des enfants de Dieu\u00a0\u00bb.<\/p>\n<p>\u00ab\u00a0L\u00e0 o\u00f9 l\u2019Esprit du Seigneur est pr\u00e9sent, l\u00e0 est la libert\u00e9.\u00a0\u00bb (II Co, 3,17)<\/p>\n<p>Continuons donc notre chemin de partages, d&rsquo;amiti\u00e9, de pri\u00e8res &#8230; tout en gardant conscience des exigences fraternelles que cela implique et tous unis dans le m\u00eame Esprit, t\u00e9moignons de notre fraternit\u00e9<br \/>\nDame Colette +<\/p>\n","protected":false},"excerpt":{"rendered":"<p>\u00ab\u00a0Prier Ensemble\u00a0\u00bb Puisqu&rsquo;il est Notre P\u00e8re \u00e0 tous alors nous sommes fr\u00e8res et s\u0153urs en Christ Nous avons le m\u00eame Dieu et nous sommes en chemin pour une m\u00eame \u00e9ternit\u00e9. Devant toutes ces certitudes, il est impossible de ne pas &hellip; <a href=\"https:\/\/gallican-montbrison.fr\/wp\/?p=5182\">Continuer la lecture <span class=\"meta-nav\">&rarr;<\/span><\/a><\/p>\n","protected":false},"author":3,"featured_media":0,"comment_status":"closed","ping_status":"open","sticky":false,"template":"","format":"standard","meta":{"footnotes":""},"categories":[11],"tags":[100,88,27,89,26,46,70,138,52,140,187,6,50,17,44],"class_list":["post-5182","post","type-post","status-publish","format-standard","hentry","category-articles-et-conferences","tag-bapteme","tag-benediction","tag-celebration","tag-ceremonie","tag-chapelle","tag-christ","tag-eglise","tag-eglise-gallicane","tag-evangile","tag-gallicane","tag-mariage-divorces","tag-messe","tag-montbrison","tag-oecumenisme-2","tag-seigneur"],"yoast_head":"<!-- This site is optimized with the Yoast SEO plugin v25.6 - https:\/\/yoast.com\/wordpress\/plugins\/seo\/ -->\n<title>Prier ensemble - Chapelle Saint Michel Archange Montbrison<\/title>\n<meta name=\"robots\" content=\"index, follow, max-snippet:-1, max-image-preview:large, max-video-preview:-1\" \/>\n<link rel=\"canonical\" href=\"https:\/\/gallican-montbrison.fr\/wp\/?p=5182\" \/>\n<meta property=\"og:locale\" content=\"fr_FR\" \/>\n<meta property=\"og:type\" content=\"article\" \/>\n<meta property=\"og:title\" content=\"Prier ensemble - Chapelle Saint Michel Archange Montbrison\" \/>\n<meta property=\"og:description\" content=\"\u00ab\u00a0Prier Ensemble\u00a0\u00bb Puisqu&rsquo;il est Notre P\u00e8re \u00e0 tous alors nous sommes fr\u00e8res et s\u0153urs en Christ Nous avons le m\u00eame Dieu et nous sommes en chemin pour une m\u00eame \u00e9ternit\u00e9. Devant toutes ces certitudes, il est impossible de ne pas &hellip; Continuer la lecture &rarr;\" \/>\n<meta property=\"og:url\" content=\"https:\/\/gallican-montbrison.fr\/wp\/?p=5182\" \/>\n<meta property=\"og:site_name\" content=\"Chapelle Saint Michel Archange Montbrison\" \/>\n<meta property=\"article:publisher\" content=\"https:\/\/www.facebook.com\/people\/Eglise-Gallicane-Chapelle-Saint-Michel-Archange\/100064564306693\/\" \/>\n<meta property=\"article:published_time\" content=\"2017-04-21T17:49:56+00:00\" \/>\n<meta property=\"article:modified_time\" content=\"2017-06-21T18:01:16+00:00\" \/>\n<meta name=\"author\" content=\"Colette\" \/>\n<meta name=\"twitter:card\" content=\"summary_large_image\" \/>\n<meta name=\"twitter:label1\" content=\"\u00c9crit par\" \/>\n\t<meta name=\"twitter:data1\" content=\"Colette\" \/>\n\t<meta name=\"twitter:label2\" content=\"Dur\u00e9e de lecture estim\u00e9e\" \/>\n\t<meta name=\"twitter:data2\" content=\"1 minute\" \/>\n<script type=\"application\/ld+json\" class=\"yoast-schema-graph\">{\"@context\":\"https:\/\/schema.org\",\"@graph\":[{\"@type\":\"WebPage\",\"@id\":\"https:\/\/gallican-montbrison.fr\/wp\/?p=5182\",\"url\":\"https:\/\/gallican-montbrison.fr\/wp\/?p=5182\",\"name\":\"Prier ensemble - Chapelle Saint Michel Archange Montbrison\",\"isPartOf\":{\"@id\":\"https:\/\/gallican-montbrison.fr\/wp\/#website\"},\"datePublished\":\"2017-04-21T17:49:56+00:00\",\"dateModified\":\"2017-06-21T18:01:16+00:00\",\"author\":{\"@id\":\"https:\/\/gallican-montbrison.fr\/wp\/#\/schema\/person\/fc5571a40f7c79de2fb1b0cf72c089a4\"},\"breadcrumb\":{\"@id\":\"https:\/\/gallican-montbrison.fr\/wp\/?p=5182#breadcrumb\"},\"inLanguage\":\"fr-FR\",\"potentialAction\":[{\"@type\":\"ReadAction\",\"target\":[\"https:\/\/gallican-montbrison.fr\/wp\/?p=5182\"]}]},{\"@type\":\"BreadcrumbList\",\"@id\":\"https:\/\/gallican-montbrison.fr\/wp\/?p=5182#breadcrumb\",\"itemListElement\":[{\"@type\":\"ListItem\",\"position\":1,\"name\":\"Accueil\",\"item\":\"https:\/\/gallican-montbrison.fr\/wp\"},{\"@type\":\"ListItem\",\"position\":2,\"name\":\"Prier ensemble\"}]},{\"@type\":\"WebSite\",\"@id\":\"https:\/\/gallican-montbrison.fr\/wp\/#website\",\"url\":\"https:\/\/gallican-montbrison.fr\/wp\/\",\"name\":\"Chapelle Saint Michel Archange Montbrison\",\"description\":\"Eglise Gallicane, Tradition Apostolique de Gazinet\",\"potentialAction\":[{\"@type\":\"SearchAction\",\"target\":{\"@type\":\"EntryPoint\",\"urlTemplate\":\"https:\/\/gallican-montbrison.fr\/wp\/?s={search_term_string}\"},\"query-input\":{\"@type\":\"PropertyValueSpecification\",\"valueRequired\":true,\"valueName\":\"search_term_string\"}}],\"inLanguage\":\"fr-FR\"},{\"@type\":\"Person\",\"@id\":\"https:\/\/gallican-montbrison.fr\/wp\/#\/schema\/person\/fc5571a40f7c79de2fb1b0cf72c089a4\",\"name\":\"Colette\",\"url\":\"https:\/\/gallican-montbrison.fr\/wp\/?author=3\"}]}<\/script>\n<!-- \/ Yoast SEO plugin. -->","yoast_head_json":{"title":"Prier ensemble - Chapelle Saint Michel Archange Montbrison","robots":{"index":"index","follow":"follow","max-snippet":"max-snippet:-1","max-image-preview":"max-image-preview:large","max-video-preview":"max-video-preview:-1"},"canonical":"https:\/\/gallican-montbrison.fr\/wp\/?p=5182","og_locale":"fr_FR","og_type":"article","og_title":"Prier ensemble - Chapelle Saint Michel Archange Montbrison","og_description":"\u00ab\u00a0Prier Ensemble\u00a0\u00bb Puisqu&rsquo;il est Notre P\u00e8re \u00e0 tous alors nous sommes fr\u00e8res et s\u0153urs en Christ Nous avons le m\u00eame Dieu et nous sommes en chemin pour une m\u00eame \u00e9ternit\u00e9. Devant toutes ces certitudes, il est impossible de ne pas &hellip; Continuer la lecture &rarr;","og_url":"https:\/\/gallican-montbrison.fr\/wp\/?p=5182","og_site_name":"Chapelle Saint Michel Archange Montbrison","article_publisher":"https:\/\/www.facebook.com\/people\/Eglise-Gallicane-Chapelle-Saint-Michel-Archange\/100064564306693\/","article_published_time":"2017-04-21T17:49:56+00:00","article_modified_time":"2017-06-21T18:01:16+00:00","author":"Colette","twitter_card":"summary_large_image","twitter_misc":{"\u00c9crit par":"Colette","Dur\u00e9e de lecture estim\u00e9e":"1 minute"},"schema":{"@context":"https:\/\/schema.org","@graph":[{"@type":"WebPage","@id":"https:\/\/gallican-montbrison.fr\/wp\/?p=5182","url":"https:\/\/gallican-montbrison.fr\/wp\/?p=5182","name":"Prier ensemble - Chapelle Saint Michel Archange Montbrison","isPartOf":{"@id":"https:\/\/gallican-montbrison.fr\/wp\/#website"},"datePublished":"2017-04-21T17:49:56+00:00","dateModified":"2017-06-21T18:01:16+00:00","author":{"@id":"https:\/\/gallican-montbrison.fr\/wp\/#\/schema\/person\/fc5571a40f7c79de2fb1b0cf72c089a4"},"breadcrumb":{"@id":"https:\/\/gallican-montbrison.fr\/wp\/?p=5182#breadcrumb"},"inLanguage":"fr-FR","potentialAction":[{"@type":"ReadAction","target":["https:\/\/gallican-montbrison.fr\/wp\/?p=5182"]}]},{"@type":"BreadcrumbList","@id":"https:\/\/gallican-montbrison.fr\/wp\/?p=5182#breadcrumb","itemListElement":[{"@type":"ListItem","position":1,"name":"Accueil","item":"https:\/\/gallican-montbrison.fr\/wp"},{"@type":"ListItem","position":2,"name":"Prier ensemble"}]},{"@type":"WebSite","@id":"https:\/\/gallican-montbrison.fr\/wp\/#website","url":"https:\/\/gallican-montbrison.fr\/wp\/","name":"Chapelle Saint Michel Archange Montbrison","description":"Eglise Gallicane, Tradition Apostolique de Gazinet","potentialAction":[{"@type":"SearchAction","target":{"@type":"EntryPoint","urlTemplate":"https:\/\/gallican-montbrison.fr\/wp\/?s={search_term_string}"},"query-input":{"@type":"PropertyValueSpecification","valueRequired":true,"valueName":"search_term_string"}}],"inLanguage":"fr-FR"},{"@type":"Person","@id":"https:\/\/gallican-montbrison.fr\/wp\/#\/schema\/person\/fc5571a40f7c79de2fb1b0cf72c089a4","name":"Colette","url":"https:\/\/gallican-montbrison.fr\/wp\/?author=3"}]}},"_links":{"self":[{"href":"https:\/\/gallican-montbrison.fr\/wp\/index.php?rest_route=\/wp\/v2\/posts\/5182"}],"collection":[{"href":"https:\/\/gallican-montbrison.fr\/wp\/index.php?rest_route=\/wp\/v2\/posts"}],"about":[{"href":"https:\/\/gallican-montbrison.fr\/wp\/index.php?rest_route=\/wp\/v2\/types\/post"}],"author":[{"embeddable":true,"href":"https:\/\/gallican-montbrison.fr\/wp\/index.php?rest_route=\/wp\/v2\/users\/3"}],"replies":[{"embeddable":true,"href":"https:\/\/gallican-montbrison.fr\/wp\/index.php?rest_route=%2Fwp%2Fv2%2Fcomments&post=5182"}],"version-history":[{"count":1,"href":"https:\/\/gallican-montbrison.fr\/wp\/index.php?rest_route=\/wp\/v2\/posts\/5182\/revisions"}],"predecessor-version":[{"id":5183,"href":"https:\/\/gallican-montbrison.fr\/wp\/index.php?rest_route=\/wp\/v2\/posts\/5182\/revisions\/5183"}],"wp:attachment":[{"href":"https:\/\/gallican-montbrison.fr\/wp\/index.php?rest_route=%2Fwp%2Fv2%2Fmedia&parent=5182"}],"wp:term":[{"taxonomy":"category","embeddable":true,"href":"https:\/\/gallican-montbrison.fr\/wp\/index.php?rest_route=%2Fwp%2Fv2%2Fcategories&post=5182"},{"taxonomy":"post_tag","embeddable":true,"href":"https:\/\/gallican-montbrison.fr\/wp\/index.php?rest_route=%2Fwp%2Fv2%2Ftags&post=5182"}],"curies":[{"name":"wp","href":"https:\/\/api.w.org\/{rel}","templated":true}]}}