{"id":5232,"date":"2017-07-03T18:56:01","date_gmt":"2017-07-03T16:56:01","guid":{"rendered":"http:\/\/gallican-montbrison.fr\/wp\/?p=5232"},"modified":"2019-04-02T11:06:01","modified_gmt":"2019-04-02T09:06:01","slug":"samedi-1er-juillet-confirmation-a-la-chapelle","status":"publish","type":"post","link":"https:\/\/gallican-montbrison.fr\/wp\/?p=5232","title":{"rendered":"Samedi 1er Juillet et Dimanche 2, Confirmations (07.2017)"},"content":{"rendered":"<p><span style=\"color: #ff6600;\">Aubrey<\/span> qui a suivi le cat\u00e9chisme gallican \u00e0 la chapelle St Michel recevait Samedi&nbsp; 1er Juillet des mains de Mgr Thierry Teyssot <span style=\"color: #ff6600;\">le sacrement de Confirmation<\/span> entour\u00e9 de sa famille et de plusieurs fid\u00e8les venus le soutenir et rencontrer Mgr Thierry.<\/p>\n<p>Aubrey et sa maman nous rejoignent r\u00e9guli\u00e8rement pour les c\u00e9l\u00e9brations ainsi que son papa d\u00e8s que son travail lui en laisse le temps.<\/p>\n<p>Sa marraine et son parrain \u00e9taient l\u00e0 aussi pour l&rsquo;accompagner et le soutenir dans sa vie chr\u00e9tienne.<\/p>\n<p><span style=\"color: #ff6600;\">Ce n&rsquo;est pas souvent que notre Ev\u00eaque se d\u00e9place \u00e0 la chapelle et nous avons profit\u00e9 de ce moment pour prendre ensemble le verre de l&rsquo;amiti\u00e9, et f\u00eater sa venue avec les personnes pr\u00e9sentes lors de la c\u00e9l\u00e9bration.<\/span><\/p>\n<p><a href=\"http:\/\/gallican-montbrison.fr\/wp\/wp-content\/uploads\/2017\/07\/P1040913.jpg\"><img loading=\"lazy\" decoding=\"async\" class=\"aligncenter size-large wp-image-5240\" src=\"http:\/\/gallican-montbrison.fr\/wp\/wp-content\/uploads\/2017\/07\/P1040913-768x1024.jpg\" alt=\"\" width=\"640\" height=\"853\" srcset=\"https:\/\/gallican-montbrison.fr\/wp\/wp-content\/uploads\/2017\/07\/P1040913-768x1024.jpg 768w, https:\/\/gallican-montbrison.fr\/wp\/wp-content\/uploads\/2017\/07\/P1040913-225x300.jpg 225w\" sizes=\"(max-width: 640px) 100vw, 640px\" \/><\/a><a href=\"http:\/\/gallican-montbrison.fr\/wp\/wp-content\/uploads\/2017\/07\/P1040936.jpg\"><img loading=\"lazy\" decoding=\"async\" class=\"size-thumbnail wp-image-5245 alignleft\" src=\"http:\/\/gallican-montbrison.fr\/wp\/wp-content\/uploads\/2017\/07\/P1040936-150x150.jpg\" alt=\"\" width=\"150\" height=\"150\"><\/a><a href=\"http:\/\/gallican-montbrison.fr\/wp\/wp-content\/uploads\/2017\/07\/celebration.jpeg\"><img loading=\"lazy\" decoding=\"async\" class=\"size-thumbnail wp-image-5244 alignleft\" src=\"http:\/\/gallican-montbrison.fr\/wp\/wp-content\/uploads\/2017\/07\/celebration-150x150.jpeg\" alt=\"\" width=\"150\" height=\"150\"><\/a><a href=\"http:\/\/gallican-montbrison.fr\/wp\/wp-content\/uploads\/2017\/07\/P1040940.jpg\"><img loading=\"lazy\" decoding=\"async\" class=\"size-thumbnail wp-image-5241 alignleft\" src=\"http:\/\/gallican-montbrison.fr\/wp\/wp-content\/uploads\/2017\/07\/P1040940-150x150.jpg\" alt=\"\" width=\"150\" height=\"150\"><\/a><\/p>\n<p>&nbsp;<\/p>\n<p>&nbsp;<\/p>\n<p>&nbsp;<\/p>\n<p><a href=\"http:\/\/gallican-montbrison.fr\/wp\/wp-content\/uploads\/2017\/07\/Confirmation-2-Feuillet-1.jpg\"><img loading=\"lazy\" decoding=\"async\" class=\"aligncenter size-large wp-image-5262\" src=\"http:\/\/gallican-montbrison.fr\/wp\/wp-content\/uploads\/2017\/07\/Confirmation-2-Feuillet-1-723x1024.jpg\" alt=\"\" width=\"640\" height=\"906\" srcset=\"https:\/\/gallican-montbrison.fr\/wp\/wp-content\/uploads\/2017\/07\/Confirmation-2-Feuillet-1-723x1024.jpg 723w, https:\/\/gallican-montbrison.fr\/wp\/wp-content\/uploads\/2017\/07\/Confirmation-2-Feuillet-1-212x300.jpg 212w, https:\/\/gallican-montbrison.fr\/wp\/wp-content\/uploads\/2017\/07\/Confirmation-2-Feuillet-1-768x1087.jpg 768w, https:\/\/gallican-montbrison.fr\/wp\/wp-content\/uploads\/2017\/07\/Confirmation-2-Feuillet-1.jpg 1239w\" sizes=\"(max-width: 640px) 100vw, 640px\" \/><\/a><a href=\"http:\/\/gallican-montbrison.fr\/wp\/wp-content\/uploads\/2017\/07\/Confirmation-3-Feuillet-1.jpg\"><img loading=\"lazy\" decoding=\"async\" class=\"aligncenter size-large wp-image-5263\" src=\"http:\/\/gallican-montbrison.fr\/wp\/wp-content\/uploads\/2017\/07\/Confirmation-3-Feuillet-1-723x1024.jpg\" alt=\"\" width=\"640\" height=\"906\" srcset=\"https:\/\/gallican-montbrison.fr\/wp\/wp-content\/uploads\/2017\/07\/Confirmation-3-Feuillet-1-723x1024.jpg 723w, https:\/\/gallican-montbrison.fr\/wp\/wp-content\/uploads\/2017\/07\/Confirmation-3-Feuillet-1-212x300.jpg 212w, https:\/\/gallican-montbrison.fr\/wp\/wp-content\/uploads\/2017\/07\/Confirmation-3-Feuillet-1-768x1087.jpg 768w, https:\/\/gallican-montbrison.fr\/wp\/wp-content\/uploads\/2017\/07\/Confirmation-3-Feuillet-1.jpg 1239w\" sizes=\"(max-width: 640px) 100vw, 640px\" \/><\/a>Dimanche ce fut au tour de Lucas et de sa maman. Ils ont re\u00e7u le sacrement de Confirmation ensemble en la chapelle St Fran\u00e7ois d&rsquo;Assise.<\/p>\n<p>Lucas a suivi le cat\u00e9chisme \u00e0 la chapelle St Michel Archange de Montbrison, sa maman lui avait promis lors de sa \u00ab\u00a0Premi\u00e8re Communion\u00a0\u00bb de recevoir la Confirmation en m\u00eame temps que lui.<\/p>\n<p>Promesse tenue Dimanche 2 Juillet.<\/p>\n<p><a href=\"http:\/\/gallican-montbrison.fr\/wp\/wp-content\/uploads\/2017\/07\/P1040981.jpg\"><img loading=\"lazy\" decoding=\"async\" class=\"size-medium wp-image-5237 alignleft\" src=\"http:\/\/gallican-montbrison.fr\/wp\/wp-content\/uploads\/2017\/07\/P1040981-225x300.jpg\" alt=\"\" width=\"225\" height=\"300\" srcset=\"https:\/\/gallican-montbrison.fr\/wp\/wp-content\/uploads\/2017\/07\/P1040981-225x300.jpg 225w, https:\/\/gallican-montbrison.fr\/wp\/wp-content\/uploads\/2017\/07\/P1040981-768x1024.jpg 768w, https:\/\/gallican-montbrison.fr\/wp\/wp-content\/uploads\/2017\/07\/P1040981.jpg 1920w\" sizes=\"(max-width: 225px) 100vw, 225px\" \/><\/a><a href=\"http:\/\/gallican-montbrison.fr\/wp\/wp-content\/uploads\/2017\/07\/Lucas.jpeg\"><img loading=\"lazy\" decoding=\"async\" class=\"alignright size-medium wp-image-5238\" src=\"http:\/\/gallican-montbrison.fr\/wp\/wp-content\/uploads\/2017\/07\/Lucas-271x300.jpeg\" alt=\"\" width=\"271\" height=\"300\" srcset=\"https:\/\/gallican-montbrison.fr\/wp\/wp-content\/uploads\/2017\/07\/Lucas-271x300.jpeg 271w, https:\/\/gallican-montbrison.fr\/wp\/wp-content\/uploads\/2017\/07\/Lucas-768x851.jpeg 768w, https:\/\/gallican-montbrison.fr\/wp\/wp-content\/uploads\/2017\/07\/Lucas-924x1024.jpeg 924w, https:\/\/gallican-montbrison.fr\/wp\/wp-content\/uploads\/2017\/07\/Lucas.jpeg 1404w\" sizes=\"(max-width: 271px) 100vw, 271px\" \/><\/a><\/p>\n<p>&nbsp;<\/p>\n<p>&nbsp;<\/p>\n<p>&nbsp;<\/p>\n<p>&nbsp;<\/p>\n<p>&nbsp;<\/p>\n<p>&nbsp;<\/p>\n<p><a href=\"http:\/\/gallican-montbrison.fr\/wp\/wp-content\/uploads\/2017\/07\/P1040969.jpg\"><img loading=\"lazy\" decoding=\"async\" class=\"size-thumbnail wp-image-5252 alignleft\" src=\"http:\/\/gallican-montbrison.fr\/wp\/wp-content\/uploads\/2017\/07\/P1040969-150x150.jpg\" alt=\"\" width=\"150\" height=\"150\"><\/a><a href=\"http:\/\/gallican-montbrison.fr\/wp\/wp-content\/uploads\/2017\/07\/Sans-titre.jpeg\"><img loading=\"lazy\" decoding=\"async\" class=\"size-thumbnail wp-image-5247 alignleft\" src=\"http:\/\/gallican-montbrison.fr\/wp\/wp-content\/uploads\/2017\/07\/Sans-titre-150x150.jpeg\" alt=\"\" width=\"150\" height=\"150\"><\/a><a href=\"http:\/\/gallican-montbrison.fr\/wp\/wp-content\/uploads\/2017\/07\/P1040975.jpg\"><img loading=\"lazy\" decoding=\"async\" class=\"size-thumbnail wp-image-5251 alignleft\" src=\"http:\/\/gallican-montbrison.fr\/wp\/wp-content\/uploads\/2017\/07\/P1040975-150x150.jpg\" alt=\"\" width=\"150\" height=\"150\"><\/a><\/p>\n<p>&nbsp;<\/p>\n","protected":false},"excerpt":{"rendered":"<p>Aubrey qui a suivi le cat\u00e9chisme gallican \u00e0 la chapelle St Michel recevait Samedi&nbsp; 1er Juillet des mains de Mgr Thierry Teyssot le sacrement de Confirmation entour\u00e9 de sa famille et de plusieurs fid\u00e8les venus le soutenir et rencontrer Mgr &hellip; <a href=\"https:\/\/gallican-montbrison.fr\/wp\/?p=5232\">Continuer la lecture <span class=\"meta-nav\">&rarr;<\/span><\/a><\/p>\n","protected":false},"author":3,"featured_media":0,"comment_status":"closed","ping_status":"open","sticky":false,"template":"","format":"standard","meta":{"footnotes":""},"categories":[249,5],"tags":[100,88,27,26,46,70,138,98,52,91,140,6,50,17,44],"class_list":["post-5232","post","type-post","status-publish","format-standard","hentry","category-sacrements","category-vie-de-la-chapelle","tag-bapteme","tag-benediction","tag-celebration","tag-chapelle","tag-christ","tag-eglise","tag-eglise-gallicane","tag-eucharistie","tag-evangile","tag-eveque","tag-gallicane","tag-messe","tag-montbrison","tag-oecumenisme-2","tag-seigneur"],"yoast_head":"<!-- This site is optimized with the Yoast SEO plugin v25.6 - https:\/\/yoast.com\/wordpress\/plugins\/seo\/ -->\n<title>Samedi 1er Juillet et Dimanche 2, Confirmations (07.2017) - Chapelle Saint Michel Archange Montbrison<\/title>\n<meta name=\"robots\" content=\"index, follow, max-snippet:-1, max-image-preview:large, max-video-preview:-1\" \/>\n<link rel=\"canonical\" href=\"https:\/\/gallican-montbrison.fr\/wp\/?p=5232\" \/>\n<meta property=\"og:locale\" content=\"fr_FR\" \/>\n<meta property=\"og:type\" content=\"article\" \/>\n<meta property=\"og:title\" content=\"Samedi 1er Juillet et Dimanche 2, Confirmations (07.2017) - Chapelle Saint Michel Archange Montbrison\" \/>\n<meta property=\"og:description\" content=\"Aubrey qui a suivi le cat\u00e9chisme gallican \u00e0 la chapelle St Michel recevait Samedi&nbsp; 1er Juillet des mains de Mgr Thierry Teyssot le sacrement de Confirmation entour\u00e9 de sa famille et de plusieurs fid\u00e8les venus le soutenir et rencontrer Mgr &hellip; Continuer la lecture &rarr;\" \/>\n<meta property=\"og:url\" content=\"https:\/\/gallican-montbrison.fr\/wp\/?p=5232\" \/>\n<meta property=\"og:site_name\" content=\"Chapelle Saint Michel Archange Montbrison\" \/>\n<meta property=\"article:publisher\" content=\"https:\/\/www.facebook.com\/people\/Eglise-Gallicane-Chapelle-Saint-Michel-Archange\/100064564306693\/\" \/>\n<meta property=\"article:published_time\" content=\"2017-07-03T16:56:01+00:00\" \/>\n<meta property=\"article:modified_time\" content=\"2019-04-02T09:06:01+00:00\" \/>\n<meta property=\"og:image\" content=\"http:\/\/gallican-montbrison.fr\/wp\/wp-content\/uploads\/2017\/07\/P1040913-768x1024.jpg\" \/>\n<meta name=\"author\" content=\"Colette\" \/>\n<meta name=\"twitter:card\" content=\"summary_large_image\" \/>\n<meta name=\"twitter:label1\" content=\"\u00c9crit par\" \/>\n\t<meta name=\"twitter:data1\" content=\"Colette\" \/>\n\t<meta name=\"twitter:label2\" content=\"Dur\u00e9e de lecture estim\u00e9e\" \/>\n\t<meta name=\"twitter:data2\" content=\"1 minute\" \/>\n<script type=\"application\/ld+json\" class=\"yoast-schema-graph\">{\"@context\":\"https:\/\/schema.org\",\"@graph\":[{\"@type\":\"WebPage\",\"@id\":\"https:\/\/gallican-montbrison.fr\/wp\/?p=5232\",\"url\":\"https:\/\/gallican-montbrison.fr\/wp\/?p=5232\",\"name\":\"Samedi 1er Juillet et Dimanche 2, Confirmations (07.2017) - Chapelle Saint Michel Archange Montbrison\",\"isPartOf\":{\"@id\":\"https:\/\/gallican-montbrison.fr\/wp\/#website\"},\"primaryImageOfPage\":{\"@id\":\"https:\/\/gallican-montbrison.fr\/wp\/?p=5232#primaryimage\"},\"image\":{\"@id\":\"https:\/\/gallican-montbrison.fr\/wp\/?p=5232#primaryimage\"},\"thumbnailUrl\":\"http:\/\/gallican-montbrison.fr\/wp\/wp-content\/uploads\/2017\/07\/P1040913-768x1024.jpg\",\"datePublished\":\"2017-07-03T16:56:01+00:00\",\"dateModified\":\"2019-04-02T09:06:01+00:00\",\"author\":{\"@id\":\"https:\/\/gallican-montbrison.fr\/wp\/#\/schema\/person\/fc5571a40f7c79de2fb1b0cf72c089a4\"},\"breadcrumb\":{\"@id\":\"https:\/\/gallican-montbrison.fr\/wp\/?p=5232#breadcrumb\"},\"inLanguage\":\"fr-FR\",\"potentialAction\":[{\"@type\":\"ReadAction\",\"target\":[\"https:\/\/gallican-montbrison.fr\/wp\/?p=5232\"]}]},{\"@type\":\"ImageObject\",\"inLanguage\":\"fr-FR\",\"@id\":\"https:\/\/gallican-montbrison.fr\/wp\/?p=5232#primaryimage\",\"url\":\"https:\/\/gallican-montbrison.fr\/wp\/wp-content\/uploads\/2017\/07\/P1040913.jpg\",\"contentUrl\":\"https:\/\/gallican-montbrison.fr\/wp\/wp-content\/uploads\/2017\/07\/P1040913.jpg\",\"width\":2448,\"height\":3264},{\"@type\":\"BreadcrumbList\",\"@id\":\"https:\/\/gallican-montbrison.fr\/wp\/?p=5232#breadcrumb\",\"itemListElement\":[{\"@type\":\"ListItem\",\"position\":1,\"name\":\"Accueil\",\"item\":\"https:\/\/gallican-montbrison.fr\/wp\"},{\"@type\":\"ListItem\",\"position\":2,\"name\":\"Samedi 1er Juillet et Dimanche 2, Confirmations (07.2017)\"}]},{\"@type\":\"WebSite\",\"@id\":\"https:\/\/gallican-montbrison.fr\/wp\/#website\",\"url\":\"https:\/\/gallican-montbrison.fr\/wp\/\",\"name\":\"Chapelle Saint Michel Archange Montbrison\",\"description\":\"Eglise Gallicane, Tradition Apostolique de Gazinet\",\"potentialAction\":[{\"@type\":\"SearchAction\",\"target\":{\"@type\":\"EntryPoint\",\"urlTemplate\":\"https:\/\/gallican-montbrison.fr\/wp\/?s={search_term_string}\"},\"query-input\":{\"@type\":\"PropertyValueSpecification\",\"valueRequired\":true,\"valueName\":\"search_term_string\"}}],\"inLanguage\":\"fr-FR\"},{\"@type\":\"Person\",\"@id\":\"https:\/\/gallican-montbrison.fr\/wp\/#\/schema\/person\/fc5571a40f7c79de2fb1b0cf72c089a4\",\"name\":\"Colette\",\"url\":\"https:\/\/gallican-montbrison.fr\/wp\/?author=3\"}]}<\/script>\n<!-- \/ Yoast SEO plugin. -->","yoast_head_json":{"title":"Samedi 1er Juillet et Dimanche 2, Confirmations (07.2017) - Chapelle Saint Michel Archange Montbrison","robots":{"index":"index","follow":"follow","max-snippet":"max-snippet:-1","max-image-preview":"max-image-preview:large","max-video-preview":"max-video-preview:-1"},"canonical":"https:\/\/gallican-montbrison.fr\/wp\/?p=5232","og_locale":"fr_FR","og_type":"article","og_title":"Samedi 1er Juillet et Dimanche 2, Confirmations (07.2017) - Chapelle Saint Michel Archange Montbrison","og_description":"Aubrey qui a suivi le cat\u00e9chisme gallican \u00e0 la chapelle St Michel recevait Samedi&nbsp; 1er Juillet des mains de Mgr Thierry Teyssot le sacrement de Confirmation entour\u00e9 de sa famille et de plusieurs fid\u00e8les venus le soutenir et rencontrer Mgr &hellip; Continuer la lecture &rarr;","og_url":"https:\/\/gallican-montbrison.fr\/wp\/?p=5232","og_site_name":"Chapelle Saint Michel Archange Montbrison","article_publisher":"https:\/\/www.facebook.com\/people\/Eglise-Gallicane-Chapelle-Saint-Michel-Archange\/100064564306693\/","article_published_time":"2017-07-03T16:56:01+00:00","article_modified_time":"2019-04-02T09:06:01+00:00","og_image":[{"url":"http:\/\/gallican-montbrison.fr\/wp\/wp-content\/uploads\/2017\/07\/P1040913-768x1024.jpg","type":"","width":"","height":""}],"author":"Colette","twitter_card":"summary_large_image","twitter_misc":{"\u00c9crit par":"Colette","Dur\u00e9e de lecture estim\u00e9e":"1 minute"},"schema":{"@context":"https:\/\/schema.org","@graph":[{"@type":"WebPage","@id":"https:\/\/gallican-montbrison.fr\/wp\/?p=5232","url":"https:\/\/gallican-montbrison.fr\/wp\/?p=5232","name":"Samedi 1er Juillet et Dimanche 2, Confirmations (07.2017) - Chapelle Saint Michel Archange Montbrison","isPartOf":{"@id":"https:\/\/gallican-montbrison.fr\/wp\/#website"},"primaryImageOfPage":{"@id":"https:\/\/gallican-montbrison.fr\/wp\/?p=5232#primaryimage"},"image":{"@id":"https:\/\/gallican-montbrison.fr\/wp\/?p=5232#primaryimage"},"thumbnailUrl":"http:\/\/gallican-montbrison.fr\/wp\/wp-content\/uploads\/2017\/07\/P1040913-768x1024.jpg","datePublished":"2017-07-03T16:56:01+00:00","dateModified":"2019-04-02T09:06:01+00:00","author":{"@id":"https:\/\/gallican-montbrison.fr\/wp\/#\/schema\/person\/fc5571a40f7c79de2fb1b0cf72c089a4"},"breadcrumb":{"@id":"https:\/\/gallican-montbrison.fr\/wp\/?p=5232#breadcrumb"},"inLanguage":"fr-FR","potentialAction":[{"@type":"ReadAction","target":["https:\/\/gallican-montbrison.fr\/wp\/?p=5232"]}]},{"@type":"ImageObject","inLanguage":"fr-FR","@id":"https:\/\/gallican-montbrison.fr\/wp\/?p=5232#primaryimage","url":"https:\/\/gallican-montbrison.fr\/wp\/wp-content\/uploads\/2017\/07\/P1040913.jpg","contentUrl":"https:\/\/gallican-montbrison.fr\/wp\/wp-content\/uploads\/2017\/07\/P1040913.jpg","width":2448,"height":3264},{"@type":"BreadcrumbList","@id":"https:\/\/gallican-montbrison.fr\/wp\/?p=5232#breadcrumb","itemListElement":[{"@type":"ListItem","position":1,"name":"Accueil","item":"https:\/\/gallican-montbrison.fr\/wp"},{"@type":"ListItem","position":2,"name":"Samedi 1er Juillet et Dimanche 2, Confirmations (07.2017)"}]},{"@type":"WebSite","@id":"https:\/\/gallican-montbrison.fr\/wp\/#website","url":"https:\/\/gallican-montbrison.fr\/wp\/","name":"Chapelle Saint Michel Archange Montbrison","description":"Eglise Gallicane, Tradition Apostolique de Gazinet","potentialAction":[{"@type":"SearchAction","target":{"@type":"EntryPoint","urlTemplate":"https:\/\/gallican-montbrison.fr\/wp\/?s={search_term_string}"},"query-input":{"@type":"PropertyValueSpecification","valueRequired":true,"valueName":"search_term_string"}}],"inLanguage":"fr-FR"},{"@type":"Person","@id":"https:\/\/gallican-montbrison.fr\/wp\/#\/schema\/person\/fc5571a40f7c79de2fb1b0cf72c089a4","name":"Colette","url":"https:\/\/gallican-montbrison.fr\/wp\/?author=3"}]}},"_links":{"self":[{"href":"https:\/\/gallican-montbrison.fr\/wp\/index.php?rest_route=\/wp\/v2\/posts\/5232"}],"collection":[{"href":"https:\/\/gallican-montbrison.fr\/wp\/index.php?rest_route=\/wp\/v2\/posts"}],"about":[{"href":"https:\/\/gallican-montbrison.fr\/wp\/index.php?rest_route=\/wp\/v2\/types\/post"}],"author":[{"embeddable":true,"href":"https:\/\/gallican-montbrison.fr\/wp\/index.php?rest_route=\/wp\/v2\/users\/3"}],"replies":[{"embeddable":true,"href":"https:\/\/gallican-montbrison.fr\/wp\/index.php?rest_route=%2Fwp%2Fv2%2Fcomments&post=5232"}],"version-history":[{"count":19,"href":"https:\/\/gallican-montbrison.fr\/wp\/index.php?rest_route=\/wp\/v2\/posts\/5232\/revisions"}],"predecessor-version":[{"id":6191,"href":"https:\/\/gallican-montbrison.fr\/wp\/index.php?rest_route=\/wp\/v2\/posts\/5232\/revisions\/6191"}],"wp:attachment":[{"href":"https:\/\/gallican-montbrison.fr\/wp\/index.php?rest_route=%2Fwp%2Fv2%2Fmedia&parent=5232"}],"wp:term":[{"taxonomy":"category","embeddable":true,"href":"https:\/\/gallican-montbrison.fr\/wp\/index.php?rest_route=%2Fwp%2Fv2%2Fcategories&post=5232"},{"taxonomy":"post_tag","embeddable":true,"href":"https:\/\/gallican-montbrison.fr\/wp\/index.php?rest_route=%2Fwp%2Fv2%2Ftags&post=5232"}],"curies":[{"name":"wp","href":"https:\/\/api.w.org\/{rel}","templated":true}]}}