{"id":5384,"date":"2017-09-03T10:08:09","date_gmt":"2017-09-03T08:08:09","guid":{"rendered":"http:\/\/gallican-montbrison.fr\/wp\/?p=5384"},"modified":"2017-10-03T10:08:41","modified_gmt":"2017-10-03T08:08:41","slug":"ephatha","status":"publish","type":"post","link":"https:\/\/gallican-montbrison.fr\/wp\/?p=5384","title":{"rendered":"Ephatha !"},"content":{"rendered":"<div class=\"page\" title=\"Page 1\">\n<div class=\"section\">\n<div class=\"layoutArea\">\n<div class=\"column\">\n<p>\u00ab\u00a0Ephatha\u00a0\u00bb<\/p>\n<p>Petit mot arame\u0301en qui signifie<\/p>\n<p>\u00ab\u00a0Ouvre toi\u00a0\u00bb<\/p>\n<p>Ce petit mot n&rsquo;est pas prononce\u0301 souvent dans les Ecritures, seulement une fois lorsque Je\u0301sus s&rsquo;adresse au sourd muet qui lui est amene\u0301.<\/p>\n<p>Par ses gestes et ses be\u0301ne\u0301dictions, par ses mots, par son e\u0301coute, par sa prie\u0300re et ses silences, par ses choix conformes a\u0300 la volonte\u0301 de Dieu &#8230; par toute sa vie sur terre, Je\u0301sus nous affirme que Dieu est pre\u0300s de nous, a\u0300 notre e\u0301coute, attentif a\u0300 nos besoins, prenant soin de notre vie et secourant nos malheurs et nos de\u0301faillances humaines.<\/p>\n<div class=\"page\" title=\"Page 2\">\n<div class=\"section\">\n<div class=\"layoutArea\">\n<div class=\"column\">\n<p>Son attention pour l&rsquo;humanite\u0301 et sa compassion pour chacun de nous sont sans limites.<\/p>\n<p>Me\u0302me lorsqu&rsquo;il est traque\u0301 et qu&rsquo;il veut se faire discret, Je\u0301sus, face a\u0300 la de\u0301tresse humaine ne peut pas rester les bras croise\u0301s.<br \/>\nIl soigne, gue\u0301rit le corps et l&rsquo;a\u0302me&#8230; et demande a\u0300 l&rsquo;homme de \u00ab\u00a0s&rsquo;ouvrir\u00a0\u00bb.<\/p>\n<p>Ce petit mot \u00ab\u00a0Ephatha\u00a0\u00bb est une demande qui se retrouve aussi lors du Bapte\u0302me chre\u0301tien.<\/p>\n<p>\u00ab\u00a0Ephatha\u00a0\u00bb, dit le pre\u0302tre a\u0300 l&rsquo;a\u0302me de l&rsquo;enfant baptise\u0301&#8230;<\/p>\n<p>\u00ab\u00a0Ouvre toi\u00a0\u00bb a\u0300 Dieu &#8230; mais aussi \u00ab\u00a0Ouvre toi\u00a0\u00bb a\u0300 la prie\u0300re, \u00ab\u00a0Ouvre toi\u00a0\u00bb pour rencontrer et accueillir Sa Pre\u0301sence. \u00ab\u00a0Ouvre toi\u00a0\u00bb a\u0300 ton chemin personnel, \u00ab\u00a0Ouvre toi\u00a0\u00bb a\u0300 la rencontre avec les autres, \u00ab\u00a0Ouvre toi\u00a0\u00bb a\u0300 l&rsquo;avenir, \u00ab\u00a0Ouvre toi\u00a0\u00bb aux changements, \u00ab\u00a0Ouvre toi\u00a0\u00bb a\u0300 la diffe\u0301rence. \u00ab\u00a0Ouvre toi\u00a0\u00bb a\u0300 aimer.<\/p>\n<p>Ne reste pas bloque\u0301 sur un passe\u0301 qui enferme, ne reste pas dans la solitude de la vie, n&rsquo;attends pas d&rsquo;e\u0302tre aime\u0301 mais aime le premier.<\/p>\n<p>Que le \u00ab\u00a0Ouvre toi\u00a0\u00bb adresse\u0301 au sourd muet dans l&rsquo;Evangile de Marc\u00a0(Marc 7,31-37) et a\u0300 chacun de nous aujourd&rsquo;hui nous rende re\u0301ceptif a\u0300 la Parole de Dieu et ardent a\u0300 son te\u0301moignage.. Qu&rsquo;il soit pour nous aussi notre gue\u0301rison !<\/p>\n<p>C&rsquo;est la gra\u0302ce que je nous souhaite en cette fin d&rsquo;anne\u0301e en l&rsquo;attente de la venue de ce petit enfant, Fils de Dieu qui nous ouvre de\u0301ja\u0300 les portes de la Vie.<\/p>\n<\/div>\n<\/div>\n<div class=\"layoutArea\">\n<div class=\"column\">\n<p>Dame Colette +<\/p>\n<\/div>\n<\/div>\n<\/div>\n<\/div>\n<\/div>\n<\/div>\n<\/div>\n<\/div>\n","protected":false},"excerpt":{"rendered":"<p>\u00ab\u00a0Ephatha\u00a0\u00bb Petit mot arame\u0301en qui signifie \u00ab\u00a0Ouvre toi\u00a0\u00bb Ce petit mot n&rsquo;est pas prononce\u0301 souvent dans les Ecritures, seulement une fois lorsque Je\u0301sus s&rsquo;adresse au sourd muet qui lui est amene\u0301. Par ses gestes et ses be\u0301ne\u0301dictions, par ses mots, &hellip; <a href=\"https:\/\/gallican-montbrison.fr\/wp\/?p=5384\">Continuer la lecture <span class=\"meta-nav\">&rarr;<\/span><\/a><\/p>\n","protected":false},"author":3,"featured_media":0,"comment_status":"closed","ping_status":"open","sticky":false,"template":"","format":"standard","meta":{"footnotes":""},"categories":[11],"tags":[],"class_list":["post-5384","post","type-post","status-publish","format-standard","hentry","category-articles-et-conferences"],"yoast_head":"<!-- This site is optimized with the Yoast SEO plugin v25.6 - https:\/\/yoast.com\/wordpress\/plugins\/seo\/ -->\n<title>Ephatha ! - Chapelle Saint Michel Archange Montbrison<\/title>\n<meta name=\"robots\" content=\"index, follow, max-snippet:-1, max-image-preview:large, max-video-preview:-1\" \/>\n<link rel=\"canonical\" href=\"https:\/\/gallican-montbrison.fr\/wp\/?p=5384\" \/>\n<meta property=\"og:locale\" content=\"fr_FR\" \/>\n<meta property=\"og:type\" content=\"article\" \/>\n<meta property=\"og:title\" content=\"Ephatha ! - Chapelle Saint Michel Archange Montbrison\" \/>\n<meta property=\"og:description\" content=\"\u00ab\u00a0Ephatha\u00a0\u00bb Petit mot arame\u0301en qui signifie \u00ab\u00a0Ouvre toi\u00a0\u00bb Ce petit mot n&rsquo;est pas prononce\u0301 souvent dans les Ecritures, seulement une fois lorsque Je\u0301sus s&rsquo;adresse au sourd muet qui lui est amene\u0301. Par ses gestes et ses be\u0301ne\u0301dictions, par ses mots, &hellip; Continuer la lecture &rarr;\" \/>\n<meta property=\"og:url\" content=\"https:\/\/gallican-montbrison.fr\/wp\/?p=5384\" \/>\n<meta property=\"og:site_name\" content=\"Chapelle Saint Michel Archange Montbrison\" \/>\n<meta property=\"article:publisher\" content=\"https:\/\/www.facebook.com\/people\/Eglise-Gallicane-Chapelle-Saint-Michel-Archange\/100064564306693\/\" \/>\n<meta property=\"article:published_time\" content=\"2017-09-03T08:08:09+00:00\" \/>\n<meta property=\"article:modified_time\" content=\"2017-10-03T08:08:41+00:00\" \/>\n<meta name=\"author\" content=\"Colette\" \/>\n<meta name=\"twitter:card\" content=\"summary_large_image\" \/>\n<meta name=\"twitter:label1\" content=\"\u00c9crit par\" \/>\n\t<meta name=\"twitter:data1\" content=\"Colette\" \/>\n\t<meta name=\"twitter:label2\" content=\"Dur\u00e9e de lecture estim\u00e9e\" \/>\n\t<meta name=\"twitter:data2\" content=\"2 minutes\" \/>\n<script type=\"application\/ld+json\" class=\"yoast-schema-graph\">{\"@context\":\"https:\/\/schema.org\",\"@graph\":[{\"@type\":\"WebPage\",\"@id\":\"https:\/\/gallican-montbrison.fr\/wp\/?p=5384\",\"url\":\"https:\/\/gallican-montbrison.fr\/wp\/?p=5384\",\"name\":\"Ephatha ! - Chapelle Saint Michel Archange Montbrison\",\"isPartOf\":{\"@id\":\"https:\/\/gallican-montbrison.fr\/wp\/#website\"},\"datePublished\":\"2017-09-03T08:08:09+00:00\",\"dateModified\":\"2017-10-03T08:08:41+00:00\",\"author\":{\"@id\":\"https:\/\/gallican-montbrison.fr\/wp\/#\/schema\/person\/fc5571a40f7c79de2fb1b0cf72c089a4\"},\"breadcrumb\":{\"@id\":\"https:\/\/gallican-montbrison.fr\/wp\/?p=5384#breadcrumb\"},\"inLanguage\":\"fr-FR\",\"potentialAction\":[{\"@type\":\"ReadAction\",\"target\":[\"https:\/\/gallican-montbrison.fr\/wp\/?p=5384\"]}]},{\"@type\":\"BreadcrumbList\",\"@id\":\"https:\/\/gallican-montbrison.fr\/wp\/?p=5384#breadcrumb\",\"itemListElement\":[{\"@type\":\"ListItem\",\"position\":1,\"name\":\"Accueil\",\"item\":\"https:\/\/gallican-montbrison.fr\/wp\"},{\"@type\":\"ListItem\",\"position\":2,\"name\":\"Ephatha !\"}]},{\"@type\":\"WebSite\",\"@id\":\"https:\/\/gallican-montbrison.fr\/wp\/#website\",\"url\":\"https:\/\/gallican-montbrison.fr\/wp\/\",\"name\":\"Chapelle Saint Michel Archange Montbrison\",\"description\":\"Eglise Gallicane, Tradition Apostolique de Gazinet\",\"potentialAction\":[{\"@type\":\"SearchAction\",\"target\":{\"@type\":\"EntryPoint\",\"urlTemplate\":\"https:\/\/gallican-montbrison.fr\/wp\/?s={search_term_string}\"},\"query-input\":{\"@type\":\"PropertyValueSpecification\",\"valueRequired\":true,\"valueName\":\"search_term_string\"}}],\"inLanguage\":\"fr-FR\"},{\"@type\":\"Person\",\"@id\":\"https:\/\/gallican-montbrison.fr\/wp\/#\/schema\/person\/fc5571a40f7c79de2fb1b0cf72c089a4\",\"name\":\"Colette\",\"url\":\"https:\/\/gallican-montbrison.fr\/wp\/?author=3\"}]}<\/script>\n<!-- \/ Yoast SEO plugin. -->","yoast_head_json":{"title":"Ephatha ! - Chapelle Saint Michel Archange Montbrison","robots":{"index":"index","follow":"follow","max-snippet":"max-snippet:-1","max-image-preview":"max-image-preview:large","max-video-preview":"max-video-preview:-1"},"canonical":"https:\/\/gallican-montbrison.fr\/wp\/?p=5384","og_locale":"fr_FR","og_type":"article","og_title":"Ephatha ! - Chapelle Saint Michel Archange Montbrison","og_description":"\u00ab\u00a0Ephatha\u00a0\u00bb Petit mot arame\u0301en qui signifie \u00ab\u00a0Ouvre toi\u00a0\u00bb Ce petit mot n&rsquo;est pas prononce\u0301 souvent dans les Ecritures, seulement une fois lorsque Je\u0301sus s&rsquo;adresse au sourd muet qui lui est amene\u0301. Par ses gestes et ses be\u0301ne\u0301dictions, par ses mots, &hellip; Continuer la lecture &rarr;","og_url":"https:\/\/gallican-montbrison.fr\/wp\/?p=5384","og_site_name":"Chapelle Saint Michel Archange Montbrison","article_publisher":"https:\/\/www.facebook.com\/people\/Eglise-Gallicane-Chapelle-Saint-Michel-Archange\/100064564306693\/","article_published_time":"2017-09-03T08:08:09+00:00","article_modified_time":"2017-10-03T08:08:41+00:00","author":"Colette","twitter_card":"summary_large_image","twitter_misc":{"\u00c9crit par":"Colette","Dur\u00e9e de lecture estim\u00e9e":"2 minutes"},"schema":{"@context":"https:\/\/schema.org","@graph":[{"@type":"WebPage","@id":"https:\/\/gallican-montbrison.fr\/wp\/?p=5384","url":"https:\/\/gallican-montbrison.fr\/wp\/?p=5384","name":"Ephatha ! - Chapelle Saint Michel Archange Montbrison","isPartOf":{"@id":"https:\/\/gallican-montbrison.fr\/wp\/#website"},"datePublished":"2017-09-03T08:08:09+00:00","dateModified":"2017-10-03T08:08:41+00:00","author":{"@id":"https:\/\/gallican-montbrison.fr\/wp\/#\/schema\/person\/fc5571a40f7c79de2fb1b0cf72c089a4"},"breadcrumb":{"@id":"https:\/\/gallican-montbrison.fr\/wp\/?p=5384#breadcrumb"},"inLanguage":"fr-FR","potentialAction":[{"@type":"ReadAction","target":["https:\/\/gallican-montbrison.fr\/wp\/?p=5384"]}]},{"@type":"BreadcrumbList","@id":"https:\/\/gallican-montbrison.fr\/wp\/?p=5384#breadcrumb","itemListElement":[{"@type":"ListItem","position":1,"name":"Accueil","item":"https:\/\/gallican-montbrison.fr\/wp"},{"@type":"ListItem","position":2,"name":"Ephatha !"}]},{"@type":"WebSite","@id":"https:\/\/gallican-montbrison.fr\/wp\/#website","url":"https:\/\/gallican-montbrison.fr\/wp\/","name":"Chapelle Saint Michel Archange Montbrison","description":"Eglise Gallicane, Tradition Apostolique de Gazinet","potentialAction":[{"@type":"SearchAction","target":{"@type":"EntryPoint","urlTemplate":"https:\/\/gallican-montbrison.fr\/wp\/?s={search_term_string}"},"query-input":{"@type":"PropertyValueSpecification","valueRequired":true,"valueName":"search_term_string"}}],"inLanguage":"fr-FR"},{"@type":"Person","@id":"https:\/\/gallican-montbrison.fr\/wp\/#\/schema\/person\/fc5571a40f7c79de2fb1b0cf72c089a4","name":"Colette","url":"https:\/\/gallican-montbrison.fr\/wp\/?author=3"}]}},"_links":{"self":[{"href":"https:\/\/gallican-montbrison.fr\/wp\/index.php?rest_route=\/wp\/v2\/posts\/5384"}],"collection":[{"href":"https:\/\/gallican-montbrison.fr\/wp\/index.php?rest_route=\/wp\/v2\/posts"}],"about":[{"href":"https:\/\/gallican-montbrison.fr\/wp\/index.php?rest_route=\/wp\/v2\/types\/post"}],"author":[{"embeddable":true,"href":"https:\/\/gallican-montbrison.fr\/wp\/index.php?rest_route=\/wp\/v2\/users\/3"}],"replies":[{"embeddable":true,"href":"https:\/\/gallican-montbrison.fr\/wp\/index.php?rest_route=%2Fwp%2Fv2%2Fcomments&post=5384"}],"version-history":[{"count":1,"href":"https:\/\/gallican-montbrison.fr\/wp\/index.php?rest_route=\/wp\/v2\/posts\/5384\/revisions"}],"predecessor-version":[{"id":5385,"href":"https:\/\/gallican-montbrison.fr\/wp\/index.php?rest_route=\/wp\/v2\/posts\/5384\/revisions\/5385"}],"wp:attachment":[{"href":"https:\/\/gallican-montbrison.fr\/wp\/index.php?rest_route=%2Fwp%2Fv2%2Fmedia&parent=5384"}],"wp:term":[{"taxonomy":"category","embeddable":true,"href":"https:\/\/gallican-montbrison.fr\/wp\/index.php?rest_route=%2Fwp%2Fv2%2Fcategories&post=5384"},{"taxonomy":"post_tag","embeddable":true,"href":"https:\/\/gallican-montbrison.fr\/wp\/index.php?rest_route=%2Fwp%2Fv2%2Ftags&post=5384"}],"curies":[{"name":"wp","href":"https:\/\/api.w.org\/{rel}","templated":true}]}}