{"id":5643,"date":"2017-06-30T10:57:08","date_gmt":"2017-06-30T08:57:08","guid":{"rendered":"http:\/\/gallican-montbrison.fr\/wp\/?p=5643"},"modified":"2018-03-13T11:00:53","modified_gmt":"2018-03-13T10:00:53","slug":"acateglise-gallicane-et-nuit-des-veilleurs","status":"publish","type":"post","link":"https:\/\/gallican-montbrison.fr\/wp\/?p=5643","title":{"rendered":"ACAT\/Eglise Gallicane et \u00ab\u00a0Nuit des veilleurs\u00a0\u00bb"},"content":{"rendered":"<p>La nuit des Veilleurs<\/p>\n<p>A l\u2019ACAT, l\u2019action pour prot\u00e9ger les victimes de torture se compl\u00e8te par la pri\u00e8re pour celui (ou celle) en faveur duquel on agit. La chapelle St Michel Archange a rejoint l&rsquo;ACAT, \u00e0 leur demande, pour prier ensemble lors de \u00ab\u00a0la nuit des veilleurs 2017\u00a0\u00bb qui s&rsquo;est d\u00e9roul\u00e9e en fin de journ\u00e9e au mois de Juin.<\/p>\n<p>Chaque ann\u00e9e \u00ab\u00a0une journ\u00e9e internationale de pri\u00e8res\u00a0\u00bb est organis\u00e9e par l&rsquo;ACAT pour toutes les victimes de torture et se termine par \u00ab\u00a0la nuit des veilleurs\u00a0\u00bb<br \/>\nEn juin 2017, le th\u00e8me propos\u00e9 pour cette 12\u00e8me Nuit des veilleurs est :<\/p>\n<p style=\"text-align: center;\"><strong><span style=\"color: #ff6600;\">L\u2019Esp\u00e9rance&#8230; malgr\u00e9 tout ?<\/span><\/strong><\/p>\n<p style=\"text-align: center;\"><span style=\"color: #ff0000;\">\u00ab Soyez joyeux dans l\u2019esp\u00e9rance, patients dans la d\u00e9tresse, <\/span><br \/>\n<span style=\"color: #ff0000;\"> pers\u00e9v\u00e9rants dans la pri\u00e8re \u00bb <span style=\"color: #000000;\">(<\/span><\/span><em><span style=\"color: #000000;\">Rom. 12,12)<\/span><\/em><\/p>\n<p><a href=\"http:\/\/gallican-montbrison.fr\/wp\/wp-content\/uploads\/2018\/03\/IMG_3698.jpg\"><img loading=\"lazy\" decoding=\"async\" class=\"alignleft size-medium wp-image-5646\" src=\"http:\/\/gallican-montbrison.fr\/wp\/wp-content\/uploads\/2018\/03\/IMG_3698-225x300.jpg\" alt=\"\" width=\"225\" height=\"300\" srcset=\"https:\/\/gallican-montbrison.fr\/wp\/wp-content\/uploads\/2018\/03\/IMG_3698-225x300.jpg 225w, https:\/\/gallican-montbrison.fr\/wp\/wp-content\/uploads\/2018\/03\/IMG_3698.jpg 425w\" sizes=\"(max-width: 225px) 100vw, 225px\" \/><\/a><a href=\"http:\/\/gallican-montbrison.fr\/wp\/wp-content\/uploads\/2018\/03\/veilleurs.jpeg\"><img loading=\"lazy\" decoding=\"async\" class=\"size-full wp-image-5645 alignright\" src=\"http:\/\/gallican-montbrison.fr\/wp\/wp-content\/uploads\/2018\/03\/veilleurs.jpeg\" alt=\"\" width=\"175\" height=\"237\" \/><\/a><a href=\"http:\/\/gallican-montbrison.fr\/wp\/wp-content\/uploads\/2018\/03\/IMG_3699.jpg\"><img loading=\"lazy\" decoding=\"async\" class=\"alignleft size-medium wp-image-5647\" src=\"http:\/\/gallican-montbrison.fr\/wp\/wp-content\/uploads\/2018\/03\/IMG_3699-300x225.jpg\" alt=\"\" width=\"300\" height=\"225\" srcset=\"https:\/\/gallican-montbrison.fr\/wp\/wp-content\/uploads\/2018\/03\/IMG_3699-300x225.jpg 300w, https:\/\/gallican-montbrison.fr\/wp\/wp-content\/uploads\/2018\/03\/IMG_3699.jpg 567w\" sizes=\"(max-width: 300px) 100vw, 300px\" \/><\/a><\/p>\n","protected":false},"excerpt":{"rendered":"<p>La nuit des Veilleurs A l\u2019ACAT, l\u2019action pour prot\u00e9ger les victimes de torture se compl\u00e8te par la pri\u00e8re pour celui (ou celle) en faveur duquel on agit. La chapelle St Michel Archange a rejoint l&rsquo;ACAT, \u00e0 leur demande, pour prier &hellip; <a href=\"https:\/\/gallican-montbrison.fr\/wp\/?p=5643\">Continuer la lecture <span class=\"meta-nav\">&rarr;<\/span><\/a><\/p>\n","protected":false},"author":3,"featured_media":0,"comment_status":"closed","ping_status":"open","sticky":false,"template":"","format":"standard","meta":{"footnotes":""},"categories":[5],"tags":[],"class_list":["post-5643","post","type-post","status-publish","format-standard","hentry","category-vie-de-la-chapelle"],"yoast_head":"<!-- This site is optimized with the Yoast SEO plugin v25.6 - https:\/\/yoast.com\/wordpress\/plugins\/seo\/ -->\n<title>ACAT\/Eglise Gallicane et &quot;Nuit des veilleurs&quot; - Chapelle Saint Michel Archange Montbrison<\/title>\n<meta name=\"robots\" content=\"index, follow, max-snippet:-1, max-image-preview:large, max-video-preview:-1\" \/>\n<link rel=\"canonical\" href=\"https:\/\/gallican-montbrison.fr\/wp\/?p=5643\" \/>\n<meta property=\"og:locale\" content=\"fr_FR\" \/>\n<meta property=\"og:type\" content=\"article\" \/>\n<meta property=\"og:title\" content=\"ACAT\/Eglise Gallicane et &quot;Nuit des veilleurs&quot; - Chapelle Saint Michel Archange Montbrison\" \/>\n<meta property=\"og:description\" content=\"La nuit des Veilleurs A l\u2019ACAT, l\u2019action pour prot\u00e9ger les victimes de torture se compl\u00e8te par la pri\u00e8re pour celui (ou celle) en faveur duquel on agit. La chapelle St Michel Archange a rejoint l&rsquo;ACAT, \u00e0 leur demande, pour prier &hellip; Continuer la lecture &rarr;\" \/>\n<meta property=\"og:url\" content=\"https:\/\/gallican-montbrison.fr\/wp\/?p=5643\" \/>\n<meta property=\"og:site_name\" content=\"Chapelle Saint Michel Archange Montbrison\" \/>\n<meta property=\"article:publisher\" content=\"https:\/\/www.facebook.com\/people\/Eglise-Gallicane-Chapelle-Saint-Michel-Archange\/100064564306693\/\" \/>\n<meta property=\"article:published_time\" content=\"2017-06-30T08:57:08+00:00\" \/>\n<meta property=\"article:modified_time\" content=\"2018-03-13T10:00:53+00:00\" \/>\n<meta property=\"og:image\" content=\"http:\/\/gallican-montbrison.fr\/wp\/wp-content\/uploads\/2018\/03\/IMG_3698-225x300.jpg\" \/>\n<meta name=\"author\" content=\"Colette\" \/>\n<meta name=\"twitter:card\" content=\"summary_large_image\" \/>\n<meta name=\"twitter:label1\" content=\"\u00c9crit par\" \/>\n\t<meta name=\"twitter:data1\" content=\"Colette\" \/>\n\t<meta name=\"twitter:label2\" content=\"Dur\u00e9e de lecture estim\u00e9e\" \/>\n\t<meta name=\"twitter:data2\" content=\"1 minute\" \/>\n<script type=\"application\/ld+json\" class=\"yoast-schema-graph\">{\"@context\":\"https:\/\/schema.org\",\"@graph\":[{\"@type\":\"WebPage\",\"@id\":\"https:\/\/gallican-montbrison.fr\/wp\/?p=5643\",\"url\":\"https:\/\/gallican-montbrison.fr\/wp\/?p=5643\",\"name\":\"ACAT\/Eglise Gallicane et \\\"Nuit des veilleurs\\\" - Chapelle Saint Michel Archange Montbrison\",\"isPartOf\":{\"@id\":\"https:\/\/gallican-montbrison.fr\/wp\/#website\"},\"primaryImageOfPage\":{\"@id\":\"https:\/\/gallican-montbrison.fr\/wp\/?p=5643#primaryimage\"},\"image\":{\"@id\":\"https:\/\/gallican-montbrison.fr\/wp\/?p=5643#primaryimage\"},\"thumbnailUrl\":\"http:\/\/gallican-montbrison.fr\/wp\/wp-content\/uploads\/2018\/03\/IMG_3698-225x300.jpg\",\"datePublished\":\"2017-06-30T08:57:08+00:00\",\"dateModified\":\"2018-03-13T10:00:53+00:00\",\"author\":{\"@id\":\"https:\/\/gallican-montbrison.fr\/wp\/#\/schema\/person\/fc5571a40f7c79de2fb1b0cf72c089a4\"},\"breadcrumb\":{\"@id\":\"https:\/\/gallican-montbrison.fr\/wp\/?p=5643#breadcrumb\"},\"inLanguage\":\"fr-FR\",\"potentialAction\":[{\"@type\":\"ReadAction\",\"target\":[\"https:\/\/gallican-montbrison.fr\/wp\/?p=5643\"]}]},{\"@type\":\"ImageObject\",\"inLanguage\":\"fr-FR\",\"@id\":\"https:\/\/gallican-montbrison.fr\/wp\/?p=5643#primaryimage\",\"url\":\"https:\/\/gallican-montbrison.fr\/wp\/wp-content\/uploads\/2018\/03\/IMG_3698.jpg\",\"contentUrl\":\"https:\/\/gallican-montbrison.fr\/wp\/wp-content\/uploads\/2018\/03\/IMG_3698.jpg\",\"width\":425,\"height\":567},{\"@type\":\"BreadcrumbList\",\"@id\":\"https:\/\/gallican-montbrison.fr\/wp\/?p=5643#breadcrumb\",\"itemListElement\":[{\"@type\":\"ListItem\",\"position\":1,\"name\":\"Accueil\",\"item\":\"https:\/\/gallican-montbrison.fr\/wp\"},{\"@type\":\"ListItem\",\"position\":2,\"name\":\"ACAT\/Eglise Gallicane et \u00ab\u00a0Nuit des veilleurs\u00a0\u00bb\"}]},{\"@type\":\"WebSite\",\"@id\":\"https:\/\/gallican-montbrison.fr\/wp\/#website\",\"url\":\"https:\/\/gallican-montbrison.fr\/wp\/\",\"name\":\"Chapelle Saint Michel Archange Montbrison\",\"description\":\"Eglise Gallicane, Tradition Apostolique de Gazinet\",\"potentialAction\":[{\"@type\":\"SearchAction\",\"target\":{\"@type\":\"EntryPoint\",\"urlTemplate\":\"https:\/\/gallican-montbrison.fr\/wp\/?s={search_term_string}\"},\"query-input\":{\"@type\":\"PropertyValueSpecification\",\"valueRequired\":true,\"valueName\":\"search_term_string\"}}],\"inLanguage\":\"fr-FR\"},{\"@type\":\"Person\",\"@id\":\"https:\/\/gallican-montbrison.fr\/wp\/#\/schema\/person\/fc5571a40f7c79de2fb1b0cf72c089a4\",\"name\":\"Colette\",\"url\":\"https:\/\/gallican-montbrison.fr\/wp\/?author=3\"}]}<\/script>\n<!-- \/ Yoast SEO plugin. -->","yoast_head_json":{"title":"ACAT\/Eglise Gallicane et \"Nuit des veilleurs\" - Chapelle Saint Michel Archange Montbrison","robots":{"index":"index","follow":"follow","max-snippet":"max-snippet:-1","max-image-preview":"max-image-preview:large","max-video-preview":"max-video-preview:-1"},"canonical":"https:\/\/gallican-montbrison.fr\/wp\/?p=5643","og_locale":"fr_FR","og_type":"article","og_title":"ACAT\/Eglise Gallicane et \"Nuit des veilleurs\" - Chapelle Saint Michel Archange Montbrison","og_description":"La nuit des Veilleurs A l\u2019ACAT, l\u2019action pour prot\u00e9ger les victimes de torture se compl\u00e8te par la pri\u00e8re pour celui (ou celle) en faveur duquel on agit. La chapelle St Michel Archange a rejoint l&rsquo;ACAT, \u00e0 leur demande, pour prier &hellip; Continuer la lecture &rarr;","og_url":"https:\/\/gallican-montbrison.fr\/wp\/?p=5643","og_site_name":"Chapelle Saint Michel Archange Montbrison","article_publisher":"https:\/\/www.facebook.com\/people\/Eglise-Gallicane-Chapelle-Saint-Michel-Archange\/100064564306693\/","article_published_time":"2017-06-30T08:57:08+00:00","article_modified_time":"2018-03-13T10:00:53+00:00","og_image":[{"url":"http:\/\/gallican-montbrison.fr\/wp\/wp-content\/uploads\/2018\/03\/IMG_3698-225x300.jpg","type":"","width":"","height":""}],"author":"Colette","twitter_card":"summary_large_image","twitter_misc":{"\u00c9crit par":"Colette","Dur\u00e9e de lecture estim\u00e9e":"1 minute"},"schema":{"@context":"https:\/\/schema.org","@graph":[{"@type":"WebPage","@id":"https:\/\/gallican-montbrison.fr\/wp\/?p=5643","url":"https:\/\/gallican-montbrison.fr\/wp\/?p=5643","name":"ACAT\/Eglise Gallicane et \"Nuit des veilleurs\" - Chapelle Saint Michel Archange Montbrison","isPartOf":{"@id":"https:\/\/gallican-montbrison.fr\/wp\/#website"},"primaryImageOfPage":{"@id":"https:\/\/gallican-montbrison.fr\/wp\/?p=5643#primaryimage"},"image":{"@id":"https:\/\/gallican-montbrison.fr\/wp\/?p=5643#primaryimage"},"thumbnailUrl":"http:\/\/gallican-montbrison.fr\/wp\/wp-content\/uploads\/2018\/03\/IMG_3698-225x300.jpg","datePublished":"2017-06-30T08:57:08+00:00","dateModified":"2018-03-13T10:00:53+00:00","author":{"@id":"https:\/\/gallican-montbrison.fr\/wp\/#\/schema\/person\/fc5571a40f7c79de2fb1b0cf72c089a4"},"breadcrumb":{"@id":"https:\/\/gallican-montbrison.fr\/wp\/?p=5643#breadcrumb"},"inLanguage":"fr-FR","potentialAction":[{"@type":"ReadAction","target":["https:\/\/gallican-montbrison.fr\/wp\/?p=5643"]}]},{"@type":"ImageObject","inLanguage":"fr-FR","@id":"https:\/\/gallican-montbrison.fr\/wp\/?p=5643#primaryimage","url":"https:\/\/gallican-montbrison.fr\/wp\/wp-content\/uploads\/2018\/03\/IMG_3698.jpg","contentUrl":"https:\/\/gallican-montbrison.fr\/wp\/wp-content\/uploads\/2018\/03\/IMG_3698.jpg","width":425,"height":567},{"@type":"BreadcrumbList","@id":"https:\/\/gallican-montbrison.fr\/wp\/?p=5643#breadcrumb","itemListElement":[{"@type":"ListItem","position":1,"name":"Accueil","item":"https:\/\/gallican-montbrison.fr\/wp"},{"@type":"ListItem","position":2,"name":"ACAT\/Eglise Gallicane et \u00ab\u00a0Nuit des veilleurs\u00a0\u00bb"}]},{"@type":"WebSite","@id":"https:\/\/gallican-montbrison.fr\/wp\/#website","url":"https:\/\/gallican-montbrison.fr\/wp\/","name":"Chapelle Saint Michel Archange Montbrison","description":"Eglise Gallicane, Tradition Apostolique de Gazinet","potentialAction":[{"@type":"SearchAction","target":{"@type":"EntryPoint","urlTemplate":"https:\/\/gallican-montbrison.fr\/wp\/?s={search_term_string}"},"query-input":{"@type":"PropertyValueSpecification","valueRequired":true,"valueName":"search_term_string"}}],"inLanguage":"fr-FR"},{"@type":"Person","@id":"https:\/\/gallican-montbrison.fr\/wp\/#\/schema\/person\/fc5571a40f7c79de2fb1b0cf72c089a4","name":"Colette","url":"https:\/\/gallican-montbrison.fr\/wp\/?author=3"}]}},"_links":{"self":[{"href":"https:\/\/gallican-montbrison.fr\/wp\/index.php?rest_route=\/wp\/v2\/posts\/5643"}],"collection":[{"href":"https:\/\/gallican-montbrison.fr\/wp\/index.php?rest_route=\/wp\/v2\/posts"}],"about":[{"href":"https:\/\/gallican-montbrison.fr\/wp\/index.php?rest_route=\/wp\/v2\/types\/post"}],"author":[{"embeddable":true,"href":"https:\/\/gallican-montbrison.fr\/wp\/index.php?rest_route=\/wp\/v2\/users\/3"}],"replies":[{"embeddable":true,"href":"https:\/\/gallican-montbrison.fr\/wp\/index.php?rest_route=%2Fwp%2Fv2%2Fcomments&post=5643"}],"version-history":[{"count":3,"href":"https:\/\/gallican-montbrison.fr\/wp\/index.php?rest_route=\/wp\/v2\/posts\/5643\/revisions"}],"predecessor-version":[{"id":5649,"href":"https:\/\/gallican-montbrison.fr\/wp\/index.php?rest_route=\/wp\/v2\/posts\/5643\/revisions\/5649"}],"wp:attachment":[{"href":"https:\/\/gallican-montbrison.fr\/wp\/index.php?rest_route=%2Fwp%2Fv2%2Fmedia&parent=5643"}],"wp:term":[{"taxonomy":"category","embeddable":true,"href":"https:\/\/gallican-montbrison.fr\/wp\/index.php?rest_route=%2Fwp%2Fv2%2Fcategories&post=5643"},{"taxonomy":"post_tag","embeddable":true,"href":"https:\/\/gallican-montbrison.fr\/wp\/index.php?rest_route=%2Fwp%2Fv2%2Ftags&post=5643"}],"curies":[{"name":"wp","href":"https:\/\/api.w.org\/{rel}","templated":true}]}}