{"id":5659,"date":"2018-04-04T11:13:23","date_gmt":"2018-04-04T09:13:23","guid":{"rendered":"http:\/\/gallican-montbrison.fr\/wp\/?p=5659"},"modified":"2018-04-04T11:52:38","modified_gmt":"2018-04-04T09:52:38","slug":"veillee-pascale-et-benediction-feu-nouveau","status":"publish","type":"post","link":"https:\/\/gallican-montbrison.fr\/wp\/?p=5659","title":{"rendered":"Veill\u00e9e Pascale"},"content":{"rendered":"<p><a href=\"http:\/\/gallican-montbrison.fr\/wp\/wp-content\/uploads\/2018\/04\/IMG_20180401_114412.jpg\"><img loading=\"lazy\" decoding=\"async\" class=\"size-medium wp-image-5661\" src=\"http:\/\/gallican-montbrison.fr\/wp\/wp-content\/uploads\/2018\/04\/IMG_20180401_114412-225x300.jpg\" alt=\"\" width=\"225\" height=\"300\" srcset=\"https:\/\/gallican-montbrison.fr\/wp\/wp-content\/uploads\/2018\/04\/IMG_20180401_114412-225x300.jpg 225w, https:\/\/gallican-montbrison.fr\/wp\/wp-content\/uploads\/2018\/04\/IMG_20180401_114412-768x1024.jpg 768w\" sizes=\"(max-width: 225px) 100vw, 225px\" \/><\/a><a href=\"http:\/\/gallican-montbrison.fr\/wp\/wp-content\/uploads\/2018\/04\/IMG_4855.jpg\"><img loading=\"lazy\" decoding=\"async\" class=\"size-medium wp-image-5664 alignright\" src=\"http:\/\/gallican-montbrison.fr\/wp\/wp-content\/uploads\/2018\/04\/IMG_4855-300x225.jpg\" alt=\"\" width=\"300\" height=\"225\" srcset=\"https:\/\/gallican-montbrison.fr\/wp\/wp-content\/uploads\/2018\/04\/IMG_4855-300x225.jpg 300w, https:\/\/gallican-montbrison.fr\/wp\/wp-content\/uploads\/2018\/04\/IMG_4855-768x576.jpg 768w, https:\/\/gallican-montbrison.fr\/wp\/wp-content\/uploads\/2018\/04\/IMG_4855-1024x768.jpg 1024w\" sizes=\"(max-width: 300px) 100vw, 300px\" \/><\/a><\/p>\n<p>lors de la veill\u00e9e pascale,<span style=\"color: #ff0000;\">\u00a0le Pr\u00eatre b\u00e9nit le feu nouveau et \u00e9claire le cierge pascal<\/span><strong>\u00a0<\/strong>qui repr\u00e9sente la pr\u00e9sence christique parmi nous de P\u00e2ques jusqu\u2019\u00e0 l\u2019Ascension, comme Il a \u00e9t\u00e9 encore pr\u00e9sent autour de ses ap\u00f4tres apr\u00e8s la R\u00e9surrection avant de rejoindre le P\u00e8re pour l\u2019Ascension. Dieu nous envoie ensuite l\u2019Esprit Saint lors de la Pentec\u00f4te pour continuer son oeuvre aupr\u00e8s de nous.<\/p>\n<p><span style=\"color: #ff0000;\">Le pr\u00eatre pr\u00e9pare ensuite et b\u00e9nit l\u2019eau<\/span> qui servira aux bapt\u00eames de l\u2019ann\u00e9e. Ensuite commence <span style=\"color: #ff0000;\">la c\u00e9l\u00e9bration de la veill\u00e9e pascale.<br \/>\n<\/span><\/p>\n<p><strong><span style=\"color: #ff6600;\">Ecouter l&rsquo;hom\u00e9lie de la Veill\u00e9e Pascale<\/span><\/strong><\/p>\n<!--[if lt IE 9]><script>document.createElement('audio');<\/script><![endif]-->\n<audio class=\"wp-audio-shortcode\" id=\"audio-5659-1\" preload=\"none\" style=\"width: 100%;\" controls=\"controls\"><source type=\"audio\/mpeg\" src=\"http:\/\/gallican-montbrison.fr\/wp\/wp-content\/uploads\/2018\/04\/10-Home\u0301lie-veille\u0301e-Pascale-2018-.mp3?_=1\" \/><a href=\"http:\/\/gallican-montbrison.fr\/wp\/wp-content\/uploads\/2018\/04\/10-Home\u0301lie-veille\u0301e-Pascale-2018-.mp3\">http:\/\/gallican-montbrison.fr\/wp\/wp-content\/uploads\/2018\/04\/10-Home\u0301lie-veille\u0301e-Pascale-2018-.mp3<\/a><\/audio>\n","protected":false},"excerpt":{"rendered":"<p>lors de la veill\u00e9e pascale,\u00a0le Pr\u00eatre b\u00e9nit le feu nouveau et \u00e9claire le cierge pascal\u00a0qui repr\u00e9sente la pr\u00e9sence christique parmi nous de P\u00e2ques jusqu\u2019\u00e0 l\u2019Ascension, comme Il a \u00e9t\u00e9 encore pr\u00e9sent autour de ses ap\u00f4tres apr\u00e8s la R\u00e9surrection avant de &hellip; <a href=\"https:\/\/gallican-montbrison.fr\/wp\/?p=5659\">Continuer la lecture <span class=\"meta-nav\">&rarr;<\/span><\/a><\/p>\n","protected":false},"author":3,"featured_media":0,"comment_status":"closed","ping_status":"open","sticky":false,"template":"","format":"standard","meta":{"footnotes":""},"categories":[4],"tags":[],"class_list":["post-5659","post","type-post","status-publish","format-standard","hentry","category-homelies"],"yoast_head":"<!-- This site is optimized with the Yoast SEO plugin v25.6 - https:\/\/yoast.com\/wordpress\/plugins\/seo\/ -->\n<title>Veill\u00e9e Pascale - Chapelle Saint Michel Archange Montbrison<\/title>\n<meta name=\"robots\" content=\"index, follow, max-snippet:-1, max-image-preview:large, max-video-preview:-1\" \/>\n<link rel=\"canonical\" href=\"https:\/\/gallican-montbrison.fr\/wp\/?p=5659\" \/>\n<meta property=\"og:locale\" content=\"fr_FR\" \/>\n<meta property=\"og:type\" content=\"article\" \/>\n<meta property=\"og:title\" content=\"Veill\u00e9e Pascale - Chapelle Saint Michel Archange Montbrison\" \/>\n<meta property=\"og:description\" content=\"lors de la veill\u00e9e pascale,\u00a0le Pr\u00eatre b\u00e9nit le feu nouveau et \u00e9claire le cierge pascal\u00a0qui repr\u00e9sente la pr\u00e9sence christique parmi nous de P\u00e2ques jusqu\u2019\u00e0 l\u2019Ascension, comme Il a \u00e9t\u00e9 encore pr\u00e9sent autour de ses ap\u00f4tres apr\u00e8s la R\u00e9surrection avant de &hellip; Continuer la lecture &rarr;\" \/>\n<meta property=\"og:url\" content=\"https:\/\/gallican-montbrison.fr\/wp\/?p=5659\" \/>\n<meta property=\"og:site_name\" content=\"Chapelle Saint Michel Archange Montbrison\" \/>\n<meta property=\"article:publisher\" content=\"https:\/\/www.facebook.com\/people\/Eglise-Gallicane-Chapelle-Saint-Michel-Archange\/100064564306693\/\" \/>\n<meta property=\"article:published_time\" content=\"2018-04-04T09:13:23+00:00\" \/>\n<meta property=\"article:modified_time\" content=\"2018-04-04T09:52:38+00:00\" \/>\n<meta property=\"og:image\" content=\"http:\/\/gallican-montbrison.fr\/wp\/wp-content\/uploads\/2018\/04\/IMG_20180401_114412-225x300.jpg\" \/>\n<meta name=\"author\" content=\"Colette\" \/>\n<meta name=\"twitter:card\" content=\"summary_large_image\" \/>\n<meta name=\"twitter:label1\" content=\"\u00c9crit par\" \/>\n\t<meta name=\"twitter:data1\" content=\"Colette\" \/>\n\t<meta name=\"twitter:label2\" content=\"Dur\u00e9e de lecture estim\u00e9e\" \/>\n\t<meta name=\"twitter:data2\" content=\"1 minute\" \/>\n<script type=\"application\/ld+json\" class=\"yoast-schema-graph\">{\"@context\":\"https:\/\/schema.org\",\"@graph\":[{\"@type\":\"WebPage\",\"@id\":\"https:\/\/gallican-montbrison.fr\/wp\/?p=5659\",\"url\":\"https:\/\/gallican-montbrison.fr\/wp\/?p=5659\",\"name\":\"Veill\u00e9e Pascale - Chapelle Saint Michel Archange Montbrison\",\"isPartOf\":{\"@id\":\"https:\/\/gallican-montbrison.fr\/wp\/#website\"},\"primaryImageOfPage\":{\"@id\":\"https:\/\/gallican-montbrison.fr\/wp\/?p=5659#primaryimage\"},\"image\":{\"@id\":\"https:\/\/gallican-montbrison.fr\/wp\/?p=5659#primaryimage\"},\"thumbnailUrl\":\"http:\/\/gallican-montbrison.fr\/wp\/wp-content\/uploads\/2018\/04\/IMG_20180401_114412-225x300.jpg\",\"datePublished\":\"2018-04-04T09:13:23+00:00\",\"dateModified\":\"2018-04-04T09:52:38+00:00\",\"author\":{\"@id\":\"https:\/\/gallican-montbrison.fr\/wp\/#\/schema\/person\/fc5571a40f7c79de2fb1b0cf72c089a4\"},\"breadcrumb\":{\"@id\":\"https:\/\/gallican-montbrison.fr\/wp\/?p=5659#breadcrumb\"},\"inLanguage\":\"fr-FR\",\"potentialAction\":[{\"@type\":\"ReadAction\",\"target\":[\"https:\/\/gallican-montbrison.fr\/wp\/?p=5659\"]}]},{\"@type\":\"ImageObject\",\"inLanguage\":\"fr-FR\",\"@id\":\"https:\/\/gallican-montbrison.fr\/wp\/?p=5659#primaryimage\",\"url\":\"https:\/\/gallican-montbrison.fr\/wp\/wp-content\/uploads\/2018\/04\/IMG_20180401_114412.jpg\",\"contentUrl\":\"https:\/\/gallican-montbrison.fr\/wp\/wp-content\/uploads\/2018\/04\/IMG_20180401_114412.jpg\",\"width\":2976,\"height\":3968,\"caption\":\"dig\"},{\"@type\":\"BreadcrumbList\",\"@id\":\"https:\/\/gallican-montbrison.fr\/wp\/?p=5659#breadcrumb\",\"itemListElement\":[{\"@type\":\"ListItem\",\"position\":1,\"name\":\"Accueil\",\"item\":\"https:\/\/gallican-montbrison.fr\/wp\"},{\"@type\":\"ListItem\",\"position\":2,\"name\":\"Veill\u00e9e Pascale\"}]},{\"@type\":\"WebSite\",\"@id\":\"https:\/\/gallican-montbrison.fr\/wp\/#website\",\"url\":\"https:\/\/gallican-montbrison.fr\/wp\/\",\"name\":\"Chapelle Saint Michel Archange Montbrison\",\"description\":\"Eglise Gallicane, Tradition Apostolique de Gazinet\",\"potentialAction\":[{\"@type\":\"SearchAction\",\"target\":{\"@type\":\"EntryPoint\",\"urlTemplate\":\"https:\/\/gallican-montbrison.fr\/wp\/?s={search_term_string}\"},\"query-input\":{\"@type\":\"PropertyValueSpecification\",\"valueRequired\":true,\"valueName\":\"search_term_string\"}}],\"inLanguage\":\"fr-FR\"},{\"@type\":\"Person\",\"@id\":\"https:\/\/gallican-montbrison.fr\/wp\/#\/schema\/person\/fc5571a40f7c79de2fb1b0cf72c089a4\",\"name\":\"Colette\",\"url\":\"https:\/\/gallican-montbrison.fr\/wp\/?author=3\"}]}<\/script>\n<!-- \/ Yoast SEO plugin. -->","yoast_head_json":{"title":"Veill\u00e9e Pascale - Chapelle Saint Michel Archange Montbrison","robots":{"index":"index","follow":"follow","max-snippet":"max-snippet:-1","max-image-preview":"max-image-preview:large","max-video-preview":"max-video-preview:-1"},"canonical":"https:\/\/gallican-montbrison.fr\/wp\/?p=5659","og_locale":"fr_FR","og_type":"article","og_title":"Veill\u00e9e Pascale - Chapelle Saint Michel Archange Montbrison","og_description":"lors de la veill\u00e9e pascale,\u00a0le Pr\u00eatre b\u00e9nit le feu nouveau et \u00e9claire le cierge pascal\u00a0qui repr\u00e9sente la pr\u00e9sence christique parmi nous de P\u00e2ques jusqu\u2019\u00e0 l\u2019Ascension, comme Il a \u00e9t\u00e9 encore pr\u00e9sent autour de ses ap\u00f4tres apr\u00e8s la R\u00e9surrection avant de &hellip; Continuer la lecture &rarr;","og_url":"https:\/\/gallican-montbrison.fr\/wp\/?p=5659","og_site_name":"Chapelle Saint Michel Archange Montbrison","article_publisher":"https:\/\/www.facebook.com\/people\/Eglise-Gallicane-Chapelle-Saint-Michel-Archange\/100064564306693\/","article_published_time":"2018-04-04T09:13:23+00:00","article_modified_time":"2018-04-04T09:52:38+00:00","og_image":[{"url":"http:\/\/gallican-montbrison.fr\/wp\/wp-content\/uploads\/2018\/04\/IMG_20180401_114412-225x300.jpg","type":"","width":"","height":""}],"author":"Colette","twitter_card":"summary_large_image","twitter_misc":{"\u00c9crit par":"Colette","Dur\u00e9e de lecture estim\u00e9e":"1 minute"},"schema":{"@context":"https:\/\/schema.org","@graph":[{"@type":"WebPage","@id":"https:\/\/gallican-montbrison.fr\/wp\/?p=5659","url":"https:\/\/gallican-montbrison.fr\/wp\/?p=5659","name":"Veill\u00e9e Pascale - Chapelle Saint Michel Archange Montbrison","isPartOf":{"@id":"https:\/\/gallican-montbrison.fr\/wp\/#website"},"primaryImageOfPage":{"@id":"https:\/\/gallican-montbrison.fr\/wp\/?p=5659#primaryimage"},"image":{"@id":"https:\/\/gallican-montbrison.fr\/wp\/?p=5659#primaryimage"},"thumbnailUrl":"http:\/\/gallican-montbrison.fr\/wp\/wp-content\/uploads\/2018\/04\/IMG_20180401_114412-225x300.jpg","datePublished":"2018-04-04T09:13:23+00:00","dateModified":"2018-04-04T09:52:38+00:00","author":{"@id":"https:\/\/gallican-montbrison.fr\/wp\/#\/schema\/person\/fc5571a40f7c79de2fb1b0cf72c089a4"},"breadcrumb":{"@id":"https:\/\/gallican-montbrison.fr\/wp\/?p=5659#breadcrumb"},"inLanguage":"fr-FR","potentialAction":[{"@type":"ReadAction","target":["https:\/\/gallican-montbrison.fr\/wp\/?p=5659"]}]},{"@type":"ImageObject","inLanguage":"fr-FR","@id":"https:\/\/gallican-montbrison.fr\/wp\/?p=5659#primaryimage","url":"https:\/\/gallican-montbrison.fr\/wp\/wp-content\/uploads\/2018\/04\/IMG_20180401_114412.jpg","contentUrl":"https:\/\/gallican-montbrison.fr\/wp\/wp-content\/uploads\/2018\/04\/IMG_20180401_114412.jpg","width":2976,"height":3968,"caption":"dig"},{"@type":"BreadcrumbList","@id":"https:\/\/gallican-montbrison.fr\/wp\/?p=5659#breadcrumb","itemListElement":[{"@type":"ListItem","position":1,"name":"Accueil","item":"https:\/\/gallican-montbrison.fr\/wp"},{"@type":"ListItem","position":2,"name":"Veill\u00e9e Pascale"}]},{"@type":"WebSite","@id":"https:\/\/gallican-montbrison.fr\/wp\/#website","url":"https:\/\/gallican-montbrison.fr\/wp\/","name":"Chapelle Saint Michel Archange Montbrison","description":"Eglise Gallicane, Tradition Apostolique de Gazinet","potentialAction":[{"@type":"SearchAction","target":{"@type":"EntryPoint","urlTemplate":"https:\/\/gallican-montbrison.fr\/wp\/?s={search_term_string}"},"query-input":{"@type":"PropertyValueSpecification","valueRequired":true,"valueName":"search_term_string"}}],"inLanguage":"fr-FR"},{"@type":"Person","@id":"https:\/\/gallican-montbrison.fr\/wp\/#\/schema\/person\/fc5571a40f7c79de2fb1b0cf72c089a4","name":"Colette","url":"https:\/\/gallican-montbrison.fr\/wp\/?author=3"}]}},"_links":{"self":[{"href":"https:\/\/gallican-montbrison.fr\/wp\/index.php?rest_route=\/wp\/v2\/posts\/5659"}],"collection":[{"href":"https:\/\/gallican-montbrison.fr\/wp\/index.php?rest_route=\/wp\/v2\/posts"}],"about":[{"href":"https:\/\/gallican-montbrison.fr\/wp\/index.php?rest_route=\/wp\/v2\/types\/post"}],"author":[{"embeddable":true,"href":"https:\/\/gallican-montbrison.fr\/wp\/index.php?rest_route=\/wp\/v2\/users\/3"}],"replies":[{"embeddable":true,"href":"https:\/\/gallican-montbrison.fr\/wp\/index.php?rest_route=%2Fwp%2Fv2%2Fcomments&post=5659"}],"version-history":[{"count":8,"href":"https:\/\/gallican-montbrison.fr\/wp\/index.php?rest_route=\/wp\/v2\/posts\/5659\/revisions"}],"predecessor-version":[{"id":5681,"href":"https:\/\/gallican-montbrison.fr\/wp\/index.php?rest_route=\/wp\/v2\/posts\/5659\/revisions\/5681"}],"wp:attachment":[{"href":"https:\/\/gallican-montbrison.fr\/wp\/index.php?rest_route=%2Fwp%2Fv2%2Fmedia&parent=5659"}],"wp:term":[{"taxonomy":"category","embeddable":true,"href":"https:\/\/gallican-montbrison.fr\/wp\/index.php?rest_route=%2Fwp%2Fv2%2Fcategories&post=5659"},{"taxonomy":"post_tag","embeddable":true,"href":"https:\/\/gallican-montbrison.fr\/wp\/index.php?rest_route=%2Fwp%2Fv2%2Ftags&post=5659"}],"curies":[{"name":"wp","href":"https:\/\/api.w.org\/{rel}","templated":true}]}}