{"id":5778,"date":"2018-06-05T12:33:30","date_gmt":"2018-06-05T10:33:30","guid":{"rendered":"http:\/\/gallican-montbrison.fr\/wp\/?p=5778"},"modified":"2018-06-05T14:43:12","modified_gmt":"2018-06-05T12:43:12","slug":"messe-trinite","status":"publish","type":"post","link":"https:\/\/gallican-montbrison.fr\/wp\/?p=5778","title":{"rendered":"Messe de la Trinit\u00e9"},"content":{"rendered":"<p><a href=\"http:\/\/gallican-montbrison.fr\/wp\/wp-content\/uploads\/2013\/05\/images-2.jpeg\"><img loading=\"lazy\" decoding=\"async\" class=\"alignleft size-thumbnail wp-image-2745\" src=\"http:\/\/gallican-montbrison.fr\/wp\/wp-content\/uploads\/2013\/05\/images-2-150x150.jpeg\" alt=\"\" width=\"150\" height=\"150\" \/><\/a><a href=\"http:\/\/gallican-montbrison.fr\/wp\/wp-content\/uploads\/2013\/05\/images1.jpeg\"><img loading=\"lazy\" decoding=\"async\" class=\"alignleft size-thumbnail wp-image-2746\" src=\"http:\/\/gallican-montbrison.fr\/wp\/wp-content\/uploads\/2013\/05\/images1-150x150.jpeg\" alt=\"\" width=\"150\" height=\"150\" \/><\/a><a href=\"http:\/\/gallican-montbrison.fr\/wp\/wp-content\/uploads\/2013\/05\/images-31.jpeg\"><img loading=\"lazy\" decoding=\"async\" class=\"alignleft size-thumbnail wp-image-2747\" src=\"http:\/\/gallican-montbrison.fr\/wp\/wp-content\/uploads\/2013\/05\/images-31-150x150.jpeg\" alt=\"\" width=\"150\" height=\"150\" \/><\/a><\/p>\n<p>&nbsp;<\/p>\n<p>&nbsp;<\/p>\n<p>&nbsp;<\/p>\n<p><strong><span style=\"color: #800080;\"><span style=\"color: #ff6600;\">Ecouter l&rsquo;hom\u00e9lie:<\/span> <\/span><\/strong><\/p>\n<!--[if lt IE 9]><script>document.createElement('audio');<\/script><![endif]-->\n<audio class=\"wp-audio-shortcode\" id=\"audio-5778-1\" preload=\"none\" style=\"width: 100%;\" controls=\"controls\"><source type=\"audio\/mpeg\" src=\"http:\/\/gallican-montbrison.fr\/wp\/wp-content\/uploads\/2018\/06\/16-Home\u0301lie-Trinite\u0301-2018.mp3?_=1\" \/><a href=\"http:\/\/gallican-montbrison.fr\/wp\/wp-content\/uploads\/2018\/06\/16-Home\u0301lie-Trinite\u0301-2018.mp3\">http:\/\/gallican-montbrison.fr\/wp\/wp-content\/uploads\/2018\/06\/16-Home\u0301lie-Trinite\u0301-2018.mp3<\/a><\/audio>\n<p><strong><span style=\"color: #800080;\"><a href=\"http:\/\/gallican-montbrison.fr\/wp\/wp-content\/uploads\/2013\/05\/images-12.jpeg\"><img loading=\"lazy\" decoding=\"async\" class=\"alignleft size-full wp-image-2749\" src=\"http:\/\/gallican-montbrison.fr\/wp\/wp-content\/uploads\/2013\/05\/images-12.jpeg\" alt=\"\" width=\"162\" height=\"160\" \/><\/a>Ep\u00eetre: St Paul aux Romains (11, 33-36)<\/span><\/strong><\/p>\n<p><span style=\"color: #800080;\">Que la richesse de Dieu est immense\u00a0! Que sa sagesse et sa connaissance sont profondes\u00a0! Qui pourrait expliquer ses d\u00e9cisions\u00a0? Qui pourrait comprendre ses plans?.\u00a0<\/span><\/p>\n<p><span style=\"color: #800080;\">Comme le d\u00e9clare l\u2019\u00c9criture\u00a0:\u00ab\u00a0Qui conna\u00eet la pens\u00e9e du Seigneur\u00a0?\u00a0Qui peut \u00eatre son conseiller\u00a0?\u00a0Qui a pu le premier lui donner quelque chose\u00a0pour recevoir de lui un paiement en retour?\u00a0\u00bb\u00a0Car tout vient de lui, tout existe par lui et pour lui. A Dieu soit la gloire pour toujours\u00a0! Amen.<\/span><\/p>\n<p><strong><span style=\"color: #800080;\">Evangile : St Matthieu (28, 18-20)<\/span><\/strong><\/p>\n<p><span style=\"color: #800080;\">J\u00e9sus s\u2019approcha et leur dit\u00a0: \u00ab\u00a0Tout pouvoir m\u2019a \u00e9t\u00e9 donn\u00e9 dans le ciel et sur la terre.\u00a0Allez donc aupr\u00e8s des gens de toutes les nations et faites d\u2019eux mes disciples; baptisez-les au nom du P\u00e8re, du Fils et du Saint-Esprit\u00a0et enseignez-leur \u00e0 pratiquer tout ce que je vous ai command\u00e9.\u00a0Et sachez-le\u00a0: je vais \u00eatre avec vous tous les jours, jusqu\u2019\u00e0 la fin du monde.\u00a0\u00bb<\/span><\/p>\n","protected":false},"excerpt":{"rendered":"<p>&nbsp; &nbsp; &nbsp; Ecouter l&rsquo;hom\u00e9lie: Ep\u00eetre: St Paul aux Romains (11, 33-36) Que la richesse de Dieu est immense\u00a0! Que sa sagesse et sa connaissance sont profondes\u00a0! Qui pourrait expliquer ses d\u00e9cisions\u00a0? Qui pourrait comprendre ses plans?.\u00a0 Comme le d\u00e9clare &hellip; <a href=\"https:\/\/gallican-montbrison.fr\/wp\/?p=5778\">Continuer la lecture <span class=\"meta-nav\">&rarr;<\/span><\/a><\/p>\n","protected":false},"author":3,"featured_media":0,"comment_status":"closed","ping_status":"open","sticky":false,"template":"","format":"standard","meta":{"footnotes":""},"categories":[4],"tags":[],"class_list":["post-5778","post","type-post","status-publish","format-standard","hentry","category-homelies"],"yoast_head":"<!-- This site is optimized with the Yoast SEO plugin v25.6 - https:\/\/yoast.com\/wordpress\/plugins\/seo\/ -->\n<title>Messe de la Trinit\u00e9 - Chapelle Saint Michel Archange Montbrison<\/title>\n<meta name=\"robots\" content=\"index, follow, max-snippet:-1, max-image-preview:large, max-video-preview:-1\" \/>\n<link rel=\"canonical\" href=\"https:\/\/gallican-montbrison.fr\/wp\/?p=5778\" \/>\n<meta property=\"og:locale\" content=\"fr_FR\" \/>\n<meta property=\"og:type\" content=\"article\" \/>\n<meta property=\"og:title\" content=\"Messe de la Trinit\u00e9 - Chapelle Saint Michel Archange Montbrison\" \/>\n<meta property=\"og:description\" content=\"&nbsp; &nbsp; &nbsp; Ecouter l&rsquo;hom\u00e9lie: Ep\u00eetre: St Paul aux Romains (11, 33-36) Que la richesse de Dieu est immense\u00a0! Que sa sagesse et sa connaissance sont profondes\u00a0! Qui pourrait expliquer ses d\u00e9cisions\u00a0? Qui pourrait comprendre ses plans?.\u00a0 Comme le d\u00e9clare &hellip; Continuer la lecture &rarr;\" \/>\n<meta property=\"og:url\" content=\"https:\/\/gallican-montbrison.fr\/wp\/?p=5778\" \/>\n<meta property=\"og:site_name\" content=\"Chapelle Saint Michel Archange Montbrison\" \/>\n<meta property=\"article:publisher\" content=\"https:\/\/www.facebook.com\/people\/Eglise-Gallicane-Chapelle-Saint-Michel-Archange\/100064564306693\/\" \/>\n<meta property=\"article:published_time\" content=\"2018-06-05T10:33:30+00:00\" \/>\n<meta property=\"article:modified_time\" content=\"2018-06-05T12:43:12+00:00\" \/>\n<meta property=\"og:image\" content=\"http:\/\/gallican-montbrison.fr\/wp\/wp-content\/uploads\/2013\/05\/images-2-150x150.jpeg\" \/>\n<meta name=\"author\" content=\"Colette\" \/>\n<meta name=\"twitter:card\" content=\"summary_large_image\" \/>\n<meta name=\"twitter:label1\" content=\"\u00c9crit par\" \/>\n\t<meta name=\"twitter:data1\" content=\"Colette\" \/>\n\t<meta name=\"twitter:label2\" content=\"Dur\u00e9e de lecture estim\u00e9e\" \/>\n\t<meta name=\"twitter:data2\" content=\"1 minute\" \/>\n<script type=\"application\/ld+json\" class=\"yoast-schema-graph\">{\"@context\":\"https:\/\/schema.org\",\"@graph\":[{\"@type\":\"WebPage\",\"@id\":\"https:\/\/gallican-montbrison.fr\/wp\/?p=5778\",\"url\":\"https:\/\/gallican-montbrison.fr\/wp\/?p=5778\",\"name\":\"Messe de la Trinit\u00e9 - Chapelle Saint Michel Archange Montbrison\",\"isPartOf\":{\"@id\":\"https:\/\/gallican-montbrison.fr\/wp\/#website\"},\"primaryImageOfPage\":{\"@id\":\"https:\/\/gallican-montbrison.fr\/wp\/?p=5778#primaryimage\"},\"image\":{\"@id\":\"https:\/\/gallican-montbrison.fr\/wp\/?p=5778#primaryimage\"},\"thumbnailUrl\":\"http:\/\/gallican-montbrison.fr\/wp\/wp-content\/uploads\/2013\/05\/images-2-150x150.jpeg\",\"datePublished\":\"2018-06-05T10:33:30+00:00\",\"dateModified\":\"2018-06-05T12:43:12+00:00\",\"author\":{\"@id\":\"https:\/\/gallican-montbrison.fr\/wp\/#\/schema\/person\/fc5571a40f7c79de2fb1b0cf72c089a4\"},\"breadcrumb\":{\"@id\":\"https:\/\/gallican-montbrison.fr\/wp\/?p=5778#breadcrumb\"},\"inLanguage\":\"fr-FR\",\"potentialAction\":[{\"@type\":\"ReadAction\",\"target\":[\"https:\/\/gallican-montbrison.fr\/wp\/?p=5778\"]}]},{\"@type\":\"ImageObject\",\"inLanguage\":\"fr-FR\",\"@id\":\"https:\/\/gallican-montbrison.fr\/wp\/?p=5778#primaryimage\",\"url\":\"https:\/\/gallican-montbrison.fr\/wp\/wp-content\/uploads\/2013\/05\/images-2.jpeg\",\"contentUrl\":\"https:\/\/gallican-montbrison.fr\/wp\/wp-content\/uploads\/2013\/05\/images-2.jpeg\",\"width\":\"160\",\"height\":\"156\"},{\"@type\":\"BreadcrumbList\",\"@id\":\"https:\/\/gallican-montbrison.fr\/wp\/?p=5778#breadcrumb\",\"itemListElement\":[{\"@type\":\"ListItem\",\"position\":1,\"name\":\"Accueil\",\"item\":\"https:\/\/gallican-montbrison.fr\/wp\"},{\"@type\":\"ListItem\",\"position\":2,\"name\":\"Messe de la Trinit\u00e9\"}]},{\"@type\":\"WebSite\",\"@id\":\"https:\/\/gallican-montbrison.fr\/wp\/#website\",\"url\":\"https:\/\/gallican-montbrison.fr\/wp\/\",\"name\":\"Chapelle Saint Michel Archange Montbrison\",\"description\":\"Eglise Gallicane, Tradition Apostolique de Gazinet\",\"potentialAction\":[{\"@type\":\"SearchAction\",\"target\":{\"@type\":\"EntryPoint\",\"urlTemplate\":\"https:\/\/gallican-montbrison.fr\/wp\/?s={search_term_string}\"},\"query-input\":{\"@type\":\"PropertyValueSpecification\",\"valueRequired\":true,\"valueName\":\"search_term_string\"}}],\"inLanguage\":\"fr-FR\"},{\"@type\":\"Person\",\"@id\":\"https:\/\/gallican-montbrison.fr\/wp\/#\/schema\/person\/fc5571a40f7c79de2fb1b0cf72c089a4\",\"name\":\"Colette\",\"url\":\"https:\/\/gallican-montbrison.fr\/wp\/?author=3\"}]}<\/script>\n<!-- \/ Yoast SEO plugin. -->","yoast_head_json":{"title":"Messe de la Trinit\u00e9 - Chapelle Saint Michel Archange Montbrison","robots":{"index":"index","follow":"follow","max-snippet":"max-snippet:-1","max-image-preview":"max-image-preview:large","max-video-preview":"max-video-preview:-1"},"canonical":"https:\/\/gallican-montbrison.fr\/wp\/?p=5778","og_locale":"fr_FR","og_type":"article","og_title":"Messe de la Trinit\u00e9 - Chapelle Saint Michel Archange Montbrison","og_description":"&nbsp; &nbsp; &nbsp; Ecouter l&rsquo;hom\u00e9lie: Ep\u00eetre: St Paul aux Romains (11, 33-36) Que la richesse de Dieu est immense\u00a0! Que sa sagesse et sa connaissance sont profondes\u00a0! Qui pourrait expliquer ses d\u00e9cisions\u00a0? Qui pourrait comprendre ses plans?.\u00a0 Comme le d\u00e9clare &hellip; Continuer la lecture &rarr;","og_url":"https:\/\/gallican-montbrison.fr\/wp\/?p=5778","og_site_name":"Chapelle Saint Michel Archange Montbrison","article_publisher":"https:\/\/www.facebook.com\/people\/Eglise-Gallicane-Chapelle-Saint-Michel-Archange\/100064564306693\/","article_published_time":"2018-06-05T10:33:30+00:00","article_modified_time":"2018-06-05T12:43:12+00:00","og_image":[{"url":"http:\/\/gallican-montbrison.fr\/wp\/wp-content\/uploads\/2013\/05\/images-2-150x150.jpeg","type":"","width":"","height":""}],"author":"Colette","twitter_card":"summary_large_image","twitter_misc":{"\u00c9crit par":"Colette","Dur\u00e9e de lecture estim\u00e9e":"1 minute"},"schema":{"@context":"https:\/\/schema.org","@graph":[{"@type":"WebPage","@id":"https:\/\/gallican-montbrison.fr\/wp\/?p=5778","url":"https:\/\/gallican-montbrison.fr\/wp\/?p=5778","name":"Messe de la Trinit\u00e9 - Chapelle Saint Michel Archange Montbrison","isPartOf":{"@id":"https:\/\/gallican-montbrison.fr\/wp\/#website"},"primaryImageOfPage":{"@id":"https:\/\/gallican-montbrison.fr\/wp\/?p=5778#primaryimage"},"image":{"@id":"https:\/\/gallican-montbrison.fr\/wp\/?p=5778#primaryimage"},"thumbnailUrl":"http:\/\/gallican-montbrison.fr\/wp\/wp-content\/uploads\/2013\/05\/images-2-150x150.jpeg","datePublished":"2018-06-05T10:33:30+00:00","dateModified":"2018-06-05T12:43:12+00:00","author":{"@id":"https:\/\/gallican-montbrison.fr\/wp\/#\/schema\/person\/fc5571a40f7c79de2fb1b0cf72c089a4"},"breadcrumb":{"@id":"https:\/\/gallican-montbrison.fr\/wp\/?p=5778#breadcrumb"},"inLanguage":"fr-FR","potentialAction":[{"@type":"ReadAction","target":["https:\/\/gallican-montbrison.fr\/wp\/?p=5778"]}]},{"@type":"ImageObject","inLanguage":"fr-FR","@id":"https:\/\/gallican-montbrison.fr\/wp\/?p=5778#primaryimage","url":"https:\/\/gallican-montbrison.fr\/wp\/wp-content\/uploads\/2013\/05\/images-2.jpeg","contentUrl":"https:\/\/gallican-montbrison.fr\/wp\/wp-content\/uploads\/2013\/05\/images-2.jpeg","width":"160","height":"156"},{"@type":"BreadcrumbList","@id":"https:\/\/gallican-montbrison.fr\/wp\/?p=5778#breadcrumb","itemListElement":[{"@type":"ListItem","position":1,"name":"Accueil","item":"https:\/\/gallican-montbrison.fr\/wp"},{"@type":"ListItem","position":2,"name":"Messe de la Trinit\u00e9"}]},{"@type":"WebSite","@id":"https:\/\/gallican-montbrison.fr\/wp\/#website","url":"https:\/\/gallican-montbrison.fr\/wp\/","name":"Chapelle Saint Michel Archange Montbrison","description":"Eglise Gallicane, Tradition Apostolique de Gazinet","potentialAction":[{"@type":"SearchAction","target":{"@type":"EntryPoint","urlTemplate":"https:\/\/gallican-montbrison.fr\/wp\/?s={search_term_string}"},"query-input":{"@type":"PropertyValueSpecification","valueRequired":true,"valueName":"search_term_string"}}],"inLanguage":"fr-FR"},{"@type":"Person","@id":"https:\/\/gallican-montbrison.fr\/wp\/#\/schema\/person\/fc5571a40f7c79de2fb1b0cf72c089a4","name":"Colette","url":"https:\/\/gallican-montbrison.fr\/wp\/?author=3"}]}},"_links":{"self":[{"href":"https:\/\/gallican-montbrison.fr\/wp\/index.php?rest_route=\/wp\/v2\/posts\/5778"}],"collection":[{"href":"https:\/\/gallican-montbrison.fr\/wp\/index.php?rest_route=\/wp\/v2\/posts"}],"about":[{"href":"https:\/\/gallican-montbrison.fr\/wp\/index.php?rest_route=\/wp\/v2\/types\/post"}],"author":[{"embeddable":true,"href":"https:\/\/gallican-montbrison.fr\/wp\/index.php?rest_route=\/wp\/v2\/users\/3"}],"replies":[{"embeddable":true,"href":"https:\/\/gallican-montbrison.fr\/wp\/index.php?rest_route=%2Fwp%2Fv2%2Fcomments&post=5778"}],"version-history":[{"count":6,"href":"https:\/\/gallican-montbrison.fr\/wp\/index.php?rest_route=\/wp\/v2\/posts\/5778\/revisions"}],"predecessor-version":[{"id":5785,"href":"https:\/\/gallican-montbrison.fr\/wp\/index.php?rest_route=\/wp\/v2\/posts\/5778\/revisions\/5785"}],"wp:attachment":[{"href":"https:\/\/gallican-montbrison.fr\/wp\/index.php?rest_route=%2Fwp%2Fv2%2Fmedia&parent=5778"}],"wp:term":[{"taxonomy":"category","embeddable":true,"href":"https:\/\/gallican-montbrison.fr\/wp\/index.php?rest_route=%2Fwp%2Fv2%2Fcategories&post=5778"},{"taxonomy":"post_tag","embeddable":true,"href":"https:\/\/gallican-montbrison.fr\/wp\/index.php?rest_route=%2Fwp%2Fv2%2Ftags&post=5778"}],"curies":[{"name":"wp","href":"https:\/\/api.w.org\/{rel}","templated":true}]}}