{"id":5869,"date":"2018-09-12T18:48:55","date_gmt":"2018-09-12T16:48:55","guid":{"rendered":"http:\/\/gallican-montbrison.fr\/wp\/?p=5869"},"modified":"2019-04-02T11:03:44","modified_gmt":"2019-04-02T09:03:44","slug":"mariage-celine-charles-09-2018","status":"publish","type":"post","link":"https:\/\/gallican-montbrison.fr\/wp\/?p=5869","title":{"rendered":"Mariage C\u00e9line &#038; Charles (09.2018)"},"content":{"rendered":"<p style=\"text-align: right;\"><a href=\"http:\/\/gallican-montbrison.fr\/wp\/wp-content\/uploads\/2018\/09\/P1080129.jpg\"><img loading=\"lazy\" decoding=\"async\" class=\"alignleft size-medium wp-image-5876\" src=\"http:\/\/gallican-montbrison.fr\/wp\/wp-content\/uploads\/2018\/09\/P1080129-300x225.jpg\" alt=\"\" width=\"300\" height=\"225\" srcset=\"https:\/\/gallican-montbrison.fr\/wp\/wp-content\/uploads\/2018\/09\/P1080129-300x225.jpg 300w, https:\/\/gallican-montbrison.fr\/wp\/wp-content\/uploads\/2018\/09\/P1080129-768x576.jpg 768w, https:\/\/gallican-montbrison.fr\/wp\/wp-content\/uploads\/2018\/09\/P1080129-1024x768.jpg 1024w\" sizes=\"(max-width: 300px) 100vw, 300px\" \/><\/a><a href=\"http:\/\/gallican-montbrison.fr\/wp\/wp-content\/uploads\/2018\/09\/P1080122.jpg\"><img loading=\"lazy\" decoding=\"async\" class=\"alignleft size-medium wp-image-5875\" src=\"http:\/\/gallican-montbrison.fr\/wp\/wp-content\/uploads\/2018\/09\/P1080122-225x300.jpg\" alt=\"\" width=\"225\" height=\"300\" srcset=\"https:\/\/gallican-montbrison.fr\/wp\/wp-content\/uploads\/2018\/09\/P1080122-225x300.jpg 225w, https:\/\/gallican-montbrison.fr\/wp\/wp-content\/uploads\/2018\/09\/P1080122-768x1024.jpg 768w, https:\/\/gallican-montbrison.fr\/wp\/wp-content\/uploads\/2018\/09\/P1080122.jpg 1920w\" sizes=\"(max-width: 225px) 100vw, 225px\" \/><\/a><a href=\"http:\/\/gallican-montbrison.fr\/wp\/wp-content\/uploads\/2018\/09\/P1080135.jpg\"><img loading=\"lazy\" decoding=\"async\" class=\"alignleft size-full wp-image-5877\" src=\"http:\/\/gallican-montbrison.fr\/wp\/wp-content\/uploads\/2018\/09\/P1080135.jpg\" alt=\"\" width=\"2064\" height=\"856\" srcset=\"https:\/\/gallican-montbrison.fr\/wp\/wp-content\/uploads\/2018\/09\/P1080135.jpg 2064w, https:\/\/gallican-montbrison.fr\/wp\/wp-content\/uploads\/2018\/09\/P1080135-300x124.jpg 300w, https:\/\/gallican-montbrison.fr\/wp\/wp-content\/uploads\/2018\/09\/P1080135-768x319.jpg 768w, https:\/\/gallican-montbrison.fr\/wp\/wp-content\/uploads\/2018\/09\/P1080135-1024x425.jpg 1024w\" sizes=\"(max-width: 2064px) 100vw, 2064px\" \/><\/a><a href=\"http:\/\/gallican-montbrison.fr\/wp\/wp-content\/uploads\/2018\/09\/P1080123.jpg\"><img loading=\"lazy\" decoding=\"async\" class=\"alignleft size-medium wp-image-5879\" src=\"http:\/\/gallican-montbrison.fr\/wp\/wp-content\/uploads\/2018\/09\/P1080123-300x225.jpg\" alt=\"\" width=\"300\" height=\"225\" srcset=\"https:\/\/gallican-montbrison.fr\/wp\/wp-content\/uploads\/2018\/09\/P1080123-300x225.jpg 300w, https:\/\/gallican-montbrison.fr\/wp\/wp-content\/uploads\/2018\/09\/P1080123-768x576.jpg 768w, https:\/\/gallican-montbrison.fr\/wp\/wp-content\/uploads\/2018\/09\/P1080123-1024x768.jpg 1024w\" sizes=\"(max-width: 300px) 100vw, 300px\" \/><\/a><\/p>\n<p style=\"text-align: left;\">&nbsp;&nbsp;&nbsp;&nbsp;&nbsp;&nbsp;&nbsp;&nbsp;&nbsp;&nbsp;&nbsp;&nbsp;&nbsp;&nbsp;&nbsp;&nbsp;&nbsp;&nbsp;&nbsp;&nbsp;&nbsp;&nbsp; &nbsp; &nbsp; &nbsp; &nbsp; &nbsp; &nbsp; Samedi 1er Septembre, nous avons uni devant Dieu C\u00e9line et Charles. Ils \u00e9taient entour\u00e9s de leurs familles et de leurs amis et connaissances. Autour de 230 personnes avec eux pour les accompagner dans ce moment si important de leur vie.<\/p>\n<p style=\"text-align: left;\">Valentine, leur fille, baptis\u00e9e en Septembre 2017 au sein de la chapelle, faisait aussi partie de la f\u00eate. Du haut de ses 2ans 1\/2, elle est rest\u00e9e pr\u00e8s de ses parents et a applaudi plusieurs fois pendant la c\u00e9r\u00e9monie. Sa joie \u00e9tait communicative.<\/p>\n<p>L\u2019ap\u00e9ritif qui a suivi nous a permis de rencontrer de nombreuses personnes tr\u00e8s int\u00e9ress\u00e9es et d\u2019\u00e9changer avec elles sur notre Eglise et sur les valeurs gallicanes.<\/p>\n","protected":false},"excerpt":{"rendered":"<p>&nbsp;&nbsp;&nbsp;&nbsp;&nbsp;&nbsp;&nbsp;&nbsp;&nbsp;&nbsp;&nbsp;&nbsp;&nbsp;&nbsp;&nbsp;&nbsp;&nbsp;&nbsp;&nbsp;&nbsp;&nbsp;&nbsp; &nbsp; &nbsp; &nbsp; &nbsp; &nbsp; &nbsp; Samedi 1er Septembre, nous avons uni devant Dieu C\u00e9line et Charles. Ils \u00e9taient entour\u00e9s de leurs familles et de leurs amis et connaissances. Autour de 230 personnes avec eux pour les accompagner dans &hellip; <a href=\"https:\/\/gallican-montbrison.fr\/wp\/?p=5869\">Continuer la lecture <span class=\"meta-nav\">&rarr;<\/span><\/a><\/p>\n","protected":false},"author":3,"featured_media":0,"comment_status":"closed","ping_status":"open","sticky":false,"template":"","format":"standard","meta":{"footnotes":""},"categories":[249,5],"tags":[100,88,27,26,181,70,138,52,140,87,187,6,50,17,180,44],"class_list":["post-5869","post","type-post","status-publish","format-standard","hentry","category-sacrements","category-vie-de-la-chapelle","tag-bapteme","tag-benediction","tag-celebration","tag-chapelle","tag-divorce","tag-eglise","tag-eglise-gallicane","tag-evangile","tag-gallicane","tag-mariage","tag-mariage-divorces","tag-messe","tag-montbrison","tag-oecumenisme-2","tag-remariage","tag-seigneur"],"yoast_head":"<!-- This site is optimized with the Yoast SEO plugin v25.6 - https:\/\/yoast.com\/wordpress\/plugins\/seo\/ -->\n<title>Mariage C\u00e9line &amp; Charles (09.2018) - Chapelle Saint Michel Archange Montbrison<\/title>\n<meta name=\"robots\" content=\"index, follow, max-snippet:-1, max-image-preview:large, max-video-preview:-1\" \/>\n<link rel=\"canonical\" href=\"https:\/\/gallican-montbrison.fr\/wp\/?p=5869\" \/>\n<meta property=\"og:locale\" content=\"fr_FR\" \/>\n<meta property=\"og:type\" content=\"article\" \/>\n<meta property=\"og:title\" content=\"Mariage C\u00e9line &amp; Charles (09.2018) - Chapelle Saint Michel Archange Montbrison\" \/>\n<meta property=\"og:description\" content=\"&nbsp;&nbsp;&nbsp;&nbsp;&nbsp;&nbsp;&nbsp;&nbsp;&nbsp;&nbsp;&nbsp;&nbsp;&nbsp;&nbsp;&nbsp;&nbsp;&nbsp;&nbsp;&nbsp;&nbsp;&nbsp;&nbsp; &nbsp; &nbsp; &nbsp; &nbsp; &nbsp; &nbsp; Samedi 1er Septembre, nous avons uni devant Dieu C\u00e9line et Charles. Ils \u00e9taient entour\u00e9s de leurs familles et de leurs amis et connaissances. Autour de 230 personnes avec eux pour les accompagner dans &hellip; Continuer la lecture &rarr;\" \/>\n<meta property=\"og:url\" content=\"https:\/\/gallican-montbrison.fr\/wp\/?p=5869\" \/>\n<meta property=\"og:site_name\" content=\"Chapelle Saint Michel Archange Montbrison\" \/>\n<meta property=\"article:publisher\" content=\"https:\/\/www.facebook.com\/people\/Eglise-Gallicane-Chapelle-Saint-Michel-Archange\/100064564306693\/\" \/>\n<meta property=\"article:published_time\" content=\"2018-09-12T16:48:55+00:00\" \/>\n<meta property=\"article:modified_time\" content=\"2019-04-02T09:03:44+00:00\" \/>\n<meta property=\"og:image\" content=\"http:\/\/gallican-montbrison.fr\/wp\/wp-content\/uploads\/2018\/09\/P1080129-300x225.jpg\" \/>\n<meta name=\"author\" content=\"Colette\" \/>\n<meta name=\"twitter:card\" content=\"summary_large_image\" \/>\n<meta name=\"twitter:label1\" content=\"\u00c9crit par\" \/>\n\t<meta name=\"twitter:data1\" content=\"Colette\" \/>\n\t<meta name=\"twitter:label2\" content=\"Dur\u00e9e de lecture estim\u00e9e\" \/>\n\t<meta name=\"twitter:data2\" content=\"1 minute\" \/>\n<script type=\"application\/ld+json\" class=\"yoast-schema-graph\">{\"@context\":\"https:\/\/schema.org\",\"@graph\":[{\"@type\":\"WebPage\",\"@id\":\"https:\/\/gallican-montbrison.fr\/wp\/?p=5869\",\"url\":\"https:\/\/gallican-montbrison.fr\/wp\/?p=5869\",\"name\":\"Mariage C\u00e9line & Charles (09.2018) - Chapelle Saint Michel Archange Montbrison\",\"isPartOf\":{\"@id\":\"https:\/\/gallican-montbrison.fr\/wp\/#website\"},\"primaryImageOfPage\":{\"@id\":\"https:\/\/gallican-montbrison.fr\/wp\/?p=5869#primaryimage\"},\"image\":{\"@id\":\"https:\/\/gallican-montbrison.fr\/wp\/?p=5869#primaryimage\"},\"thumbnailUrl\":\"http:\/\/gallican-montbrison.fr\/wp\/wp-content\/uploads\/2018\/09\/P1080129-300x225.jpg\",\"datePublished\":\"2018-09-12T16:48:55+00:00\",\"dateModified\":\"2019-04-02T09:03:44+00:00\",\"author\":{\"@id\":\"https:\/\/gallican-montbrison.fr\/wp\/#\/schema\/person\/fc5571a40f7c79de2fb1b0cf72c089a4\"},\"breadcrumb\":{\"@id\":\"https:\/\/gallican-montbrison.fr\/wp\/?p=5869#breadcrumb\"},\"inLanguage\":\"fr-FR\",\"potentialAction\":[{\"@type\":\"ReadAction\",\"target\":[\"https:\/\/gallican-montbrison.fr\/wp\/?p=5869\"]}]},{\"@type\":\"ImageObject\",\"inLanguage\":\"fr-FR\",\"@id\":\"https:\/\/gallican-montbrison.fr\/wp\/?p=5869#primaryimage\",\"url\":\"https:\/\/gallican-montbrison.fr\/wp\/wp-content\/uploads\/2018\/09\/P1080129.jpg\",\"contentUrl\":\"https:\/\/gallican-montbrison.fr\/wp\/wp-content\/uploads\/2018\/09\/P1080129.jpg\",\"width\":2560,\"height\":1920},{\"@type\":\"BreadcrumbList\",\"@id\":\"https:\/\/gallican-montbrison.fr\/wp\/?p=5869#breadcrumb\",\"itemListElement\":[{\"@type\":\"ListItem\",\"position\":1,\"name\":\"Accueil\",\"item\":\"https:\/\/gallican-montbrison.fr\/wp\"},{\"@type\":\"ListItem\",\"position\":2,\"name\":\"Mariage C\u00e9line &#038; Charles (09.2018)\"}]},{\"@type\":\"WebSite\",\"@id\":\"https:\/\/gallican-montbrison.fr\/wp\/#website\",\"url\":\"https:\/\/gallican-montbrison.fr\/wp\/\",\"name\":\"Chapelle Saint Michel Archange Montbrison\",\"description\":\"Eglise Gallicane, Tradition Apostolique de Gazinet\",\"potentialAction\":[{\"@type\":\"SearchAction\",\"target\":{\"@type\":\"EntryPoint\",\"urlTemplate\":\"https:\/\/gallican-montbrison.fr\/wp\/?s={search_term_string}\"},\"query-input\":{\"@type\":\"PropertyValueSpecification\",\"valueRequired\":true,\"valueName\":\"search_term_string\"}}],\"inLanguage\":\"fr-FR\"},{\"@type\":\"Person\",\"@id\":\"https:\/\/gallican-montbrison.fr\/wp\/#\/schema\/person\/fc5571a40f7c79de2fb1b0cf72c089a4\",\"name\":\"Colette\",\"url\":\"https:\/\/gallican-montbrison.fr\/wp\/?author=3\"}]}<\/script>\n<!-- \/ Yoast SEO plugin. -->","yoast_head_json":{"title":"Mariage C\u00e9line & Charles (09.2018) - Chapelle Saint Michel Archange Montbrison","robots":{"index":"index","follow":"follow","max-snippet":"max-snippet:-1","max-image-preview":"max-image-preview:large","max-video-preview":"max-video-preview:-1"},"canonical":"https:\/\/gallican-montbrison.fr\/wp\/?p=5869","og_locale":"fr_FR","og_type":"article","og_title":"Mariage C\u00e9line & Charles (09.2018) - Chapelle Saint Michel Archange Montbrison","og_description":"&nbsp;&nbsp;&nbsp;&nbsp;&nbsp;&nbsp;&nbsp;&nbsp;&nbsp;&nbsp;&nbsp;&nbsp;&nbsp;&nbsp;&nbsp;&nbsp;&nbsp;&nbsp;&nbsp;&nbsp;&nbsp;&nbsp; &nbsp; &nbsp; &nbsp; &nbsp; &nbsp; &nbsp; Samedi 1er Septembre, nous avons uni devant Dieu C\u00e9line et Charles. Ils \u00e9taient entour\u00e9s de leurs familles et de leurs amis et connaissances. Autour de 230 personnes avec eux pour les accompagner dans &hellip; Continuer la lecture &rarr;","og_url":"https:\/\/gallican-montbrison.fr\/wp\/?p=5869","og_site_name":"Chapelle Saint Michel Archange Montbrison","article_publisher":"https:\/\/www.facebook.com\/people\/Eglise-Gallicane-Chapelle-Saint-Michel-Archange\/100064564306693\/","article_published_time":"2018-09-12T16:48:55+00:00","article_modified_time":"2019-04-02T09:03:44+00:00","og_image":[{"url":"http:\/\/gallican-montbrison.fr\/wp\/wp-content\/uploads\/2018\/09\/P1080129-300x225.jpg","type":"","width":"","height":""}],"author":"Colette","twitter_card":"summary_large_image","twitter_misc":{"\u00c9crit par":"Colette","Dur\u00e9e de lecture estim\u00e9e":"1 minute"},"schema":{"@context":"https:\/\/schema.org","@graph":[{"@type":"WebPage","@id":"https:\/\/gallican-montbrison.fr\/wp\/?p=5869","url":"https:\/\/gallican-montbrison.fr\/wp\/?p=5869","name":"Mariage C\u00e9line & Charles (09.2018) - Chapelle Saint Michel Archange Montbrison","isPartOf":{"@id":"https:\/\/gallican-montbrison.fr\/wp\/#website"},"primaryImageOfPage":{"@id":"https:\/\/gallican-montbrison.fr\/wp\/?p=5869#primaryimage"},"image":{"@id":"https:\/\/gallican-montbrison.fr\/wp\/?p=5869#primaryimage"},"thumbnailUrl":"http:\/\/gallican-montbrison.fr\/wp\/wp-content\/uploads\/2018\/09\/P1080129-300x225.jpg","datePublished":"2018-09-12T16:48:55+00:00","dateModified":"2019-04-02T09:03:44+00:00","author":{"@id":"https:\/\/gallican-montbrison.fr\/wp\/#\/schema\/person\/fc5571a40f7c79de2fb1b0cf72c089a4"},"breadcrumb":{"@id":"https:\/\/gallican-montbrison.fr\/wp\/?p=5869#breadcrumb"},"inLanguage":"fr-FR","potentialAction":[{"@type":"ReadAction","target":["https:\/\/gallican-montbrison.fr\/wp\/?p=5869"]}]},{"@type":"ImageObject","inLanguage":"fr-FR","@id":"https:\/\/gallican-montbrison.fr\/wp\/?p=5869#primaryimage","url":"https:\/\/gallican-montbrison.fr\/wp\/wp-content\/uploads\/2018\/09\/P1080129.jpg","contentUrl":"https:\/\/gallican-montbrison.fr\/wp\/wp-content\/uploads\/2018\/09\/P1080129.jpg","width":2560,"height":1920},{"@type":"BreadcrumbList","@id":"https:\/\/gallican-montbrison.fr\/wp\/?p=5869#breadcrumb","itemListElement":[{"@type":"ListItem","position":1,"name":"Accueil","item":"https:\/\/gallican-montbrison.fr\/wp"},{"@type":"ListItem","position":2,"name":"Mariage C\u00e9line &#038; Charles (09.2018)"}]},{"@type":"WebSite","@id":"https:\/\/gallican-montbrison.fr\/wp\/#website","url":"https:\/\/gallican-montbrison.fr\/wp\/","name":"Chapelle Saint Michel Archange Montbrison","description":"Eglise Gallicane, Tradition Apostolique de Gazinet","potentialAction":[{"@type":"SearchAction","target":{"@type":"EntryPoint","urlTemplate":"https:\/\/gallican-montbrison.fr\/wp\/?s={search_term_string}"},"query-input":{"@type":"PropertyValueSpecification","valueRequired":true,"valueName":"search_term_string"}}],"inLanguage":"fr-FR"},{"@type":"Person","@id":"https:\/\/gallican-montbrison.fr\/wp\/#\/schema\/person\/fc5571a40f7c79de2fb1b0cf72c089a4","name":"Colette","url":"https:\/\/gallican-montbrison.fr\/wp\/?author=3"}]}},"_links":{"self":[{"href":"https:\/\/gallican-montbrison.fr\/wp\/index.php?rest_route=\/wp\/v2\/posts\/5869"}],"collection":[{"href":"https:\/\/gallican-montbrison.fr\/wp\/index.php?rest_route=\/wp\/v2\/posts"}],"about":[{"href":"https:\/\/gallican-montbrison.fr\/wp\/index.php?rest_route=\/wp\/v2\/types\/post"}],"author":[{"embeddable":true,"href":"https:\/\/gallican-montbrison.fr\/wp\/index.php?rest_route=\/wp\/v2\/users\/3"}],"replies":[{"embeddable":true,"href":"https:\/\/gallican-montbrison.fr\/wp\/index.php?rest_route=%2Fwp%2Fv2%2Fcomments&post=5869"}],"version-history":[{"count":16,"href":"https:\/\/gallican-montbrison.fr\/wp\/index.php?rest_route=\/wp\/v2\/posts\/5869\/revisions"}],"predecessor-version":[{"id":6189,"href":"https:\/\/gallican-montbrison.fr\/wp\/index.php?rest_route=\/wp\/v2\/posts\/5869\/revisions\/6189"}],"wp:attachment":[{"href":"https:\/\/gallican-montbrison.fr\/wp\/index.php?rest_route=%2Fwp%2Fv2%2Fmedia&parent=5869"}],"wp:term":[{"taxonomy":"category","embeddable":true,"href":"https:\/\/gallican-montbrison.fr\/wp\/index.php?rest_route=%2Fwp%2Fv2%2Fcategories&post=5869"},{"taxonomy":"post_tag","embeddable":true,"href":"https:\/\/gallican-montbrison.fr\/wp\/index.php?rest_route=%2Fwp%2Fv2%2Ftags&post=5869"}],"curies":[{"name":"wp","href":"https:\/\/api.w.org\/{rel}","templated":true}]}}