{"id":5905,"date":"2018-10-02T12:56:28","date_gmt":"2018-10-02T10:56:28","guid":{"rendered":"http:\/\/gallican-montbrison.fr\/wp\/?p=5905"},"modified":"2018-10-02T13:05:33","modified_gmt":"2018-10-02T11:05:33","slug":"celebration-saint-michel-archange","status":"publish","type":"post","link":"https:\/\/gallican-montbrison.fr\/wp\/?p=5905","title":{"rendered":"C\u00e9l\u00e9bration Saint Michel Archange"},"content":{"rendered":"<p><strong><span style=\"color: #ff6600;\">Ecouter l&rsquo;hom\u00e9lie Messe St Michel :<\/span><\/strong><\/p>\n<!--[if lt IE 9]><script>document.createElement('audio');<\/script><![endif]-->\n<audio class=\"wp-audio-shortcode\" id=\"audio-5905-1\" preload=\"none\" style=\"width: 100%;\" controls=\"controls\"><source type=\"audio\/mpeg\" src=\"http:\/\/gallican-montbrison.fr\/wp\/wp-content\/uploads\/2018\/10\/23-Home\u0301lie-Messe-st-Michel-Archange-2018.mp3?_=1\" \/><a href=\"http:\/\/gallican-montbrison.fr\/wp\/wp-content\/uploads\/2018\/10\/23-Home\u0301lie-Messe-st-Michel-Archange-2018.mp3\">http:\/\/gallican-montbrison.fr\/wp\/wp-content\/uploads\/2018\/10\/23-Home\u0301lie-Messe-st-Michel-Archange-2018.mp3<\/a><\/audio>\n<p><strong><span style=\"color: #800080;\"><a href=\"http:\/\/gallican-montbrison.fr\/wp\/wp-content\/uploads\/2018\/10\/St-Michel.jpeg\"><img loading=\"lazy\" decoding=\"async\" class=\"alignleft size-medium wp-image-5908\" src=\"http:\/\/gallican-montbrison.fr\/wp\/wp-content\/uploads\/2018\/10\/St-Michel-223x300.jpeg\" alt=\"\" width=\"223\" height=\"300\" srcset=\"https:\/\/gallican-montbrison.fr\/wp\/wp-content\/uploads\/2018\/10\/St-Michel-223x300.jpeg 223w, https:\/\/gallican-montbrison.fr\/wp\/wp-content\/uploads\/2018\/10\/St-Michel.jpeg 482w\" sizes=\"(max-width: 223px) 100vw, 223px\" \/><\/a>Ep\u00eetre: Apocalypse de St Jean 1, 1-5<\/span><\/strong><\/p>\n<p><span style=\"color: #800080;\">Ce livre contient la r\u00e9v\u00e9lation que J\u00e9sus-Christ a re\u00e7ue. Dieu la lui a donn\u00e9e pour qu\u2019il montre \u00e0 ses serviteurs ce qui doit arriver bient\u00f4t. Le Christ a envoy\u00e9 son ange \u00e0 son serviteur Jean pour lui faire conna\u00eetre cela.\u00a0\u00a0Jean est t\u00e9moin que tout ce qu\u2019il a vu\u00a0est parole de Dieu et v\u00e9rit\u00e9 r\u00e9v\u00e9l\u00e9e par J\u00e9sus-Christ.\u00a0\u00a0Heureux celui qui lit ce livre, heureux ceux qui \u00e9coutent ce message proph\u00e9tique et prennent au s\u00e9rieux ce qui est \u00e9crit ici\u00a0! Car le moment fix\u00e9 pour tous ces \u00e9v\u00e9nements est proche.<\/span><\/p>\n<p><span style=\"color: #800080;\">De la part de Jean, aux sept \u00c9glises de la province d\u2019Asie\u00a0:\u00a0Que la gr\u00e2ce et la paix vous soient accord\u00e9es de la part de Dieu qui est, qui \u00e9tait et qui vient, de la part des sept esprits qui sont devant son tr\u00f4ne\u00a0et de la part de J\u00e9sus-Christ, le t\u00e9moin fid\u00e8le, le Fils premier-n\u00e9, le premier \u00e0 avoir \u00e9t\u00e9 ramen\u00e9 d\u2019entre les morts, et le souverain des rois de la terre.\u00a0Le Christ nous aime et il nous a d\u00e9livr\u00e9s de nos p\u00e9ch\u00e9s par son sacrifice.<\/span><\/p>\n<p><strong><span style=\"color: #800080;\">Evangile : St Matthieu 18, 1-10<\/span><\/strong><\/p>\n<p><span style=\"color: #800080;\">A ce moment, les disciples s\u2019approch\u00e8rent de J\u00e9sus et lui demand\u00e8rent\u00a0: \u00ab\u00a0Qui est le plus grand dans le Royaume des cieux\u00a0?\u00a0\u00bb.\u00a0J\u00e9sus appela un petit enfant, le pla\u00e7a au milieu d\u2019eux\u00a0et dit\u00a0: \u00ab\u00a0Je vous le d\u00e9clare, c\u2019est la v\u00e9rit\u00e9\u00a0: si vous ne changez pas pour devenir comme des petits enfants, vous n\u2019entrerez pas dans le Royaume des cieux.\u00a0\u00a0Le plus grand dans le Royaume des cieux est celui qui s\u2019abaisse et devient comme cet enfant.\u00a0Et l\u2019homme qui re\u00e7oit un enfant comme celui-ci par amour pour moi, me re\u00e7oit moi-m\u00eame.<\/span><br \/>\n<span style=\"color: #800080;\">\u00ab\u00a0Celui qui fait tomber dans le p\u00e9ch\u00e9 un de ces petits qui croient en moi, il vaudrait mieux pour lui qu\u2019on lui attache au cou une grosse pierre et qu\u2019on le noie au fond de la mer.\u00a0Quel malheur pour le monde que tous les faits qui entra\u00eenent les hommes \u00e0 p\u00e9cher\u00a0! Ils se produisent fatalement, mais malheur \u00e0 l\u2019homme qui en est la cause\u00a0!\u00a0\u00a0Si c\u2019est \u00e0 cause de ta main ou de ton pied que tu tombes dans le p\u00e9ch\u00e9, coupe-les et jette-les loin de toi\u00a0; il vaut mieux pour toi entrer dans la vraie vie avec une seule main ou un seul pied que de garder les deux mains et les deux pieds et d\u2019\u00eatre jet\u00e9 dans le feu \u00e9ternel.\u00a0\u00a0Et si c\u2019est \u00e0 cause de ton oeil que tu tombes dans le p\u00e9ch\u00e9, arrache-le et jette-le loin de toi\u00a0; il vaut mieux pour toi entrer dans la vraie vie avec un seul oeil que de garder les deux yeux et d\u2019\u00eatre jet\u00e9 dans le feu de l\u2019enfer.\u00a0\u00bb<\/span><\/p>\n<p><span style=\"color: #800080;\">\u00ab\u00a0Gardez-vous de m\u00e9priser l\u2019un de ces petits\u00a0; je vous l\u2019affirme, en effet, leurs anges se tiennent continuellement en pr\u00e9sence de mon P\u00e8re dans les cieux\u00a0\u00bb.<\/span><\/p>\n","protected":false},"excerpt":{"rendered":"<p>Ecouter l&rsquo;hom\u00e9lie Messe St Michel : Ep\u00eetre: Apocalypse de St Jean 1, 1-5 Ce livre contient la r\u00e9v\u00e9lation que J\u00e9sus-Christ a re\u00e7ue. Dieu la lui a donn\u00e9e pour qu\u2019il montre \u00e0 ses serviteurs ce qui doit arriver bient\u00f4t. Le Christ &hellip; <a href=\"https:\/\/gallican-montbrison.fr\/wp\/?p=5905\">Continuer la lecture <span class=\"meta-nav\">&rarr;<\/span><\/a><\/p>\n","protected":false},"author":3,"featured_media":0,"comment_status":"closed","ping_status":"open","sticky":false,"template":"","format":"standard","meta":{"footnotes":""},"categories":[4],"tags":[],"class_list":["post-5905","post","type-post","status-publish","format-standard","hentry","category-homelies"],"yoast_head":"<!-- This site is optimized with the Yoast SEO plugin v25.6 - https:\/\/yoast.com\/wordpress\/plugins\/seo\/ -->\n<title>C\u00e9l\u00e9bration Saint Michel Archange - Chapelle Saint Michel Archange Montbrison<\/title>\n<meta name=\"robots\" content=\"index, follow, max-snippet:-1, max-image-preview:large, max-video-preview:-1\" \/>\n<link rel=\"canonical\" href=\"https:\/\/gallican-montbrison.fr\/wp\/?p=5905\" \/>\n<meta property=\"og:locale\" content=\"fr_FR\" \/>\n<meta property=\"og:type\" content=\"article\" \/>\n<meta property=\"og:title\" content=\"C\u00e9l\u00e9bration Saint Michel Archange - Chapelle Saint Michel Archange Montbrison\" \/>\n<meta property=\"og:description\" content=\"Ecouter l&rsquo;hom\u00e9lie Messe St Michel : Ep\u00eetre: Apocalypse de St Jean 1, 1-5 Ce livre contient la r\u00e9v\u00e9lation que J\u00e9sus-Christ a re\u00e7ue. Dieu la lui a donn\u00e9e pour qu\u2019il montre \u00e0 ses serviteurs ce qui doit arriver bient\u00f4t. Le Christ &hellip; Continuer la lecture &rarr;\" \/>\n<meta property=\"og:url\" content=\"https:\/\/gallican-montbrison.fr\/wp\/?p=5905\" \/>\n<meta property=\"og:site_name\" content=\"Chapelle Saint Michel Archange Montbrison\" \/>\n<meta property=\"article:publisher\" content=\"https:\/\/www.facebook.com\/people\/Eglise-Gallicane-Chapelle-Saint-Michel-Archange\/100064564306693\/\" \/>\n<meta property=\"article:published_time\" content=\"2018-10-02T10:56:28+00:00\" \/>\n<meta property=\"article:modified_time\" content=\"2018-10-02T11:05:33+00:00\" \/>\n<meta property=\"og:image\" content=\"http:\/\/gallican-montbrison.fr\/wp\/wp-content\/uploads\/2018\/10\/St-Michel-223x300.jpeg\" \/>\n<meta name=\"author\" content=\"Colette\" \/>\n<meta name=\"twitter:card\" content=\"summary_large_image\" \/>\n<meta name=\"twitter:label1\" content=\"\u00c9crit par\" \/>\n\t<meta name=\"twitter:data1\" content=\"Colette\" \/>\n\t<meta name=\"twitter:label2\" content=\"Dur\u00e9e de lecture estim\u00e9e\" \/>\n\t<meta name=\"twitter:data2\" content=\"3 minutes\" \/>\n<script type=\"application\/ld+json\" class=\"yoast-schema-graph\">{\"@context\":\"https:\/\/schema.org\",\"@graph\":[{\"@type\":\"WebPage\",\"@id\":\"https:\/\/gallican-montbrison.fr\/wp\/?p=5905\",\"url\":\"https:\/\/gallican-montbrison.fr\/wp\/?p=5905\",\"name\":\"C\u00e9l\u00e9bration Saint Michel Archange - Chapelle Saint Michel Archange Montbrison\",\"isPartOf\":{\"@id\":\"https:\/\/gallican-montbrison.fr\/wp\/#website\"},\"primaryImageOfPage\":{\"@id\":\"https:\/\/gallican-montbrison.fr\/wp\/?p=5905#primaryimage\"},\"image\":{\"@id\":\"https:\/\/gallican-montbrison.fr\/wp\/?p=5905#primaryimage\"},\"thumbnailUrl\":\"http:\/\/gallican-montbrison.fr\/wp\/wp-content\/uploads\/2018\/10\/St-Michel-223x300.jpeg\",\"datePublished\":\"2018-10-02T10:56:28+00:00\",\"dateModified\":\"2018-10-02T11:05:33+00:00\",\"author\":{\"@id\":\"https:\/\/gallican-montbrison.fr\/wp\/#\/schema\/person\/fc5571a40f7c79de2fb1b0cf72c089a4\"},\"breadcrumb\":{\"@id\":\"https:\/\/gallican-montbrison.fr\/wp\/?p=5905#breadcrumb\"},\"inLanguage\":\"fr-FR\",\"potentialAction\":[{\"@type\":\"ReadAction\",\"target\":[\"https:\/\/gallican-montbrison.fr\/wp\/?p=5905\"]}]},{\"@type\":\"ImageObject\",\"inLanguage\":\"fr-FR\",\"@id\":\"https:\/\/gallican-montbrison.fr\/wp\/?p=5905#primaryimage\",\"url\":\"https:\/\/gallican-montbrison.fr\/wp\/wp-content\/uploads\/2018\/10\/St-Michel.jpeg\",\"contentUrl\":\"https:\/\/gallican-montbrison.fr\/wp\/wp-content\/uploads\/2018\/10\/St-Michel.jpeg\",\"width\":482,\"height\":648},{\"@type\":\"BreadcrumbList\",\"@id\":\"https:\/\/gallican-montbrison.fr\/wp\/?p=5905#breadcrumb\",\"itemListElement\":[{\"@type\":\"ListItem\",\"position\":1,\"name\":\"Accueil\",\"item\":\"https:\/\/gallican-montbrison.fr\/wp\"},{\"@type\":\"ListItem\",\"position\":2,\"name\":\"C\u00e9l\u00e9bration Saint Michel Archange\"}]},{\"@type\":\"WebSite\",\"@id\":\"https:\/\/gallican-montbrison.fr\/wp\/#website\",\"url\":\"https:\/\/gallican-montbrison.fr\/wp\/\",\"name\":\"Chapelle Saint Michel Archange Montbrison\",\"description\":\"Eglise Gallicane, Tradition Apostolique de Gazinet\",\"potentialAction\":[{\"@type\":\"SearchAction\",\"target\":{\"@type\":\"EntryPoint\",\"urlTemplate\":\"https:\/\/gallican-montbrison.fr\/wp\/?s={search_term_string}\"},\"query-input\":{\"@type\":\"PropertyValueSpecification\",\"valueRequired\":true,\"valueName\":\"search_term_string\"}}],\"inLanguage\":\"fr-FR\"},{\"@type\":\"Person\",\"@id\":\"https:\/\/gallican-montbrison.fr\/wp\/#\/schema\/person\/fc5571a40f7c79de2fb1b0cf72c089a4\",\"name\":\"Colette\",\"url\":\"https:\/\/gallican-montbrison.fr\/wp\/?author=3\"}]}<\/script>\n<!-- \/ Yoast SEO plugin. -->","yoast_head_json":{"title":"C\u00e9l\u00e9bration Saint Michel Archange - Chapelle Saint Michel Archange Montbrison","robots":{"index":"index","follow":"follow","max-snippet":"max-snippet:-1","max-image-preview":"max-image-preview:large","max-video-preview":"max-video-preview:-1"},"canonical":"https:\/\/gallican-montbrison.fr\/wp\/?p=5905","og_locale":"fr_FR","og_type":"article","og_title":"C\u00e9l\u00e9bration Saint Michel Archange - Chapelle Saint Michel Archange Montbrison","og_description":"Ecouter l&rsquo;hom\u00e9lie Messe St Michel : Ep\u00eetre: Apocalypse de St Jean 1, 1-5 Ce livre contient la r\u00e9v\u00e9lation que J\u00e9sus-Christ a re\u00e7ue. Dieu la lui a donn\u00e9e pour qu\u2019il montre \u00e0 ses serviteurs ce qui doit arriver bient\u00f4t. Le Christ &hellip; Continuer la lecture &rarr;","og_url":"https:\/\/gallican-montbrison.fr\/wp\/?p=5905","og_site_name":"Chapelle Saint Michel Archange Montbrison","article_publisher":"https:\/\/www.facebook.com\/people\/Eglise-Gallicane-Chapelle-Saint-Michel-Archange\/100064564306693\/","article_published_time":"2018-10-02T10:56:28+00:00","article_modified_time":"2018-10-02T11:05:33+00:00","og_image":[{"url":"http:\/\/gallican-montbrison.fr\/wp\/wp-content\/uploads\/2018\/10\/St-Michel-223x300.jpeg","type":"","width":"","height":""}],"author":"Colette","twitter_card":"summary_large_image","twitter_misc":{"\u00c9crit par":"Colette","Dur\u00e9e de lecture estim\u00e9e":"3 minutes"},"schema":{"@context":"https:\/\/schema.org","@graph":[{"@type":"WebPage","@id":"https:\/\/gallican-montbrison.fr\/wp\/?p=5905","url":"https:\/\/gallican-montbrison.fr\/wp\/?p=5905","name":"C\u00e9l\u00e9bration Saint Michel Archange - Chapelle Saint Michel Archange Montbrison","isPartOf":{"@id":"https:\/\/gallican-montbrison.fr\/wp\/#website"},"primaryImageOfPage":{"@id":"https:\/\/gallican-montbrison.fr\/wp\/?p=5905#primaryimage"},"image":{"@id":"https:\/\/gallican-montbrison.fr\/wp\/?p=5905#primaryimage"},"thumbnailUrl":"http:\/\/gallican-montbrison.fr\/wp\/wp-content\/uploads\/2018\/10\/St-Michel-223x300.jpeg","datePublished":"2018-10-02T10:56:28+00:00","dateModified":"2018-10-02T11:05:33+00:00","author":{"@id":"https:\/\/gallican-montbrison.fr\/wp\/#\/schema\/person\/fc5571a40f7c79de2fb1b0cf72c089a4"},"breadcrumb":{"@id":"https:\/\/gallican-montbrison.fr\/wp\/?p=5905#breadcrumb"},"inLanguage":"fr-FR","potentialAction":[{"@type":"ReadAction","target":["https:\/\/gallican-montbrison.fr\/wp\/?p=5905"]}]},{"@type":"ImageObject","inLanguage":"fr-FR","@id":"https:\/\/gallican-montbrison.fr\/wp\/?p=5905#primaryimage","url":"https:\/\/gallican-montbrison.fr\/wp\/wp-content\/uploads\/2018\/10\/St-Michel.jpeg","contentUrl":"https:\/\/gallican-montbrison.fr\/wp\/wp-content\/uploads\/2018\/10\/St-Michel.jpeg","width":482,"height":648},{"@type":"BreadcrumbList","@id":"https:\/\/gallican-montbrison.fr\/wp\/?p=5905#breadcrumb","itemListElement":[{"@type":"ListItem","position":1,"name":"Accueil","item":"https:\/\/gallican-montbrison.fr\/wp"},{"@type":"ListItem","position":2,"name":"C\u00e9l\u00e9bration Saint Michel Archange"}]},{"@type":"WebSite","@id":"https:\/\/gallican-montbrison.fr\/wp\/#website","url":"https:\/\/gallican-montbrison.fr\/wp\/","name":"Chapelle Saint Michel Archange Montbrison","description":"Eglise Gallicane, Tradition Apostolique de Gazinet","potentialAction":[{"@type":"SearchAction","target":{"@type":"EntryPoint","urlTemplate":"https:\/\/gallican-montbrison.fr\/wp\/?s={search_term_string}"},"query-input":{"@type":"PropertyValueSpecification","valueRequired":true,"valueName":"search_term_string"}}],"inLanguage":"fr-FR"},{"@type":"Person","@id":"https:\/\/gallican-montbrison.fr\/wp\/#\/schema\/person\/fc5571a40f7c79de2fb1b0cf72c089a4","name":"Colette","url":"https:\/\/gallican-montbrison.fr\/wp\/?author=3"}]}},"_links":{"self":[{"href":"https:\/\/gallican-montbrison.fr\/wp\/index.php?rest_route=\/wp\/v2\/posts\/5905"}],"collection":[{"href":"https:\/\/gallican-montbrison.fr\/wp\/index.php?rest_route=\/wp\/v2\/posts"}],"about":[{"href":"https:\/\/gallican-montbrison.fr\/wp\/index.php?rest_route=\/wp\/v2\/types\/post"}],"author":[{"embeddable":true,"href":"https:\/\/gallican-montbrison.fr\/wp\/index.php?rest_route=\/wp\/v2\/users\/3"}],"replies":[{"embeddable":true,"href":"https:\/\/gallican-montbrison.fr\/wp\/index.php?rest_route=%2Fwp%2Fv2%2Fcomments&post=5905"}],"version-history":[{"count":3,"href":"https:\/\/gallican-montbrison.fr\/wp\/index.php?rest_route=\/wp\/v2\/posts\/5905\/revisions"}],"predecessor-version":[{"id":5910,"href":"https:\/\/gallican-montbrison.fr\/wp\/index.php?rest_route=\/wp\/v2\/posts\/5905\/revisions\/5910"}],"wp:attachment":[{"href":"https:\/\/gallican-montbrison.fr\/wp\/index.php?rest_route=%2Fwp%2Fv2%2Fmedia&parent=5905"}],"wp:term":[{"taxonomy":"category","embeddable":true,"href":"https:\/\/gallican-montbrison.fr\/wp\/index.php?rest_route=%2Fwp%2Fv2%2Fcategories&post=5905"},{"taxonomy":"post_tag","embeddable":true,"href":"https:\/\/gallican-montbrison.fr\/wp\/index.php?rest_route=%2Fwp%2Fv2%2Ftags&post=5905"}],"curies":[{"name":"wp","href":"https:\/\/api.w.org\/{rel}","templated":true}]}}