{"id":6020,"date":"2019-01-07T18:08:44","date_gmt":"2019-01-07T17:08:44","guid":{"rendered":"http:\/\/gallican-montbrison.fr\/wp\/?p=6020"},"modified":"2019-03-08T19:57:03","modified_gmt":"2019-03-08T18:57:03","slug":"celebration-epiphanie-2019","status":"publish","type":"post","link":"https:\/\/gallican-montbrison.fr\/wp\/?p=6020","title":{"rendered":"C\u00e9l\u00e9bration Epiphanie 2019"},"content":{"rendered":"<p><a href=\"http:\/\/gallican-montbrison.fr\/wp\/wp-content\/uploads\/2019\/01\/rois-mages.jpeg\"><img loading=\"lazy\" decoding=\"async\" class=\"alignleft size-large wp-image-6022\" src=\"http:\/\/gallican-montbrison.fr\/wp\/wp-content\/uploads\/2019\/01\/rois-mages-1024x783.jpeg\" alt=\"\" width=\"640\" height=\"489\" srcset=\"https:\/\/gallican-montbrison.fr\/wp\/wp-content\/uploads\/2019\/01\/rois-mages-1024x783.jpeg 1024w, https:\/\/gallican-montbrison.fr\/wp\/wp-content\/uploads\/2019\/01\/rois-mages-300x229.jpeg 300w, https:\/\/gallican-montbrison.fr\/wp\/wp-content\/uploads\/2019\/01\/rois-mages-768x587.jpeg 768w, https:\/\/gallican-montbrison.fr\/wp\/wp-content\/uploads\/2019\/01\/rois-mages.jpeg 1284w\" sizes=\"(max-width: 640px) 100vw, 640px\" \/><\/a><\/p>\n<p><span style=\"color: #ff6600;\">Ecouter l&rsquo;hom\u00e9lie :\u00a0 Epiphanie 2019<\/span><\/p>\n<!--[if lt IE 9]><script>document.createElement('audio');<\/script><![endif]-->\n<audio class=\"wp-audio-shortcode\" id=\"audio-6020-1\" preload=\"none\" style=\"width: 100%;\" controls=\"controls\"><source type=\"audio\/mpeg\" src=\"http:\/\/gallican-montbrison.fr\/wp\/wp-content\/uploads\/2019\/01\/3Home\u0301lie-Epiphanie-2018-.mp3?_=1\" \/><a href=\"http:\/\/gallican-montbrison.fr\/wp\/wp-content\/uploads\/2019\/01\/3Home\u0301lie-Epiphanie-2018-.mp3\">http:\/\/gallican-montbrison.fr\/wp\/wp-content\/uploads\/2019\/01\/3Home\u0301lie-Epiphanie-2018-.mp3<\/a><\/audio>\n\n\n<p><strong>Ep\u00eetre : lecture Proph\u00e8te Isa\u00efe 60,1-6<\/strong><\/p>\n\n\n\n<p>Debout, J\u00e9rusalem,&nbsp;brille de mille feux,&nbsp;car la lumi\u00e8re se l\u00e8ve pour toi&nbsp;:<br>\n la glorieuse pr\u00e9sence du \nSeigneur&nbsp;t\u2019\u00e9claire comme le soleil levant.&nbsp;L\u2019obscurit\u00e9 couvre la \nterre,&nbsp;la nuit enveloppe les peuples.&nbsp;Mais toi, le Seigneur \nt\u2019\u00e9claire&nbsp;comme le soleil qui se l\u00e8ve.&nbsp;Au-dessus de toi appara\u00eet&nbsp;sa \npr\u00e9sence lumineuse.&nbsp;Alors des nations marcheront&nbsp;vers la lumi\u00e8re dont tu\n rayonnes,&nbsp;des rois seront attir\u00e9s&nbsp;par l\u2019\u00e9clat dont tu te mettras \u00e0 \nbriller.&nbsp;Regarde bien autour de toi,&nbsp;et vois tous tes enfants&nbsp;: ils \nviennent&nbsp;et se rassemblent aupr\u00e8s de toi.&nbsp;Tes fils arrivent de loin,&nbsp;on \nram\u00e8ne tes filles&nbsp;en les portant dans les bras.&nbsp;En les apercevant,&nbsp;tu \nrayonnes de bonheur&nbsp;;&nbsp;tu en es tout \u00e9mue,&nbsp;ton coeur \u00e9clate de joie.&nbsp;Car \nles richesses de la mer arrivent chez toi,&nbsp;les tr\u00e9sors des nations \naffluent jusqu\u2019\u00e0 toi.&nbsp;Ton pays se couvre&nbsp;d\u2019une foule de chameaux&nbsp;:&nbsp;ce \nsont les caravanes&nbsp;de Madian et d\u2019\u00c9fa,&nbsp;arrivant toutes de Saba.&nbsp;Elles \napportent de l\u2019or et de l\u2019encens&nbsp;en chantant les hauts faits du \nSeigneur.<\/p>\n\n\n\n<p><strong>Evangile : St Matthieu 2,1-12<\/strong><\/p>\n\n\n\n<p>J\u00e9sus naquit \u00e0 Bethl\u00e9em, en Jud\u00e9e, \u00e0 \nl\u2019\u00e9poque o\u00f9 H\u00e9rode \u00e9tait roi. Apr\u00e8s sa naissance, des savants, \nsp\u00e9cialistes des \u00e9toiles, vinrent d\u2019Orient. Ils arriv\u00e8rent \u00e0 \nJ\u00e9rusalem&nbsp;et demand\u00e8rent&nbsp;: \u00ab&nbsp;O\u00f9 est l\u2019enfant qui vient de na\u00eetre, le roi\n des Juifs&nbsp;? Nous avons vu son \u00e9toile appara\u00eetre en Orient et nous \nsommes venus l\u2019adorer.&nbsp;\u00bb&nbsp;Quand le roi H\u00e9rode apprit cette nouvelle, il \nfut troubl\u00e9, ainsi que toute la population de J\u00e9rusalem.&nbsp;&nbsp;Il convoqua \ntous les chefs des pr\u00eatres et les ma\u00eetres de la loi, et leur demanda o\u00f9 \nle Messie devait na\u00eetre.&nbsp;Ils lui r\u00e9pondirent&nbsp;: \u00ab&nbsp;A Bethl\u00e9em, en Jud\u00e9e. \nCar voici ce que le proph\u00e8te a \u00e9crit&nbsp;:&nbsp;&nbsp;\u00abEt toi, Bethl\u00e9em, au pays de \nJuda,&nbsp;tu n\u2019es certainement pas la moins importante des localit\u00e9s de \nJuda&nbsp;;&nbsp;car c\u2019est de toi que viendra un chef&nbsp;qui conduira mon peuple, \nIsra\u00ebl&nbsp;<sup>e<\/sup>&nbsp;.\u00bb&nbsp;Alors H\u00e9rode convoqua secr\u00e8tement les savants et \ns\u2019informa aupr\u00e8s d\u2019eux du moment pr\u00e9cis o\u00f9 l\u2019\u00e9toile \u00e9tait apparue.&nbsp;Puis \nil les envoya \u00e0 Bethl\u00e9em, en leur disant&nbsp;: \u00ab&nbsp;Allez chercher des \nrenseignements pr\u00e9cis sur l\u2019enfant&nbsp;; et quand vous l\u2019aurez trouv\u00e9, \nfaites-le-moi savoir, afin que j\u2019aille, moi aussi, l\u2019adorer.&nbsp;\u00bb&nbsp;Apr\u00e8s \navoir re\u00e7u ces instructions du roi, ils partirent. Ils virent alors \nl\u2019\u00e9toile qu\u2019ils avaient d\u00e9j\u00e0 remarqu\u00e9e en Orient&nbsp;: elle allait devant \neux, et quand elle arriva au-dessus de l\u2019endroit o\u00f9 se trouvait \nl\u2019enfant, elle s\u2019arr\u00eata.&nbsp;Ils furent remplis d\u2019une tr\u00e8s grande joie en la\n voyant l\u00e0.&nbsp;Ils entr\u00e8rent dans la maison et virent l\u2019enfant avec sa \nm\u00e8re, Marie. Ils se mirent \u00e0 genoux pour adorer l\u2019enfant&nbsp;; puis ils \nouvrirent leurs bagages et lui offrirent des cadeaux&nbsp;: de l\u2019or, de \nl\u2019encens et de la myrrhe.&nbsp;Ensuite, Dieu les avertit dans un r\u00eave de ne \npas retourner aupr\u00e8s d\u2019H\u00e9rode&nbsp;; ils prirent alors un autre chemin pour \nrentrer dans leur pays.<\/p>\n","protected":false},"excerpt":{"rendered":"<p>Ecouter l&rsquo;hom\u00e9lie :\u00a0 Epiphanie 2019 Ep\u00eetre : lecture Proph\u00e8te Isa\u00efe 60,1-6 Debout, J\u00e9rusalem,&nbsp;brille de mille feux,&nbsp;car la lumi\u00e8re se l\u00e8ve pour toi&nbsp;: la glorieuse pr\u00e9sence du Seigneur&nbsp;t\u2019\u00e9claire comme le soleil levant.&nbsp;L\u2019obscurit\u00e9 couvre la terre,&nbsp;la nuit enveloppe les peuples.&nbsp;Mais toi, le &hellip; <a href=\"https:\/\/gallican-montbrison.fr\/wp\/?p=6020\">Continuer la lecture <span class=\"meta-nav\">&rarr;<\/span><\/a><\/p>\n","protected":false},"author":3,"featured_media":0,"comment_status":"closed","ping_status":"open","sticky":false,"template":"","format":"standard","meta":{"footnotes":""},"categories":[4],"tags":[],"class_list":["post-6020","post","type-post","status-publish","format-standard","hentry","category-homelies"],"yoast_head":"<!-- This site is optimized with the Yoast SEO plugin v25.6 - https:\/\/yoast.com\/wordpress\/plugins\/seo\/ -->\n<title>C\u00e9l\u00e9bration Epiphanie 2019 - Chapelle Saint Michel Archange Montbrison<\/title>\n<meta name=\"robots\" content=\"index, follow, max-snippet:-1, max-image-preview:large, max-video-preview:-1\" \/>\n<link rel=\"canonical\" href=\"https:\/\/gallican-montbrison.fr\/wp\/?p=6020\" \/>\n<meta property=\"og:locale\" content=\"fr_FR\" \/>\n<meta property=\"og:type\" content=\"article\" \/>\n<meta property=\"og:title\" content=\"C\u00e9l\u00e9bration Epiphanie 2019 - Chapelle Saint Michel Archange Montbrison\" \/>\n<meta property=\"og:description\" content=\"Ecouter l&rsquo;hom\u00e9lie :\u00a0 Epiphanie 2019 Ep\u00eetre : lecture Proph\u00e8te Isa\u00efe 60,1-6 Debout, J\u00e9rusalem,&nbsp;brille de mille feux,&nbsp;car la lumi\u00e8re se l\u00e8ve pour toi&nbsp;: la glorieuse pr\u00e9sence du Seigneur&nbsp;t\u2019\u00e9claire comme le soleil levant.&nbsp;L\u2019obscurit\u00e9 couvre la terre,&nbsp;la nuit enveloppe les peuples.&nbsp;Mais toi, le &hellip; Continuer la lecture &rarr;\" \/>\n<meta property=\"og:url\" content=\"https:\/\/gallican-montbrison.fr\/wp\/?p=6020\" \/>\n<meta property=\"og:site_name\" content=\"Chapelle Saint Michel Archange Montbrison\" \/>\n<meta property=\"article:publisher\" content=\"https:\/\/www.facebook.com\/people\/Eglise-Gallicane-Chapelle-Saint-Michel-Archange\/100064564306693\/\" \/>\n<meta property=\"article:published_time\" content=\"2019-01-07T17:08:44+00:00\" \/>\n<meta property=\"article:modified_time\" content=\"2019-03-08T18:57:03+00:00\" \/>\n<meta property=\"og:image\" content=\"http:\/\/gallican-montbrison.fr\/wp\/wp-content\/uploads\/2019\/01\/rois-mages-1024x783.jpeg\" \/>\n<meta name=\"author\" content=\"Colette\" \/>\n<meta name=\"twitter:card\" content=\"summary_large_image\" \/>\n<meta name=\"twitter:label1\" content=\"\u00c9crit par\" \/>\n\t<meta name=\"twitter:data1\" content=\"Colette\" \/>\n\t<meta name=\"twitter:label2\" content=\"Dur\u00e9e de lecture estim\u00e9e\" \/>\n\t<meta name=\"twitter:data2\" content=\"3 minutes\" \/>\n<script type=\"application\/ld+json\" class=\"yoast-schema-graph\">{\"@context\":\"https:\/\/schema.org\",\"@graph\":[{\"@type\":\"WebPage\",\"@id\":\"https:\/\/gallican-montbrison.fr\/wp\/?p=6020\",\"url\":\"https:\/\/gallican-montbrison.fr\/wp\/?p=6020\",\"name\":\"C\u00e9l\u00e9bration Epiphanie 2019 - Chapelle Saint Michel Archange Montbrison\",\"isPartOf\":{\"@id\":\"https:\/\/gallican-montbrison.fr\/wp\/#website\"},\"primaryImageOfPage\":{\"@id\":\"https:\/\/gallican-montbrison.fr\/wp\/?p=6020#primaryimage\"},\"image\":{\"@id\":\"https:\/\/gallican-montbrison.fr\/wp\/?p=6020#primaryimage\"},\"thumbnailUrl\":\"http:\/\/gallican-montbrison.fr\/wp\/wp-content\/uploads\/2019\/01\/rois-mages-1024x783.jpeg\",\"datePublished\":\"2019-01-07T17:08:44+00:00\",\"dateModified\":\"2019-03-08T18:57:03+00:00\",\"author\":{\"@id\":\"https:\/\/gallican-montbrison.fr\/wp\/#\/schema\/person\/fc5571a40f7c79de2fb1b0cf72c089a4\"},\"breadcrumb\":{\"@id\":\"https:\/\/gallican-montbrison.fr\/wp\/?p=6020#breadcrumb\"},\"inLanguage\":\"fr-FR\",\"potentialAction\":[{\"@type\":\"ReadAction\",\"target\":[\"https:\/\/gallican-montbrison.fr\/wp\/?p=6020\"]}]},{\"@type\":\"ImageObject\",\"inLanguage\":\"fr-FR\",\"@id\":\"https:\/\/gallican-montbrison.fr\/wp\/?p=6020#primaryimage\",\"url\":\"https:\/\/gallican-montbrison.fr\/wp\/wp-content\/uploads\/2019\/01\/rois-mages.jpeg\",\"contentUrl\":\"https:\/\/gallican-montbrison.fr\/wp\/wp-content\/uploads\/2019\/01\/rois-mages.jpeg\",\"width\":1284,\"height\":982},{\"@type\":\"BreadcrumbList\",\"@id\":\"https:\/\/gallican-montbrison.fr\/wp\/?p=6020#breadcrumb\",\"itemListElement\":[{\"@type\":\"ListItem\",\"position\":1,\"name\":\"Accueil\",\"item\":\"https:\/\/gallican-montbrison.fr\/wp\"},{\"@type\":\"ListItem\",\"position\":2,\"name\":\"C\u00e9l\u00e9bration Epiphanie 2019\"}]},{\"@type\":\"WebSite\",\"@id\":\"https:\/\/gallican-montbrison.fr\/wp\/#website\",\"url\":\"https:\/\/gallican-montbrison.fr\/wp\/\",\"name\":\"Chapelle Saint Michel Archange Montbrison\",\"description\":\"Eglise Gallicane, Tradition Apostolique de Gazinet\",\"potentialAction\":[{\"@type\":\"SearchAction\",\"target\":{\"@type\":\"EntryPoint\",\"urlTemplate\":\"https:\/\/gallican-montbrison.fr\/wp\/?s={search_term_string}\"},\"query-input\":{\"@type\":\"PropertyValueSpecification\",\"valueRequired\":true,\"valueName\":\"search_term_string\"}}],\"inLanguage\":\"fr-FR\"},{\"@type\":\"Person\",\"@id\":\"https:\/\/gallican-montbrison.fr\/wp\/#\/schema\/person\/fc5571a40f7c79de2fb1b0cf72c089a4\",\"name\":\"Colette\",\"url\":\"https:\/\/gallican-montbrison.fr\/wp\/?author=3\"}]}<\/script>\n<!-- \/ Yoast SEO plugin. -->","yoast_head_json":{"title":"C\u00e9l\u00e9bration Epiphanie 2019 - Chapelle Saint Michel Archange Montbrison","robots":{"index":"index","follow":"follow","max-snippet":"max-snippet:-1","max-image-preview":"max-image-preview:large","max-video-preview":"max-video-preview:-1"},"canonical":"https:\/\/gallican-montbrison.fr\/wp\/?p=6020","og_locale":"fr_FR","og_type":"article","og_title":"C\u00e9l\u00e9bration Epiphanie 2019 - Chapelle Saint Michel Archange Montbrison","og_description":"Ecouter l&rsquo;hom\u00e9lie :\u00a0 Epiphanie 2019 Ep\u00eetre : lecture Proph\u00e8te Isa\u00efe 60,1-6 Debout, J\u00e9rusalem,&nbsp;brille de mille feux,&nbsp;car la lumi\u00e8re se l\u00e8ve pour toi&nbsp;: la glorieuse pr\u00e9sence du Seigneur&nbsp;t\u2019\u00e9claire comme le soleil levant.&nbsp;L\u2019obscurit\u00e9 couvre la terre,&nbsp;la nuit enveloppe les peuples.&nbsp;Mais toi, le &hellip; Continuer la lecture &rarr;","og_url":"https:\/\/gallican-montbrison.fr\/wp\/?p=6020","og_site_name":"Chapelle Saint Michel Archange Montbrison","article_publisher":"https:\/\/www.facebook.com\/people\/Eglise-Gallicane-Chapelle-Saint-Michel-Archange\/100064564306693\/","article_published_time":"2019-01-07T17:08:44+00:00","article_modified_time":"2019-03-08T18:57:03+00:00","og_image":[{"url":"http:\/\/gallican-montbrison.fr\/wp\/wp-content\/uploads\/2019\/01\/rois-mages-1024x783.jpeg","type":"","width":"","height":""}],"author":"Colette","twitter_card":"summary_large_image","twitter_misc":{"\u00c9crit par":"Colette","Dur\u00e9e de lecture estim\u00e9e":"3 minutes"},"schema":{"@context":"https:\/\/schema.org","@graph":[{"@type":"WebPage","@id":"https:\/\/gallican-montbrison.fr\/wp\/?p=6020","url":"https:\/\/gallican-montbrison.fr\/wp\/?p=6020","name":"C\u00e9l\u00e9bration Epiphanie 2019 - Chapelle Saint Michel Archange Montbrison","isPartOf":{"@id":"https:\/\/gallican-montbrison.fr\/wp\/#website"},"primaryImageOfPage":{"@id":"https:\/\/gallican-montbrison.fr\/wp\/?p=6020#primaryimage"},"image":{"@id":"https:\/\/gallican-montbrison.fr\/wp\/?p=6020#primaryimage"},"thumbnailUrl":"http:\/\/gallican-montbrison.fr\/wp\/wp-content\/uploads\/2019\/01\/rois-mages-1024x783.jpeg","datePublished":"2019-01-07T17:08:44+00:00","dateModified":"2019-03-08T18:57:03+00:00","author":{"@id":"https:\/\/gallican-montbrison.fr\/wp\/#\/schema\/person\/fc5571a40f7c79de2fb1b0cf72c089a4"},"breadcrumb":{"@id":"https:\/\/gallican-montbrison.fr\/wp\/?p=6020#breadcrumb"},"inLanguage":"fr-FR","potentialAction":[{"@type":"ReadAction","target":["https:\/\/gallican-montbrison.fr\/wp\/?p=6020"]}]},{"@type":"ImageObject","inLanguage":"fr-FR","@id":"https:\/\/gallican-montbrison.fr\/wp\/?p=6020#primaryimage","url":"https:\/\/gallican-montbrison.fr\/wp\/wp-content\/uploads\/2019\/01\/rois-mages.jpeg","contentUrl":"https:\/\/gallican-montbrison.fr\/wp\/wp-content\/uploads\/2019\/01\/rois-mages.jpeg","width":1284,"height":982},{"@type":"BreadcrumbList","@id":"https:\/\/gallican-montbrison.fr\/wp\/?p=6020#breadcrumb","itemListElement":[{"@type":"ListItem","position":1,"name":"Accueil","item":"https:\/\/gallican-montbrison.fr\/wp"},{"@type":"ListItem","position":2,"name":"C\u00e9l\u00e9bration Epiphanie 2019"}]},{"@type":"WebSite","@id":"https:\/\/gallican-montbrison.fr\/wp\/#website","url":"https:\/\/gallican-montbrison.fr\/wp\/","name":"Chapelle Saint Michel Archange Montbrison","description":"Eglise Gallicane, Tradition Apostolique de Gazinet","potentialAction":[{"@type":"SearchAction","target":{"@type":"EntryPoint","urlTemplate":"https:\/\/gallican-montbrison.fr\/wp\/?s={search_term_string}"},"query-input":{"@type":"PropertyValueSpecification","valueRequired":true,"valueName":"search_term_string"}}],"inLanguage":"fr-FR"},{"@type":"Person","@id":"https:\/\/gallican-montbrison.fr\/wp\/#\/schema\/person\/fc5571a40f7c79de2fb1b0cf72c089a4","name":"Colette","url":"https:\/\/gallican-montbrison.fr\/wp\/?author=3"}]}},"_links":{"self":[{"href":"https:\/\/gallican-montbrison.fr\/wp\/index.php?rest_route=\/wp\/v2\/posts\/6020"}],"collection":[{"href":"https:\/\/gallican-montbrison.fr\/wp\/index.php?rest_route=\/wp\/v2\/posts"}],"about":[{"href":"https:\/\/gallican-montbrison.fr\/wp\/index.php?rest_route=\/wp\/v2\/types\/post"}],"author":[{"embeddable":true,"href":"https:\/\/gallican-montbrison.fr\/wp\/index.php?rest_route=\/wp\/v2\/users\/3"}],"replies":[{"embeddable":true,"href":"https:\/\/gallican-montbrison.fr\/wp\/index.php?rest_route=%2Fwp%2Fv2%2Fcomments&post=6020"}],"version-history":[{"count":5,"href":"https:\/\/gallican-montbrison.fr\/wp\/index.php?rest_route=\/wp\/v2\/posts\/6020\/revisions"}],"predecessor-version":[{"id":6125,"href":"https:\/\/gallican-montbrison.fr\/wp\/index.php?rest_route=\/wp\/v2\/posts\/6020\/revisions\/6125"}],"wp:attachment":[{"href":"https:\/\/gallican-montbrison.fr\/wp\/index.php?rest_route=%2Fwp%2Fv2%2Fmedia&parent=6020"}],"wp:term":[{"taxonomy":"category","embeddable":true,"href":"https:\/\/gallican-montbrison.fr\/wp\/index.php?rest_route=%2Fwp%2Fv2%2Fcategories&post=6020"},{"taxonomy":"post_tag","embeddable":true,"href":"https:\/\/gallican-montbrison.fr\/wp\/index.php?rest_route=%2Fwp%2Fv2%2Ftags&post=6020"}],"curies":[{"name":"wp","href":"https:\/\/api.w.org\/{rel}","templated":true}]}}